{"id":25713,"date":"2013-11-01T09:41:22","date_gmt":"2013-11-01T12:41:22","guid":{"rendered":"http:\/\/www.inclusive.org.br\/?p=25713"},"modified":"2013-11-01T09:41:22","modified_gmt":"2013-11-01T12:41:22","slug":"pne-ensino-a-pessoa-com-deficiencia-divide-opinioes","status":"publish","type":"post","link":"https:\/\/inclusivenews.com.br\/?p=25713","title":{"rendered":"PNE: ensino a pessoa com defici\u00eancia divide opini\u00f5es"},"content":{"rendered":"<figure id=\"attachment_25594\" aria-describedby=\"caption-attachment-25594\" style=\"width: 308px\" class=\"wp-caption alignleft\"><img loading=\"lazy\" decoding=\"async\" class=\"size-full wp-image-25594 \" title=\"Logotipo do PNE, sob fundo azul, degrad\u00ea, as letras P, em verde, N, em amarelo, e E, em azul, abaixo escrito Plano Nacional de Educa\u00e7\u00e3o.\" src=\"http:\/\/inclusivenews.com.br\/wp-content\/uploads\/pne.jpg\" alt=\"Logotipo do PNE, sob fundo azul, degrad\u00ea, as letras P, em verde, N, em amarelo, e E, em azul, abaixo escrito Plano Nacional de Educa\u00e7\u00e3o.\" width=\"308\" height=\"198\" \/><figcaption id=\"caption-attachment-25594\" class=\"wp-caption-text\"> <\/figcaption><\/figure>\n<p>Partid\u00e1rios da universaliza\u00e7\u00e3o do atendimento pelas escolas comuns e  defensores da educa\u00e7\u00e3o especializada travam na CDH debate em torno do  Plano Nacional de Educa\u00e7\u00e3o 2014-2023 Audi\u00eancia na Comiss\u00e3o de Direitos  Humanos e Legisla\u00e7\u00e3o Participativa discute como atender aos jovens com  defici\u00eancia Com FOCO Na inclus\u00e3o escolar, a Comiss\u00e3o de Direitos Humanos  e Legisla\u00e7\u00e3o Participativa (CDH) voltou a se debru\u00e7ar ontem sobre a  Meta 4 do Plano Nacional de Educa\u00e7\u00e3o (PNE) 2014-2023. Apesar de j\u00e1 haver  consenso sobre a educa\u00e7\u00e3o inclusiva, ainda h\u00e1 diverg\u00eancias entre os  defensores da universaliza\u00e7\u00e3o &#8211; que postulam a integra\u00e7\u00e3o dos alunos com  defici\u00eancia \u00e0 escola regular &#8211; e os partid\u00e1rios do atendimento  especializado, entre eles as Associa\u00e7\u00f5es de Pais e Amigos dos  Excepcionais (Apaes).<\/p>\n<p>Apesar disso, ficou evidente a disposi\u00e7\u00e3o dos representantes do F\u00f3rum  Nacional da Educa\u00e7\u00e3o Inclusiva e da Federa\u00e7\u00e3o Nacional das Apaes  (Fenapaes) em negociar. A Meta 4 do PNE, que est\u00e1 sendo analisada pela  Comiss\u00e3o de Educa\u00e7\u00e3o (CE), integra um substitutivo aprovado pela  Comiss\u00e3o de Constitui\u00e7\u00e3o, Justi\u00e7a e Cidadania (CCJ) que prev\u00ea a inclus\u00e3o  de alunos com defici\u00eancia em classes especiais, mas garante a oferta de  atendimento educacional especializado &#8220;preferencialmente&#8221; na rede  regular.<\/p>\n<p>Retrocesso<\/p>\n<p>As entidades discordam quanto ao termo &#8220;preferencialmente&#8221;, inserido  ainda pela C\u00e2mara. A coordenadora nacional do F\u00f3rum Nacional da Educa\u00e7\u00e3o  Inclusiva, Claudia Grabois, alertou para o risco de essa reda\u00e7\u00e3o levar \u00e0  exclus\u00e3o de milhares de alunos com defici\u00eancia j\u00e1 inseridos no sistema  regular de ensino.<\/p>\n<p>&#8211; Nossa mobiliza\u00e7\u00e3o \u00e9 no sentido de que n\u00e3o haja mudan\u00e7a, pois isso far\u00e1  com que milhares de crian\u00e7as sejam tiradas da sala de aula comum e  transferidas para escolas especiais &#8211; ressaltou Claudia.<\/p>\n<p>O resgate do texto original da Meta 4 do PNE &#8211; proposto pelo Executivo e  referendado pela Confer\u00eancia Nacional de Educa\u00e7\u00e3o de 2010 &#8211; foi  defendido pela diretora de Pol\u00edticas de Educa\u00e7\u00e3o Especial  do Minist\u00e9rio  da Educa\u00e7\u00e3o, Martinha Clarete Dutra. &#8220;O objetivo era n\u00e3o abrir  precedente para que se admita a restri\u00e7\u00e3o de direito&#8221;, afirmou.<\/p>\n<p>O coordenador t\u00e9cnico-pedag\u00f3gico da Fenapaes, Erivaldo Fernandes Neto,  disse n\u00e3o acreditar que o texto leve as escolas regulares a recusarem a  matr\u00edcula de alunos com defici\u00eancia. &#8220;Somos a favor da pol\u00edtica de  inclus\u00e3o da pessoa com defici\u00eancia e vamos monitorar [a integra\u00e7\u00e3o \u00e0  escola regular] &#8211; argumentou Neto. Participaram da audi\u00eancia Jo\u00e3o  Capiberibe (PSB-AP), vice-presidente da CDH, e Eduardo Suplicy (PT-SP).<\/p>\n<p>Fonte: Jornal do Senado<\/p>\n","protected":false},"excerpt":{"rendered":"<p>Apesar de j\u00e1 haver consenso sobre a educa\u00e7\u00e3o inclusiva, ainda h\u00e1 diverg\u00eancias entre os defensores da universaliza\u00e7\u00e3o \u2013 que postulam a integra\u00e7\u00e3o dos alunos com defici\u00eancia \u00e0 escola regular \u2013 e os partid\u00e1rios do atendimento especializado, entre eles as Associa\u00e7\u00f5es de Pais e Amigos dos Excepcionais (Apaes).<\/p>\n","protected":false},"author":1,"featured_media":0,"comment_status":"open","ping_status":"open","sticky":false,"template":"","format":"standard","meta":{"site-container-style":"default","site-container-layout":"default","site-sidebar-layout":"default","disable-article-header":"default","disable-site-header":"default","disable-site-footer":"default","disable-content-area-spacing":"default","footnotes":""},"categories":[38,6,48,4],"tags":[],"class_list":["post-25713","post","type-post","status-publish","format-standard","hentry","category-deficiencia","category-educacao","category-inclusao","category-noticias"],"yoast_head":"<!-- This site is optimized with the Yoast SEO plugin v27.4 - https:\/\/yoast.com\/product\/yoast-seo-wordpress\/ -->\n<title>PNE: ensino a pessoa com defici\u00eancia divide opini\u00f5es -<\/title>\n<meta name=\"robots\" content=\"index, follow, max-snippet:-1, max-image-preview:large, max-video-preview:-1\" \/>\n<link rel=\"canonical\" href=\"https:\/\/inclusivenews.com.br\/?p=25713\" \/>\n<meta property=\"og:locale\" content=\"pt_PT\" \/>\n<meta property=\"og:type\" content=\"article\" \/>\n<meta property=\"og:title\" content=\"PNE: ensino a pessoa com defici\u00eancia divide opini\u00f5es -\" \/>\n<meta property=\"og:description\" content=\"Apesar de j\u00e1 haver consenso sobre a educa\u00e7\u00e3o inclusiva, ainda h\u00e1 diverg\u00eancias entre os defensores da universaliza\u00e7\u00e3o \u2013 que postulam a integra\u00e7\u00e3o dos alunos com defici\u00eancia \u00e0 escola regular \u2013 e os partid\u00e1rios do atendimento especializado, entre eles as Associa\u00e7\u00f5es de Pais e Amigos dos Excepcionais (Apaes).\" \/>\n<meta property=\"og:url\" content=\"https:\/\/inclusivenews.com.br\/?p=25713\" \/>\n<meta property=\"article:publisher\" content=\"https:\/\/www.facebook.com\/agenciainclusive\/\" \/>\n<meta property=\"article:published_time\" content=\"2013-11-01T12:41:22+00:00\" \/>\n<meta property=\"og:image\" content=\"http:\/\/inclusivenews.com.br\/wp-content\/uploads\/pne.jpg\" \/>\n<meta name=\"author\" content=\"inclusivenews2024\" \/>\n<meta name=\"twitter:card\" content=\"summary_large_image\" \/>\n<meta name=\"twitter:label1\" content=\"Escrito por\" \/>\n\t<meta name=\"twitter:data1\" content=\"inclusivenews2024\" \/>\n\t<meta name=\"twitter:label2\" content=\"Tempo estimado de leitura\" \/>\n\t<meta name=\"twitter:data2\" content=\"2 minutos\" \/>\n<script type=\"application\/ld+json\" class=\"yoast-schema-graph\">{\"@context\":\"https:\\\/\\\/schema.org\",\"@graph\":[{\"@type\":\"Article\",\"@id\":\"https:\\\/\\\/inclusivenews.com.br\\\/?p=25713#article\",\"isPartOf\":{\"@id\":\"https:\\\/\\\/inclusivenews.com.br\\\/?p=25713\"},\"author\":{\"name\":\"inclusivenews2024\",\"@id\":\"https:\\\/\\\/inclusivenews.com.br\\\/#\\\/schema\\\/person\\\/ae4ec7087559b8692fb33b6fffd2273b\"},\"headline\":\"PNE: ensino a pessoa com defici\u00eancia divide opini\u00f5es\",\"datePublished\":\"2013-11-01T12:41:22+00:00\",\"mainEntityOfPage\":{\"@id\":\"https:\\\/\\\/inclusivenews.com.br\\\/?p=25713\"},\"wordCount\":460,\"commentCount\":2,\"publisher\":{\"@id\":\"https:\\\/\\\/inclusivenews.com.br\\\/#organization\"},\"image\":{\"@id\":\"https:\\\/\\\/inclusivenews.com.br\\\/?p=25713#primaryimage\"},\"thumbnailUrl\":\"http:\\\/\\\/inclusivenews.com.br\\\/wp-content\\\/uploads\\\/pne.jpg\",\"articleSection\":[\"Defici\u00eancia\",\"EDUCA\u00c7\u00c3O\",\"INCLUS\u00c3O SOCIAL\",\"NOT\u00cdCIAS\"],\"inLanguage\":\"pt-PT\",\"potentialAction\":[{\"@type\":\"CommentAction\",\"name\":\"Comment\",\"target\":[\"https:\\\/\\\/inclusivenews.com.br\\\/?p=25713#respond\"]}]},{\"@type\":\"WebPage\",\"@id\":\"https:\\\/\\\/inclusivenews.com.br\\\/?p=25713\",\"url\":\"https:\\\/\\\/inclusivenews.com.br\\\/?p=25713\",\"name\":\"PNE: ensino a pessoa com defici\u00eancia divide opini\u00f5es -\",\"isPartOf\":{\"@id\":\"https:\\\/\\\/inclusivenews.com.br\\\/#website\"},\"primaryImageOfPage\":{\"@id\":\"https:\\\/\\\/inclusivenews.com.br\\\/?p=25713#primaryimage\"},\"image\":{\"@id\":\"https:\\\/\\\/inclusivenews.com.br\\\/?p=25713#primaryimage\"},\"thumbnailUrl\":\"http:\\\/\\\/inclusivenews.com.br\\\/wp-content\\\/uploads\\\/pne.jpg\",\"datePublished\":\"2013-11-01T12:41:22+00:00\",\"breadcrumb\":{\"@id\":\"https:\\\/\\\/inclusivenews.com.br\\\/?p=25713#breadcrumb\"},\"inLanguage\":\"pt-PT\",\"potentialAction\":[{\"@type\":\"ReadAction\",\"target\":[\"https:\\\/\\\/inclusivenews.com.br\\\/?p=25713\"]}]},{\"@type\":\"ImageObject\",\"inLanguage\":\"pt-PT\",\"@id\":\"https:\\\/\\\/inclusivenews.com.br\\\/?p=25713#primaryimage\",\"url\":\"\",\"contentUrl\":\"\"},{\"@type\":\"BreadcrumbList\",\"@id\":\"https:\\\/\\\/inclusivenews.com.br\\\/?p=25713#breadcrumb\",\"itemListElement\":[{\"@type\":\"ListItem\",\"position\":1,\"name\":\"In\u00edcio\",\"item\":\"https:\\\/\\\/inclusivenews.com.br\\\/\"},{\"@type\":\"ListItem\",\"position\":2,\"name\":\"PNE: ensino a pessoa com defici\u00eancia divide opini\u00f5es\"}]},{\"@type\":\"WebSite\",\"@id\":\"https:\\\/\\\/inclusivenews.com.br\\\/#website\",\"url\":\"https:\\\/\\\/inclusivenews.com.br\\\/\",\"name\":\"Inclusive News\",\"description\":\"Inclusive News\",\"publisher\":{\"@id\":\"https:\\\/\\\/inclusivenews.com.br\\\/#organization\"},\"potentialAction\":[{\"@type\":\"SearchAction\",\"target\":{\"@type\":\"EntryPoint\",\"urlTemplate\":\"https:\\\/\\\/inclusivenews.com.br\\\/?s={search_term_string}\"},\"query-input\":{\"@type\":\"PropertyValueSpecification\",\"valueRequired\":true,\"valueName\":\"search_term_string\"}}],\"inLanguage\":\"pt-PT\"},{\"@type\":\"Organization\",\"@id\":\"https:\\\/\\\/inclusivenews.com.br\\\/#organization\",\"name\":\"Inclusive - inclus\u00e3o e cidadania\",\"url\":\"https:\\\/\\\/inclusivenews.com.br\\\/\",\"logo\":{\"@type\":\"ImageObject\",\"inLanguage\":\"pt-PT\",\"@id\":\"https:\\\/\\\/inclusivenews.com.br\\\/#\\\/schema\\\/logo\\\/image\\\/\",\"url\":\"https:\\\/\\\/inclusivenews.com.br\\\/wp-content\\\/uploads\\\/2024\\\/03\\\/@grandesite.png\",\"contentUrl\":\"https:\\\/\\\/inclusivenews.com.br\\\/wp-content\\\/uploads\\\/2024\\\/03\\\/@grandesite.png\",\"width\":1080,\"height\":1080,\"caption\":\"Inclusive - inclus\u00e3o e cidadania\"},\"image\":{\"@id\":\"https:\\\/\\\/inclusivenews.com.br\\\/#\\\/schema\\\/logo\\\/image\\\/\"},\"sameAs\":[\"https:\\\/\\\/www.facebook.com\\\/agenciainclusive\\\/\",\"https:\\\/\\\/www.instagram.com\\\/newsinclusive\\\/\"]},{\"@type\":\"Person\",\"@id\":\"https:\\\/\\\/inclusivenews.com.br\\\/#\\\/schema\\\/person\\\/ae4ec7087559b8692fb33b6fffd2273b\",\"name\":\"inclusivenews2024\",\"image\":{\"@type\":\"ImageObject\",\"inLanguage\":\"pt-PT\",\"@id\":\"https:\\\/\\\/secure.gravatar.com\\\/avatar\\\/c5a7ef84c66fa914f55bc4f7ce26cfa275a3b9a1c5568b907bd184fb4dde7b40?s=96&d=mm&r=g\",\"url\":\"https:\\\/\\\/secure.gravatar.com\\\/avatar\\\/c5a7ef84c66fa914f55bc4f7ce26cfa275a3b9a1c5568b907bd184fb4dde7b40?s=96&d=mm&r=g\",\"contentUrl\":\"https:\\\/\\\/secure.gravatar.com\\\/avatar\\\/c5a7ef84c66fa914f55bc4f7ce26cfa275a3b9a1c5568b907bd184fb4dde7b40?s=96&d=mm&r=g\",\"caption\":\"inclusivenews2024\"},\"sameAs\":[\"https:\\\/\\\/inclusivenews.com.br\"],\"url\":\"https:\\\/\\\/inclusivenews.com.br\\\/?author=1\"}]}<\/script>\n<!-- \/ Yoast SEO plugin. -->","yoast_head_json":{"title":"PNE: ensino a pessoa com defici\u00eancia divide opini\u00f5es -","robots":{"index":"index","follow":"follow","max-snippet":"max-snippet:-1","max-image-preview":"max-image-preview:large","max-video-preview":"max-video-preview:-1"},"canonical":"https:\/\/inclusivenews.com.br\/?p=25713","og_locale":"pt_PT","og_type":"article","og_title":"PNE: ensino a pessoa com defici\u00eancia divide opini\u00f5es -","og_description":"Apesar de j\u00e1 haver consenso sobre a educa\u00e7\u00e3o inclusiva, ainda h\u00e1 diverg\u00eancias entre os defensores da universaliza\u00e7\u00e3o \u2013 que postulam a integra\u00e7\u00e3o dos alunos com defici\u00eancia \u00e0 escola regular \u2013 e os partid\u00e1rios do atendimento especializado, entre eles as Associa\u00e7\u00f5es de Pais e Amigos dos Excepcionais (Apaes).","og_url":"https:\/\/inclusivenews.com.br\/?p=25713","article_publisher":"https:\/\/www.facebook.com\/agenciainclusive\/","article_published_time":"2013-11-01T12:41:22+00:00","og_image":[{"url":"http:\/\/inclusivenews.com.br\/wp-content\/uploads\/pne.jpg","type":"","width":"","height":""}],"author":"inclusivenews2024","twitter_card":"summary_large_image","twitter_misc":{"Escrito por":"inclusivenews2024","Tempo estimado de leitura":"2 minutos"},"schema":{"@context":"https:\/\/schema.org","@graph":[{"@type":"Article","@id":"https:\/\/inclusivenews.com.br\/?p=25713#article","isPartOf":{"@id":"https:\/\/inclusivenews.com.br\/?p=25713"},"author":{"name":"inclusivenews2024","@id":"https:\/\/inclusivenews.com.br\/#\/schema\/person\/ae4ec7087559b8692fb33b6fffd2273b"},"headline":"PNE: ensino a pessoa com defici\u00eancia divide opini\u00f5es","datePublished":"2013-11-01T12:41:22+00:00","mainEntityOfPage":{"@id":"https:\/\/inclusivenews.com.br\/?p=25713"},"wordCount":460,"commentCount":2,"publisher":{"@id":"https:\/\/inclusivenews.com.br\/#organization"},"image":{"@id":"https:\/\/inclusivenews.com.br\/?p=25713#primaryimage"},"thumbnailUrl":"http:\/\/inclusivenews.com.br\/wp-content\/uploads\/pne.jpg","articleSection":["Defici\u00eancia","EDUCA\u00c7\u00c3O","INCLUS\u00c3O SOCIAL","NOT\u00cdCIAS"],"inLanguage":"pt-PT","potentialAction":[{"@type":"CommentAction","name":"Comment","target":["https:\/\/inclusivenews.com.br\/?p=25713#respond"]}]},{"@type":"WebPage","@id":"https:\/\/inclusivenews.com.br\/?p=25713","url":"https:\/\/inclusivenews.com.br\/?p=25713","name":"PNE: ensino a pessoa com defici\u00eancia divide opini\u00f5es -","isPartOf":{"@id":"https:\/\/inclusivenews.com.br\/#website"},"primaryImageOfPage":{"@id":"https:\/\/inclusivenews.com.br\/?p=25713#primaryimage"},"image":{"@id":"https:\/\/inclusivenews.com.br\/?p=25713#primaryimage"},"thumbnailUrl":"http:\/\/inclusivenews.com.br\/wp-content\/uploads\/pne.jpg","datePublished":"2013-11-01T12:41:22+00:00","breadcrumb":{"@id":"https:\/\/inclusivenews.com.br\/?p=25713#breadcrumb"},"inLanguage":"pt-PT","potentialAction":[{"@type":"ReadAction","target":["https:\/\/inclusivenews.com.br\/?p=25713"]}]},{"@type":"ImageObject","inLanguage":"pt-PT","@id":"https:\/\/inclusivenews.com.br\/?p=25713#primaryimage","url":"","contentUrl":""},{"@type":"BreadcrumbList","@id":"https:\/\/inclusivenews.com.br\/?p=25713#breadcrumb","itemListElement":[{"@type":"ListItem","position":1,"name":"In\u00edcio","item":"https:\/\/inclusivenews.com.br\/"},{"@type":"ListItem","position":2,"name":"PNE: ensino a pessoa com defici\u00eancia divide opini\u00f5es"}]},{"@type":"WebSite","@id":"https:\/\/inclusivenews.com.br\/#website","url":"https:\/\/inclusivenews.com.br\/","name":"Inclusive News","description":"Inclusive News","publisher":{"@id":"https:\/\/inclusivenews.com.br\/#organization"},"potentialAction":[{"@type":"SearchAction","target":{"@type":"EntryPoint","urlTemplate":"https:\/\/inclusivenews.com.br\/?s={search_term_string}"},"query-input":{"@type":"PropertyValueSpecification","valueRequired":true,"valueName":"search_term_string"}}],"inLanguage":"pt-PT"},{"@type":"Organization","@id":"https:\/\/inclusivenews.com.br\/#organization","name":"Inclusive - inclus\u00e3o e cidadania","url":"https:\/\/inclusivenews.com.br\/","logo":{"@type":"ImageObject","inLanguage":"pt-PT","@id":"https:\/\/inclusivenews.com.br\/#\/schema\/logo\/image\/","url":"https:\/\/inclusivenews.com.br\/wp-content\/uploads\/2024\/03\/@grandesite.png","contentUrl":"https:\/\/inclusivenews.com.br\/wp-content\/uploads\/2024\/03\/@grandesite.png","width":1080,"height":1080,"caption":"Inclusive - inclus\u00e3o e cidadania"},"image":{"@id":"https:\/\/inclusivenews.com.br\/#\/schema\/logo\/image\/"},"sameAs":["https:\/\/www.facebook.com\/agenciainclusive\/","https:\/\/www.instagram.com\/newsinclusive\/"]},{"@type":"Person","@id":"https:\/\/inclusivenews.com.br\/#\/schema\/person\/ae4ec7087559b8692fb33b6fffd2273b","name":"inclusivenews2024","image":{"@type":"ImageObject","inLanguage":"pt-PT","@id":"https:\/\/secure.gravatar.com\/avatar\/c5a7ef84c66fa914f55bc4f7ce26cfa275a3b9a1c5568b907bd184fb4dde7b40?s=96&d=mm&r=g","url":"https:\/\/secure.gravatar.com\/avatar\/c5a7ef84c66fa914f55bc4f7ce26cfa275a3b9a1c5568b907bd184fb4dde7b40?s=96&d=mm&r=g","contentUrl":"https:\/\/secure.gravatar.com\/avatar\/c5a7ef84c66fa914f55bc4f7ce26cfa275a3b9a1c5568b907bd184fb4dde7b40?s=96&d=mm&r=g","caption":"inclusivenews2024"},"sameAs":["https:\/\/inclusivenews.com.br"],"url":"https:\/\/inclusivenews.com.br\/?author=1"}]}},"_links":{"self":[{"href":"https:\/\/inclusivenews.com.br\/index.php?rest_route=\/wp\/v2\/posts\/25713","targetHints":{"allow":["GET"]}}],"collection":[{"href":"https:\/\/inclusivenews.com.br\/index.php?rest_route=\/wp\/v2\/posts"}],"about":[{"href":"https:\/\/inclusivenews.com.br\/index.php?rest_route=\/wp\/v2\/types\/post"}],"author":[{"embeddable":true,"href":"https:\/\/inclusivenews.com.br\/index.php?rest_route=\/wp\/v2\/users\/1"}],"replies":[{"embeddable":true,"href":"https:\/\/inclusivenews.com.br\/index.php?rest_route=%2Fwp%2Fv2%2Fcomments&post=25713"}],"version-history":[{"count":0,"href":"https:\/\/inclusivenews.com.br\/index.php?rest_route=\/wp\/v2\/posts\/25713\/revisions"}],"wp:attachment":[{"href":"https:\/\/inclusivenews.com.br\/index.php?rest_route=%2Fwp%2Fv2%2Fmedia&parent=25713"}],"wp:term":[{"taxonomy":"category","embeddable":true,"href":"https:\/\/inclusivenews.com.br\/index.php?rest_route=%2Fwp%2Fv2%2Fcategories&post=25713"},{"taxonomy":"post_tag","embeddable":true,"href":"https:\/\/inclusivenews.com.br\/index.php?rest_route=%2Fwp%2Fv2%2Ftags&post=25713"}],"curies":[{"name":"wp","href":"https:\/\/api.w.org\/{rel}","templated":true}]}}