{"id":2575,"date":"2008-12-11T17:04:52","date_gmt":"2008-12-11T17:04:52","guid":{"rendered":"http:\/\/agenciainclusive.wordpress.com\/?p=2575"},"modified":"2008-12-11T17:04:52","modified_gmt":"2008-12-11T17:04:52","slug":"noticias-11-12","status":"publish","type":"post","link":"https:\/\/inclusivenews.com.br\/?p=2575","title":{"rendered":"Noticias 11-12"},"content":{"rendered":"<table border=\"0\" width=\"520\">\n<tbody>\n<tr>\n<td bgcolor=\"#d3dada\"><span style=\"font-size:x-small;font-family:Helvetica;\">02\/12\/2008. Boletin N\u00famero 47.<br \/>\nPara acceder a la version online de este boletin haga click <a rel=\"nofollow noopener\" href=\"http:\/\/www.hfnoticias.com.ar\/boletin\/cargar_boletin\/47\" target=\"_blank\"><span style=\"color:#003399;\">aqui<\/span><\/a>.<br \/>\n<span style=\"font-size:xx-small;font-family:Helvetica;\">Para visualizar correctamente este bolet\u00edn recuerde habilitar las im\u00e1genes en su cliente de e-mail.<\/span> <\/span><\/td>\n<\/tr>\n<tr>\n<td><img decoding=\"async\" src=\"http:\/\/www.hfnoticias.com.ar\/assets\/images\/break.png\" alt=\"\" \/><\/td>\n<\/tr>\n<tr>\n<td bgcolor=\"#c8dbdb\"><span style=\"font-size:large;font-family:Helvetica;\"><a title=\"El INADI acus\u00f3 a los colegios de discriminar a chicos discapacitados\" rel=\"nofollow noopener\" href=\"http:\/\/hfnoticias.com.ar\/noticia\/index\/47\/572\" target=\"_blank\"><span class=\"nav_big_tit\"><span style=\"color:#000000;\">El INADI acus\u00f3 a los colegios de discriminar a chicos discapacitados<\/span><\/span><\/a><br \/>\n<\/span><br \/>\n<span style=\"font-size:x-small;font-family:Helvetica;\">Adem\u00e1s, denunci\u00f3 que para esta \u00e9poca del a\u00f1o, no inscriben aspirantes con problemas de conducta o aprendizaje.<\/p>\n<p><a rel=\"nofollow noopener\" href=\"http:\/\/hfnoticias.com.ar\/noticia\/index\/47\/572\" target=\"_blank\"><span style=\"color:#003399;\">Seguir leyendo&#8230;<\/span><\/a><\/p>\n<p><\/span><\/td>\n<\/tr>\n<tr>\n<td><img decoding=\"async\" src=\"http:\/\/www.hfnoticias.com.ar\/assets\/images\/break.png\" alt=\"\" \/><\/td>\n<\/tr>\n<tr>\n<td bgcolor=\"#c8dbdb\"><span style=\"font-size:large;font-family:Helvetica;\"><a title=\"Acortan la tramitaci\u00f3n del certificado de discapacidad en Santa F\u00e9\" rel=\"nofollow noopener\" href=\"http:\/\/hfnoticias.com.ar\/noticia\/index\/47\/574\" target=\"_blank\"><span class=\"nav_big_tit\"><span style=\"color:#000000;\">Acortan la tramitaci\u00f3n del certificado de discapacidad en Santa F\u00e9<\/span><\/span><\/a><br \/>\n<\/span><br \/>\n<span style=\"font-size:x-small;font-family:Helvetica;\">Obtener el certificado de discapacidad era casi una odisea que se extend\u00eda, por lo menos, 6 meses. Ahora el mecanismo se simplific\u00f3 y en 20 o 30 d\u00edas se puede acceder al documento que, entre otras cosas, obliga a las obras sociales a cubrir los tratamientos espec\u00edficos que necesitan estas personas.<\/p>\n<p><a rel=\"nofollow noopener\" href=\"http:\/\/hfnoticias.com.ar\/noticia\/index\/47\/574\" target=\"_blank\"><span style=\"color:#003399;\">Seguir leyendo&#8230;<\/span><\/a><\/p>\n<p><\/span><\/td>\n<\/tr>\n<tr>\n<td><img decoding=\"async\" src=\"http:\/\/www.hfnoticias.com.ar\/assets\/images\/break.png\" alt=\"\" \/><\/td>\n<\/tr>\n<tr>\n<td bgcolor=\"#c8dbdb\"><span style=\"font-size:large;font-family:Helvetica;\"><a title=\"20 a\u00f1os por la inclusi\u00f3n de las personas con discapacidad\" rel=\"nofollow noopener\" href=\"http:\/\/hfnoticias.com.ar\/noticia\/index\/47\/584\" target=\"_blank\"><span class=\"nav_big_tit\"><span style=\"color:#000000;\">20 a\u00f1os por la inclusi\u00f3n de las personas con discapacidad<\/span><\/span><\/a><br \/>\n<\/span><br \/>\n<span style=\"font-size:x-small;font-family:Helvetica;\"><span style=\"font-weight:bold;\">Fundaci\u00f3n Par, una de las Ongs referentes en el tema, cumple dos d\u00e9cadas<\/span><br \/>\nUnas 2.600 personas con discapacidad consiguieron un empleo digno, 8.400 concurrieron a una entrevista de trabajo, 11.700 de 20 ciudades del pa\u00eds se capacitaron,\u00a0 3.500 se informaron y asesoraron sobre sus Derechos y \u00a0\u00a0\u00a0 4.000 ni\u00f1os, ni\u00f1as y adolescentes junto a sus maestros y padres se comprometieron a generar una escuela m\u00e1s inclusiva.<\/p>\n<p><a rel=\"nofollow noopener\" href=\"http:\/\/hfnoticias.com.ar\/noticia\/index\/47\/584\" target=\"_blank\"><span style=\"color:#003399;\">Seguir leyendo&#8230;<\/span><\/a><\/p>\n<p><\/span><\/td>\n<\/tr>\n<tr>\n<td><img decoding=\"async\" src=\"http:\/\/www.hfnoticias.com.ar\/assets\/images\/break.png\" alt=\"\" \/><\/td>\n<\/tr>\n<tr>\n<td bgcolor=\"#c8dbdb\"><span style=\"font-size:large;font-family:Helvetica;\"><a title=\"Fue presentado el Manual en Braille para hu\u00e9spedes de hoteles\" rel=\"nofollow noopener\" href=\"http:\/\/hfnoticias.com.ar\/noticia\/index\/47\/594\" target=\"_blank\"><span class=\"nav_big_tit\"><span style=\"color:#000000;\">Fue presentado el Manual en Braille para hu\u00e9spedes de hoteles<\/span><\/span><\/a><br \/>\n<\/span><br \/>\n<span style=\"font-size:x-small;font-family:Helvetica;\"><span style=\"font-weight:bold;\">Buenos Aires.<\/span> En el marco de la conmemoraci\u00f3n del D\u00eda Internacional de las Personas con Discapacidad, que se celebra, desde 1992,\u00a0 todos los d\u00edas 3 de diciembre, fue presentado por el <span style=\"font-weight:bold;\">ministro de Cultura y presidente del Ente Turismo de Buenos Aires, Hern\u00e1n Lombardi<\/span>, y el <span style=\"font-weight:bold;\">presidente de Apanovi, Alberto Nattkemper<\/span>, el <span style=\"font-weight:bold;\">Manual en Braille <\/span>para personas con discapacidad visual alojadas en hoteles porte\u00f1os, escrito por <span style=\"font-weight:bold;\">Tony Per\u00f3 y Mar\u00eda Teresa Faixat.<\/span><br \/>\n<img decoding=\"async\" src=\"http:\/\/hfnoticias.com.ar\/assets\/uploads\/presentacionmbraille.jpg\" alt=\"\" \/><\/p>\n<p><a rel=\"nofollow noopener\" href=\"http:\/\/hfnoticias.com.ar\/noticia\/index\/47\/594\" target=\"_blank\"><span style=\"color:#003399;\">Seguir leyendo&#8230;<\/span><\/a><\/p>\n<p><\/span><\/td>\n<\/tr>\n<tr>\n<td><img decoding=\"async\" src=\"http:\/\/www.hfnoticias.com.ar\/assets\/images\/break.png\" alt=\"\" \/><\/td>\n<\/tr>\n<tr>\n<td bgcolor=\"#c8dbdb\"><span style=\"font-size:large;font-family:Helvetica;\"><a title=\"Cuando la discapacidad es el pasaje para navegar por el Rio de la Plata\" rel=\"nofollow noopener\" href=\"http:\/\/hfnoticias.com.ar\/noticia\/index\/47\/598\" target=\"_blank\"><span class=\"nav_big_tit\"><span style=\"color:#000000;\">Cuando la discapacidad es el pasaje para navegar por el R\u00edo de la Plata<\/span><\/span><\/a><br \/>\n<\/span><br \/>\n<span style=\"font-size:x-small;font-family:Helvetica;\">Un programa que busca integrar a personas con todo tipo de dificultades f\u00edsicas o mentales.<br \/>\n<span style=\"font-weight:bold;\">TODOS A BORDO. PRESENTANDO EL CERTIFICADO DE DISCAPACIDAD SE ACCEDE AL CURSO, QUE DURA 10 CLASES<\/span>.<br \/>\n<img decoding=\"async\" src=\"http:\/\/hfnoticias.com.ar\/assets\/uploads\/1737247-1.jpg\" alt=\"\" \/><\/p>\n<p><a rel=\"nofollow noopener\" href=\"http:\/\/hfnoticias.com.ar\/noticia\/index\/47\/598\" target=\"_blank\"><span style=\"color:#003399;\">Seguir leyendo&#8230;<\/span><\/a><\/p>\n<p><\/span><\/td>\n<\/tr>\n<tr>\n<td><img decoding=\"async\" src=\"http:\/\/www.hfnoticias.com.ar\/assets\/images\/break.png\" alt=\"\" \/><\/td>\n<\/tr>\n<tr>\n<td bgcolor=\"#c8dbdb\"><span style=\"font-size:large;font-family:Helvetica;\"><a title=\"Clases de tenis gratis para chicos\" rel=\"nofollow noopener\" href=\"http:\/\/hfnoticias.com.ar\/noticia\/index\/47\/601\" target=\"_blank\"><span class=\"nav_big_tit\"><span style=\"color:#000000;\">Clases de tenis gratis para chicos<\/span><\/span><\/a><br \/>\n<\/span><br \/>\n<span style=\"font-size:x-small;font-family:Helvetica;\"><span style=\"font-weight:bold;\">Vicente L\u00f3pez <\/span>Desde hace varias temporadas y con gran repercusi\u00f3n, se vienen brindando clases gratuitas de tenis para todos los chicos, ya sean convencionales o especiales.\u00a0 Las mismas se desarrollan bajo la direcci\u00f3n de la profesora <span style=\"font-weight:bold;\">Claudia Casabianca,<\/span> experimentada tenista especializada en el trato con los j\u00f3venes de toda condici\u00f3n.<\/p>\n<p><a rel=\"nofollow noopener\" href=\"http:\/\/hfnoticias.com.ar\/noticia\/index\/47\/601\" target=\"_blank\"><span style=\"color:#003399;\">Seguir leyendo&#8230;<\/span><\/a><\/p>\n<p><\/span><\/td>\n<\/tr>\n<tr>\n<td><img decoding=\"async\" src=\"http:\/\/www.hfnoticias.com.ar\/assets\/images\/break.png\" alt=\"\" \/><\/td>\n<\/tr>\n<tr>\n<td bgcolor=\"#c8dbdb\"><span style=\"font-size:large;font-family:Helvetica;\"><a title=\"Dia del Oyente\" rel=\"nofollow noopener\" href=\"http:\/\/hfnoticias.com.ar\/noticia\/index\/47\/602\" target=\"_blank\"><span class=\"nav_big_tit\"><span style=\"color:#000000;\">D\u00eda del Oyente<\/span><\/span><\/a><br \/>\n<\/span><br \/>\n<span style=\"font-size:x-small;font-family:Helvetica;\"><span style=\"font-weight:bold;\">PALABRAS EN CONJUNTO<\/span><br \/>\nUna marca registrada<br \/>\n* TE INVITA:<br \/>\n<span style=\"font-weight:bold;\">* A LA RADIO ABIERTA, ESPECIAL, \u201cDIA DEL OYENTE\u201d<\/span><\/p>\n<p><a rel=\"nofollow noopener\" href=\"http:\/\/hfnoticias.com.ar\/noticia\/index\/47\/602\" target=\"_blank\"><span style=\"color:#003399;\">Seguir leyendo&#8230;<\/span><\/a><\/p>\n<p><\/span><\/td>\n<\/tr>\n<tr>\n<td><img decoding=\"async\" src=\"http:\/\/www.hfnoticias.com.ar\/assets\/images\/break.png\" alt=\"\" \/><\/td>\n<\/tr>\n<tr>\n<td bgcolor=\"#c8dbdb\"><span style=\"font-size:large;font-family:Helvetica;\"><a title=\"Mi beb\u00e9 tiene par\u00e1lisis cerebral. \u00bfQu\u00e9 hacer?\" rel=\"nofollow noopener\" href=\"http:\/\/hfnoticias.com.ar\/noticia\/index\/47\/596\" target=\"_blank\"><span class=\"nav_big_tit\"><span style=\"color:#000000;\">Mi beb\u00e9 tiene par\u00e1lisis cerebral. \u00bfQu\u00e9 hacer?<\/span><\/span><\/a><br \/>\n<\/span><br \/>\n<span style=\"font-size:x-small;font-family:Helvetica;\">Confederaci\u00f3n ASPACE. Mi beb\u00e9 tiene par\u00e1lisis cerebral. \u00bfQu\u00e9 hacer? Gu\u00eda para padres primerizos. Madrid, Confederaci\u00f3n ASPACE, 2008, 80 p\u00e1gs.<\/p>\n<p><a rel=\"nofollow noopener\" href=\"http:\/\/www.aspace.org\/Aspace\/fotos\/guiapadres.pdf\" target=\"_blank\"><span style=\"color:#003399;\">Haga click aqu\u00ed para bajar el documento<\/span><\/a><\/p>\n<p>Fuente: CEDD<\/p>\n<p><\/span><\/td>\n<\/tr>\n<tr>\n<td><img decoding=\"async\" src=\"http:\/\/www.hfnoticias.com.ar\/assets\/images\/break.png\" alt=\"\" \/><\/td>\n<\/tr>\n<tr>\n<td bgcolor=\"#c8dbdb\"><span style=\"font-size:large;font-family:Helvetica;\"><a title=\"Convocatoria\" rel=\"nofollow noopener\" href=\"http:\/\/hfnoticias.com.ar\/noticia\/index\/47\/562\" target=\"_blank\"><span class=\"nav_big_tit\"><span style=\"color:#000000;\">Convocatoria<\/span><\/span><\/a><br \/>\n<\/span><br \/>\n<span style=\"font-size:x-small;font-family:Helvetica;\">Convocatoria de 2009 para propuestas de ayuda financiera a peque\u00f1os proyectos de desarrollo cultural<br \/>\n<span style=\"font-weight:bold;\">Convoca: Centro Cultural del Banco Interamericano de Desarrollo (BID)<\/span><\/p>\n<p><a rel=\"nofollow noopener\" href=\"http:\/\/hfnoticias.com.ar\/noticia\/index\/47\/562\" target=\"_blank\"><span style=\"color:#003399;\">Seguir leyendo&#8230;<\/span><\/a><\/p>\n<p><\/span><\/td>\n<\/tr>\n<tr>\n<td><img decoding=\"async\" src=\"http:\/\/www.hfnoticias.com.ar\/assets\/images\/break.png\" alt=\"\" \/><\/td>\n<\/tr>\n<tr>\n<td bgcolor=\"#c8dbdb\"><span style=\"font-size:large;font-family:Helvetica;\"><a title=\"Premio Presidencial Pr\u00e1cticas Educativas Solidarias en Educaci\u00f3n Superior 2008\" rel=\"nofollow noopener\" href=\"http:\/\/hfnoticias.com.ar\/noticia\/index\/47\/563\" target=\"_blank\"><span class=\"nav_big_tit\"><span style=\"color:#000000;\">Premio Presidencial Pr\u00e1cticas Educativas Solidarias en Educaci\u00f3n Superior 2008<\/span><\/span><\/a><br \/>\n<\/span><br \/>\n<span style=\"font-size:x-small;font-family:Helvetica;\">Se convoca a participar del <span style=\"font-weight:bold;\">Premio Presidencial \u00abPr\u00e1cticas Educativas Solidarias en Educaci\u00f3n Superior\u00bb 2008<\/span>, a todas las instituciones de Educaci\u00f3n Superior que est\u00e1n desarrollando pr\u00e1cticas educativas solidarias e integran el aprendizaje acad\u00e9mico de los estudiantes con el servicio solidario a la comunidad.<\/p>\n<p><a rel=\"nofollow noopener\" href=\"http:\/\/hfnoticias.com.ar\/noticia\/index\/47\/563\" target=\"_blank\"><span style=\"color:#003399;\">Seguir leyendo&#8230;<\/span><\/a><\/p>\n<p><\/span><\/td>\n<\/tr>\n<tr>\n<td><img decoding=\"async\" src=\"http:\/\/www.hfnoticias.com.ar\/assets\/images\/break.png\" alt=\"\" \/><\/td>\n<\/tr>\n<tr>\n<td bgcolor=\"#c8dbdb\"><span style=\"font-size:large;font-family:Helvetica;\"><a title=\"Marat\u00f3n\" rel=\"nofollow noopener\" href=\"http:\/\/hfnoticias.com.ar\/noticia\/index\/47\/593\" target=\"_blank\"><span class=\"nav_big_tit\"><span style=\"color:#000000;\">Marat\u00f3n &#8220;Por un mismo camino&#8221; se har\u00e1 el 14 de diciembre<\/span><\/span><\/a><br \/>\n<\/span><br \/>\n<span style=\"font-size:x-small;font-family:Helvetica;\">Informamos que la <span style=\"font-weight:bold;\">4\u00aa edici\u00f3n del marat\u00f3n &#8220;Por un mismo camino&#8221;<\/span>, organizado por la COPINE y la Asociaci\u00f3n APEBI se pas\u00f3 para el <span style=\"font-weight:bold;\">domingo 14 de diciembre de 2008 desde las 9.00 horas en la Costanera Sur de la Ciudad de Buenos Aires.<\/span> La postergaci\u00f3n se debi\u00f3 a las fuertes lluvias ca\u00eddas el 30 de noviembre.<\/p>\n<p><a rel=\"nofollow noopener\" href=\"http:\/\/hfnoticias.com.ar\/noticia\/index\/47\/593\" target=\"_blank\"><span style=\"color:#003399;\">Seguir leyendo&#8230;<\/span><\/a><\/p>\n<p><\/span><\/td>\n<\/tr>\n<tr>\n<td><img decoding=\"async\" src=\"http:\/\/www.hfnoticias.com.ar\/assets\/images\/break.png\" alt=\"\" \/><\/td>\n<\/tr>\n<tr>\n<td bgcolor=\"#c8dbdb\"><span style=\"font-size:large;font-family:Helvetica;\"><a title=\"Segundo Seminario De Danza Integradora\" rel=\"nofollow noopener\" href=\"http:\/\/hfnoticias.com.ar\/noticia\/index\/47\/603\" target=\"_blank\"><span class=\"nav_big_tit\"><span style=\"color:#000000;\">Segundo Seminario De Danza Integradora<\/span><\/span><\/a><br \/>\n<\/span><br \/>\n<span style=\"font-size:x-small;font-family:Helvetica;\"><span style=\"font-weight:bold;\">IUNA <\/span><br \/>\n<span style=\"font-weight:bold;\">Artes\u00a0 del\u00a0 movimiento<\/span><br \/>\n<span style=\"font-weight:bold;\">SEMINARIO DE DANZA INTEGRADORA<\/span><br \/>\nEsta abierta la Inscripci\u00f3n Para El Segundo Seminario De Danza Integradora, Dirigido A Docentes, Profesionales, Bailarines Y Estudiantes Avanzados En El \u00c1rea Del Arte, La Educaci\u00f3n Y La Salud.\u00a0 La Danza Integradora Es Una Modalidad De La Danza Que Incorpora Y Hace Realidad El Concepto De Inclusi\u00f3n Y Diversidad.<br \/>\n<img decoding=\"async\" src=\"http:\/\/hfnoticias.com.ar\/assets\/uploads\/image006.jpg\" alt=\"\" \/><\/p>\n<p><a rel=\"nofollow noopener\" href=\"http:\/\/hfnoticias.com.ar\/noticia\/index\/47\/603\" target=\"_blank\"><span style=\"color:#003399;\">Seguir leyendo&#8230;<\/span><\/a><\/p>\n<p><\/span><\/td>\n<\/tr>\n<tr>\n<td><img decoding=\"async\" src=\"http:\/\/www.hfnoticias.com.ar\/assets\/images\/break.png\" alt=\"\" \/><\/td>\n<\/tr>\n<tr>\n<td bgcolor=\"#c8dbdb\"><span style=\"font-size:large;font-family:Helvetica;\"><a title=\"Presentaci\u00f3n de Libro sobre los derechos de las Personas con Discapacidad\" rel=\"nofollow noopener\" href=\"http:\/\/hfnoticias.com.ar\/noticia\/index\/47\/604\" target=\"_blank\"><span class=\"nav_big_tit\"><span style=\"color:#000000;\">Presentaci\u00f3n de Libro sobre los derechos de las Personas con Discapacidad<\/span><\/span><\/a><br \/>\n<\/span><br \/>\n<span style=\"font-size:x-small;font-family:Helvetica;\"><span style=\"font-weight:bold;\">Fundaci\u00f3n Par<\/span> invita a Ud. a la presentaci\u00f3n del libro <span style=\"font-weight:bold;\">&#8220;Los derechos de las<\/span><br \/>\n<span style=\"font-weight:bold;\">personas con Discapacidad. ..&#8221;,<\/span> editado por la <span style=\"font-weight:bold;\">Secretar\u00eda de Extension<\/span><br \/>\n<span style=\"font-weight:bold;\">Universitaria y Bienestar Estudiantil de la Universidad de Buenos Aires<\/span><br \/>\n<span style=\"font-weight:bold;\">(UBA) y Fundaci\u00f3n Par<\/span> y compilado por el\u00a0 <span style=\"font-weight:bold;\">Lic. Carlos Eroles (UBA)\u00a0 y el<\/span><br \/>\n<span style=\"font-weight:bold;\">Lic. Hugo Fiamberti (Fundaci\u00f3n Par). <\/span><\/p>\n<p><a rel=\"nofollow noopener\" href=\"http:\/\/hfnoticias.com.ar\/noticia\/index\/47\/604\" target=\"_blank\"><span style=\"color:#003399;\">Seguir leyendo&#8230;<\/span><\/a><\/p>\n<p><\/span><\/td>\n<\/tr>\n<tr>\n<td><img decoding=\"async\" src=\"http:\/\/www.hfnoticias.com.ar\/assets\/images\/break.png\" alt=\"\" \/><\/td>\n<\/tr>\n<tr>\n<td bgcolor=\"#c8dbdb\"><span style=\"font-size:large;font-family:Helvetica;\"><a title=\"En ruedas del amor\" rel=\"nofollow noopener\" href=\"http:\/\/hfnoticias.com.ar\/noticia\/index\/47\/608\" target=\"_blank\"><span class=\"nav_big_tit\"><span style=\"color:#000000;\">En ruedas del amor<\/span><\/span><\/a><br \/>\n<\/span><br \/>\n<span style=\"font-size:x-small;font-family:Helvetica;\"><img decoding=\"async\" src=\"http:\/\/hfnoticias.com.ar\/assets\/uploads\/image0013.jpg\" alt=\"\" \/><br \/>\nPresenta:<br \/>\n<span style=\"font-weight:bold;\">\u201cEn Ruedas del Amor\u201d<\/span><br \/>\n16 de diciembre, 21 hs.<br \/>\nTeatro Beckett<br \/>\nGuardia Vieja 3556<\/p>\n<p><a rel=\"nofollow noopener\" href=\"http:\/\/hfnoticias.com.ar\/noticia\/index\/47\/608\" target=\"_blank\"><span style=\"color:#003399;\">Seguir leyendo&#8230;<\/span><\/a><\/p>\n<p><\/span><\/td>\n<\/tr>\n<tr>\n<td><img decoding=\"async\" src=\"http:\/\/www.hfnoticias.com.ar\/assets\/images\/break.png\" alt=\"\" \/><\/td>\n<\/tr>\n<\/tbody>\n<\/table>\n<table border=\"0\" width=\"100%\">\n<tbody>\n<tr>\n<td bgcolor=\"#d3dada\"><span style=\"font-size:xx-small;font-family:Helvetica;\"><strong><span style=\"font-size:x-small;color:#ff0000;\">!<\/span><\/strong> Recuerde agregar esta direcci\u00f3m de e-mail (hugofiamberti@ arnet.com. ar) a su lista de contactos para evitar que el Bolet\u00edn sea filtrado como spam por su cliente de correo. <\/span><\/td>\n<\/tr>\n<\/tbody>\n<\/table>\n<table border=\"0\" width=\"520\">\n<tbody>\n<tr>\n<td><img decoding=\"async\" src=\"http:\/\/www.hfnoticias.com.ar\/assets\/images\/news_footer.png\" alt=\"\" \/><\/td>\n<\/tr>\n<\/tbody>\n<\/table>\n","protected":false},"excerpt":{"rendered":"<p>02\/12\/2008. Boletin N\u00famero 47. Para acceder a la version online de este boletin haga click aqui. Para visualizar correctamente este bolet\u00edn recuerde habilitar las im\u00e1genes en su cliente de e-mail. El INADI acus\u00f3 a los colegios de discriminar a chicos discapacitados Adem\u00e1s, denunci\u00f3 que para esta \u00e9poca del a\u00f1o, no inscriben aspirantes con problemas de [&hellip;]<\/p>\n","protected":false},"author":2,"featured_media":0,"comment_status":"open","ping_status":"open","sticky":false,"template":"","format":"standard","meta":{"site-container-style":"default","site-container-layout":"default","site-sidebar-layout":"default","disable-article-header":"default","disable-site-header":"default","disable-site-footer":"default","disable-content-area-spacing":"default","footnotes":""},"categories":[4],"tags":[],"class_list":["post-2575","post","type-post","status-publish","format-standard","hentry","category-noticias"],"yoast_head":"<!-- This site is optimized with the Yoast SEO plugin v27.4 - https:\/\/yoast.com\/product\/yoast-seo-wordpress\/ -->\n<title>Noticias 11-12 -<\/title>\n<meta name=\"robots\" content=\"index, follow, max-snippet:-1, max-image-preview:large, max-video-preview:-1\" \/>\n<link rel=\"canonical\" href=\"https:\/\/inclusivenews.com.br\/?p=2575\" \/>\n<meta property=\"og:locale\" content=\"pt_PT\" \/>\n<meta property=\"og:type\" content=\"article\" \/>\n<meta property=\"og:title\" content=\"Noticias 11-12 -\" \/>\n<meta property=\"og:description\" content=\"02\/12\/2008. Boletin N\u00famero 47. Para acceder a la version online de este boletin haga click aqui. Para visualizar correctamente este bolet\u00edn recuerde habilitar las im\u00e1genes en su cliente de e-mail. El INADI acus\u00f3 a los colegios de discriminar a chicos discapacitados Adem\u00e1s, denunci\u00f3 que para esta \u00e9poca del a\u00f1o, no inscriben aspirantes con problemas de [&hellip;]\" \/>\n<meta property=\"og:url\" content=\"https:\/\/inclusivenews.com.br\/?p=2575\" \/>\n<meta property=\"article:publisher\" content=\"https:\/\/www.facebook.com\/agenciainclusive\/\" \/>\n<meta property=\"article:published_time\" content=\"2008-12-11T17:04:52+00:00\" \/>\n<meta property=\"og:image\" content=\"http:\/\/www.hfnoticias.com.ar\/assets\/images\/break.png\" \/>\n<meta name=\"author\" content=\"Inclusive\" \/>\n<meta name=\"twitter:card\" content=\"summary_large_image\" \/>\n<meta name=\"twitter:label1\" content=\"Escrito por\" \/>\n\t<meta name=\"twitter:data1\" content=\"Inclusive\" \/>\n\t<meta name=\"twitter:label2\" content=\"Tempo estimado de leitura\" \/>\n\t<meta name=\"twitter:data2\" content=\"4 minutos\" \/>\n<script type=\"application\/ld+json\" class=\"yoast-schema-graph\">{\"@context\":\"https:\\\/\\\/schema.org\",\"@graph\":[{\"@type\":\"Article\",\"@id\":\"https:\\\/\\\/inclusivenews.com.br\\\/?p=2575#article\",\"isPartOf\":{\"@id\":\"https:\\\/\\\/inclusivenews.com.br\\\/?p=2575\"},\"author\":{\"name\":\"Inclusive\",\"@id\":\"https:\\\/\\\/inclusivenews.com.br\\\/#\\\/schema\\\/person\\\/0dab492019871b94abb65fa8ee7c8c44\"},\"headline\":\"Noticias 11-12\",\"datePublished\":\"2008-12-11T17:04:52+00:00\",\"mainEntityOfPage\":{\"@id\":\"https:\\\/\\\/inclusivenews.com.br\\\/?p=2575\"},\"wordCount\":809,\"commentCount\":0,\"publisher\":{\"@id\":\"https:\\\/\\\/inclusivenews.com.br\\\/#organization\"},\"image\":{\"@id\":\"https:\\\/\\\/inclusivenews.com.br\\\/?p=2575#primaryimage\"},\"thumbnailUrl\":\"http:\\\/\\\/www.hfnoticias.com.ar\\\/assets\\\/images\\\/break.png\",\"articleSection\":[\"NOT\u00cdCIAS\"],\"inLanguage\":\"pt-PT\",\"potentialAction\":[{\"@type\":\"CommentAction\",\"name\":\"Comment\",\"target\":[\"https:\\\/\\\/inclusivenews.com.br\\\/?p=2575#respond\"]}]},{\"@type\":\"WebPage\",\"@id\":\"https:\\\/\\\/inclusivenews.com.br\\\/?p=2575\",\"url\":\"https:\\\/\\\/inclusivenews.com.br\\\/?p=2575\",\"name\":\"Noticias 11-12 -\",\"isPartOf\":{\"@id\":\"https:\\\/\\\/inclusivenews.com.br\\\/#website\"},\"primaryImageOfPage\":{\"@id\":\"https:\\\/\\\/inclusivenews.com.br\\\/?p=2575#primaryimage\"},\"image\":{\"@id\":\"https:\\\/\\\/inclusivenews.com.br\\\/?p=2575#primaryimage\"},\"thumbnailUrl\":\"http:\\\/\\\/www.hfnoticias.com.ar\\\/assets\\\/images\\\/break.png\",\"datePublished\":\"2008-12-11T17:04:52+00:00\",\"breadcrumb\":{\"@id\":\"https:\\\/\\\/inclusivenews.com.br\\\/?p=2575#breadcrumb\"},\"inLanguage\":\"pt-PT\",\"potentialAction\":[{\"@type\":\"ReadAction\",\"target\":[\"https:\\\/\\\/inclusivenews.com.br\\\/?p=2575\"]}]},{\"@type\":\"ImageObject\",\"inLanguage\":\"pt-PT\",\"@id\":\"https:\\\/\\\/inclusivenews.com.br\\\/?p=2575#primaryimage\",\"url\":\"http:\\\/\\\/www.hfnoticias.com.ar\\\/assets\\\/images\\\/break.png\",\"contentUrl\":\"http:\\\/\\\/www.hfnoticias.com.ar\\\/assets\\\/images\\\/break.png\"},{\"@type\":\"BreadcrumbList\",\"@id\":\"https:\\\/\\\/inclusivenews.com.br\\\/?p=2575#breadcrumb\",\"itemListElement\":[{\"@type\":\"ListItem\",\"position\":1,\"name\":\"In\u00edcio\",\"item\":\"https:\\\/\\\/inclusivenews.com.br\\\/\"},{\"@type\":\"ListItem\",\"position\":2,\"name\":\"Noticias 11-12\"}]},{\"@type\":\"WebSite\",\"@id\":\"https:\\\/\\\/inclusivenews.com.br\\\/#website\",\"url\":\"https:\\\/\\\/inclusivenews.com.br\\\/\",\"name\":\"Inclusive News\",\"description\":\"Inclusive News\",\"publisher\":{\"@id\":\"https:\\\/\\\/inclusivenews.com.br\\\/#organization\"},\"potentialAction\":[{\"@type\":\"SearchAction\",\"target\":{\"@type\":\"EntryPoint\",\"urlTemplate\":\"https:\\\/\\\/inclusivenews.com.br\\\/?s={search_term_string}\"},\"query-input\":{\"@type\":\"PropertyValueSpecification\",\"valueRequired\":true,\"valueName\":\"search_term_string\"}}],\"inLanguage\":\"pt-PT\"},{\"@type\":\"Organization\",\"@id\":\"https:\\\/\\\/inclusivenews.com.br\\\/#organization\",\"name\":\"Inclusive - inclus\u00e3o e cidadania\",\"url\":\"https:\\\/\\\/inclusivenews.com.br\\\/\",\"logo\":{\"@type\":\"ImageObject\",\"inLanguage\":\"pt-PT\",\"@id\":\"https:\\\/\\\/inclusivenews.com.br\\\/#\\\/schema\\\/logo\\\/image\\\/\",\"url\":\"https:\\\/\\\/inclusivenews.com.br\\\/wp-content\\\/uploads\\\/2024\\\/03\\\/@grandesite.png\",\"contentUrl\":\"https:\\\/\\\/inclusivenews.com.br\\\/wp-content\\\/uploads\\\/2024\\\/03\\\/@grandesite.png\",\"width\":1080,\"height\":1080,\"caption\":\"Inclusive - inclus\u00e3o e cidadania\"},\"image\":{\"@id\":\"https:\\\/\\\/inclusivenews.com.br\\\/#\\\/schema\\\/logo\\\/image\\\/\"},\"sameAs\":[\"https:\\\/\\\/www.facebook.com\\\/agenciainclusive\\\/\",\"https:\\\/\\\/www.instagram.com\\\/newsinclusive\\\/\"]},{\"@type\":\"Person\",\"@id\":\"https:\\\/\\\/inclusivenews.com.br\\\/#\\\/schema\\\/person\\\/0dab492019871b94abb65fa8ee7c8c44\",\"name\":\"Inclusive\",\"image\":{\"@type\":\"ImageObject\",\"inLanguage\":\"pt-PT\",\"@id\":\"https:\\\/\\\/secure.gravatar.com\\\/avatar\\\/?s=96&d=mm&r=g\",\"url\":\"https:\\\/\\\/secure.gravatar.com\\\/avatar\\\/?s=96&d=mm&r=g\",\"contentUrl\":\"https:\\\/\\\/secure.gravatar.com\\\/avatar\\\/?s=96&d=mm&r=g\",\"caption\":\"Inclusive\"},\"url\":\"https:\\\/\\\/inclusivenews.com.br\\\/?author=2\"}]}<\/script>\n<!-- \/ Yoast SEO plugin. -->","yoast_head_json":{"title":"Noticias 11-12 -","robots":{"index":"index","follow":"follow","max-snippet":"max-snippet:-1","max-image-preview":"max-image-preview:large","max-video-preview":"max-video-preview:-1"},"canonical":"https:\/\/inclusivenews.com.br\/?p=2575","og_locale":"pt_PT","og_type":"article","og_title":"Noticias 11-12 -","og_description":"02\/12\/2008. Boletin N\u00famero 47. Para acceder a la version online de este boletin haga click aqui. Para visualizar correctamente este bolet\u00edn recuerde habilitar las im\u00e1genes en su cliente de e-mail. El INADI acus\u00f3 a los colegios de discriminar a chicos discapacitados Adem\u00e1s, denunci\u00f3 que para esta \u00e9poca del a\u00f1o, no inscriben aspirantes con problemas de [&hellip;]","og_url":"https:\/\/inclusivenews.com.br\/?p=2575","article_publisher":"https:\/\/www.facebook.com\/agenciainclusive\/","article_published_time":"2008-12-11T17:04:52+00:00","og_image":[{"url":"http:\/\/www.hfnoticias.com.ar\/assets\/images\/break.png","type":"","width":"","height":""}],"author":"Inclusive","twitter_card":"summary_large_image","twitter_misc":{"Escrito por":"Inclusive","Tempo estimado de leitura":"4 minutos"},"schema":{"@context":"https:\/\/schema.org","@graph":[{"@type":"Article","@id":"https:\/\/inclusivenews.com.br\/?p=2575#article","isPartOf":{"@id":"https:\/\/inclusivenews.com.br\/?p=2575"},"author":{"name":"Inclusive","@id":"https:\/\/inclusivenews.com.br\/#\/schema\/person\/0dab492019871b94abb65fa8ee7c8c44"},"headline":"Noticias 11-12","datePublished":"2008-12-11T17:04:52+00:00","mainEntityOfPage":{"@id":"https:\/\/inclusivenews.com.br\/?p=2575"},"wordCount":809,"commentCount":0,"publisher":{"@id":"https:\/\/inclusivenews.com.br\/#organization"},"image":{"@id":"https:\/\/inclusivenews.com.br\/?p=2575#primaryimage"},"thumbnailUrl":"http:\/\/www.hfnoticias.com.ar\/assets\/images\/break.png","articleSection":["NOT\u00cdCIAS"],"inLanguage":"pt-PT","potentialAction":[{"@type":"CommentAction","name":"Comment","target":["https:\/\/inclusivenews.com.br\/?p=2575#respond"]}]},{"@type":"WebPage","@id":"https:\/\/inclusivenews.com.br\/?p=2575","url":"https:\/\/inclusivenews.com.br\/?p=2575","name":"Noticias 11-12 -","isPartOf":{"@id":"https:\/\/inclusivenews.com.br\/#website"},"primaryImageOfPage":{"@id":"https:\/\/inclusivenews.com.br\/?p=2575#primaryimage"},"image":{"@id":"https:\/\/inclusivenews.com.br\/?p=2575#primaryimage"},"thumbnailUrl":"http:\/\/www.hfnoticias.com.ar\/assets\/images\/break.png","datePublished":"2008-12-11T17:04:52+00:00","breadcrumb":{"@id":"https:\/\/inclusivenews.com.br\/?p=2575#breadcrumb"},"inLanguage":"pt-PT","potentialAction":[{"@type":"ReadAction","target":["https:\/\/inclusivenews.com.br\/?p=2575"]}]},{"@type":"ImageObject","inLanguage":"pt-PT","@id":"https:\/\/inclusivenews.com.br\/?p=2575#primaryimage","url":"http:\/\/www.hfnoticias.com.ar\/assets\/images\/break.png","contentUrl":"http:\/\/www.hfnoticias.com.ar\/assets\/images\/break.png"},{"@type":"BreadcrumbList","@id":"https:\/\/inclusivenews.com.br\/?p=2575#breadcrumb","itemListElement":[{"@type":"ListItem","position":1,"name":"In\u00edcio","item":"https:\/\/inclusivenews.com.br\/"},{"@type":"ListItem","position":2,"name":"Noticias 11-12"}]},{"@type":"WebSite","@id":"https:\/\/inclusivenews.com.br\/#website","url":"https:\/\/inclusivenews.com.br\/","name":"Inclusive News","description":"Inclusive News","publisher":{"@id":"https:\/\/inclusivenews.com.br\/#organization"},"potentialAction":[{"@type":"SearchAction","target":{"@type":"EntryPoint","urlTemplate":"https:\/\/inclusivenews.com.br\/?s={search_term_string}"},"query-input":{"@type":"PropertyValueSpecification","valueRequired":true,"valueName":"search_term_string"}}],"inLanguage":"pt-PT"},{"@type":"Organization","@id":"https:\/\/inclusivenews.com.br\/#organization","name":"Inclusive - inclus\u00e3o e cidadania","url":"https:\/\/inclusivenews.com.br\/","logo":{"@type":"ImageObject","inLanguage":"pt-PT","@id":"https:\/\/inclusivenews.com.br\/#\/schema\/logo\/image\/","url":"https:\/\/inclusivenews.com.br\/wp-content\/uploads\/2024\/03\/@grandesite.png","contentUrl":"https:\/\/inclusivenews.com.br\/wp-content\/uploads\/2024\/03\/@grandesite.png","width":1080,"height":1080,"caption":"Inclusive - inclus\u00e3o e cidadania"},"image":{"@id":"https:\/\/inclusivenews.com.br\/#\/schema\/logo\/image\/"},"sameAs":["https:\/\/www.facebook.com\/agenciainclusive\/","https:\/\/www.instagram.com\/newsinclusive\/"]},{"@type":"Person","@id":"https:\/\/inclusivenews.com.br\/#\/schema\/person\/0dab492019871b94abb65fa8ee7c8c44","name":"Inclusive","image":{"@type":"ImageObject","inLanguage":"pt-PT","@id":"https:\/\/secure.gravatar.com\/avatar\/?s=96&d=mm&r=g","url":"https:\/\/secure.gravatar.com\/avatar\/?s=96&d=mm&r=g","contentUrl":"https:\/\/secure.gravatar.com\/avatar\/?s=96&d=mm&r=g","caption":"Inclusive"},"url":"https:\/\/inclusivenews.com.br\/?author=2"}]}},"_links":{"self":[{"href":"https:\/\/inclusivenews.com.br\/index.php?rest_route=\/wp\/v2\/posts\/2575","targetHints":{"allow":["GET"]}}],"collection":[{"href":"https:\/\/inclusivenews.com.br\/index.php?rest_route=\/wp\/v2\/posts"}],"about":[{"href":"https:\/\/inclusivenews.com.br\/index.php?rest_route=\/wp\/v2\/types\/post"}],"author":[{"embeddable":true,"href":"https:\/\/inclusivenews.com.br\/index.php?rest_route=\/wp\/v2\/users\/2"}],"replies":[{"embeddable":true,"href":"https:\/\/inclusivenews.com.br\/index.php?rest_route=%2Fwp%2Fv2%2Fcomments&post=2575"}],"version-history":[{"count":0,"href":"https:\/\/inclusivenews.com.br\/index.php?rest_route=\/wp\/v2\/posts\/2575\/revisions"}],"wp:attachment":[{"href":"https:\/\/inclusivenews.com.br\/index.php?rest_route=%2Fwp%2Fv2%2Fmedia&parent=2575"}],"wp:term":[{"taxonomy":"category","embeddable":true,"href":"https:\/\/inclusivenews.com.br\/index.php?rest_route=%2Fwp%2Fv2%2Fcategories&post=2575"},{"taxonomy":"post_tag","embeddable":true,"href":"https:\/\/inclusivenews.com.br\/index.php?rest_route=%2Fwp%2Fv2%2Ftags&post=2575"}],"curies":[{"name":"wp","href":"https:\/\/api.w.org\/{rel}","templated":true}]}}