{"id":25776,"date":"2013-11-20T14:43:05","date_gmt":"2013-11-20T17:43:05","guid":{"rendered":"http:\/\/www.inclusive.org.br\/?p=25776"},"modified":"2013-11-20T14:43:05","modified_gmt":"2013-11-20T17:43:05","slug":"pedido-de-vistas-adia-votacao-do-pne-na-comissao-de-educacao-do-senado","status":"publish","type":"post","link":"https:\/\/inclusivenews.com.br\/?p=25776","title":{"rendered":"Pedido de vistas adia vota\u00e7\u00e3o do PNE na Comiss\u00e3o de Educa\u00e7\u00e3o do Senado"},"content":{"rendered":"<figure id=\"attachment_25594\" aria-describedby=\"caption-attachment-25594\" style=\"width: 300px\" class=\"wp-caption alignleft\"><img loading=\"lazy\" decoding=\"async\" class=\"size-medium wp-image-25594 \" title=\"Logotipo do PNE, sob fundo azul, degrad\u00ea, as letras P, em verde, N, em amarelo, e E, em azul, abaixo escrito Plano Nacional de Educa\u00e7\u00e3o.\" src=\"http:\/\/inclusivenews.com.br\/wp-content\/uploads\/pne-300x192.jpg\" alt=\"Logotipo do PNE, sob fundo azul, degrad\u00ea, as letras P, em verde, N, em amarelo, e E, em azul, abaixo escrito Plano Nacional de Educa\u00e7\u00e3o.\" width=\"300\" height=\"192\" \/><figcaption id=\"caption-attachment-25594\" class=\"wp-caption-text\"> <\/figcaption><\/figure>\n<p>O relat\u00f3rio do Plano Nacional de Educa\u00e7\u00e3o (PLC 103\/2012) foi apresentado  na manh\u00e3 da \u00faltima ter\u00e7a-feira (19) na Comiss\u00e3o de Educa\u00e7\u00e3o, Cultura e  Esporte do Senado. A expectativa por parte dos que estavam presentes era  de que o relat\u00f3rio do senador Alvaro Dias (PSDB\/PR) fosse votado ainda  hoje. Entretanto, antes mesmo da leitura do texto, o senador Gim Argelo  (PTB\/DF) pediu vistas e, em seguida, a senadora Ana Rita (PT\/ES) pediu  vistas coletivas. Ela alegou que precisava de tempo para ler o relat\u00f3rio  por se tratar de um material extenso.<\/p>\n<p>Com o relat\u00f3rio em m\u00e3o, os senadores t\u00eam agora a miss\u00e3o de analisar o  que foi proposto e apresentar emendas o quanto antes. A inten\u00e7\u00e3o, por  parte da Comiss\u00e3o de Educa\u00e7\u00e3o, \u00e9 de que j\u00e1 na pr\u00f3xima ter\u00e7a-feira (26) o  PNE comece a ser votado.<\/p>\n<p>A Undime j\u00e1 est\u00e1 analisando o texto e se articulando para apresentar poss\u00edveis emendas.<\/p>\n<p><a href=\"http:\/\/legis.senado.leg.br\/mateweb\/arquivos\/mate-pdf\/140669.pdf\" target=\"_blank\" rel=\"noopener\">Clique aqui para acessar o relat\u00f3rio do PNE apresentado.<\/a><\/p>\n<p>Fonte: UNDIME<\/p>\n","protected":false},"excerpt":{"rendered":"<p>Com o relat\u00f3rio em m\u00e3o, os senadores t\u00eam agora a miss\u00e3o de analisar o que foi proposto e apresentar emendas o quanto antes. A inten\u00e7\u00e3o, por parte da Comiss\u00e3o de Educa\u00e7\u00e3o, \u00e9 de que j\u00e1 na pr\u00f3xima ter\u00e7a-feira (26) o PNE comece a ser votado.<\/p>\n","protected":false},"author":1,"featured_media":0,"comment_status":"open","ping_status":"open","sticky":false,"template":"","format":"standard","meta":{"site-container-style":"default","site-container-layout":"default","site-sidebar-layout":"default","disable-article-header":"default","disable-site-header":"default","disable-site-footer":"default","disable-content-area-spacing":"default","footnotes":""},"categories":[6,4],"tags":[],"class_list":["post-25776","post","type-post","status-publish","format-standard","hentry","category-educacao","category-noticias"],"yoast_head":"<!-- This site is optimized with the Yoast SEO plugin v27.4 - https:\/\/yoast.com\/product\/yoast-seo-wordpress\/ -->\n<title>Pedido de vistas adia vota\u00e7\u00e3o do PNE na Comiss\u00e3o de Educa\u00e7\u00e3o do Senado -<\/title>\n<meta name=\"robots\" content=\"index, follow, max-snippet:-1, max-image-preview:large, max-video-preview:-1\" \/>\n<link rel=\"canonical\" href=\"https:\/\/inclusivenews.com.br\/?p=25776\" \/>\n<meta property=\"og:locale\" content=\"pt_PT\" \/>\n<meta property=\"og:type\" content=\"article\" \/>\n<meta property=\"og:title\" content=\"Pedido de vistas adia vota\u00e7\u00e3o do PNE na Comiss\u00e3o de Educa\u00e7\u00e3o do Senado -\" \/>\n<meta property=\"og:description\" content=\"Com o relat\u00f3rio em m\u00e3o, os senadores t\u00eam agora a miss\u00e3o de analisar o que foi proposto e apresentar emendas o quanto antes. A inten\u00e7\u00e3o, por parte da Comiss\u00e3o de Educa\u00e7\u00e3o, \u00e9 de que j\u00e1 na pr\u00f3xima ter\u00e7a-feira (26) o PNE comece a ser votado.\" \/>\n<meta property=\"og:url\" content=\"https:\/\/inclusivenews.com.br\/?p=25776\" \/>\n<meta property=\"article:publisher\" content=\"https:\/\/www.facebook.com\/agenciainclusive\/\" \/>\n<meta property=\"article:published_time\" content=\"2013-11-20T17:43:05+00:00\" \/>\n<meta property=\"og:image\" content=\"http:\/\/inclusivenews.com.br\/wp-content\/uploads\/pne-300x192.jpg\" \/>\n<meta name=\"author\" content=\"inclusivenews2024\" \/>\n<meta name=\"twitter:card\" content=\"summary_large_image\" \/>\n<meta name=\"twitter:label1\" content=\"Escrito por\" \/>\n\t<meta name=\"twitter:data1\" content=\"inclusivenews2024\" \/>\n\t<meta name=\"twitter:label2\" content=\"Tempo estimado de leitura\" \/>\n\t<meta name=\"twitter:data2\" content=\"1 minuto\" \/>\n<script type=\"application\/ld+json\" class=\"yoast-schema-graph\">{\"@context\":\"https:\\\/\\\/schema.org\",\"@graph\":[{\"@type\":\"Article\",\"@id\":\"https:\\\/\\\/inclusivenews.com.br\\\/?p=25776#article\",\"isPartOf\":{\"@id\":\"https:\\\/\\\/inclusivenews.com.br\\\/?p=25776\"},\"author\":{\"name\":\"inclusivenews2024\",\"@id\":\"https:\\\/\\\/inclusivenews.com.br\\\/#\\\/schema\\\/person\\\/ae4ec7087559b8692fb33b6fffd2273b\"},\"headline\":\"Pedido de vistas adia vota\u00e7\u00e3o do PNE na Comiss\u00e3o de Educa\u00e7\u00e3o do Senado\",\"datePublished\":\"2013-11-20T17:43:05+00:00\",\"mainEntityOfPage\":{\"@id\":\"https:\\\/\\\/inclusivenews.com.br\\\/?p=25776\"},\"wordCount\":201,\"commentCount\":0,\"publisher\":{\"@id\":\"https:\\\/\\\/inclusivenews.com.br\\\/#organization\"},\"image\":{\"@id\":\"https:\\\/\\\/inclusivenews.com.br\\\/?p=25776#primaryimage\"},\"thumbnailUrl\":\"http:\\\/\\\/inclusivenews.com.br\\\/wp-content\\\/uploads\\\/pne-300x192.jpg\",\"articleSection\":[\"EDUCA\u00c7\u00c3O\",\"NOT\u00cdCIAS\"],\"inLanguage\":\"pt-PT\",\"potentialAction\":[{\"@type\":\"CommentAction\",\"name\":\"Comment\",\"target\":[\"https:\\\/\\\/inclusivenews.com.br\\\/?p=25776#respond\"]}]},{\"@type\":\"WebPage\",\"@id\":\"https:\\\/\\\/inclusivenews.com.br\\\/?p=25776\",\"url\":\"https:\\\/\\\/inclusivenews.com.br\\\/?p=25776\",\"name\":\"Pedido de vistas adia vota\u00e7\u00e3o do PNE na Comiss\u00e3o de Educa\u00e7\u00e3o do Senado -\",\"isPartOf\":{\"@id\":\"https:\\\/\\\/inclusivenews.com.br\\\/#website\"},\"primaryImageOfPage\":{\"@id\":\"https:\\\/\\\/inclusivenews.com.br\\\/?p=25776#primaryimage\"},\"image\":{\"@id\":\"https:\\\/\\\/inclusivenews.com.br\\\/?p=25776#primaryimage\"},\"thumbnailUrl\":\"http:\\\/\\\/inclusivenews.com.br\\\/wp-content\\\/uploads\\\/pne-300x192.jpg\",\"datePublished\":\"2013-11-20T17:43:05+00:00\",\"breadcrumb\":{\"@id\":\"https:\\\/\\\/inclusivenews.com.br\\\/?p=25776#breadcrumb\"},\"inLanguage\":\"pt-PT\",\"potentialAction\":[{\"@type\":\"ReadAction\",\"target\":[\"https:\\\/\\\/inclusivenews.com.br\\\/?p=25776\"]}]},{\"@type\":\"ImageObject\",\"inLanguage\":\"pt-PT\",\"@id\":\"https:\\\/\\\/inclusivenews.com.br\\\/?p=25776#primaryimage\",\"url\":\"\",\"contentUrl\":\"\"},{\"@type\":\"BreadcrumbList\",\"@id\":\"https:\\\/\\\/inclusivenews.com.br\\\/?p=25776#breadcrumb\",\"itemListElement\":[{\"@type\":\"ListItem\",\"position\":1,\"name\":\"In\u00edcio\",\"item\":\"https:\\\/\\\/inclusivenews.com.br\\\/\"},{\"@type\":\"ListItem\",\"position\":2,\"name\":\"Pedido de vistas adia vota\u00e7\u00e3o do PNE na Comiss\u00e3o de Educa\u00e7\u00e3o do Senado\"}]},{\"@type\":\"WebSite\",\"@id\":\"https:\\\/\\\/inclusivenews.com.br\\\/#website\",\"url\":\"https:\\\/\\\/inclusivenews.com.br\\\/\",\"name\":\"Inclusive News\",\"description\":\"Inclusive News\",\"publisher\":{\"@id\":\"https:\\\/\\\/inclusivenews.com.br\\\/#organization\"},\"potentialAction\":[{\"@type\":\"SearchAction\",\"target\":{\"@type\":\"EntryPoint\",\"urlTemplate\":\"https:\\\/\\\/inclusivenews.com.br\\\/?s={search_term_string}\"},\"query-input\":{\"@type\":\"PropertyValueSpecification\",\"valueRequired\":true,\"valueName\":\"search_term_string\"}}],\"inLanguage\":\"pt-PT\"},{\"@type\":\"Organization\",\"@id\":\"https:\\\/\\\/inclusivenews.com.br\\\/#organization\",\"name\":\"Inclusive - inclus\u00e3o e cidadania\",\"url\":\"https:\\\/\\\/inclusivenews.com.br\\\/\",\"logo\":{\"@type\":\"ImageObject\",\"inLanguage\":\"pt-PT\",\"@id\":\"https:\\\/\\\/inclusivenews.com.br\\\/#\\\/schema\\\/logo\\\/image\\\/\",\"url\":\"https:\\\/\\\/inclusivenews.com.br\\\/wp-content\\\/uploads\\\/2024\\\/03\\\/@grandesite.png\",\"contentUrl\":\"https:\\\/\\\/inclusivenews.com.br\\\/wp-content\\\/uploads\\\/2024\\\/03\\\/@grandesite.png\",\"width\":1080,\"height\":1080,\"caption\":\"Inclusive - inclus\u00e3o e cidadania\"},\"image\":{\"@id\":\"https:\\\/\\\/inclusivenews.com.br\\\/#\\\/schema\\\/logo\\\/image\\\/\"},\"sameAs\":[\"https:\\\/\\\/www.facebook.com\\\/agenciainclusive\\\/\",\"https:\\\/\\\/www.instagram.com\\\/newsinclusive\\\/\"]},{\"@type\":\"Person\",\"@id\":\"https:\\\/\\\/inclusivenews.com.br\\\/#\\\/schema\\\/person\\\/ae4ec7087559b8692fb33b6fffd2273b\",\"name\":\"inclusivenews2024\",\"image\":{\"@type\":\"ImageObject\",\"inLanguage\":\"pt-PT\",\"@id\":\"https:\\\/\\\/secure.gravatar.com\\\/avatar\\\/c5a7ef84c66fa914f55bc4f7ce26cfa275a3b9a1c5568b907bd184fb4dde7b40?s=96&d=mm&r=g\",\"url\":\"https:\\\/\\\/secure.gravatar.com\\\/avatar\\\/c5a7ef84c66fa914f55bc4f7ce26cfa275a3b9a1c5568b907bd184fb4dde7b40?s=96&d=mm&r=g\",\"contentUrl\":\"https:\\\/\\\/secure.gravatar.com\\\/avatar\\\/c5a7ef84c66fa914f55bc4f7ce26cfa275a3b9a1c5568b907bd184fb4dde7b40?s=96&d=mm&r=g\",\"caption\":\"inclusivenews2024\"},\"sameAs\":[\"https:\\\/\\\/inclusivenews.com.br\"],\"url\":\"https:\\\/\\\/inclusivenews.com.br\\\/?author=1\"}]}<\/script>\n<!-- \/ Yoast SEO plugin. -->","yoast_head_json":{"title":"Pedido de vistas adia vota\u00e7\u00e3o do PNE na Comiss\u00e3o de Educa\u00e7\u00e3o do Senado -","robots":{"index":"index","follow":"follow","max-snippet":"max-snippet:-1","max-image-preview":"max-image-preview:large","max-video-preview":"max-video-preview:-1"},"canonical":"https:\/\/inclusivenews.com.br\/?p=25776","og_locale":"pt_PT","og_type":"article","og_title":"Pedido de vistas adia vota\u00e7\u00e3o do PNE na Comiss\u00e3o de Educa\u00e7\u00e3o do Senado -","og_description":"Com o relat\u00f3rio em m\u00e3o, os senadores t\u00eam agora a miss\u00e3o de analisar o que foi proposto e apresentar emendas o quanto antes. A inten\u00e7\u00e3o, por parte da Comiss\u00e3o de Educa\u00e7\u00e3o, \u00e9 de que j\u00e1 na pr\u00f3xima ter\u00e7a-feira (26) o PNE comece a ser votado.","og_url":"https:\/\/inclusivenews.com.br\/?p=25776","article_publisher":"https:\/\/www.facebook.com\/agenciainclusive\/","article_published_time":"2013-11-20T17:43:05+00:00","og_image":[{"url":"http:\/\/inclusivenews.com.br\/wp-content\/uploads\/pne-300x192.jpg","type":"","width":"","height":""}],"author":"inclusivenews2024","twitter_card":"summary_large_image","twitter_misc":{"Escrito por":"inclusivenews2024","Tempo estimado de leitura":"1 minuto"},"schema":{"@context":"https:\/\/schema.org","@graph":[{"@type":"Article","@id":"https:\/\/inclusivenews.com.br\/?p=25776#article","isPartOf":{"@id":"https:\/\/inclusivenews.com.br\/?p=25776"},"author":{"name":"inclusivenews2024","@id":"https:\/\/inclusivenews.com.br\/#\/schema\/person\/ae4ec7087559b8692fb33b6fffd2273b"},"headline":"Pedido de vistas adia vota\u00e7\u00e3o do PNE na Comiss\u00e3o de Educa\u00e7\u00e3o do Senado","datePublished":"2013-11-20T17:43:05+00:00","mainEntityOfPage":{"@id":"https:\/\/inclusivenews.com.br\/?p=25776"},"wordCount":201,"commentCount":0,"publisher":{"@id":"https:\/\/inclusivenews.com.br\/#organization"},"image":{"@id":"https:\/\/inclusivenews.com.br\/?p=25776#primaryimage"},"thumbnailUrl":"http:\/\/inclusivenews.com.br\/wp-content\/uploads\/pne-300x192.jpg","articleSection":["EDUCA\u00c7\u00c3O","NOT\u00cdCIAS"],"inLanguage":"pt-PT","potentialAction":[{"@type":"CommentAction","name":"Comment","target":["https:\/\/inclusivenews.com.br\/?p=25776#respond"]}]},{"@type":"WebPage","@id":"https:\/\/inclusivenews.com.br\/?p=25776","url":"https:\/\/inclusivenews.com.br\/?p=25776","name":"Pedido de vistas adia vota\u00e7\u00e3o do PNE na Comiss\u00e3o de Educa\u00e7\u00e3o do Senado -","isPartOf":{"@id":"https:\/\/inclusivenews.com.br\/#website"},"primaryImageOfPage":{"@id":"https:\/\/inclusivenews.com.br\/?p=25776#primaryimage"},"image":{"@id":"https:\/\/inclusivenews.com.br\/?p=25776#primaryimage"},"thumbnailUrl":"http:\/\/inclusivenews.com.br\/wp-content\/uploads\/pne-300x192.jpg","datePublished":"2013-11-20T17:43:05+00:00","breadcrumb":{"@id":"https:\/\/inclusivenews.com.br\/?p=25776#breadcrumb"},"inLanguage":"pt-PT","potentialAction":[{"@type":"ReadAction","target":["https:\/\/inclusivenews.com.br\/?p=25776"]}]},{"@type":"ImageObject","inLanguage":"pt-PT","@id":"https:\/\/inclusivenews.com.br\/?p=25776#primaryimage","url":"","contentUrl":""},{"@type":"BreadcrumbList","@id":"https:\/\/inclusivenews.com.br\/?p=25776#breadcrumb","itemListElement":[{"@type":"ListItem","position":1,"name":"In\u00edcio","item":"https:\/\/inclusivenews.com.br\/"},{"@type":"ListItem","position":2,"name":"Pedido de vistas adia vota\u00e7\u00e3o do PNE na Comiss\u00e3o de Educa\u00e7\u00e3o do Senado"}]},{"@type":"WebSite","@id":"https:\/\/inclusivenews.com.br\/#website","url":"https:\/\/inclusivenews.com.br\/","name":"Inclusive News","description":"Inclusive News","publisher":{"@id":"https:\/\/inclusivenews.com.br\/#organization"},"potentialAction":[{"@type":"SearchAction","target":{"@type":"EntryPoint","urlTemplate":"https:\/\/inclusivenews.com.br\/?s={search_term_string}"},"query-input":{"@type":"PropertyValueSpecification","valueRequired":true,"valueName":"search_term_string"}}],"inLanguage":"pt-PT"},{"@type":"Organization","@id":"https:\/\/inclusivenews.com.br\/#organization","name":"Inclusive - inclus\u00e3o e cidadania","url":"https:\/\/inclusivenews.com.br\/","logo":{"@type":"ImageObject","inLanguage":"pt-PT","@id":"https:\/\/inclusivenews.com.br\/#\/schema\/logo\/image\/","url":"https:\/\/inclusivenews.com.br\/wp-content\/uploads\/2024\/03\/@grandesite.png","contentUrl":"https:\/\/inclusivenews.com.br\/wp-content\/uploads\/2024\/03\/@grandesite.png","width":1080,"height":1080,"caption":"Inclusive - inclus\u00e3o e cidadania"},"image":{"@id":"https:\/\/inclusivenews.com.br\/#\/schema\/logo\/image\/"},"sameAs":["https:\/\/www.facebook.com\/agenciainclusive\/","https:\/\/www.instagram.com\/newsinclusive\/"]},{"@type":"Person","@id":"https:\/\/inclusivenews.com.br\/#\/schema\/person\/ae4ec7087559b8692fb33b6fffd2273b","name":"inclusivenews2024","image":{"@type":"ImageObject","inLanguage":"pt-PT","@id":"https:\/\/secure.gravatar.com\/avatar\/c5a7ef84c66fa914f55bc4f7ce26cfa275a3b9a1c5568b907bd184fb4dde7b40?s=96&d=mm&r=g","url":"https:\/\/secure.gravatar.com\/avatar\/c5a7ef84c66fa914f55bc4f7ce26cfa275a3b9a1c5568b907bd184fb4dde7b40?s=96&d=mm&r=g","contentUrl":"https:\/\/secure.gravatar.com\/avatar\/c5a7ef84c66fa914f55bc4f7ce26cfa275a3b9a1c5568b907bd184fb4dde7b40?s=96&d=mm&r=g","caption":"inclusivenews2024"},"sameAs":["https:\/\/inclusivenews.com.br"],"url":"https:\/\/inclusivenews.com.br\/?author=1"}]}},"_links":{"self":[{"href":"https:\/\/inclusivenews.com.br\/index.php?rest_route=\/wp\/v2\/posts\/25776","targetHints":{"allow":["GET"]}}],"collection":[{"href":"https:\/\/inclusivenews.com.br\/index.php?rest_route=\/wp\/v2\/posts"}],"about":[{"href":"https:\/\/inclusivenews.com.br\/index.php?rest_route=\/wp\/v2\/types\/post"}],"author":[{"embeddable":true,"href":"https:\/\/inclusivenews.com.br\/index.php?rest_route=\/wp\/v2\/users\/1"}],"replies":[{"embeddable":true,"href":"https:\/\/inclusivenews.com.br\/index.php?rest_route=%2Fwp%2Fv2%2Fcomments&post=25776"}],"version-history":[{"count":0,"href":"https:\/\/inclusivenews.com.br\/index.php?rest_route=\/wp\/v2\/posts\/25776\/revisions"}],"wp:attachment":[{"href":"https:\/\/inclusivenews.com.br\/index.php?rest_route=%2Fwp%2Fv2%2Fmedia&parent=25776"}],"wp:term":[{"taxonomy":"category","embeddable":true,"href":"https:\/\/inclusivenews.com.br\/index.php?rest_route=%2Fwp%2Fv2%2Fcategories&post=25776"},{"taxonomy":"post_tag","embeddable":true,"href":"https:\/\/inclusivenews.com.br\/index.php?rest_route=%2Fwp%2Fv2%2Ftags&post=25776"}],"curies":[{"name":"wp","href":"https:\/\/api.w.org\/{rel}","templated":true}]}}