{"id":25829,"date":"2013-11-28T06:00:33","date_gmt":"2013-11-28T09:00:33","guid":{"rendered":"http:\/\/www.inclusive.org.br\/?p=25829"},"modified":"2013-11-28T06:00:33","modified_gmt":"2013-11-28T09:00:33","slug":"comissao-de-educacao-do-senado-aprova-pne-e-texto-segue-para-o-plenario","status":"publish","type":"post","link":"https:\/\/inclusivenews.com.br\/?p=25829","title":{"rendered":"Comiss\u00e3o de Educa\u00e7\u00e3o do Senado aprova PNE e texto segue para o plen\u00e1rio"},"content":{"rendered":"<figure id=\"attachment_25594\" aria-describedby=\"caption-attachment-25594\" style=\"width: 300px\" class=\"wp-caption alignleft\"><img loading=\"lazy\" decoding=\"async\" class=\"size-medium wp-image-25594 \" title=\"Logotipo do PNE, sob fundo azul, degrad\u00ea, as letras P, em verde, N, em amarelo, e E, em azul, abaixo escrito Plano Nacional de Educa\u00e7\u00e3o.\" src=\"http:\/\/inclusivenews.com.br\/wp-content\/uploads\/pne-300x192.jpg\" alt=\"Logotipo do PNE, sob fundo azul, degrad\u00ea, as letras P, em verde, N, em amarelo, e E, em azul, abaixo escrito Plano Nacional de Educa\u00e7\u00e3o.\" width=\"300\" height=\"192\" \/><figcaption id=\"caption-attachment-25594\" class=\"wp-caption-text\"> <\/figcaption><\/figure>\n<p>A Comiss\u00e3o de Educa\u00e7\u00e3o, Cultura e Esporte do Senado aprovou nesta quarta-feira (27) o PNE (Plano Nacional de Educa\u00e7\u00e3o). Agora, o Projeto de Lei 103\/2012, que institui o PNE, segue para vota\u00e7\u00e3o em plen\u00e1rio, em regime de urg\u00eancia. Como foi modificado na Casa, ap\u00f3s a aprova\u00e7\u00e3o, o texto deve voltar \u00e0 C\u00e2mara dos Deputados.<\/p>\n<p>A vota\u00e7\u00e3o durou em torno de tr\u00eas minutos. A maioria dos parlamentares presentes era da oposi\u00e7\u00e3o. A comiss\u00e3o aprovou na \u00edntegra o relat\u00f3rio do senador Alvaro Dias (PSDB-PR). Foram apresentadas 92 emendas, das quais 44 foram acatadas total ou parcialmente pelo relator.<\/p>\n<p>O PNE estabelece 20 metas para a educa\u00e7\u00e3o a serem cumpridas em um per\u00edodo de dez anos. Entre as diretrizes est\u00e1 a erradica\u00e7\u00e3o do analfabetismo e a universaliza\u00e7\u00e3o do atendimento escolar. O plano tamb\u00e9m destina 10% do PIB (Produto Interno Bruto) para a educa\u00e7\u00e3o. Atualmente s\u00e3o investidos aproximadamente 6% do PIB brasileiro.<\/p>\n<p>Leia mais not\u00edcias de Educa\u00e7\u00e3o<\/p>\n<p>Segundo o texto aprovado, a Uni\u00e3o ter\u00e1 o prazo de um ano para definir a fonte dos recursos. &#8220;O financiamento vem da receita da Uni\u00e3o, de estados e munic\u00edpios. N\u00e3o vinculamos esse investimento a fontes como os royalties do petr\u00f3leo&#8221;, disse o relator, referindo-se \u00e0 san\u00e7\u00e3o pela presidenta Dilma Rousseff da destina\u00e7\u00e3o de 75% dos royalties do petr\u00f3leo para a educa\u00e7\u00e3o.<\/p>\n<p>Alvaro Dias acatou tamb\u00e9m uma proposta do senador Ricardo Ferra\u00e7o (PMDB-ES) estabelecendo que 50% dos b\u00f4nus de assinatura dos contratos de partilha para a produ\u00e7\u00e3o de petr\u00f3leo e g\u00e1s natural na \u00e1rea do pr\u00e9-sal sejam destinados \u00e0 manuten\u00e7\u00e3o e ao desenvolvimento do ensino. Na avalia\u00e7\u00e3o do relator, se essa medida j\u00e1 estivesse em vigor, o leil\u00e3o do Campo de Libra, que ocorreu no m\u00eas passado, teria propiciado R$ 7,5 bilh\u00f5es adicionais para a educa\u00e7\u00e3o. &#8220;\u00c9 importante acrescentar tudo que for poss\u00edvel para assegurar a soma de recursos&#8221;, defendeu.<\/p>\n<p>O senador disse que tem consci\u00eancia de que pode ser dif\u00edcil aprovar essas medidas em plen\u00e1rio.<\/p>\n<p>Outra mudan\u00e7a trata do per\u00edodo de alfabetiza\u00e7\u00e3o. Atualmente, toda crian\u00e7a deve ser alfabetizada at\u00e9 os 8 anos de idade. Segundo o texto atual do PNE, a idade cai para os 7 anos e, a partir do quinto ano de vig\u00eancia do plano, passa para os 6 anos.<\/p>\n<p>Ponto pol\u00eamico, a reda\u00e7\u00e3o da Meta 4, que trata do ensino especial, agradou \u00e0s entidades que atuam no setor. O texto havia sofrido altera\u00e7\u00f5es em rela\u00e7\u00e3o ao aprovado na C\u00e2mara, que definia a exist\u00eancia do ensino regular e do ensino especial. No Senado, foram feitas altera\u00e7\u00f5es que davam a entender que todos os estudantes deveriam frequentar escolas regulares. A atual reda\u00e7\u00e3o retoma o texto aprovado anteriormente.<\/p>\n<p>\u2014 O texto mant\u00e9m os dois sistemas, tanto ensino na rede regular quanto nas especiais e faculta, algo que j\u00e1 v\u00ednhamos batalhando h\u00e1 um tempo, que os pais tenham essa liberdade de escolha \u2014 destacou o secret\u00e1rio executivo da Fenapaes (Federa\u00e7\u00e3o Nacional das Associa\u00e7\u00f5es de Pais e Amigos dos Excepcionais Apaes), Jos\u00e9 Lu\u00eds Colar.<\/p>\n<p>Antes de chegar \u00e0 Comiss\u00e3o de Educa\u00e7\u00e3o do Senado, o PNE foi aprovado nas comiss\u00f5es de Assuntos Econ\u00f4micos (CAE) e de Constitui\u00e7\u00e3o e Justi\u00e7a (CCJ). O plano est\u00e1 em tramita\u00e7\u00e3o no Congresso Nacional desde 15 de dezembro de 2010. A aprova\u00e7\u00e3o na C\u00e2mara se deu apenas em outubro do ano passado. Durante a tramita\u00e7\u00e3o, foram sugeridas mais de 3 mil emendas.<\/p>\n<p>Fonte: <a href=\"http:\/\/noticias.r7.com\/educacao\/noticias\/comissao-de-educacao-do-senado-aprova-pne-e-texto-segue-para-o-plenario-20131127.html\" target=\"_blank\" rel=\"noopener\">R7<\/a><\/p>\n","protected":false},"excerpt":{"rendered":"<p>Ponto pol\u00eamico, a reda\u00e7\u00e3o da Meta 4, que trata do ensino especial, agradou \u00e0s entidades que atuam no setor. O texto havia sofrido altera\u00e7\u00f5es em rela\u00e7\u00e3o ao aprovado na C\u00e2mara, que definia a exist\u00eancia do ensino regular e do ensino especial. No Senado, foram feitas altera\u00e7\u00f5es que davam a entender que todos os estudantes deveriam frequentar escolas regulares. A atual reda\u00e7\u00e3o retoma o texto aprovado anteriormente.<\/p>\n","protected":false},"author":1,"featured_media":0,"comment_status":"open","ping_status":"open","sticky":false,"template":"","format":"standard","meta":{"site-container-style":"default","site-container-layout":"default","site-sidebar-layout":"default","disable-article-header":"default","disable-site-header":"default","disable-site-footer":"default","disable-content-area-spacing":"default","footnotes":""},"categories":[6],"tags":[],"class_list":["post-25829","post","type-post","status-publish","format-standard","hentry","category-educacao"],"yoast_head":"<!-- This site is optimized with the Yoast SEO plugin v27.4 - https:\/\/yoast.com\/product\/yoast-seo-wordpress\/ -->\n<title>Comiss\u00e3o de Educa\u00e7\u00e3o do Senado aprova PNE e texto segue para o plen\u00e1rio -<\/title>\n<meta name=\"robots\" content=\"index, follow, max-snippet:-1, max-image-preview:large, max-video-preview:-1\" \/>\n<link rel=\"canonical\" href=\"https:\/\/inclusivenews.com.br\/?p=25829\" \/>\n<meta property=\"og:locale\" content=\"pt_PT\" \/>\n<meta property=\"og:type\" content=\"article\" \/>\n<meta property=\"og:title\" content=\"Comiss\u00e3o de Educa\u00e7\u00e3o do Senado aprova PNE e texto segue para o plen\u00e1rio -\" \/>\n<meta property=\"og:description\" content=\"Ponto pol\u00eamico, a reda\u00e7\u00e3o da Meta 4, que trata do ensino especial, agradou \u00e0s entidades que atuam no setor. O texto havia sofrido altera\u00e7\u00f5es em rela\u00e7\u00e3o ao aprovado na C\u00e2mara, que definia a exist\u00eancia do ensino regular e do ensino especial. No Senado, foram feitas altera\u00e7\u00f5es que davam a entender que todos os estudantes deveriam frequentar escolas regulares. A atual reda\u00e7\u00e3o retoma o texto aprovado anteriormente.\" \/>\n<meta property=\"og:url\" content=\"https:\/\/inclusivenews.com.br\/?p=25829\" \/>\n<meta property=\"article:publisher\" content=\"https:\/\/www.facebook.com\/agenciainclusive\/\" \/>\n<meta property=\"article:published_time\" content=\"2013-11-28T09:00:33+00:00\" \/>\n<meta property=\"og:image\" content=\"http:\/\/inclusivenews.com.br\/wp-content\/uploads\/pne-300x192.jpg\" \/>\n<meta name=\"author\" content=\"inclusivenews2024\" \/>\n<meta name=\"twitter:card\" content=\"summary_large_image\" \/>\n<meta name=\"twitter:label1\" content=\"Escrito por\" \/>\n\t<meta name=\"twitter:data1\" content=\"inclusivenews2024\" \/>\n\t<meta name=\"twitter:label2\" content=\"Tempo estimado de leitura\" \/>\n\t<meta name=\"twitter:data2\" content=\"3 minutos\" \/>\n<script type=\"application\/ld+json\" class=\"yoast-schema-graph\">{\"@context\":\"https:\\\/\\\/schema.org\",\"@graph\":[{\"@type\":\"Article\",\"@id\":\"https:\\\/\\\/inclusivenews.com.br\\\/?p=25829#article\",\"isPartOf\":{\"@id\":\"https:\\\/\\\/inclusivenews.com.br\\\/?p=25829\"},\"author\":{\"name\":\"inclusivenews2024\",\"@id\":\"https:\\\/\\\/inclusivenews.com.br\\\/#\\\/schema\\\/person\\\/ae4ec7087559b8692fb33b6fffd2273b\"},\"headline\":\"Comiss\u00e3o de Educa\u00e7\u00e3o do Senado aprova PNE e texto segue para o plen\u00e1rio\",\"datePublished\":\"2013-11-28T09:00:33+00:00\",\"mainEntityOfPage\":{\"@id\":\"https:\\\/\\\/inclusivenews.com.br\\\/?p=25829\"},\"wordCount\":626,\"commentCount\":0,\"publisher\":{\"@id\":\"https:\\\/\\\/inclusivenews.com.br\\\/#organization\"},\"image\":{\"@id\":\"https:\\\/\\\/inclusivenews.com.br\\\/?p=25829#primaryimage\"},\"thumbnailUrl\":\"http:\\\/\\\/inclusivenews.com.br\\\/wp-content\\\/uploads\\\/pne-300x192.jpg\",\"articleSection\":[\"EDUCA\u00c7\u00c3O\"],\"inLanguage\":\"pt-PT\",\"potentialAction\":[{\"@type\":\"CommentAction\",\"name\":\"Comment\",\"target\":[\"https:\\\/\\\/inclusivenews.com.br\\\/?p=25829#respond\"]}]},{\"@type\":\"WebPage\",\"@id\":\"https:\\\/\\\/inclusivenews.com.br\\\/?p=25829\",\"url\":\"https:\\\/\\\/inclusivenews.com.br\\\/?p=25829\",\"name\":\"Comiss\u00e3o de Educa\u00e7\u00e3o do Senado aprova PNE e texto segue para o plen\u00e1rio -\",\"isPartOf\":{\"@id\":\"https:\\\/\\\/inclusivenews.com.br\\\/#website\"},\"primaryImageOfPage\":{\"@id\":\"https:\\\/\\\/inclusivenews.com.br\\\/?p=25829#primaryimage\"},\"image\":{\"@id\":\"https:\\\/\\\/inclusivenews.com.br\\\/?p=25829#primaryimage\"},\"thumbnailUrl\":\"http:\\\/\\\/inclusivenews.com.br\\\/wp-content\\\/uploads\\\/pne-300x192.jpg\",\"datePublished\":\"2013-11-28T09:00:33+00:00\",\"breadcrumb\":{\"@id\":\"https:\\\/\\\/inclusivenews.com.br\\\/?p=25829#breadcrumb\"},\"inLanguage\":\"pt-PT\",\"potentialAction\":[{\"@type\":\"ReadAction\",\"target\":[\"https:\\\/\\\/inclusivenews.com.br\\\/?p=25829\"]}]},{\"@type\":\"ImageObject\",\"inLanguage\":\"pt-PT\",\"@id\":\"https:\\\/\\\/inclusivenews.com.br\\\/?p=25829#primaryimage\",\"url\":\"\",\"contentUrl\":\"\"},{\"@type\":\"BreadcrumbList\",\"@id\":\"https:\\\/\\\/inclusivenews.com.br\\\/?p=25829#breadcrumb\",\"itemListElement\":[{\"@type\":\"ListItem\",\"position\":1,\"name\":\"In\u00edcio\",\"item\":\"https:\\\/\\\/inclusivenews.com.br\\\/\"},{\"@type\":\"ListItem\",\"position\":2,\"name\":\"Comiss\u00e3o de Educa\u00e7\u00e3o do Senado aprova PNE e texto segue para o plen\u00e1rio\"}]},{\"@type\":\"WebSite\",\"@id\":\"https:\\\/\\\/inclusivenews.com.br\\\/#website\",\"url\":\"https:\\\/\\\/inclusivenews.com.br\\\/\",\"name\":\"Inclusive News\",\"description\":\"Inclusive News\",\"publisher\":{\"@id\":\"https:\\\/\\\/inclusivenews.com.br\\\/#organization\"},\"potentialAction\":[{\"@type\":\"SearchAction\",\"target\":{\"@type\":\"EntryPoint\",\"urlTemplate\":\"https:\\\/\\\/inclusivenews.com.br\\\/?s={search_term_string}\"},\"query-input\":{\"@type\":\"PropertyValueSpecification\",\"valueRequired\":true,\"valueName\":\"search_term_string\"}}],\"inLanguage\":\"pt-PT\"},{\"@type\":\"Organization\",\"@id\":\"https:\\\/\\\/inclusivenews.com.br\\\/#organization\",\"name\":\"Inclusive - inclus\u00e3o e cidadania\",\"url\":\"https:\\\/\\\/inclusivenews.com.br\\\/\",\"logo\":{\"@type\":\"ImageObject\",\"inLanguage\":\"pt-PT\",\"@id\":\"https:\\\/\\\/inclusivenews.com.br\\\/#\\\/schema\\\/logo\\\/image\\\/\",\"url\":\"https:\\\/\\\/inclusivenews.com.br\\\/wp-content\\\/uploads\\\/2024\\\/03\\\/@grandesite.png\",\"contentUrl\":\"https:\\\/\\\/inclusivenews.com.br\\\/wp-content\\\/uploads\\\/2024\\\/03\\\/@grandesite.png\",\"width\":1080,\"height\":1080,\"caption\":\"Inclusive - inclus\u00e3o e cidadania\"},\"image\":{\"@id\":\"https:\\\/\\\/inclusivenews.com.br\\\/#\\\/schema\\\/logo\\\/image\\\/\"},\"sameAs\":[\"https:\\\/\\\/www.facebook.com\\\/agenciainclusive\\\/\",\"https:\\\/\\\/www.instagram.com\\\/newsinclusive\\\/\"]},{\"@type\":\"Person\",\"@id\":\"https:\\\/\\\/inclusivenews.com.br\\\/#\\\/schema\\\/person\\\/ae4ec7087559b8692fb33b6fffd2273b\",\"name\":\"inclusivenews2024\",\"image\":{\"@type\":\"ImageObject\",\"inLanguage\":\"pt-PT\",\"@id\":\"https:\\\/\\\/secure.gravatar.com\\\/avatar\\\/c5a7ef84c66fa914f55bc4f7ce26cfa275a3b9a1c5568b907bd184fb4dde7b40?s=96&d=mm&r=g\",\"url\":\"https:\\\/\\\/secure.gravatar.com\\\/avatar\\\/c5a7ef84c66fa914f55bc4f7ce26cfa275a3b9a1c5568b907bd184fb4dde7b40?s=96&d=mm&r=g\",\"contentUrl\":\"https:\\\/\\\/secure.gravatar.com\\\/avatar\\\/c5a7ef84c66fa914f55bc4f7ce26cfa275a3b9a1c5568b907bd184fb4dde7b40?s=96&d=mm&r=g\",\"caption\":\"inclusivenews2024\"},\"sameAs\":[\"https:\\\/\\\/inclusivenews.com.br\"],\"url\":\"https:\\\/\\\/inclusivenews.com.br\\\/?author=1\"}]}<\/script>\n<!-- \/ Yoast SEO plugin. -->","yoast_head_json":{"title":"Comiss\u00e3o de Educa\u00e7\u00e3o do Senado aprova PNE e texto segue para o plen\u00e1rio -","robots":{"index":"index","follow":"follow","max-snippet":"max-snippet:-1","max-image-preview":"max-image-preview:large","max-video-preview":"max-video-preview:-1"},"canonical":"https:\/\/inclusivenews.com.br\/?p=25829","og_locale":"pt_PT","og_type":"article","og_title":"Comiss\u00e3o de Educa\u00e7\u00e3o do Senado aprova PNE e texto segue para o plen\u00e1rio -","og_description":"Ponto pol\u00eamico, a reda\u00e7\u00e3o da Meta 4, que trata do ensino especial, agradou \u00e0s entidades que atuam no setor. O texto havia sofrido altera\u00e7\u00f5es em rela\u00e7\u00e3o ao aprovado na C\u00e2mara, que definia a exist\u00eancia do ensino regular e do ensino especial. No Senado, foram feitas altera\u00e7\u00f5es que davam a entender que todos os estudantes deveriam frequentar escolas regulares. A atual reda\u00e7\u00e3o retoma o texto aprovado anteriormente.","og_url":"https:\/\/inclusivenews.com.br\/?p=25829","article_publisher":"https:\/\/www.facebook.com\/agenciainclusive\/","article_published_time":"2013-11-28T09:00:33+00:00","og_image":[{"url":"http:\/\/inclusivenews.com.br\/wp-content\/uploads\/pne-300x192.jpg","type":"","width":"","height":""}],"author":"inclusivenews2024","twitter_card":"summary_large_image","twitter_misc":{"Escrito por":"inclusivenews2024","Tempo estimado de leitura":"3 minutos"},"schema":{"@context":"https:\/\/schema.org","@graph":[{"@type":"Article","@id":"https:\/\/inclusivenews.com.br\/?p=25829#article","isPartOf":{"@id":"https:\/\/inclusivenews.com.br\/?p=25829"},"author":{"name":"inclusivenews2024","@id":"https:\/\/inclusivenews.com.br\/#\/schema\/person\/ae4ec7087559b8692fb33b6fffd2273b"},"headline":"Comiss\u00e3o de Educa\u00e7\u00e3o do Senado aprova PNE e texto segue para o plen\u00e1rio","datePublished":"2013-11-28T09:00:33+00:00","mainEntityOfPage":{"@id":"https:\/\/inclusivenews.com.br\/?p=25829"},"wordCount":626,"commentCount":0,"publisher":{"@id":"https:\/\/inclusivenews.com.br\/#organization"},"image":{"@id":"https:\/\/inclusivenews.com.br\/?p=25829#primaryimage"},"thumbnailUrl":"http:\/\/inclusivenews.com.br\/wp-content\/uploads\/pne-300x192.jpg","articleSection":["EDUCA\u00c7\u00c3O"],"inLanguage":"pt-PT","potentialAction":[{"@type":"CommentAction","name":"Comment","target":["https:\/\/inclusivenews.com.br\/?p=25829#respond"]}]},{"@type":"WebPage","@id":"https:\/\/inclusivenews.com.br\/?p=25829","url":"https:\/\/inclusivenews.com.br\/?p=25829","name":"Comiss\u00e3o de Educa\u00e7\u00e3o do Senado aprova PNE e texto segue para o plen\u00e1rio -","isPartOf":{"@id":"https:\/\/inclusivenews.com.br\/#website"},"primaryImageOfPage":{"@id":"https:\/\/inclusivenews.com.br\/?p=25829#primaryimage"},"image":{"@id":"https:\/\/inclusivenews.com.br\/?p=25829#primaryimage"},"thumbnailUrl":"http:\/\/inclusivenews.com.br\/wp-content\/uploads\/pne-300x192.jpg","datePublished":"2013-11-28T09:00:33+00:00","breadcrumb":{"@id":"https:\/\/inclusivenews.com.br\/?p=25829#breadcrumb"},"inLanguage":"pt-PT","potentialAction":[{"@type":"ReadAction","target":["https:\/\/inclusivenews.com.br\/?p=25829"]}]},{"@type":"ImageObject","inLanguage":"pt-PT","@id":"https:\/\/inclusivenews.com.br\/?p=25829#primaryimage","url":"","contentUrl":""},{"@type":"BreadcrumbList","@id":"https:\/\/inclusivenews.com.br\/?p=25829#breadcrumb","itemListElement":[{"@type":"ListItem","position":1,"name":"In\u00edcio","item":"https:\/\/inclusivenews.com.br\/"},{"@type":"ListItem","position":2,"name":"Comiss\u00e3o de Educa\u00e7\u00e3o do Senado aprova PNE e texto segue para o plen\u00e1rio"}]},{"@type":"WebSite","@id":"https:\/\/inclusivenews.com.br\/#website","url":"https:\/\/inclusivenews.com.br\/","name":"Inclusive News","description":"Inclusive News","publisher":{"@id":"https:\/\/inclusivenews.com.br\/#organization"},"potentialAction":[{"@type":"SearchAction","target":{"@type":"EntryPoint","urlTemplate":"https:\/\/inclusivenews.com.br\/?s={search_term_string}"},"query-input":{"@type":"PropertyValueSpecification","valueRequired":true,"valueName":"search_term_string"}}],"inLanguage":"pt-PT"},{"@type":"Organization","@id":"https:\/\/inclusivenews.com.br\/#organization","name":"Inclusive - inclus\u00e3o e cidadania","url":"https:\/\/inclusivenews.com.br\/","logo":{"@type":"ImageObject","inLanguage":"pt-PT","@id":"https:\/\/inclusivenews.com.br\/#\/schema\/logo\/image\/","url":"https:\/\/inclusivenews.com.br\/wp-content\/uploads\/2024\/03\/@grandesite.png","contentUrl":"https:\/\/inclusivenews.com.br\/wp-content\/uploads\/2024\/03\/@grandesite.png","width":1080,"height":1080,"caption":"Inclusive - inclus\u00e3o e cidadania"},"image":{"@id":"https:\/\/inclusivenews.com.br\/#\/schema\/logo\/image\/"},"sameAs":["https:\/\/www.facebook.com\/agenciainclusive\/","https:\/\/www.instagram.com\/newsinclusive\/"]},{"@type":"Person","@id":"https:\/\/inclusivenews.com.br\/#\/schema\/person\/ae4ec7087559b8692fb33b6fffd2273b","name":"inclusivenews2024","image":{"@type":"ImageObject","inLanguage":"pt-PT","@id":"https:\/\/secure.gravatar.com\/avatar\/c5a7ef84c66fa914f55bc4f7ce26cfa275a3b9a1c5568b907bd184fb4dde7b40?s=96&d=mm&r=g","url":"https:\/\/secure.gravatar.com\/avatar\/c5a7ef84c66fa914f55bc4f7ce26cfa275a3b9a1c5568b907bd184fb4dde7b40?s=96&d=mm&r=g","contentUrl":"https:\/\/secure.gravatar.com\/avatar\/c5a7ef84c66fa914f55bc4f7ce26cfa275a3b9a1c5568b907bd184fb4dde7b40?s=96&d=mm&r=g","caption":"inclusivenews2024"},"sameAs":["https:\/\/inclusivenews.com.br"],"url":"https:\/\/inclusivenews.com.br\/?author=1"}]}},"_links":{"self":[{"href":"https:\/\/inclusivenews.com.br\/index.php?rest_route=\/wp\/v2\/posts\/25829","targetHints":{"allow":["GET"]}}],"collection":[{"href":"https:\/\/inclusivenews.com.br\/index.php?rest_route=\/wp\/v2\/posts"}],"about":[{"href":"https:\/\/inclusivenews.com.br\/index.php?rest_route=\/wp\/v2\/types\/post"}],"author":[{"embeddable":true,"href":"https:\/\/inclusivenews.com.br\/index.php?rest_route=\/wp\/v2\/users\/1"}],"replies":[{"embeddable":true,"href":"https:\/\/inclusivenews.com.br\/index.php?rest_route=%2Fwp%2Fv2%2Fcomments&post=25829"}],"version-history":[{"count":0,"href":"https:\/\/inclusivenews.com.br\/index.php?rest_route=\/wp\/v2\/posts\/25829\/revisions"}],"wp:attachment":[{"href":"https:\/\/inclusivenews.com.br\/index.php?rest_route=%2Fwp%2Fv2%2Fmedia&parent=25829"}],"wp:term":[{"taxonomy":"category","embeddable":true,"href":"https:\/\/inclusivenews.com.br\/index.php?rest_route=%2Fwp%2Fv2%2Fcategories&post=25829"},{"taxonomy":"post_tag","embeddable":true,"href":"https:\/\/inclusivenews.com.br\/index.php?rest_route=%2Fwp%2Fv2%2Ftags&post=25829"}],"curies":[{"name":"wp","href":"https:\/\/api.w.org\/{rel}","templated":true}]}}