{"id":25961,"date":"2013-12-11T06:17:41","date_gmt":"2013-12-11T09:17:41","guid":{"rendered":"http:\/\/www.inclusive.org.br\/?p=25961"},"modified":"2013-12-11T06:17:41","modified_gmt":"2013-12-11T09:17:41","slug":"assimetricos-no-ceara","status":"publish","type":"post","link":"https:\/\/inclusivenews.com.br\/?p=25961","title":{"rendered":"Assim\u00e9tricos no Cear\u00e1"},"content":{"rendered":"<p><img loading=\"lazy\" decoding=\"async\" class=\"alignnone  wp-image-25962\" title=\"Assim\u00e9tricos no Cear\u00e1, texto acess\u00edvel a seguir\" alt=\"Assim\u00e9tricos no Cear\u00e1, texto acess\u00edvel a seguir\" src=\"http:\/\/inclusivenews.com.br\/wp-content\/uploads\/1463145_510235202408354_775396353_n2.jpg\" width=\"461\" height=\"323\" \/><\/p>\n<p>O livro Assim\u00e9tricos, de Andrei Bastos, ser\u00e1 lan\u00e7ado na Assembleia Legislativa do Estado do Cear\u00e1, \u00e0s 14h30m de 12 de dezembro, no Complexo de Comiss\u00f5es T\u00e9cnicas, em Audi\u00eancia P\u00fablica que discutir\u00e1 Acessibilidade e Educa\u00e7\u00e3o Inclusiva.<\/p>\n<p>A realiza\u00e7\u00e3o \u00e9 da Comiss\u00e3o de Educa\u00e7\u00e3o e os requerentes s\u00e3o o deputado Professor Teodoro e a deputada Rachel Marques, aos quais o presidente da Assembleia Legislativa, deputado Jos\u00e9 de Albuquerque, se juntou no convite para o evento.<\/p>\n<p>Andrei Bastos teve sua vida e seus passos associados \u00e0 indigna\u00e7\u00e3o contra as injusti\u00e7as sociais. Esse ativismo o levou desde cedo a uma vida de lutas, iniciada no movimento estudantil do final dos anos 60, quando tamb\u00e9m conheceu a pris\u00e3o e as arbitrariedades da persegui\u00e7\u00e3o pol\u00edtica. Nos dias atuais, Andrei se dedica a incans\u00e1vel milit\u00e2ncia na defesa do movimento pelos direitos das pessoas com defici\u00eancia e \u00e0s minorias esquecidas pela sociedade.<\/p>\n<p>Para Izabel Maior, m\u00e9dica, professora e ativista, ex-Secret\u00e1ria Nacional de Promo\u00e7\u00e3o dos Direitos da Pessoa com Defici\u00eancia, \u201co livro Assim\u00e9tricos vai agradar e igualmente encetar uma boa pol\u00eamica\u201d.<\/p>\n<p>O cearense Andrei Bastos, 62 anos, \u00e9 jornalista. Trabalhou nos jornais Correio da Manh\u00e3 e O Globo, dirigiu sua pr\u00f3pria empresa de comunica\u00e7\u00e3o, atuou nas ONG\u2019s QualiVida, IBDD e Terra dos Homens, integrou a Comiss\u00e3o de Direitos Humanos da OAB\/RJ, de 2008 a 2012, e, atualmente, integra a ONG Sociedade pela Responsabilidade P\u00fablica (SRP) e o F\u00f3rum Nacional de Educa\u00e7\u00e3o Inclusiva.<\/p>\n<p>Saiba mais em <a href=\"http:\/\/www.assimetricos.com.br\" target=\"_blank\" rel=\"noopener\">www.assimetricos.com.br<\/a><\/p>\n","protected":false},"excerpt":{"rendered":"<p>O livro Assim\u00e9tricos, de Andrei Bastos, ser\u00e1 lan\u00e7ado na Assembleia Legislativa do Estado do Cear\u00e1, \u00e0s 14h30m de 12 de dezembro, no Complexo de Comiss\u00f5es T\u00e9cnicas, em Audi\u00eancia P\u00fablica que discutir\u00e1 Acessibilidade e Educa\u00e7\u00e3o Inclusiva.<\/p>\n","protected":false},"author":1,"featured_media":0,"comment_status":"open","ping_status":"open","sticky":false,"template":"","format":"standard","meta":{"site-container-style":"default","site-container-layout":"default","site-sidebar-layout":"default","disable-article-header":"default","disable-site-header":"default","disable-site-footer":"default","disable-content-area-spacing":"default","footnotes":""},"categories":[38,48,50,51,10],"tags":[],"class_list":["post-25961","post","type-post","status-publish","format-standard","hentry","category-deficiencia","category-inclusao","category-lancamentos","category-livros","category-publicacoes"],"yoast_head":"<!-- This site is optimized with the Yoast SEO plugin v27.4 - https:\/\/yoast.com\/product\/yoast-seo-wordpress\/ -->\n<title>Assim\u00e9tricos no Cear\u00e1 -<\/title>\n<meta name=\"robots\" content=\"index, follow, max-snippet:-1, max-image-preview:large, max-video-preview:-1\" \/>\n<link rel=\"canonical\" href=\"https:\/\/inclusivenews.com.br\/?p=25961\" \/>\n<meta property=\"og:locale\" content=\"pt_PT\" \/>\n<meta property=\"og:type\" content=\"article\" \/>\n<meta property=\"og:title\" content=\"Assim\u00e9tricos no Cear\u00e1 -\" \/>\n<meta property=\"og:description\" content=\"O livro Assim\u00e9tricos, de Andrei Bastos, ser\u00e1 lan\u00e7ado na Assembleia Legislativa do Estado do Cear\u00e1, \u00e0s 14h30m de 12 de dezembro, no Complexo de Comiss\u00f5es T\u00e9cnicas, em Audi\u00eancia P\u00fablica que discutir\u00e1 Acessibilidade e Educa\u00e7\u00e3o Inclusiva.\" \/>\n<meta property=\"og:url\" content=\"https:\/\/inclusivenews.com.br\/?p=25961\" \/>\n<meta property=\"article:publisher\" content=\"https:\/\/www.facebook.com\/agenciainclusive\/\" \/>\n<meta property=\"article:published_time\" content=\"2013-12-11T09:17:41+00:00\" \/>\n<meta property=\"og:image\" content=\"http:\/\/inclusivenews.com.br\/wp-content\/uploads\/1463145_510235202408354_775396353_n2.jpg\" \/>\n<meta name=\"author\" content=\"inclusivenews2024\" \/>\n<meta name=\"twitter:card\" content=\"summary_large_image\" \/>\n<meta name=\"twitter:label1\" content=\"Escrito por\" \/>\n\t<meta name=\"twitter:data1\" content=\"inclusivenews2024\" \/>\n\t<meta name=\"twitter:label2\" content=\"Tempo estimado de leitura\" \/>\n\t<meta name=\"twitter:data2\" content=\"1 minuto\" \/>\n<script type=\"application\/ld+json\" class=\"yoast-schema-graph\">{\"@context\":\"https:\\\/\\\/schema.org\",\"@graph\":[{\"@type\":\"Article\",\"@id\":\"https:\\\/\\\/inclusivenews.com.br\\\/?p=25961#article\",\"isPartOf\":{\"@id\":\"https:\\\/\\\/inclusivenews.com.br\\\/?p=25961\"},\"author\":{\"name\":\"inclusivenews2024\",\"@id\":\"https:\\\/\\\/inclusivenews.com.br\\\/#\\\/schema\\\/person\\\/ae4ec7087559b8692fb33b6fffd2273b\"},\"headline\":\"Assim\u00e9tricos no Cear\u00e1\",\"datePublished\":\"2013-12-11T09:17:41+00:00\",\"mainEntityOfPage\":{\"@id\":\"https:\\\/\\\/inclusivenews.com.br\\\/?p=25961\"},\"wordCount\":271,\"commentCount\":0,\"publisher\":{\"@id\":\"https:\\\/\\\/inclusivenews.com.br\\\/#organization\"},\"image\":{\"@id\":\"https:\\\/\\\/inclusivenews.com.br\\\/?p=25961#primaryimage\"},\"thumbnailUrl\":\"http:\\\/\\\/inclusivenews.com.br\\\/wp-content\\\/uploads\\\/1463145_510235202408354_775396353_n2.jpg\",\"articleSection\":[\"Defici\u00eancia\",\"INCLUS\u00c3O SOCIAL\",\"Lan\u00e7amentos\",\"Livros\",\"PUBLICA\u00c7\u00d5ES\"],\"inLanguage\":\"pt-PT\",\"potentialAction\":[{\"@type\":\"CommentAction\",\"name\":\"Comment\",\"target\":[\"https:\\\/\\\/inclusivenews.com.br\\\/?p=25961#respond\"]}]},{\"@type\":\"WebPage\",\"@id\":\"https:\\\/\\\/inclusivenews.com.br\\\/?p=25961\",\"url\":\"https:\\\/\\\/inclusivenews.com.br\\\/?p=25961\",\"name\":\"Assim\u00e9tricos no Cear\u00e1 -\",\"isPartOf\":{\"@id\":\"https:\\\/\\\/inclusivenews.com.br\\\/#website\"},\"primaryImageOfPage\":{\"@id\":\"https:\\\/\\\/inclusivenews.com.br\\\/?p=25961#primaryimage\"},\"image\":{\"@id\":\"https:\\\/\\\/inclusivenews.com.br\\\/?p=25961#primaryimage\"},\"thumbnailUrl\":\"http:\\\/\\\/inclusivenews.com.br\\\/wp-content\\\/uploads\\\/1463145_510235202408354_775396353_n2.jpg\",\"datePublished\":\"2013-12-11T09:17:41+00:00\",\"breadcrumb\":{\"@id\":\"https:\\\/\\\/inclusivenews.com.br\\\/?p=25961#breadcrumb\"},\"inLanguage\":\"pt-PT\",\"potentialAction\":[{\"@type\":\"ReadAction\",\"target\":[\"https:\\\/\\\/inclusivenews.com.br\\\/?p=25961\"]}]},{\"@type\":\"ImageObject\",\"inLanguage\":\"pt-PT\",\"@id\":\"https:\\\/\\\/inclusivenews.com.br\\\/?p=25961#primaryimage\",\"url\":\"\",\"contentUrl\":\"\"},{\"@type\":\"BreadcrumbList\",\"@id\":\"https:\\\/\\\/inclusivenews.com.br\\\/?p=25961#breadcrumb\",\"itemListElement\":[{\"@type\":\"ListItem\",\"position\":1,\"name\":\"In\u00edcio\",\"item\":\"https:\\\/\\\/inclusivenews.com.br\\\/\"},{\"@type\":\"ListItem\",\"position\":2,\"name\":\"Assim\u00e9tricos no Cear\u00e1\"}]},{\"@type\":\"WebSite\",\"@id\":\"https:\\\/\\\/inclusivenews.com.br\\\/#website\",\"url\":\"https:\\\/\\\/inclusivenews.com.br\\\/\",\"name\":\"Inclusive News\",\"description\":\"Inclusive News\",\"publisher\":{\"@id\":\"https:\\\/\\\/inclusivenews.com.br\\\/#organization\"},\"potentialAction\":[{\"@type\":\"SearchAction\",\"target\":{\"@type\":\"EntryPoint\",\"urlTemplate\":\"https:\\\/\\\/inclusivenews.com.br\\\/?s={search_term_string}\"},\"query-input\":{\"@type\":\"PropertyValueSpecification\",\"valueRequired\":true,\"valueName\":\"search_term_string\"}}],\"inLanguage\":\"pt-PT\"},{\"@type\":\"Organization\",\"@id\":\"https:\\\/\\\/inclusivenews.com.br\\\/#organization\",\"name\":\"Inclusive - inclus\u00e3o e cidadania\",\"url\":\"https:\\\/\\\/inclusivenews.com.br\\\/\",\"logo\":{\"@type\":\"ImageObject\",\"inLanguage\":\"pt-PT\",\"@id\":\"https:\\\/\\\/inclusivenews.com.br\\\/#\\\/schema\\\/logo\\\/image\\\/\",\"url\":\"https:\\\/\\\/inclusivenews.com.br\\\/wp-content\\\/uploads\\\/2024\\\/03\\\/@grandesite.png\",\"contentUrl\":\"https:\\\/\\\/inclusivenews.com.br\\\/wp-content\\\/uploads\\\/2024\\\/03\\\/@grandesite.png\",\"width\":1080,\"height\":1080,\"caption\":\"Inclusive - inclus\u00e3o e cidadania\"},\"image\":{\"@id\":\"https:\\\/\\\/inclusivenews.com.br\\\/#\\\/schema\\\/logo\\\/image\\\/\"},\"sameAs\":[\"https:\\\/\\\/www.facebook.com\\\/agenciainclusive\\\/\",\"https:\\\/\\\/www.instagram.com\\\/newsinclusive\\\/\"]},{\"@type\":\"Person\",\"@id\":\"https:\\\/\\\/inclusivenews.com.br\\\/#\\\/schema\\\/person\\\/ae4ec7087559b8692fb33b6fffd2273b\",\"name\":\"inclusivenews2024\",\"image\":{\"@type\":\"ImageObject\",\"inLanguage\":\"pt-PT\",\"@id\":\"https:\\\/\\\/secure.gravatar.com\\\/avatar\\\/c5a7ef84c66fa914f55bc4f7ce26cfa275a3b9a1c5568b907bd184fb4dde7b40?s=96&d=mm&r=g\",\"url\":\"https:\\\/\\\/secure.gravatar.com\\\/avatar\\\/c5a7ef84c66fa914f55bc4f7ce26cfa275a3b9a1c5568b907bd184fb4dde7b40?s=96&d=mm&r=g\",\"contentUrl\":\"https:\\\/\\\/secure.gravatar.com\\\/avatar\\\/c5a7ef84c66fa914f55bc4f7ce26cfa275a3b9a1c5568b907bd184fb4dde7b40?s=96&d=mm&r=g\",\"caption\":\"inclusivenews2024\"},\"sameAs\":[\"https:\\\/\\\/inclusivenews.com.br\"],\"url\":\"https:\\\/\\\/inclusivenews.com.br\\\/?author=1\"}]}<\/script>\n<!-- \/ Yoast SEO plugin. -->","yoast_head_json":{"title":"Assim\u00e9tricos no Cear\u00e1 -","robots":{"index":"index","follow":"follow","max-snippet":"max-snippet:-1","max-image-preview":"max-image-preview:large","max-video-preview":"max-video-preview:-1"},"canonical":"https:\/\/inclusivenews.com.br\/?p=25961","og_locale":"pt_PT","og_type":"article","og_title":"Assim\u00e9tricos no Cear\u00e1 -","og_description":"O livro Assim\u00e9tricos, de Andrei Bastos, ser\u00e1 lan\u00e7ado na Assembleia Legislativa do Estado do Cear\u00e1, \u00e0s 14h30m de 12 de dezembro, no Complexo de Comiss\u00f5es T\u00e9cnicas, em Audi\u00eancia P\u00fablica que discutir\u00e1 Acessibilidade e Educa\u00e7\u00e3o Inclusiva.","og_url":"https:\/\/inclusivenews.com.br\/?p=25961","article_publisher":"https:\/\/www.facebook.com\/agenciainclusive\/","article_published_time":"2013-12-11T09:17:41+00:00","og_image":[{"url":"http:\/\/inclusivenews.com.br\/wp-content\/uploads\/1463145_510235202408354_775396353_n2.jpg","type":"","width":"","height":""}],"author":"inclusivenews2024","twitter_card":"summary_large_image","twitter_misc":{"Escrito por":"inclusivenews2024","Tempo estimado de leitura":"1 minuto"},"schema":{"@context":"https:\/\/schema.org","@graph":[{"@type":"Article","@id":"https:\/\/inclusivenews.com.br\/?p=25961#article","isPartOf":{"@id":"https:\/\/inclusivenews.com.br\/?p=25961"},"author":{"name":"inclusivenews2024","@id":"https:\/\/inclusivenews.com.br\/#\/schema\/person\/ae4ec7087559b8692fb33b6fffd2273b"},"headline":"Assim\u00e9tricos no Cear\u00e1","datePublished":"2013-12-11T09:17:41+00:00","mainEntityOfPage":{"@id":"https:\/\/inclusivenews.com.br\/?p=25961"},"wordCount":271,"commentCount":0,"publisher":{"@id":"https:\/\/inclusivenews.com.br\/#organization"},"image":{"@id":"https:\/\/inclusivenews.com.br\/?p=25961#primaryimage"},"thumbnailUrl":"http:\/\/inclusivenews.com.br\/wp-content\/uploads\/1463145_510235202408354_775396353_n2.jpg","articleSection":["Defici\u00eancia","INCLUS\u00c3O SOCIAL","Lan\u00e7amentos","Livros","PUBLICA\u00c7\u00d5ES"],"inLanguage":"pt-PT","potentialAction":[{"@type":"CommentAction","name":"Comment","target":["https:\/\/inclusivenews.com.br\/?p=25961#respond"]}]},{"@type":"WebPage","@id":"https:\/\/inclusivenews.com.br\/?p=25961","url":"https:\/\/inclusivenews.com.br\/?p=25961","name":"Assim\u00e9tricos no Cear\u00e1 -","isPartOf":{"@id":"https:\/\/inclusivenews.com.br\/#website"},"primaryImageOfPage":{"@id":"https:\/\/inclusivenews.com.br\/?p=25961#primaryimage"},"image":{"@id":"https:\/\/inclusivenews.com.br\/?p=25961#primaryimage"},"thumbnailUrl":"http:\/\/inclusivenews.com.br\/wp-content\/uploads\/1463145_510235202408354_775396353_n2.jpg","datePublished":"2013-12-11T09:17:41+00:00","breadcrumb":{"@id":"https:\/\/inclusivenews.com.br\/?p=25961#breadcrumb"},"inLanguage":"pt-PT","potentialAction":[{"@type":"ReadAction","target":["https:\/\/inclusivenews.com.br\/?p=25961"]}]},{"@type":"ImageObject","inLanguage":"pt-PT","@id":"https:\/\/inclusivenews.com.br\/?p=25961#primaryimage","url":"","contentUrl":""},{"@type":"BreadcrumbList","@id":"https:\/\/inclusivenews.com.br\/?p=25961#breadcrumb","itemListElement":[{"@type":"ListItem","position":1,"name":"In\u00edcio","item":"https:\/\/inclusivenews.com.br\/"},{"@type":"ListItem","position":2,"name":"Assim\u00e9tricos no Cear\u00e1"}]},{"@type":"WebSite","@id":"https:\/\/inclusivenews.com.br\/#website","url":"https:\/\/inclusivenews.com.br\/","name":"Inclusive News","description":"Inclusive News","publisher":{"@id":"https:\/\/inclusivenews.com.br\/#organization"},"potentialAction":[{"@type":"SearchAction","target":{"@type":"EntryPoint","urlTemplate":"https:\/\/inclusivenews.com.br\/?s={search_term_string}"},"query-input":{"@type":"PropertyValueSpecification","valueRequired":true,"valueName":"search_term_string"}}],"inLanguage":"pt-PT"},{"@type":"Organization","@id":"https:\/\/inclusivenews.com.br\/#organization","name":"Inclusive - inclus\u00e3o e cidadania","url":"https:\/\/inclusivenews.com.br\/","logo":{"@type":"ImageObject","inLanguage":"pt-PT","@id":"https:\/\/inclusivenews.com.br\/#\/schema\/logo\/image\/","url":"https:\/\/inclusivenews.com.br\/wp-content\/uploads\/2024\/03\/@grandesite.png","contentUrl":"https:\/\/inclusivenews.com.br\/wp-content\/uploads\/2024\/03\/@grandesite.png","width":1080,"height":1080,"caption":"Inclusive - inclus\u00e3o e cidadania"},"image":{"@id":"https:\/\/inclusivenews.com.br\/#\/schema\/logo\/image\/"},"sameAs":["https:\/\/www.facebook.com\/agenciainclusive\/","https:\/\/www.instagram.com\/newsinclusive\/"]},{"@type":"Person","@id":"https:\/\/inclusivenews.com.br\/#\/schema\/person\/ae4ec7087559b8692fb33b6fffd2273b","name":"inclusivenews2024","image":{"@type":"ImageObject","inLanguage":"pt-PT","@id":"https:\/\/secure.gravatar.com\/avatar\/c5a7ef84c66fa914f55bc4f7ce26cfa275a3b9a1c5568b907bd184fb4dde7b40?s=96&d=mm&r=g","url":"https:\/\/secure.gravatar.com\/avatar\/c5a7ef84c66fa914f55bc4f7ce26cfa275a3b9a1c5568b907bd184fb4dde7b40?s=96&d=mm&r=g","contentUrl":"https:\/\/secure.gravatar.com\/avatar\/c5a7ef84c66fa914f55bc4f7ce26cfa275a3b9a1c5568b907bd184fb4dde7b40?s=96&d=mm&r=g","caption":"inclusivenews2024"},"sameAs":["https:\/\/inclusivenews.com.br"],"url":"https:\/\/inclusivenews.com.br\/?author=1"}]}},"_links":{"self":[{"href":"https:\/\/inclusivenews.com.br\/index.php?rest_route=\/wp\/v2\/posts\/25961","targetHints":{"allow":["GET"]}}],"collection":[{"href":"https:\/\/inclusivenews.com.br\/index.php?rest_route=\/wp\/v2\/posts"}],"about":[{"href":"https:\/\/inclusivenews.com.br\/index.php?rest_route=\/wp\/v2\/types\/post"}],"author":[{"embeddable":true,"href":"https:\/\/inclusivenews.com.br\/index.php?rest_route=\/wp\/v2\/users\/1"}],"replies":[{"embeddable":true,"href":"https:\/\/inclusivenews.com.br\/index.php?rest_route=%2Fwp%2Fv2%2Fcomments&post=25961"}],"version-history":[{"count":0,"href":"https:\/\/inclusivenews.com.br\/index.php?rest_route=\/wp\/v2\/posts\/25961\/revisions"}],"wp:attachment":[{"href":"https:\/\/inclusivenews.com.br\/index.php?rest_route=%2Fwp%2Fv2%2Fmedia&parent=25961"}],"wp:term":[{"taxonomy":"category","embeddable":true,"href":"https:\/\/inclusivenews.com.br\/index.php?rest_route=%2Fwp%2Fv2%2Fcategories&post=25961"},{"taxonomy":"post_tag","embeddable":true,"href":"https:\/\/inclusivenews.com.br\/index.php?rest_route=%2Fwp%2Fv2%2Ftags&post=25961"}],"curies":[{"name":"wp","href":"https:\/\/api.w.org\/{rel}","templated":true}]}}