{"id":25967,"date":"2013-12-16T12:31:33","date_gmt":"2013-12-16T15:31:33","guid":{"rendered":"http:\/\/www.inclusive.org.br\/?p=25967"},"modified":"2013-12-16T12:31:33","modified_gmt":"2013-12-16T15:31:33","slug":"apae-brasil-recebe-o-19o-premio-direitos-humanos-no-forum-mundial-de-direitos-humanos","status":"publish","type":"post","link":"https:\/\/inclusivenews.com.br\/?p=25967","title":{"rendered":"APAE BRASIL recebe o 19\u00ba Pr\u00eamio Direitos Humanos no F\u00f3rum Mundial de Direitos Humanos"},"content":{"rendered":"<p><img decoding=\"async\" alt=\"A presidente Dilma Roussef, a ministra Maria do Ros\u00e1rio e a presidente da FENAPAES, Aracy Ledo abra\u00e7adas\" src=\"http:\/\/www.apaebrasil.org.br\/foto.phtml\/416009\/g\" \/><\/p>\n<p>A Federa\u00e7\u00e3o Nacional das APAEs recebeu hoje, dia 12 de dezembro de 2013 no F\u00f3rum Mundial de Direitos Humanos o <strong>19\u00ba Pr\u00eamio Direitos Humanos<\/strong> na categoria <strong>Garantia dos Direitos das Pessoas com Defici\u00eancia.<\/strong><\/p>\n<p>A premia\u00e7\u00e3o foi entregue a Presidente da Federa\u00e7\u00e3o Nacional das APAEs \u2013 Aracy L\u00eado pelas m\u00e3os da Presidente da Rep\u00fablica Dilma Rousseff e a Ministra Maria do Ros\u00e1rio, da Secretaria de Direitos Humanos da Presid\u00eancia da Rep\u00fablica (SDH\/PR).<\/p>\n<p>O Pr\u00eamio consiste na mais alta condecora\u00e7\u00e3o do governo brasileiro a pessoas f\u00edsicas ou jur\u00eddicas que desenvolvam a\u00e7\u00f5es de destaque na \u00e1rea dos Direitos Humanos. Para a sele\u00e7\u00e3o dos agraciados foram considerados crit\u00e9rios como o hist\u00f3rico de atua\u00e7\u00e3o na \u00e1rea dos direitos humanos, o desenvolvimento de a\u00e7\u00f5es relevantes e a implementa\u00e7\u00e3o de praticas inovadoras em rela\u00e7\u00e3o ao tema.<\/p>\n<p>Esta premia\u00e7\u00e3o para o Movimento das APAEs veio demonstrar o reconhecimento do governo e da sociedade civil mundial, dos mais de 50 anos de historia e servi\u00e7os prestados \u00e0s pessoas com defici\u00eancia intelectual e m\u00faltipla em todo o Brasil, onde as 2.125 APAEs e 23 Federa\u00e7\u00f5es Estaduais realizam um atendimento filantr\u00f3pico nas \u00e1reas da educa\u00e7\u00e3o, sa\u00fade e assist\u00eancia social em favor das pessoas com defici\u00eancia.<\/p>\n<p>As v\u00e9speras de completar 60 anos em 2014 a FENAPAEs se sente honrada em receber uma premia\u00e7\u00e3o t\u00e3o importante para este Movimento. Principalmente neste momento politico onde todo o Movimento das APAEs no ano de 2013 lutou, foi para as ruas para garantirem os direitos das pessoas com defici\u00eancia.<\/p>\n<p>Comandados pela primeira mulher a presidir a FENAPAEs, Aracy L\u00eado deu continuidade ao grande trabalho realizado pelos ex-presidentes respeitando a Miss\u00e3o deste grande Movimento que \u00e9 o de promover e articular a\u00e7\u00f5es de defesa dos direitos das pessoas com defici\u00eancia e representar o Movimento perante os organismos nacionais e internacionais com o objetivo da melhoria da qualidade dos servi\u00e7os prestados, na perspectiva da inclus\u00e3o social de seus usu\u00e1rios.<\/p>\n<p>Esta premia\u00e7\u00e3o \u00e9 para todos do Movimento Apaeano, para APAEs, FEAPAEs, pessoas com defici\u00eancias, familiares, profissionais, volunt\u00e1rios e tantos outros que apoiam este Movimento.<\/p>\n<p>Parab\u00e9ns a todos por mais esta conquista,<\/p>\n<p><strong>Aracy L\u00eado<br \/>\nPresidente<br \/>\nFedera\u00e7\u00e3o Nacional das APAEs<\/strong><\/p>\n<p>Fonte: FENAPAES<\/p>\n","protected":false},"excerpt":{"rendered":"<p>A premia\u00e7\u00e3o foi entregue a Presidente da Federa\u00e7\u00e3o Nacional das APAEs \u2013 Aracy L\u00eado pelas m\u00e3os da Presidente da Rep\u00fablica Dilma Rousseff e a Ministra Maria do Ros\u00e1rio, da Secretaria de Direitos Humanos da Presid\u00eancia da Rep\u00fablica (SDH\/PR).<\/p>\n","protected":false},"author":1,"featured_media":0,"comment_status":"open","ping_status":"open","sticky":false,"template":"","format":"standard","meta":{"site-container-style":"default","site-container-layout":"default","site-sidebar-layout":"default","disable-article-header":"default","disable-site-header":"default","disable-site-footer":"default","disable-content-area-spacing":"default","footnotes":""},"categories":[38,4],"tags":[],"class_list":["post-25967","post","type-post","status-publish","format-standard","hentry","category-deficiencia","category-noticias"],"yoast_head":"<!-- This site is optimized with the Yoast SEO plugin v27.4 - https:\/\/yoast.com\/product\/yoast-seo-wordpress\/ -->\n<title>APAE BRASIL recebe o 19\u00ba Pr\u00eamio Direitos Humanos no F\u00f3rum Mundial de Direitos Humanos -<\/title>\n<meta name=\"robots\" content=\"index, follow, max-snippet:-1, max-image-preview:large, max-video-preview:-1\" \/>\n<link rel=\"canonical\" href=\"https:\/\/inclusivenews.com.br\/?p=25967\" \/>\n<meta property=\"og:locale\" content=\"pt_PT\" \/>\n<meta property=\"og:type\" content=\"article\" \/>\n<meta property=\"og:title\" content=\"APAE BRASIL recebe o 19\u00ba Pr\u00eamio Direitos Humanos no F\u00f3rum Mundial de Direitos Humanos -\" \/>\n<meta property=\"og:description\" content=\"A premia\u00e7\u00e3o foi entregue a Presidente da Federa\u00e7\u00e3o Nacional das APAEs \u2013 Aracy L\u00eado pelas m\u00e3os da Presidente da Rep\u00fablica Dilma Rousseff e a Ministra Maria do Ros\u00e1rio, da Secretaria de Direitos Humanos da Presid\u00eancia da Rep\u00fablica (SDH\/PR).\" \/>\n<meta property=\"og:url\" content=\"https:\/\/inclusivenews.com.br\/?p=25967\" \/>\n<meta property=\"article:publisher\" content=\"https:\/\/www.facebook.com\/agenciainclusive\/\" \/>\n<meta property=\"article:published_time\" content=\"2013-12-16T15:31:33+00:00\" \/>\n<meta property=\"og:image\" content=\"http:\/\/www.apaebrasil.org.br\/foto.phtml\/416009\/g\" \/>\n<meta name=\"author\" content=\"inclusivenews2024\" \/>\n<meta name=\"twitter:card\" content=\"summary_large_image\" \/>\n<meta name=\"twitter:label1\" content=\"Escrito por\" \/>\n\t<meta name=\"twitter:data1\" content=\"inclusivenews2024\" \/>\n\t<meta name=\"twitter:label2\" content=\"Tempo estimado de leitura\" \/>\n\t<meta name=\"twitter:data2\" content=\"2 minutos\" \/>\n<script type=\"application\/ld+json\" class=\"yoast-schema-graph\">{\"@context\":\"https:\\\/\\\/schema.org\",\"@graph\":[{\"@type\":\"Article\",\"@id\":\"https:\\\/\\\/inclusivenews.com.br\\\/?p=25967#article\",\"isPartOf\":{\"@id\":\"https:\\\/\\\/inclusivenews.com.br\\\/?p=25967\"},\"author\":{\"name\":\"inclusivenews2024\",\"@id\":\"https:\\\/\\\/inclusivenews.com.br\\\/#\\\/schema\\\/person\\\/ae4ec7087559b8692fb33b6fffd2273b\"},\"headline\":\"APAE BRASIL recebe o 19\u00ba Pr\u00eamio Direitos Humanos no F\u00f3rum Mundial de Direitos Humanos\",\"datePublished\":\"2013-12-16T15:31:33+00:00\",\"mainEntityOfPage\":{\"@id\":\"https:\\\/\\\/inclusivenews.com.br\\\/?p=25967\"},\"wordCount\":406,\"commentCount\":0,\"publisher\":{\"@id\":\"https:\\\/\\\/inclusivenews.com.br\\\/#organization\"},\"image\":{\"@id\":\"https:\\\/\\\/inclusivenews.com.br\\\/?p=25967#primaryimage\"},\"thumbnailUrl\":\"http:\\\/\\\/www.apaebrasil.org.br\\\/foto.phtml\\\/416009\\\/g\",\"articleSection\":[\"Defici\u00eancia\",\"NOT\u00cdCIAS\"],\"inLanguage\":\"pt-PT\",\"potentialAction\":[{\"@type\":\"CommentAction\",\"name\":\"Comment\",\"target\":[\"https:\\\/\\\/inclusivenews.com.br\\\/?p=25967#respond\"]}]},{\"@type\":\"WebPage\",\"@id\":\"https:\\\/\\\/inclusivenews.com.br\\\/?p=25967\",\"url\":\"https:\\\/\\\/inclusivenews.com.br\\\/?p=25967\",\"name\":\"APAE BRASIL recebe o 19\u00ba Pr\u00eamio Direitos Humanos no F\u00f3rum Mundial de Direitos Humanos -\",\"isPartOf\":{\"@id\":\"https:\\\/\\\/inclusivenews.com.br\\\/#website\"},\"primaryImageOfPage\":{\"@id\":\"https:\\\/\\\/inclusivenews.com.br\\\/?p=25967#primaryimage\"},\"image\":{\"@id\":\"https:\\\/\\\/inclusivenews.com.br\\\/?p=25967#primaryimage\"},\"thumbnailUrl\":\"http:\\\/\\\/www.apaebrasil.org.br\\\/foto.phtml\\\/416009\\\/g\",\"datePublished\":\"2013-12-16T15:31:33+00:00\",\"breadcrumb\":{\"@id\":\"https:\\\/\\\/inclusivenews.com.br\\\/?p=25967#breadcrumb\"},\"inLanguage\":\"pt-PT\",\"potentialAction\":[{\"@type\":\"ReadAction\",\"target\":[\"https:\\\/\\\/inclusivenews.com.br\\\/?p=25967\"]}]},{\"@type\":\"ImageObject\",\"inLanguage\":\"pt-PT\",\"@id\":\"https:\\\/\\\/inclusivenews.com.br\\\/?p=25967#primaryimage\",\"url\":\"http:\\\/\\\/www.apaebrasil.org.br\\\/foto.phtml\\\/416009\\\/g\",\"contentUrl\":\"http:\\\/\\\/www.apaebrasil.org.br\\\/foto.phtml\\\/416009\\\/g\"},{\"@type\":\"BreadcrumbList\",\"@id\":\"https:\\\/\\\/inclusivenews.com.br\\\/?p=25967#breadcrumb\",\"itemListElement\":[{\"@type\":\"ListItem\",\"position\":1,\"name\":\"In\u00edcio\",\"item\":\"https:\\\/\\\/inclusivenews.com.br\\\/\"},{\"@type\":\"ListItem\",\"position\":2,\"name\":\"APAE BRASIL recebe o 19\u00ba Pr\u00eamio Direitos Humanos no F\u00f3rum Mundial de Direitos Humanos\"}]},{\"@type\":\"WebSite\",\"@id\":\"https:\\\/\\\/inclusivenews.com.br\\\/#website\",\"url\":\"https:\\\/\\\/inclusivenews.com.br\\\/\",\"name\":\"Inclusive News\",\"description\":\"Inclusive News\",\"publisher\":{\"@id\":\"https:\\\/\\\/inclusivenews.com.br\\\/#organization\"},\"potentialAction\":[{\"@type\":\"SearchAction\",\"target\":{\"@type\":\"EntryPoint\",\"urlTemplate\":\"https:\\\/\\\/inclusivenews.com.br\\\/?s={search_term_string}\"},\"query-input\":{\"@type\":\"PropertyValueSpecification\",\"valueRequired\":true,\"valueName\":\"search_term_string\"}}],\"inLanguage\":\"pt-PT\"},{\"@type\":\"Organization\",\"@id\":\"https:\\\/\\\/inclusivenews.com.br\\\/#organization\",\"name\":\"Inclusive - inclus\u00e3o e cidadania\",\"url\":\"https:\\\/\\\/inclusivenews.com.br\\\/\",\"logo\":{\"@type\":\"ImageObject\",\"inLanguage\":\"pt-PT\",\"@id\":\"https:\\\/\\\/inclusivenews.com.br\\\/#\\\/schema\\\/logo\\\/image\\\/\",\"url\":\"https:\\\/\\\/inclusivenews.com.br\\\/wp-content\\\/uploads\\\/2024\\\/03\\\/@grandesite.png\",\"contentUrl\":\"https:\\\/\\\/inclusivenews.com.br\\\/wp-content\\\/uploads\\\/2024\\\/03\\\/@grandesite.png\",\"width\":1080,\"height\":1080,\"caption\":\"Inclusive - inclus\u00e3o e cidadania\"},\"image\":{\"@id\":\"https:\\\/\\\/inclusivenews.com.br\\\/#\\\/schema\\\/logo\\\/image\\\/\"},\"sameAs\":[\"https:\\\/\\\/www.facebook.com\\\/agenciainclusive\\\/\",\"https:\\\/\\\/www.instagram.com\\\/newsinclusive\\\/\"]},{\"@type\":\"Person\",\"@id\":\"https:\\\/\\\/inclusivenews.com.br\\\/#\\\/schema\\\/person\\\/ae4ec7087559b8692fb33b6fffd2273b\",\"name\":\"inclusivenews2024\",\"image\":{\"@type\":\"ImageObject\",\"inLanguage\":\"pt-PT\",\"@id\":\"https:\\\/\\\/secure.gravatar.com\\\/avatar\\\/c5a7ef84c66fa914f55bc4f7ce26cfa275a3b9a1c5568b907bd184fb4dde7b40?s=96&d=mm&r=g\",\"url\":\"https:\\\/\\\/secure.gravatar.com\\\/avatar\\\/c5a7ef84c66fa914f55bc4f7ce26cfa275a3b9a1c5568b907bd184fb4dde7b40?s=96&d=mm&r=g\",\"contentUrl\":\"https:\\\/\\\/secure.gravatar.com\\\/avatar\\\/c5a7ef84c66fa914f55bc4f7ce26cfa275a3b9a1c5568b907bd184fb4dde7b40?s=96&d=mm&r=g\",\"caption\":\"inclusivenews2024\"},\"sameAs\":[\"https:\\\/\\\/inclusivenews.com.br\"],\"url\":\"https:\\\/\\\/inclusivenews.com.br\\\/?author=1\"}]}<\/script>\n<!-- \/ Yoast SEO plugin. -->","yoast_head_json":{"title":"APAE BRASIL recebe o 19\u00ba Pr\u00eamio Direitos Humanos no F\u00f3rum Mundial de Direitos Humanos -","robots":{"index":"index","follow":"follow","max-snippet":"max-snippet:-1","max-image-preview":"max-image-preview:large","max-video-preview":"max-video-preview:-1"},"canonical":"https:\/\/inclusivenews.com.br\/?p=25967","og_locale":"pt_PT","og_type":"article","og_title":"APAE BRASIL recebe o 19\u00ba Pr\u00eamio Direitos Humanos no F\u00f3rum Mundial de Direitos Humanos -","og_description":"A premia\u00e7\u00e3o foi entregue a Presidente da Federa\u00e7\u00e3o Nacional das APAEs \u2013 Aracy L\u00eado pelas m\u00e3os da Presidente da Rep\u00fablica Dilma Rousseff e a Ministra Maria do Ros\u00e1rio, da Secretaria de Direitos Humanos da Presid\u00eancia da Rep\u00fablica (SDH\/PR).","og_url":"https:\/\/inclusivenews.com.br\/?p=25967","article_publisher":"https:\/\/www.facebook.com\/agenciainclusive\/","article_published_time":"2013-12-16T15:31:33+00:00","og_image":[{"url":"http:\/\/www.apaebrasil.org.br\/foto.phtml\/416009\/g","type":"","width":"","height":""}],"author":"inclusivenews2024","twitter_card":"summary_large_image","twitter_misc":{"Escrito por":"inclusivenews2024","Tempo estimado de leitura":"2 minutos"},"schema":{"@context":"https:\/\/schema.org","@graph":[{"@type":"Article","@id":"https:\/\/inclusivenews.com.br\/?p=25967#article","isPartOf":{"@id":"https:\/\/inclusivenews.com.br\/?p=25967"},"author":{"name":"inclusivenews2024","@id":"https:\/\/inclusivenews.com.br\/#\/schema\/person\/ae4ec7087559b8692fb33b6fffd2273b"},"headline":"APAE BRASIL recebe o 19\u00ba Pr\u00eamio Direitos Humanos no F\u00f3rum Mundial de Direitos Humanos","datePublished":"2013-12-16T15:31:33+00:00","mainEntityOfPage":{"@id":"https:\/\/inclusivenews.com.br\/?p=25967"},"wordCount":406,"commentCount":0,"publisher":{"@id":"https:\/\/inclusivenews.com.br\/#organization"},"image":{"@id":"https:\/\/inclusivenews.com.br\/?p=25967#primaryimage"},"thumbnailUrl":"http:\/\/www.apaebrasil.org.br\/foto.phtml\/416009\/g","articleSection":["Defici\u00eancia","NOT\u00cdCIAS"],"inLanguage":"pt-PT","potentialAction":[{"@type":"CommentAction","name":"Comment","target":["https:\/\/inclusivenews.com.br\/?p=25967#respond"]}]},{"@type":"WebPage","@id":"https:\/\/inclusivenews.com.br\/?p=25967","url":"https:\/\/inclusivenews.com.br\/?p=25967","name":"APAE BRASIL recebe o 19\u00ba Pr\u00eamio Direitos Humanos no F\u00f3rum Mundial de Direitos Humanos -","isPartOf":{"@id":"https:\/\/inclusivenews.com.br\/#website"},"primaryImageOfPage":{"@id":"https:\/\/inclusivenews.com.br\/?p=25967#primaryimage"},"image":{"@id":"https:\/\/inclusivenews.com.br\/?p=25967#primaryimage"},"thumbnailUrl":"http:\/\/www.apaebrasil.org.br\/foto.phtml\/416009\/g","datePublished":"2013-12-16T15:31:33+00:00","breadcrumb":{"@id":"https:\/\/inclusivenews.com.br\/?p=25967#breadcrumb"},"inLanguage":"pt-PT","potentialAction":[{"@type":"ReadAction","target":["https:\/\/inclusivenews.com.br\/?p=25967"]}]},{"@type":"ImageObject","inLanguage":"pt-PT","@id":"https:\/\/inclusivenews.com.br\/?p=25967#primaryimage","url":"http:\/\/www.apaebrasil.org.br\/foto.phtml\/416009\/g","contentUrl":"http:\/\/www.apaebrasil.org.br\/foto.phtml\/416009\/g"},{"@type":"BreadcrumbList","@id":"https:\/\/inclusivenews.com.br\/?p=25967#breadcrumb","itemListElement":[{"@type":"ListItem","position":1,"name":"In\u00edcio","item":"https:\/\/inclusivenews.com.br\/"},{"@type":"ListItem","position":2,"name":"APAE BRASIL recebe o 19\u00ba Pr\u00eamio Direitos Humanos no F\u00f3rum Mundial de Direitos Humanos"}]},{"@type":"WebSite","@id":"https:\/\/inclusivenews.com.br\/#website","url":"https:\/\/inclusivenews.com.br\/","name":"Inclusive News","description":"Inclusive News","publisher":{"@id":"https:\/\/inclusivenews.com.br\/#organization"},"potentialAction":[{"@type":"SearchAction","target":{"@type":"EntryPoint","urlTemplate":"https:\/\/inclusivenews.com.br\/?s={search_term_string}"},"query-input":{"@type":"PropertyValueSpecification","valueRequired":true,"valueName":"search_term_string"}}],"inLanguage":"pt-PT"},{"@type":"Organization","@id":"https:\/\/inclusivenews.com.br\/#organization","name":"Inclusive - inclus\u00e3o e cidadania","url":"https:\/\/inclusivenews.com.br\/","logo":{"@type":"ImageObject","inLanguage":"pt-PT","@id":"https:\/\/inclusivenews.com.br\/#\/schema\/logo\/image\/","url":"https:\/\/inclusivenews.com.br\/wp-content\/uploads\/2024\/03\/@grandesite.png","contentUrl":"https:\/\/inclusivenews.com.br\/wp-content\/uploads\/2024\/03\/@grandesite.png","width":1080,"height":1080,"caption":"Inclusive - inclus\u00e3o e cidadania"},"image":{"@id":"https:\/\/inclusivenews.com.br\/#\/schema\/logo\/image\/"},"sameAs":["https:\/\/www.facebook.com\/agenciainclusive\/","https:\/\/www.instagram.com\/newsinclusive\/"]},{"@type":"Person","@id":"https:\/\/inclusivenews.com.br\/#\/schema\/person\/ae4ec7087559b8692fb33b6fffd2273b","name":"inclusivenews2024","image":{"@type":"ImageObject","inLanguage":"pt-PT","@id":"https:\/\/secure.gravatar.com\/avatar\/c5a7ef84c66fa914f55bc4f7ce26cfa275a3b9a1c5568b907bd184fb4dde7b40?s=96&d=mm&r=g","url":"https:\/\/secure.gravatar.com\/avatar\/c5a7ef84c66fa914f55bc4f7ce26cfa275a3b9a1c5568b907bd184fb4dde7b40?s=96&d=mm&r=g","contentUrl":"https:\/\/secure.gravatar.com\/avatar\/c5a7ef84c66fa914f55bc4f7ce26cfa275a3b9a1c5568b907bd184fb4dde7b40?s=96&d=mm&r=g","caption":"inclusivenews2024"},"sameAs":["https:\/\/inclusivenews.com.br"],"url":"https:\/\/inclusivenews.com.br\/?author=1"}]}},"_links":{"self":[{"href":"https:\/\/inclusivenews.com.br\/index.php?rest_route=\/wp\/v2\/posts\/25967","targetHints":{"allow":["GET"]}}],"collection":[{"href":"https:\/\/inclusivenews.com.br\/index.php?rest_route=\/wp\/v2\/posts"}],"about":[{"href":"https:\/\/inclusivenews.com.br\/index.php?rest_route=\/wp\/v2\/types\/post"}],"author":[{"embeddable":true,"href":"https:\/\/inclusivenews.com.br\/index.php?rest_route=\/wp\/v2\/users\/1"}],"replies":[{"embeddable":true,"href":"https:\/\/inclusivenews.com.br\/index.php?rest_route=%2Fwp%2Fv2%2Fcomments&post=25967"}],"version-history":[{"count":0,"href":"https:\/\/inclusivenews.com.br\/index.php?rest_route=\/wp\/v2\/posts\/25967\/revisions"}],"wp:attachment":[{"href":"https:\/\/inclusivenews.com.br\/index.php?rest_route=%2Fwp%2Fv2%2Fmedia&parent=25967"}],"wp:term":[{"taxonomy":"category","embeddable":true,"href":"https:\/\/inclusivenews.com.br\/index.php?rest_route=%2Fwp%2Fv2%2Fcategories&post=25967"},{"taxonomy":"post_tag","embeddable":true,"href":"https:\/\/inclusivenews.com.br\/index.php?rest_route=%2Fwp%2Fv2%2Ftags&post=25967"}],"curies":[{"name":"wp","href":"https:\/\/api.w.org\/{rel}","templated":true}]}}