{"id":25969,"date":"2013-12-16T12:38:20","date_gmt":"2013-12-16T15:38:20","guid":{"rendered":"http:\/\/www.inclusive.org.br\/?p=25969"},"modified":"2013-12-16T12:38:20","modified_gmt":"2013-12-16T15:38:20","slug":"educacao-inclusiva-tem-que-abordar-questao-lgbt-no-curriculo-defendem-ativistas-em-evento-da-onu","status":"publish","type":"post","link":"https:\/\/inclusivenews.com.br\/?p=25969","title":{"rendered":"Educa\u00e7\u00e3o inclusiva tem que abordar quest\u00e3o LGBT no curr\u00edculo, defendem ativistas em evento da ONU"},"content":{"rendered":"<p>Linhas de atua\u00e7\u00e3o para combater a viol\u00eancia contra a popula\u00e7\u00e3o LGBT foi tema de debate na tarde desta quarta-feira (11) no F\u00f3rum Mundial de Direitos Humanos, em Bras\u00edlia. Dentre outras medidas, defendeu-se a inser\u00e7\u00e3o plena do tema nas escolas para desenvolver uma educa\u00e7\u00e3o inclusiva.<\/p>\n<p>A discuss\u00e3o promovida por cinco ag\u00eancias do Sistema ONU no Brasil reuniu o deputado federal Jean Wyllys (PSOL), coordenador da Frente Parlamentar Mista pela Cidadania LGBT e da tem\u00e1tica LGBT e outras express\u00f5es de g\u00eanero da Frente Parlamentar em Defesa dos Direitos Humanos; a presidente da Associa\u00e7\u00e3o de Travestis de Salvador, Keila Simpsom; o coordenador-geral de promo\u00e7\u00e3o dos direitos LGBT da Secretaria de Direitos Humanos da Presid\u00eancia da Rep\u00fablica, Gustavo Bernardes; e o professor Kleber Fabio, que sofreu viol\u00eancia homof\u00f3bica numa escola de Curitiba e hoje leciona temas de educa\u00e7\u00e3o e sexualidade nessa mesma institui\u00e7\u00e3o.<\/p>\n<p>\u201cEssa popula\u00e7\u00e3o precisa de medidas emergenciais\u201d, enfatizou Simpsom ao citar dados do Governo da Bahia, corroborados pelo Disque 100 do Governo Federal, de que uma pessoa \u00e9 morta a cada 26 horas.<\/p>\n<p>\u201cQuando se fala em travesti, transexual, o que vem \u00e0 luz \u00e9 a sexualidade. As pessoas esquecem que essa popula\u00e7\u00e3o tem amor, fam\u00edlia, emprego. Queremos discutir a situa\u00e7\u00e3o do ponto de vista social, n\u00e3o moral\u201d, declarou Simpsom. \u201cMatar travestis \u00e9 nocivo para toda a sociedade.\u201d<\/p>\n<p>Al\u00e9m da conscientiza\u00e7\u00e3o da popula\u00e7\u00e3o em geral, Simpsom defende o avan\u00e7o de instrumentos legais para que os crimes n\u00e3o fiquem impunes e uma educa\u00e7\u00e3o inclusiva para permitir que a \u201cesquina\u201d seja uma op\u00e7\u00e3o e n\u00e3o a \u00fanica via para as travestis.<\/p>\n<p>Aos 12 anos, Fabio contou para a m\u00e3e que era diferente. Aos 16 anos, na primeira rela\u00e7\u00e3o sexual, ele contraiu HIV. \u201cEm di\u00e1logos com a UNESCO, percebi que o desafio de se entender como gay na adolesc\u00eancia acresceu minha vulnerabilidade para o HIV.\u201d<\/p>\n<p>\u201cDos 12 aos 16, a escola foi um espa\u00e7o de muita viol\u00eancia pra mim porque eu era delicadinho, afeminado, n\u00e3o queria jogar bola na educa\u00e7\u00e3o f\u00edsica, me tornei alvo de chacota inicialmente e depois de agress\u00f5es f\u00edsicas constantes. Eu n\u00e3o podia usar o banheiro, tive de mudar o caminho para casa e tive de mudar de escola sete vezes\u201d, relatou.<\/p>\n<p>\u201cComo professor, tamb\u00e9m enfrentei chacotas, mas hoje dou aula para os filhos dos que me agrediram\u201d, acrescentou. \u201cTratamos de todas as quest\u00f5es de discrimina\u00e7\u00e3o, n\u00e3o apenas LGBT, mas contra jovens negros e outras v\u00edtimas de viol\u00eancia.\u201d<\/p>\n<p>Segundo Fabio, apesar de aprova\u00e7\u00f5es em diversas inst\u00e2ncias, os documentos n\u00e3o alcan\u00e7am a realidade das escolas porque os professores n\u00e3o est\u00e3o preparados para lidar com a tem\u00e1tica.<\/p>\n<div class=\"wp-caption alignnone\" style=\"width: 1559px;\">\n<p><img loading=\"lazy\" decoding=\"async\" class=\"alignnone\" alt=\"Ativistas reunidos\" src=\"https:\/\/fbcdn-sphotos-c-a.akamaihd.net\/hphotos-ak-prn2\/1404672_568899283194566_859787241_o.jpg\" width=\"557\" height=\"278\" \/><\/p>\n<\/div>\n<p>Destacando que a educa\u00e7\u00e3o \u00e9 um direito humano fundamental, a UNESCO criou uma estrat\u00e9gia de apoio pol\u00edtico-educacional. O guia <a href=\"http:\/\/www.unesco.org\/new\/pt\/brasilia\/about-this-office\/single-view\/news\/education_sector_responses_to_homophobic_bullying_in_portuguese_pdf_only\/#.UqiwWoZDuKk\" target=\"_blank\" rel=\"noopener\">\u201cRespostas do Setor de Educa\u00e7\u00e3o ao Bullying Homof\u00f3bico\u201d<\/a> \u00e9 uma ferramenta de orienta\u00e7\u00f5es pr\u00e1ticas para enfrentar a viol\u00eancia LGBT na escola e tornar a educa\u00e7\u00e3o mais segura para todos.<\/p>\n<p>\u201cTransformador n\u00e3o \u00e9 o Direito Penal, \u00e9 o direito educacional\u201d, afirmou o deputado, que defendeu o direito dos transexuais de mudar legalmente de nome. Ao falar de um amplo projeto em tramita\u00e7\u00e3o na C\u00e2mara dos Deputados, Wyllys afirmou ainda que \u00e9 preciso garantir atendimento especial para transexuais pelo SUS, incluindo cirurgias. \u201cN\u00e3o me venham falar que n\u00e3o pode porque transexualidade n\u00e3o \u00e9 doen\u00e7a, porque gravidez n\u00e3o \u00e9 doen\u00e7a e o SUS atende.\u201d<\/p>\n<p>O deputado pediu altera\u00e7\u00e3o do C\u00f3digo Penal para criminalizar crimes homolesbotransf\u00f3bicos e penas alternativas \u00e0 pris\u00e3o para ofensas e inj\u00farias. Segundo Wyllys, quem defende a pris\u00e3o nesses casos nunca esteve numa cadeia. Para ele, o trabalho comunit\u00e1rio \u00e9 mais eficiente e educativo.<\/p>\n<p>A \u201cRoda de Conversa: Zero Discrimina\u00e7\u00e3o \u2013 enfrentando a homolesbotransfobia\u201d foi promovida por meio de uma parceria entre o Programa das Na\u00e7\u00f5es Unidas para o Desenvolvimento (<a href=\"http:\/\/www.pnud.org.br\" target=\"_blank\" rel=\"noopener\">PNUD<\/a>); Organiza\u00e7\u00e3o Internacional do Trabalho (<a href=\"http:\/\/www.oit.org.br\" target=\"_blank\" rel=\"noopener\">OIT<\/a>); Programa Conjunto das Na\u00e7\u00f5es Unidas sobre o HIV\/Aids (<a href=\"http:\/\/www.unaids.org.br\" target=\"_blank\" rel=\"noopener\">UNAIDS<\/a>); Organiza\u00e7\u00e3o das Na\u00e7\u00f5es Unidas para a Ci\u00eancia, a Educa\u00e7\u00e3o e a Cultura (<a href=\"http:\/\/www.unesco.org.br\" target=\"_blank\" rel=\"noopener\">UNESCO<\/a>); Fundo das Na\u00e7\u00f5es Unidas para a Inf\u00e2ncia (<a href=\"http:\/\/www.unicef.org.br\" target=\"_blank\" rel=\"noopener\">UNICEF<\/a>); Conselho Nacional de Direitos Humanos e Secretaria de Direitos Humanos da Presid\u00eancia da Rep\u00fablica.<\/p>\n","protected":false},"excerpt":{"rendered":"<p>Destacando que a educa\u00e7\u00e3o \u00e9 um direito humano fundamental, a UNESCO criou uma estrat\u00e9gia de apoio pol\u00edtico-educacional. O guia \u201cRespostas do Setor de Educa\u00e7\u00e3o ao Bullying Homof\u00f3bico\u201d \u00e9 uma ferramenta de orienta\u00e7\u00f5es pr\u00e1ticas para enfrentar a viol\u00eancia LGBT na escola e tornar a educa\u00e7\u00e3o mais segura para todos.<\/p>\n","protected":false},"author":1,"featured_media":0,"comment_status":"open","ping_status":"open","sticky":false,"template":"","format":"standard","meta":{"site-container-style":"default","site-container-layout":"default","site-sidebar-layout":"default","disable-article-header":"default","disable-site-header":"default","disable-site-footer":"default","disable-content-area-spacing":"default","footnotes":""},"categories":[53,11,6,48,10],"tags":[95],"class_list":["post-25969","post","type-post","status-publish","format-standard","hentry","category-cartilhas-e-manuais","category-direitos-humanos","category-educacao","category-inclusao","category-publicacoes","tag-homofobia"],"yoast_head":"<!-- This site is optimized with the Yoast SEO plugin v27.4 - https:\/\/yoast.com\/product\/yoast-seo-wordpress\/ -->\n<title>Educa\u00e7\u00e3o inclusiva tem que abordar quest\u00e3o LGBT no curr\u00edculo, defendem ativistas em evento da ONU -<\/title>\n<meta name=\"robots\" content=\"index, follow, max-snippet:-1, max-image-preview:large, max-video-preview:-1\" \/>\n<link rel=\"canonical\" href=\"https:\/\/inclusivenews.com.br\/?p=25969\" \/>\n<meta property=\"og:locale\" content=\"pt_PT\" \/>\n<meta property=\"og:type\" content=\"article\" \/>\n<meta property=\"og:title\" content=\"Educa\u00e7\u00e3o inclusiva tem que abordar quest\u00e3o LGBT no curr\u00edculo, defendem ativistas em evento da ONU -\" \/>\n<meta property=\"og:description\" content=\"Destacando que a educa\u00e7\u00e3o \u00e9 um direito humano fundamental, a UNESCO criou uma estrat\u00e9gia de apoio pol\u00edtico-educacional. O guia \u201cRespostas do Setor de Educa\u00e7\u00e3o ao Bullying Homof\u00f3bico\u201d \u00e9 uma ferramenta de orienta\u00e7\u00f5es pr\u00e1ticas para enfrentar a viol\u00eancia LGBT na escola e tornar a educa\u00e7\u00e3o mais segura para todos.\" \/>\n<meta property=\"og:url\" content=\"https:\/\/inclusivenews.com.br\/?p=25969\" \/>\n<meta property=\"article:publisher\" content=\"https:\/\/www.facebook.com\/agenciainclusive\/\" \/>\n<meta property=\"article:published_time\" content=\"2013-12-16T15:38:20+00:00\" \/>\n<meta property=\"og:image\" content=\"https:\/\/fbcdn-sphotos-c-a.akamaihd.net\/hphotos-ak-prn2\/1404672_568899283194566_859787241_o.jpg\" \/>\n<meta name=\"author\" content=\"inclusivenews2024\" \/>\n<meta name=\"twitter:card\" content=\"summary_large_image\" \/>\n<meta name=\"twitter:label1\" content=\"Escrito por\" \/>\n\t<meta name=\"twitter:data1\" content=\"inclusivenews2024\" \/>\n\t<meta name=\"twitter:label2\" content=\"Tempo estimado de leitura\" \/>\n\t<meta name=\"twitter:data2\" content=\"4 minutos\" \/>\n<script type=\"application\/ld+json\" class=\"yoast-schema-graph\">{\"@context\":\"https:\\\/\\\/schema.org\",\"@graph\":[{\"@type\":\"Article\",\"@id\":\"https:\\\/\\\/inclusivenews.com.br\\\/?p=25969#article\",\"isPartOf\":{\"@id\":\"https:\\\/\\\/inclusivenews.com.br\\\/?p=25969\"},\"author\":{\"name\":\"inclusivenews2024\",\"@id\":\"https:\\\/\\\/inclusivenews.com.br\\\/#\\\/schema\\\/person\\\/ae4ec7087559b8692fb33b6fffd2273b\"},\"headline\":\"Educa\u00e7\u00e3o inclusiva tem que abordar quest\u00e3o LGBT no curr\u00edculo, defendem ativistas em evento da ONU\",\"datePublished\":\"2013-12-16T15:38:20+00:00\",\"mainEntityOfPage\":{\"@id\":\"https:\\\/\\\/inclusivenews.com.br\\\/?p=25969\"},\"wordCount\":754,\"commentCount\":0,\"publisher\":{\"@id\":\"https:\\\/\\\/inclusivenews.com.br\\\/#organization\"},\"image\":{\"@id\":\"https:\\\/\\\/inclusivenews.com.br\\\/?p=25969#primaryimage\"},\"thumbnailUrl\":\"https:\\\/\\\/fbcdn-sphotos-c-a.akamaihd.net\\\/hphotos-ak-prn2\\\/1404672_568899283194566_859787241_o.jpg\",\"keywords\":[\"homofobia\"],\"articleSection\":[\"Cartilhas e manuais\",\"DIREITOS HUMANOS\",\"EDUCA\u00c7\u00c3O\",\"INCLUS\u00c3O SOCIAL\",\"PUBLICA\u00c7\u00d5ES\"],\"inLanguage\":\"pt-PT\",\"potentialAction\":[{\"@type\":\"CommentAction\",\"name\":\"Comment\",\"target\":[\"https:\\\/\\\/inclusivenews.com.br\\\/?p=25969#respond\"]}]},{\"@type\":\"WebPage\",\"@id\":\"https:\\\/\\\/inclusivenews.com.br\\\/?p=25969\",\"url\":\"https:\\\/\\\/inclusivenews.com.br\\\/?p=25969\",\"name\":\"Educa\u00e7\u00e3o inclusiva tem que abordar quest\u00e3o LGBT no curr\u00edculo, defendem ativistas em evento da ONU -\",\"isPartOf\":{\"@id\":\"https:\\\/\\\/inclusivenews.com.br\\\/#website\"},\"primaryImageOfPage\":{\"@id\":\"https:\\\/\\\/inclusivenews.com.br\\\/?p=25969#primaryimage\"},\"image\":{\"@id\":\"https:\\\/\\\/inclusivenews.com.br\\\/?p=25969#primaryimage\"},\"thumbnailUrl\":\"https:\\\/\\\/fbcdn-sphotos-c-a.akamaihd.net\\\/hphotos-ak-prn2\\\/1404672_568899283194566_859787241_o.jpg\",\"datePublished\":\"2013-12-16T15:38:20+00:00\",\"breadcrumb\":{\"@id\":\"https:\\\/\\\/inclusivenews.com.br\\\/?p=25969#breadcrumb\"},\"inLanguage\":\"pt-PT\",\"potentialAction\":[{\"@type\":\"ReadAction\",\"target\":[\"https:\\\/\\\/inclusivenews.com.br\\\/?p=25969\"]}]},{\"@type\":\"ImageObject\",\"inLanguage\":\"pt-PT\",\"@id\":\"https:\\\/\\\/inclusivenews.com.br\\\/?p=25969#primaryimage\",\"url\":\"https:\\\/\\\/fbcdn-sphotos-c-a.akamaihd.net\\\/hphotos-ak-prn2\\\/1404672_568899283194566_859787241_o.jpg\",\"contentUrl\":\"https:\\\/\\\/fbcdn-sphotos-c-a.akamaihd.net\\\/hphotos-ak-prn2\\\/1404672_568899283194566_859787241_o.jpg\"},{\"@type\":\"BreadcrumbList\",\"@id\":\"https:\\\/\\\/inclusivenews.com.br\\\/?p=25969#breadcrumb\",\"itemListElement\":[{\"@type\":\"ListItem\",\"position\":1,\"name\":\"In\u00edcio\",\"item\":\"https:\\\/\\\/inclusivenews.com.br\\\/\"},{\"@type\":\"ListItem\",\"position\":2,\"name\":\"Educa\u00e7\u00e3o inclusiva tem que abordar quest\u00e3o LGBT no curr\u00edculo, defendem ativistas em evento da ONU\"}]},{\"@type\":\"WebSite\",\"@id\":\"https:\\\/\\\/inclusivenews.com.br\\\/#website\",\"url\":\"https:\\\/\\\/inclusivenews.com.br\\\/\",\"name\":\"Inclusive News\",\"description\":\"Inclusive News\",\"publisher\":{\"@id\":\"https:\\\/\\\/inclusivenews.com.br\\\/#organization\"},\"potentialAction\":[{\"@type\":\"SearchAction\",\"target\":{\"@type\":\"EntryPoint\",\"urlTemplate\":\"https:\\\/\\\/inclusivenews.com.br\\\/?s={search_term_string}\"},\"query-input\":{\"@type\":\"PropertyValueSpecification\",\"valueRequired\":true,\"valueName\":\"search_term_string\"}}],\"inLanguage\":\"pt-PT\"},{\"@type\":\"Organization\",\"@id\":\"https:\\\/\\\/inclusivenews.com.br\\\/#organization\",\"name\":\"Inclusive - inclus\u00e3o e cidadania\",\"url\":\"https:\\\/\\\/inclusivenews.com.br\\\/\",\"logo\":{\"@type\":\"ImageObject\",\"inLanguage\":\"pt-PT\",\"@id\":\"https:\\\/\\\/inclusivenews.com.br\\\/#\\\/schema\\\/logo\\\/image\\\/\",\"url\":\"https:\\\/\\\/inclusivenews.com.br\\\/wp-content\\\/uploads\\\/2024\\\/03\\\/@grandesite.png\",\"contentUrl\":\"https:\\\/\\\/inclusivenews.com.br\\\/wp-content\\\/uploads\\\/2024\\\/03\\\/@grandesite.png\",\"width\":1080,\"height\":1080,\"caption\":\"Inclusive - inclus\u00e3o e cidadania\"},\"image\":{\"@id\":\"https:\\\/\\\/inclusivenews.com.br\\\/#\\\/schema\\\/logo\\\/image\\\/\"},\"sameAs\":[\"https:\\\/\\\/www.facebook.com\\\/agenciainclusive\\\/\",\"https:\\\/\\\/www.instagram.com\\\/newsinclusive\\\/\"]},{\"@type\":\"Person\",\"@id\":\"https:\\\/\\\/inclusivenews.com.br\\\/#\\\/schema\\\/person\\\/ae4ec7087559b8692fb33b6fffd2273b\",\"name\":\"inclusivenews2024\",\"image\":{\"@type\":\"ImageObject\",\"inLanguage\":\"pt-PT\",\"@id\":\"https:\\\/\\\/secure.gravatar.com\\\/avatar\\\/c5a7ef84c66fa914f55bc4f7ce26cfa275a3b9a1c5568b907bd184fb4dde7b40?s=96&d=mm&r=g\",\"url\":\"https:\\\/\\\/secure.gravatar.com\\\/avatar\\\/c5a7ef84c66fa914f55bc4f7ce26cfa275a3b9a1c5568b907bd184fb4dde7b40?s=96&d=mm&r=g\",\"contentUrl\":\"https:\\\/\\\/secure.gravatar.com\\\/avatar\\\/c5a7ef84c66fa914f55bc4f7ce26cfa275a3b9a1c5568b907bd184fb4dde7b40?s=96&d=mm&r=g\",\"caption\":\"inclusivenews2024\"},\"sameAs\":[\"https:\\\/\\\/inclusivenews.com.br\"],\"url\":\"https:\\\/\\\/inclusivenews.com.br\\\/?author=1\"}]}<\/script>\n<!-- \/ Yoast SEO plugin. -->","yoast_head_json":{"title":"Educa\u00e7\u00e3o inclusiva tem que abordar quest\u00e3o LGBT no curr\u00edculo, defendem ativistas em evento da ONU -","robots":{"index":"index","follow":"follow","max-snippet":"max-snippet:-1","max-image-preview":"max-image-preview:large","max-video-preview":"max-video-preview:-1"},"canonical":"https:\/\/inclusivenews.com.br\/?p=25969","og_locale":"pt_PT","og_type":"article","og_title":"Educa\u00e7\u00e3o inclusiva tem que abordar quest\u00e3o LGBT no curr\u00edculo, defendem ativistas em evento da ONU -","og_description":"Destacando que a educa\u00e7\u00e3o \u00e9 um direito humano fundamental, a UNESCO criou uma estrat\u00e9gia de apoio pol\u00edtico-educacional. O guia \u201cRespostas do Setor de Educa\u00e7\u00e3o ao Bullying Homof\u00f3bico\u201d \u00e9 uma ferramenta de orienta\u00e7\u00f5es pr\u00e1ticas para enfrentar a viol\u00eancia LGBT na escola e tornar a educa\u00e7\u00e3o mais segura para todos.","og_url":"https:\/\/inclusivenews.com.br\/?p=25969","article_publisher":"https:\/\/www.facebook.com\/agenciainclusive\/","article_published_time":"2013-12-16T15:38:20+00:00","og_image":[{"url":"https:\/\/fbcdn-sphotos-c-a.akamaihd.net\/hphotos-ak-prn2\/1404672_568899283194566_859787241_o.jpg","type":"","width":"","height":""}],"author":"inclusivenews2024","twitter_card":"summary_large_image","twitter_misc":{"Escrito por":"inclusivenews2024","Tempo estimado de leitura":"4 minutos"},"schema":{"@context":"https:\/\/schema.org","@graph":[{"@type":"Article","@id":"https:\/\/inclusivenews.com.br\/?p=25969#article","isPartOf":{"@id":"https:\/\/inclusivenews.com.br\/?p=25969"},"author":{"name":"inclusivenews2024","@id":"https:\/\/inclusivenews.com.br\/#\/schema\/person\/ae4ec7087559b8692fb33b6fffd2273b"},"headline":"Educa\u00e7\u00e3o inclusiva tem que abordar quest\u00e3o LGBT no curr\u00edculo, defendem ativistas em evento da ONU","datePublished":"2013-12-16T15:38:20+00:00","mainEntityOfPage":{"@id":"https:\/\/inclusivenews.com.br\/?p=25969"},"wordCount":754,"commentCount":0,"publisher":{"@id":"https:\/\/inclusivenews.com.br\/#organization"},"image":{"@id":"https:\/\/inclusivenews.com.br\/?p=25969#primaryimage"},"thumbnailUrl":"https:\/\/fbcdn-sphotos-c-a.akamaihd.net\/hphotos-ak-prn2\/1404672_568899283194566_859787241_o.jpg","keywords":["homofobia"],"articleSection":["Cartilhas e manuais","DIREITOS HUMANOS","EDUCA\u00c7\u00c3O","INCLUS\u00c3O SOCIAL","PUBLICA\u00c7\u00d5ES"],"inLanguage":"pt-PT","potentialAction":[{"@type":"CommentAction","name":"Comment","target":["https:\/\/inclusivenews.com.br\/?p=25969#respond"]}]},{"@type":"WebPage","@id":"https:\/\/inclusivenews.com.br\/?p=25969","url":"https:\/\/inclusivenews.com.br\/?p=25969","name":"Educa\u00e7\u00e3o inclusiva tem que abordar quest\u00e3o LGBT no curr\u00edculo, defendem ativistas em evento da ONU -","isPartOf":{"@id":"https:\/\/inclusivenews.com.br\/#website"},"primaryImageOfPage":{"@id":"https:\/\/inclusivenews.com.br\/?p=25969#primaryimage"},"image":{"@id":"https:\/\/inclusivenews.com.br\/?p=25969#primaryimage"},"thumbnailUrl":"https:\/\/fbcdn-sphotos-c-a.akamaihd.net\/hphotos-ak-prn2\/1404672_568899283194566_859787241_o.jpg","datePublished":"2013-12-16T15:38:20+00:00","breadcrumb":{"@id":"https:\/\/inclusivenews.com.br\/?p=25969#breadcrumb"},"inLanguage":"pt-PT","potentialAction":[{"@type":"ReadAction","target":["https:\/\/inclusivenews.com.br\/?p=25969"]}]},{"@type":"ImageObject","inLanguage":"pt-PT","@id":"https:\/\/inclusivenews.com.br\/?p=25969#primaryimage","url":"https:\/\/fbcdn-sphotos-c-a.akamaihd.net\/hphotos-ak-prn2\/1404672_568899283194566_859787241_o.jpg","contentUrl":"https:\/\/fbcdn-sphotos-c-a.akamaihd.net\/hphotos-ak-prn2\/1404672_568899283194566_859787241_o.jpg"},{"@type":"BreadcrumbList","@id":"https:\/\/inclusivenews.com.br\/?p=25969#breadcrumb","itemListElement":[{"@type":"ListItem","position":1,"name":"In\u00edcio","item":"https:\/\/inclusivenews.com.br\/"},{"@type":"ListItem","position":2,"name":"Educa\u00e7\u00e3o inclusiva tem que abordar quest\u00e3o LGBT no curr\u00edculo, defendem ativistas em evento da ONU"}]},{"@type":"WebSite","@id":"https:\/\/inclusivenews.com.br\/#website","url":"https:\/\/inclusivenews.com.br\/","name":"Inclusive News","description":"Inclusive News","publisher":{"@id":"https:\/\/inclusivenews.com.br\/#organization"},"potentialAction":[{"@type":"SearchAction","target":{"@type":"EntryPoint","urlTemplate":"https:\/\/inclusivenews.com.br\/?s={search_term_string}"},"query-input":{"@type":"PropertyValueSpecification","valueRequired":true,"valueName":"search_term_string"}}],"inLanguage":"pt-PT"},{"@type":"Organization","@id":"https:\/\/inclusivenews.com.br\/#organization","name":"Inclusive - inclus\u00e3o e cidadania","url":"https:\/\/inclusivenews.com.br\/","logo":{"@type":"ImageObject","inLanguage":"pt-PT","@id":"https:\/\/inclusivenews.com.br\/#\/schema\/logo\/image\/","url":"https:\/\/inclusivenews.com.br\/wp-content\/uploads\/2024\/03\/@grandesite.png","contentUrl":"https:\/\/inclusivenews.com.br\/wp-content\/uploads\/2024\/03\/@grandesite.png","width":1080,"height":1080,"caption":"Inclusive - inclus\u00e3o e cidadania"},"image":{"@id":"https:\/\/inclusivenews.com.br\/#\/schema\/logo\/image\/"},"sameAs":["https:\/\/www.facebook.com\/agenciainclusive\/","https:\/\/www.instagram.com\/newsinclusive\/"]},{"@type":"Person","@id":"https:\/\/inclusivenews.com.br\/#\/schema\/person\/ae4ec7087559b8692fb33b6fffd2273b","name":"inclusivenews2024","image":{"@type":"ImageObject","inLanguage":"pt-PT","@id":"https:\/\/secure.gravatar.com\/avatar\/c5a7ef84c66fa914f55bc4f7ce26cfa275a3b9a1c5568b907bd184fb4dde7b40?s=96&d=mm&r=g","url":"https:\/\/secure.gravatar.com\/avatar\/c5a7ef84c66fa914f55bc4f7ce26cfa275a3b9a1c5568b907bd184fb4dde7b40?s=96&d=mm&r=g","contentUrl":"https:\/\/secure.gravatar.com\/avatar\/c5a7ef84c66fa914f55bc4f7ce26cfa275a3b9a1c5568b907bd184fb4dde7b40?s=96&d=mm&r=g","caption":"inclusivenews2024"},"sameAs":["https:\/\/inclusivenews.com.br"],"url":"https:\/\/inclusivenews.com.br\/?author=1"}]}},"_links":{"self":[{"href":"https:\/\/inclusivenews.com.br\/index.php?rest_route=\/wp\/v2\/posts\/25969","targetHints":{"allow":["GET"]}}],"collection":[{"href":"https:\/\/inclusivenews.com.br\/index.php?rest_route=\/wp\/v2\/posts"}],"about":[{"href":"https:\/\/inclusivenews.com.br\/index.php?rest_route=\/wp\/v2\/types\/post"}],"author":[{"embeddable":true,"href":"https:\/\/inclusivenews.com.br\/index.php?rest_route=\/wp\/v2\/users\/1"}],"replies":[{"embeddable":true,"href":"https:\/\/inclusivenews.com.br\/index.php?rest_route=%2Fwp%2Fv2%2Fcomments&post=25969"}],"version-history":[{"count":0,"href":"https:\/\/inclusivenews.com.br\/index.php?rest_route=\/wp\/v2\/posts\/25969\/revisions"}],"wp:attachment":[{"href":"https:\/\/inclusivenews.com.br\/index.php?rest_route=%2Fwp%2Fv2%2Fmedia&parent=25969"}],"wp:term":[{"taxonomy":"category","embeddable":true,"href":"https:\/\/inclusivenews.com.br\/index.php?rest_route=%2Fwp%2Fv2%2Fcategories&post=25969"},{"taxonomy":"post_tag","embeddable":true,"href":"https:\/\/inclusivenews.com.br\/index.php?rest_route=%2Fwp%2Fv2%2Ftags&post=25969"}],"curies":[{"name":"wp","href":"https:\/\/api.w.org\/{rel}","templated":true}]}}