{"id":25981,"date":"2013-12-24T12:05:09","date_gmt":"2013-12-24T15:05:09","guid":{"rendered":"http:\/\/www.inclusive.org.br\/?p=25981"},"modified":"2013-12-24T12:05:09","modified_gmt":"2013-12-24T15:05:09","slug":"juntos-e-misturados-na-sala-de-aula","status":"publish","type":"post","link":"https:\/\/inclusivenews.com.br\/?p=25981","title":{"rendered":"Juntos e misturados na sala de aula"},"content":{"rendered":"<figure id=\"attachment_23372\" aria-describedby=\"caption-attachment-23372\" style=\"width: 293px\" class=\"wp-caption alignnone\"><img loading=\"lazy\" decoding=\"async\" class=\" wp-image-23372 \" alt=\"Sob fundo branco, aparecem quatro c\u00edrculos, dois em cima, dois embaixo, cada um com uma palavra escrita sobre ele. No primeiro, entitulado Inclus\u00e3o, predominam bolinhas verdes, que convivem com amarelas, azuis e vermelhas dentro do mesmo c\u00edrculo. No c\u00edrculo entitulado Exclus\u00e3o, as bolinhas verdes est\u00e3o dentro do c\u00edrculo e as bolinhas amarelas, azuis e vermelhas encontram-se \u00e0 volta dele, do lado de fora. Na imagem Separa\u00e7\u00e3o, no c\u00edrculo grande est\u00e3o as bolinhas verdes e em outro c\u00edrculo menor, ao lado, aparecem as bolinhas vermelhas, azuis e amarelas. O c\u00edrculo Integra\u00e7\u00e3o traz bolinhas verdes e um segundo c\u00edrculo menor dentro dele, onde se encontram as bolinhas vermelhas, azuis e verdes.\" src=\"http:\/\/inclusivenews.com.br\/wp-content\/uploads\/inclusao-exclusao.jpg\" width=\"293\" height=\"295\" \/><figcaption id=\"caption-attachment-23372\" class=\"wp-caption-text\">Sob fundo branco, aparecem quatro c\u00edrculos, dois em cima, dois embaixo, cada um com uma palavra escrita sobre ele. No primeiro, entitulado Inclus\u00e3o, predominam bolinhas verdes, que convivem com amarelas, azuis e vermelhas dentro do mesmo c\u00edrculo. No c\u00edrculo entitulado Exclus\u00e3o, as bolinhas verdes est\u00e3o dentro do c\u00edrculo e as bolinhas amarelas, azuis e vermelhas encontram-se \u00e0 volta dele, do lado de fora. Na imagem Separa\u00e7\u00e3o, no c\u00edrculo grande est\u00e3o as bolinhas verdes e em outro c\u00edrculo menor, ao lado, aparecem as bolinhas vermelhas, azuis e amarelas. O c\u00edrculo Integra\u00e7\u00e3o traz bolinhas verdes e um segundo c\u00edrculo menor dentro dele, onde se encontram as bolinhas vermelhas, azuis e verdes.<\/figcaption><\/figure>\n<p><em>Por Andrei Bastos <\/em><\/p>\n<p>Eu costumo resumir a hist\u00f3ria da humanidade com defici\u00eancia em quatro etapas bem distintas. A primeira, no come\u00e7o dos tempos, quando \u00e9ramos ca\u00e7adores n\u00f4mades, reservava para os seres humanos com defici\u00eancia nada mais do que o abandono no caminho, para morrer, j\u00e1 que n\u00e3o lhes era poss\u00edvel acompanhar suas tribos pelas florestas, campos e montanhas.<\/p>\n<p>A segunda, quando os seres humanos desenvolveram a agricultura, e ficaram mais humanos, abrigaram os velhos, os doentes e os deficientes nas cabanas e nos povoados que se formaram e se transformaram nas cidades que, por sua vez, protegeram a todos da natureza selvagem e da selvageria de outros seres humanos.<\/p>\n<p>A terceira, que se anunciou como a grande mola do progresso no planeta, exercendo o seu dom\u00ednio sobre a natureza, transformando-a em ferramentas e instrumentos diversos para a vida confort\u00e1vel dos cidad\u00e3os, roubou a cidadania de quem n\u00e3o tinha condi\u00e7\u00f5es de apertar os parafusos dos tempos modernos \u2014 as pessoas com defici\u00eancia.<\/p>\n<p>A quarta, saudada como a mais bem-vinda por todas as pessoas, com ou sem defici\u00eancia, veio concretizar os sonhos revelados nas hist\u00f3rias de fic\u00e7\u00e3o cient\u00edfica, oferecendo a possibilidade de supera\u00e7\u00e3o de quase todas as limita\u00e7\u00f5es por meio das suas sofisticadas ferramentas cient\u00edficas e tecnol\u00f3gicas, inclusive proporcionando qualidade de vida superior para os velhos, os doentes e as pessoas com defici\u00eancia.<\/p>\n<p>Vivendo esta \u00faltima etapa, parecia que t\u00ednhamos chegado ao para\u00edso em nosso pr\u00f3prio mundo, com a quase impossibilidade de acompanharmos as sucessivas descobertas e conquistas da ci\u00eancia e da tecnologia. O pensamento humano n\u00e3o ficou para tr\u00e1s e avan\u00e7ou \u00e0 frente da fic\u00e7\u00e3o cient\u00edfica, emancipando negros, mulheres e minorias exclu\u00eddas.<\/p>\n<p>O movimento de emancipa\u00e7\u00e3o das pessoas com defici\u00eancia chegou mesmo a ser reconhecido como equivalente ao dos negros e ao das mulheres, sendo definido como \u201ca \u00faltima grande luta\u201d pelo jornalista americano Don Aucoin, em artigo publicado no jornal \u201cThe Boston Globe&#8221;, em 27 de fevereiro de 2008.<\/p>\n<p>N\u00e3o h\u00e1 bem que sempre dure, infelizmente, e o Brasil, que se orgulhava da sua legisla\u00e7\u00e3o defensora dos direitos das pessoas com defici\u00eancia \u2014 considerada uma das melhores das Am\u00e9ricas, com a Conven\u00e7\u00e3o sobre os Direitos das Pessoas com Defici\u00eancia da ONU promulgada com equival\u00eancia de emenda constitucional \u2014, assiste agora ao triste espet\u00e1culo de a\u00e7\u00f5es de retrocesso realizadas com desenvoltura na vota\u00e7\u00e3o do Plano Nacional de Educa\u00e7\u00e3o (PNE). Separar as crian\u00e7as com defici\u00eancias das demais \u00e9 um atraso.<\/p>\n<p>As a\u00e7\u00f5es de tais agentes do retrocesso mascaram-se de defensoras dos direitos humanos, e at\u00e9 ganham pr\u00eamios oficiais, mas na verdade est\u00e3o servindo \u00e0 fideliza\u00e7\u00e3o eleitoral de bols\u00f5es mantidos na ignor\u00e2ncia, com seus autores recusando a oportunidade de contribuir para ampliar exponencialmente a verdadeira inclus\u00e3o somando esfor\u00e7os e capacidades \u00e0s escolas de ensino regular.<\/p>\n<p>Mas como tamb\u00e9m \u201cn\u00e3o h\u00e1 mal que nunca se acabe\u201d, as pessoas com defici\u00eancia brasileiras saber\u00e3o lutar para dar dois passos \u00e0 frente para cada passo dado para tr\u00e1s. Educa\u00e7\u00e3o inclusiva j\u00e1!<br \/>\nFonte:\u00a0<a href=\"http:\/\/oglobo.globo.com\/opiniao\/juntos-misturados-na-sala-de-aula-11144951#ixzz2oP9lwoDO\">http:\/\/oglobo.globo.com\/opiniao\/juntos-misturados-na-sala-de-aula-11144951#ixzz2oP9lwoDO<\/a><\/p>\n","protected":false},"excerpt":{"rendered":"<p>O Brasil, que se orgulhava da sua legisla\u00e7\u00e3o defensora dos direitos das pessoas com defici\u00eancia, assiste agora ao triste espet\u00e1culo de a\u00e7\u00f5es de retrocesso realizadas com desenvoltura na vota\u00e7\u00e3o do Plano Nacional de Educa\u00e7\u00e3o (PNE). Separar as crian\u00e7as com defici\u00eancias das demais \u00e9 um atraso.<\/p>\n","protected":false},"author":1,"featured_media":0,"comment_status":"open","ping_status":"open","sticky":false,"template":"","format":"standard","meta":{"site-container-style":"default","site-container-layout":"default","site-sidebar-layout":"default","disable-article-header":"default","disable-site-header":"default","disable-site-footer":"default","disable-content-area-spacing":"default","footnotes":""},"categories":[38,6,48],"tags":[],"class_list":["post-25981","post","type-post","status-publish","format-standard","hentry","category-deficiencia","category-educacao","category-inclusao"],"yoast_head":"<!-- This site is optimized with the Yoast SEO plugin v27.4 - https:\/\/yoast.com\/product\/yoast-seo-wordpress\/ -->\n<title>Juntos e misturados na sala de aula -<\/title>\n<meta name=\"robots\" content=\"index, follow, max-snippet:-1, max-image-preview:large, max-video-preview:-1\" \/>\n<link rel=\"canonical\" href=\"https:\/\/inclusivenews.com.br\/?p=25981\" \/>\n<meta property=\"og:locale\" content=\"pt_PT\" \/>\n<meta property=\"og:type\" content=\"article\" \/>\n<meta property=\"og:title\" content=\"Juntos e misturados na sala de aula -\" \/>\n<meta property=\"og:description\" content=\"O Brasil, que se orgulhava da sua legisla\u00e7\u00e3o defensora dos direitos das pessoas com defici\u00eancia, assiste agora ao triste espet\u00e1culo de a\u00e7\u00f5es de retrocesso realizadas com desenvoltura na vota\u00e7\u00e3o do Plano Nacional de Educa\u00e7\u00e3o (PNE). Separar as crian\u00e7as com defici\u00eancias das demais \u00e9 um atraso.\" \/>\n<meta property=\"og:url\" content=\"https:\/\/inclusivenews.com.br\/?p=25981\" \/>\n<meta property=\"article:publisher\" content=\"https:\/\/www.facebook.com\/agenciainclusive\/\" \/>\n<meta property=\"article:published_time\" content=\"2013-12-24T15:05:09+00:00\" \/>\n<meta property=\"og:image\" content=\"http:\/\/inclusivenews.com.br\/wp-content\/uploads\/inclusao-exclusao.jpg\" \/>\n<meta name=\"author\" content=\"inclusivenews2024\" \/>\n<meta name=\"twitter:card\" content=\"summary_large_image\" \/>\n<meta name=\"twitter:label1\" content=\"Escrito por\" \/>\n\t<meta name=\"twitter:data1\" content=\"inclusivenews2024\" \/>\n\t<meta name=\"twitter:label2\" content=\"Tempo estimado de leitura\" \/>\n\t<meta name=\"twitter:data2\" content=\"3 minutos\" \/>\n<script type=\"application\/ld+json\" class=\"yoast-schema-graph\">{\"@context\":\"https:\\\/\\\/schema.org\",\"@graph\":[{\"@type\":\"Article\",\"@id\":\"https:\\\/\\\/inclusivenews.com.br\\\/?p=25981#article\",\"isPartOf\":{\"@id\":\"https:\\\/\\\/inclusivenews.com.br\\\/?p=25981\"},\"author\":{\"name\":\"inclusivenews2024\",\"@id\":\"https:\\\/\\\/inclusivenews.com.br\\\/#\\\/schema\\\/person\\\/ae4ec7087559b8692fb33b6fffd2273b\"},\"headline\":\"Juntos e misturados na sala de aula\",\"datePublished\":\"2013-12-24T15:05:09+00:00\",\"mainEntityOfPage\":{\"@id\":\"https:\\\/\\\/inclusivenews.com.br\\\/?p=25981\"},\"wordCount\":683,\"commentCount\":1,\"publisher\":{\"@id\":\"https:\\\/\\\/inclusivenews.com.br\\\/#organization\"},\"image\":{\"@id\":\"https:\\\/\\\/inclusivenews.com.br\\\/?p=25981#primaryimage\"},\"thumbnailUrl\":\"http:\\\/\\\/inclusivenews.com.br\\\/wp-content\\\/uploads\\\/inclusao-exclusao.jpg\",\"articleSection\":[\"Defici\u00eancia\",\"EDUCA\u00c7\u00c3O\",\"INCLUS\u00c3O SOCIAL\"],\"inLanguage\":\"pt-PT\",\"potentialAction\":[{\"@type\":\"CommentAction\",\"name\":\"Comment\",\"target\":[\"https:\\\/\\\/inclusivenews.com.br\\\/?p=25981#respond\"]}]},{\"@type\":\"WebPage\",\"@id\":\"https:\\\/\\\/inclusivenews.com.br\\\/?p=25981\",\"url\":\"https:\\\/\\\/inclusivenews.com.br\\\/?p=25981\",\"name\":\"Juntos e misturados na sala de aula -\",\"isPartOf\":{\"@id\":\"https:\\\/\\\/inclusivenews.com.br\\\/#website\"},\"primaryImageOfPage\":{\"@id\":\"https:\\\/\\\/inclusivenews.com.br\\\/?p=25981#primaryimage\"},\"image\":{\"@id\":\"https:\\\/\\\/inclusivenews.com.br\\\/?p=25981#primaryimage\"},\"thumbnailUrl\":\"http:\\\/\\\/inclusivenews.com.br\\\/wp-content\\\/uploads\\\/inclusao-exclusao.jpg\",\"datePublished\":\"2013-12-24T15:05:09+00:00\",\"breadcrumb\":{\"@id\":\"https:\\\/\\\/inclusivenews.com.br\\\/?p=25981#breadcrumb\"},\"inLanguage\":\"pt-PT\",\"potentialAction\":[{\"@type\":\"ReadAction\",\"target\":[\"https:\\\/\\\/inclusivenews.com.br\\\/?p=25981\"]}]},{\"@type\":\"ImageObject\",\"inLanguage\":\"pt-PT\",\"@id\":\"https:\\\/\\\/inclusivenews.com.br\\\/?p=25981#primaryimage\",\"url\":\"\",\"contentUrl\":\"\"},{\"@type\":\"BreadcrumbList\",\"@id\":\"https:\\\/\\\/inclusivenews.com.br\\\/?p=25981#breadcrumb\",\"itemListElement\":[{\"@type\":\"ListItem\",\"position\":1,\"name\":\"In\u00edcio\",\"item\":\"https:\\\/\\\/inclusivenews.com.br\\\/\"},{\"@type\":\"ListItem\",\"position\":2,\"name\":\"Juntos e misturados na sala de aula\"}]},{\"@type\":\"WebSite\",\"@id\":\"https:\\\/\\\/inclusivenews.com.br\\\/#website\",\"url\":\"https:\\\/\\\/inclusivenews.com.br\\\/\",\"name\":\"Inclusive News\",\"description\":\"Inclusive News\",\"publisher\":{\"@id\":\"https:\\\/\\\/inclusivenews.com.br\\\/#organization\"},\"potentialAction\":[{\"@type\":\"SearchAction\",\"target\":{\"@type\":\"EntryPoint\",\"urlTemplate\":\"https:\\\/\\\/inclusivenews.com.br\\\/?s={search_term_string}\"},\"query-input\":{\"@type\":\"PropertyValueSpecification\",\"valueRequired\":true,\"valueName\":\"search_term_string\"}}],\"inLanguage\":\"pt-PT\"},{\"@type\":\"Organization\",\"@id\":\"https:\\\/\\\/inclusivenews.com.br\\\/#organization\",\"name\":\"Inclusive - inclus\u00e3o e cidadania\",\"url\":\"https:\\\/\\\/inclusivenews.com.br\\\/\",\"logo\":{\"@type\":\"ImageObject\",\"inLanguage\":\"pt-PT\",\"@id\":\"https:\\\/\\\/inclusivenews.com.br\\\/#\\\/schema\\\/logo\\\/image\\\/\",\"url\":\"https:\\\/\\\/inclusivenews.com.br\\\/wp-content\\\/uploads\\\/2024\\\/03\\\/@grandesite.png\",\"contentUrl\":\"https:\\\/\\\/inclusivenews.com.br\\\/wp-content\\\/uploads\\\/2024\\\/03\\\/@grandesite.png\",\"width\":1080,\"height\":1080,\"caption\":\"Inclusive - inclus\u00e3o e cidadania\"},\"image\":{\"@id\":\"https:\\\/\\\/inclusivenews.com.br\\\/#\\\/schema\\\/logo\\\/image\\\/\"},\"sameAs\":[\"https:\\\/\\\/www.facebook.com\\\/agenciainclusive\\\/\",\"https:\\\/\\\/www.instagram.com\\\/newsinclusive\\\/\"]},{\"@type\":\"Person\",\"@id\":\"https:\\\/\\\/inclusivenews.com.br\\\/#\\\/schema\\\/person\\\/ae4ec7087559b8692fb33b6fffd2273b\",\"name\":\"inclusivenews2024\",\"image\":{\"@type\":\"ImageObject\",\"inLanguage\":\"pt-PT\",\"@id\":\"https:\\\/\\\/secure.gravatar.com\\\/avatar\\\/c5a7ef84c66fa914f55bc4f7ce26cfa275a3b9a1c5568b907bd184fb4dde7b40?s=96&d=mm&r=g\",\"url\":\"https:\\\/\\\/secure.gravatar.com\\\/avatar\\\/c5a7ef84c66fa914f55bc4f7ce26cfa275a3b9a1c5568b907bd184fb4dde7b40?s=96&d=mm&r=g\",\"contentUrl\":\"https:\\\/\\\/secure.gravatar.com\\\/avatar\\\/c5a7ef84c66fa914f55bc4f7ce26cfa275a3b9a1c5568b907bd184fb4dde7b40?s=96&d=mm&r=g\",\"caption\":\"inclusivenews2024\"},\"sameAs\":[\"https:\\\/\\\/inclusivenews.com.br\"],\"url\":\"https:\\\/\\\/inclusivenews.com.br\\\/?author=1\"}]}<\/script>\n<!-- \/ Yoast SEO plugin. -->","yoast_head_json":{"title":"Juntos e misturados na sala de aula -","robots":{"index":"index","follow":"follow","max-snippet":"max-snippet:-1","max-image-preview":"max-image-preview:large","max-video-preview":"max-video-preview:-1"},"canonical":"https:\/\/inclusivenews.com.br\/?p=25981","og_locale":"pt_PT","og_type":"article","og_title":"Juntos e misturados na sala de aula -","og_description":"O Brasil, que se orgulhava da sua legisla\u00e7\u00e3o defensora dos direitos das pessoas com defici\u00eancia, assiste agora ao triste espet\u00e1culo de a\u00e7\u00f5es de retrocesso realizadas com desenvoltura na vota\u00e7\u00e3o do Plano Nacional de Educa\u00e7\u00e3o (PNE). Separar as crian\u00e7as com defici\u00eancias das demais \u00e9 um atraso.","og_url":"https:\/\/inclusivenews.com.br\/?p=25981","article_publisher":"https:\/\/www.facebook.com\/agenciainclusive\/","article_published_time":"2013-12-24T15:05:09+00:00","og_image":[{"url":"http:\/\/inclusivenews.com.br\/wp-content\/uploads\/inclusao-exclusao.jpg","type":"","width":"","height":""}],"author":"inclusivenews2024","twitter_card":"summary_large_image","twitter_misc":{"Escrito por":"inclusivenews2024","Tempo estimado de leitura":"3 minutos"},"schema":{"@context":"https:\/\/schema.org","@graph":[{"@type":"Article","@id":"https:\/\/inclusivenews.com.br\/?p=25981#article","isPartOf":{"@id":"https:\/\/inclusivenews.com.br\/?p=25981"},"author":{"name":"inclusivenews2024","@id":"https:\/\/inclusivenews.com.br\/#\/schema\/person\/ae4ec7087559b8692fb33b6fffd2273b"},"headline":"Juntos e misturados na sala de aula","datePublished":"2013-12-24T15:05:09+00:00","mainEntityOfPage":{"@id":"https:\/\/inclusivenews.com.br\/?p=25981"},"wordCount":683,"commentCount":1,"publisher":{"@id":"https:\/\/inclusivenews.com.br\/#organization"},"image":{"@id":"https:\/\/inclusivenews.com.br\/?p=25981#primaryimage"},"thumbnailUrl":"http:\/\/inclusivenews.com.br\/wp-content\/uploads\/inclusao-exclusao.jpg","articleSection":["Defici\u00eancia","EDUCA\u00c7\u00c3O","INCLUS\u00c3O SOCIAL"],"inLanguage":"pt-PT","potentialAction":[{"@type":"CommentAction","name":"Comment","target":["https:\/\/inclusivenews.com.br\/?p=25981#respond"]}]},{"@type":"WebPage","@id":"https:\/\/inclusivenews.com.br\/?p=25981","url":"https:\/\/inclusivenews.com.br\/?p=25981","name":"Juntos e misturados na sala de aula -","isPartOf":{"@id":"https:\/\/inclusivenews.com.br\/#website"},"primaryImageOfPage":{"@id":"https:\/\/inclusivenews.com.br\/?p=25981#primaryimage"},"image":{"@id":"https:\/\/inclusivenews.com.br\/?p=25981#primaryimage"},"thumbnailUrl":"http:\/\/inclusivenews.com.br\/wp-content\/uploads\/inclusao-exclusao.jpg","datePublished":"2013-12-24T15:05:09+00:00","breadcrumb":{"@id":"https:\/\/inclusivenews.com.br\/?p=25981#breadcrumb"},"inLanguage":"pt-PT","potentialAction":[{"@type":"ReadAction","target":["https:\/\/inclusivenews.com.br\/?p=25981"]}]},{"@type":"ImageObject","inLanguage":"pt-PT","@id":"https:\/\/inclusivenews.com.br\/?p=25981#primaryimage","url":"","contentUrl":""},{"@type":"BreadcrumbList","@id":"https:\/\/inclusivenews.com.br\/?p=25981#breadcrumb","itemListElement":[{"@type":"ListItem","position":1,"name":"In\u00edcio","item":"https:\/\/inclusivenews.com.br\/"},{"@type":"ListItem","position":2,"name":"Juntos e misturados na sala de aula"}]},{"@type":"WebSite","@id":"https:\/\/inclusivenews.com.br\/#website","url":"https:\/\/inclusivenews.com.br\/","name":"Inclusive News","description":"Inclusive News","publisher":{"@id":"https:\/\/inclusivenews.com.br\/#organization"},"potentialAction":[{"@type":"SearchAction","target":{"@type":"EntryPoint","urlTemplate":"https:\/\/inclusivenews.com.br\/?s={search_term_string}"},"query-input":{"@type":"PropertyValueSpecification","valueRequired":true,"valueName":"search_term_string"}}],"inLanguage":"pt-PT"},{"@type":"Organization","@id":"https:\/\/inclusivenews.com.br\/#organization","name":"Inclusive - inclus\u00e3o e cidadania","url":"https:\/\/inclusivenews.com.br\/","logo":{"@type":"ImageObject","inLanguage":"pt-PT","@id":"https:\/\/inclusivenews.com.br\/#\/schema\/logo\/image\/","url":"https:\/\/inclusivenews.com.br\/wp-content\/uploads\/2024\/03\/@grandesite.png","contentUrl":"https:\/\/inclusivenews.com.br\/wp-content\/uploads\/2024\/03\/@grandesite.png","width":1080,"height":1080,"caption":"Inclusive - inclus\u00e3o e cidadania"},"image":{"@id":"https:\/\/inclusivenews.com.br\/#\/schema\/logo\/image\/"},"sameAs":["https:\/\/www.facebook.com\/agenciainclusive\/","https:\/\/www.instagram.com\/newsinclusive\/"]},{"@type":"Person","@id":"https:\/\/inclusivenews.com.br\/#\/schema\/person\/ae4ec7087559b8692fb33b6fffd2273b","name":"inclusivenews2024","image":{"@type":"ImageObject","inLanguage":"pt-PT","@id":"https:\/\/secure.gravatar.com\/avatar\/c5a7ef84c66fa914f55bc4f7ce26cfa275a3b9a1c5568b907bd184fb4dde7b40?s=96&d=mm&r=g","url":"https:\/\/secure.gravatar.com\/avatar\/c5a7ef84c66fa914f55bc4f7ce26cfa275a3b9a1c5568b907bd184fb4dde7b40?s=96&d=mm&r=g","contentUrl":"https:\/\/secure.gravatar.com\/avatar\/c5a7ef84c66fa914f55bc4f7ce26cfa275a3b9a1c5568b907bd184fb4dde7b40?s=96&d=mm&r=g","caption":"inclusivenews2024"},"sameAs":["https:\/\/inclusivenews.com.br"],"url":"https:\/\/inclusivenews.com.br\/?author=1"}]}},"_links":{"self":[{"href":"https:\/\/inclusivenews.com.br\/index.php?rest_route=\/wp\/v2\/posts\/25981","targetHints":{"allow":["GET"]}}],"collection":[{"href":"https:\/\/inclusivenews.com.br\/index.php?rest_route=\/wp\/v2\/posts"}],"about":[{"href":"https:\/\/inclusivenews.com.br\/index.php?rest_route=\/wp\/v2\/types\/post"}],"author":[{"embeddable":true,"href":"https:\/\/inclusivenews.com.br\/index.php?rest_route=\/wp\/v2\/users\/1"}],"replies":[{"embeddable":true,"href":"https:\/\/inclusivenews.com.br\/index.php?rest_route=%2Fwp%2Fv2%2Fcomments&post=25981"}],"version-history":[{"count":0,"href":"https:\/\/inclusivenews.com.br\/index.php?rest_route=\/wp\/v2\/posts\/25981\/revisions"}],"wp:attachment":[{"href":"https:\/\/inclusivenews.com.br\/index.php?rest_route=%2Fwp%2Fv2%2Fmedia&parent=25981"}],"wp:term":[{"taxonomy":"category","embeddable":true,"href":"https:\/\/inclusivenews.com.br\/index.php?rest_route=%2Fwp%2Fv2%2Fcategories&post=25981"},{"taxonomy":"post_tag","embeddable":true,"href":"https:\/\/inclusivenews.com.br\/index.php?rest_route=%2Fwp%2Fv2%2Ftags&post=25981"}],"curies":[{"name":"wp","href":"https:\/\/api.w.org\/{rel}","templated":true}]}}