{"id":26053,"date":"2014-01-28T21:19:55","date_gmt":"2014-01-29T00:19:55","guid":{"rendered":"http:\/\/www.inclusive.org.br\/?p=26053"},"modified":"2014-01-28T21:19:55","modified_gmt":"2014-01-29T00:19:55","slug":"1o-congresso-brasileiro-de-autismo-aplicado-ao-sistema-unico-se-saude-sp-30-e-315","status":"publish","type":"post","link":"https:\/\/inclusivenews.com.br\/?p=26053","title":{"rendered":"1\u00ba Congresso Brasileiro de Autismo Aplicado ao Sistema \u00danico se Sa\u00fade &#8211; SP, 30 e 31\/5"},"content":{"rendered":"<p><img loading=\"lazy\" decoding=\"async\" src=\"http:\/\/inclusivenews.com.br\/wp-content\/uploads\/ar.jpg\" alt=\"Logotipo Autismo e Realidade, A e R - pe\u00e7as de quebra cabeca amarela, azul escuro, azul claro e verde colocadas em quadrado formam uma pe\u00e7a branca.\" width=\"793\" height=\"800\" class=\"alignnone size-full wp-image-26054\" \/><\/p>\n<h1><strong style=\"font-size: 13px;\">1\u00ba Congresso Brasileiro de Autismo Aplicado ao Sistema \u00danico de Sa\u00fade<\/strong><\/h1>\n<p><strong>Data:\u00a0<\/strong><b>30 e 31 de Maio de 2014<\/b>.<\/p>\n<p><strong>Local: Anfiteatro do\u00a0<em>Memorial da Am\u00e9rica Latina<\/em>.<\/strong><\/p>\n<p><b>Avenida Auro Soares<\/b><b>\u00a0de Moura Andrade, 664 \u2013 Barra Funda, S\u00e3o Paulo \u2013 SP<\/b><\/p>\n<p><b>Cedido pela Secretaria dos Direitos da Pessoa com\u00a0<\/b><strong>Defici\u00eancia<b>\u00a0&#8211;\u00a0<\/b>SEDPcD<\/strong><\/p>\n<p>1) Titulo: 1\u00ba CONGRESSO BRASILEIRO DE AUTISMO APLICADO AO SISTEMA<br \/>\n\u00daNICO DE SA\u00daDE &#8211; SUS.<\/p>\n<p>2) Objetivo Geral: Os custos para assistir crian\u00e7as com autismo em pa\u00edses<br \/>\ndesenvolvidos, como a Inglaterra, s\u00e3o extremamente altos, tendo sido estimados em<br \/>\ncerca de 2,7 bilh\u00f5es de libras por ano (Knapp et al 20121). N\u00e3o existem dados desta<br \/>\nnatureza no Brasil, mas dados informais fornecidos por fam\u00edlias de classe A da cidade<br \/>\ne do interior de S\u00e3o Paulo (potencialmente entre os mais altos do pa\u00eds) apontam na<br \/>\nmesma dire\u00e7\u00e3o. Segundo pais, os custos adicionais de uma crian\u00e7a diagnosticada<br \/>\ndentro do espectro do autismo variam entre 24 e 72 mil reais\/ano e o custo de uma<br \/>\ninstitui\u00e7\u00e3o especializada na cidade de S\u00e3o Paulo para um programa de meio per\u00edodo \u00e9<br \/>\nde aproximadamente R$ 20 mil\/ano.<br \/>\nEssas informa\u00e7\u00f5es demonstram o impacto financeiro e social do autismo para as<br \/>\nfam\u00edlias e consequentemente para o SUS. Por isso, propostas de interven\u00e7\u00e3o efetivas<br \/>\ne com menores custos s\u00e3o, atualmente, de alta relev\u00e2ncia para o sistema p\u00fablico de<br \/>\nsa\u00fade brasileiro.<br \/>\nUm evento cient\u00edfico que re\u00fana especialistas para debater modelos efetivos para o<br \/>\nautismo \u00e9 importante propulsor na identifica\u00e7\u00e3o de propostas desta natureza que<br \/>\npoderiam ser futuramente implantadas no SUS.<\/p>\n<p>A Organiza\u00e7\u00e3o n\u00e3o governamental, Autismo&amp;Realidade \u2013 Associa\u00e7\u00e3o de Estudos e<br \/>\nApoio, tem se dedicado \u00e0 causa do autismo desde 2010 e realizado iniciativas no<br \/>\ncampo da conscientiza\u00e7\u00e3o e na capacita\u00e7\u00e3o de recursos humanos e apoio a<br \/>\nprojetos\/eventos cient\u00edficos, em diversas regi\u00f5es do Brasil. Por ter como um de seus<br \/>\nobjetivos estimular, apoiar e divulgar estudos cient\u00edficos, cujos resultados possam<br \/>\nbeneficiar as pessoas com autismo, vem de encontro a seu interesse em coordenar um<br \/>\nevento cient\u00edfico sobre autismo, principalmente com foco no SUS.<\/p>\n<p>Considerando tudo isso, os objetivos gerais desta proposta s\u00e3o: viabilizar e facilitar<br \/>\no conhecimento na \u00e1rea do autismo e proporcionar o interc\u00e2mbio cient\u00edfico entre<br \/>\npesquisadores, cl\u00ednicos, pais e gestores das \u00e1reas da sa\u00fade visando elaborar<br \/>\npropostas aplic\u00e1veis ao SUS.<\/p>\n<p>3) Metodologia: O 1\u00ba Congresso Brasileiro de Autismo Aplicado ao Sistema \u00danico de<br \/>\nSa\u00fade ser\u00e1 baseado em grupos de trabalho, palestras e apresenta\u00e7\u00f5es de<br \/>\nprojetos\/iniciativas.<\/p>\n<p>P\u00fablico alvo: m\u00e9dicos, profissionais de sa\u00fade (psic\u00f3logos, fonoaudi\u00f3logos, terapeuta<br \/>\nocupacional, enfermeiros, entre outros), pedagogos, professores e pais de indiv\u00edduos<br \/>\ncom autismo.<\/p>\n<p>Pr\u00e9-congresso: destinado a atividades especificas entre os membros do Comit\u00ea<br \/>\nCient\u00edfico da Autismo&amp;Realidade, gestores do sistema p\u00fablico de sa\u00fade (Secretaria<br \/>\nMunicipal de Sa\u00fade, Secretaria dos Direitos da Pessoa com Defici\u00eancia \u2013 SEDPcD e<br \/>\nMinist\u00e9rio da Sa\u00fade), e representantes de ag\u00eancias de fomento &#8211; Comit\u00ea Cient\u00edfico e<br \/>\nrepresentantes do Conselho Nacional de Desenvolvimento Cient\u00edfico e Tecnol\u00f3gico<br \/>\n(CNPQ) e da Funda\u00e7\u00e3o de Amparo \u00e0 Pesquisa do Estado de S\u00e3o Paulo (FAPESP)<\/p>\n<p>Nessa etapa do congresso faremos um grupo de trabalho buscando elencar propostas<br \/>\nde pesquisas baseadas em evid\u00eancia aplic\u00e1veis ao SUS e potencialmente financi\u00e1veis<br \/>\npor essas ag\u00eancias de fomento.<\/p>\n<p>Palestras: as palestras ser\u00e3o ministradas por especialistas na \u00e1rea de autismo. Ter\u00e1<br \/>\ncomo foco o fornecimento de dados atuais de projetos de interven\u00e7\u00e3o e pesquisas em<br \/>\nandamento no pa\u00eds.<\/p>\n<p>Apresenta\u00e7\u00f5es de projetos\/iniciativas: ser\u00e1 aberto um edital para sele\u00e7\u00e3o de propostas<br \/>\nsobre pr\u00e1ticas de atendimento ao autismo aplic\u00e1veis ao SUS que estejam em<br \/>\nandamento ao redor do Brasil. As propostas inscritas ser\u00e3o julgadas por uma comiss\u00e3o<br \/>\nt\u00e9cnica composta por membros do Conselho Cient\u00edfico da Autismo&amp;Realidade e os<br \/>\nmelhores projetos ser\u00e3o apresentados no congresso. Os cinco melhores projetos ser\u00e3o<br \/>\npremiados.<\/p>\n<p>Programa\u00e7\u00e3o \u2013 1\u00ba Congresso Brasileiro De Autismo Aplicado Ao Sistema \u00danico De Sa\u00fade<\/p>\n<p>O Congresso ocorrer\u00e1 nos dias 30 e 31 de Maio de 2014.<br \/>\nLocal: Anfiteatro do Memorial da Am\u00e9rica Latina. Avenida Auro Soares de Moura<br \/>\nAndrade, 664 &#8211; Barra Funda, S\u00e3o Paulo &#8211; SP, CEP: 01156-001 (cedido pela Secretaria<br \/>\ndos Direitos da Pessoa com Defici\u00eancia \u2013 SEDPcD).<\/p>\n<p>30 de Maio de 2014<br \/>\n9:00 \u00e0s 12:00hs: Pr\u00e9-Congresso: Mesas de Trabalho composta por membros do<br \/>\nConselho Cient\u00edfico da Autismo&amp;Realidade, representantes do Minist\u00e9rio da Sa\u00fade, da<br \/>\nSEDPcD e da Secretaria Municipal de Sa\u00fade, representantes de ag\u00eancia de fomento<br \/>\n(FAPESP e CNPQ) na presen\u00e7a de representantes de pais, visando estabelecer<br \/>\nprojetos priorit\u00e1rios ao SUS realiz\u00e1veis nos pr\u00f3ximos 5 anos.<br \/>\n12:00 \u00e0s 13h30hs &#8211; ALMO\u00c7O<\/p>\n<p>13:30 as 14:00hs &#8211; CREDENCIAMENTO<br \/>\n14:00hs \u00e0s 14:30hs: Abertura oficial &#8211; Presidente do Congresso e autoridades.<br \/>\n14:30 \u00e0s 14:50hs: Pronunciamento do Presidente da Autismo&amp;Realidade \u2013 Associa\u00e7\u00e3o<br \/>\nde Estudos e Apoio \u2013 Hermelindo Ruete de Oliveira.<\/p>\n<p>14:50 \u00e0s 15:20hs: Confer\u00eancia de abertura &#8211; Identifica\u00e7\u00e3o de Indiv\u00edduos em Risco,<br \/>\nPreven\u00e7\u00e3o e Promo\u00e7\u00e3o de Sa\u00fade em Psiquiatria. A experi\u00eancia do INPD \u2013 Prof. Dr.<br \/>\nEur\u00edpedes Constantino Miguel. Departamento de Psiquiatria da Universidade de S\u00e3o<br \/>\nPaulo.<\/p>\n<p>15:20 \u00e0s 15:50hs: Palestra de Abertura &#8211; Panorama do Autismo no Brasil e<br \/>\nimplica\u00e7\u00f5es para o SUS. Presidente do Congresso: Profa. Dra. Cristiane Silvestre de<br \/>\nPaula \u2013 Vice-Presidente do Conselho Cient\u00edfico da Autismo&amp;Realidade. Professora<br \/>\nAdjunta do Programa de P\u00f3s-Gradua\u00e7\u00e3o em Dist\u00farbios do Desenvolvimento da<br \/>\nUniversidade Mackenzie; Pesquisadora do Departamento de Psiquiatria da<br \/>\nUniversidade Federal de S\u00e3o Paulo.<\/p>\n<p>15:50 \u00e0s 16:30hs: Confer\u00eancia Magna \u2013 Impacto dos novos dados de pesquisa na<br \/>\nelabora\u00e7\u00e3o de um projeto terap\u00eautico no Autismo \u2013 Profa. Dra. M\u00f4nica Zilbovicius,<br \/>\nPresidente do Conselho Cient\u00edfico da Autismo&amp;Realidade, Diretora de pesquisa do<br \/>\nServi\u00e7o de Radiologia Pedi\u00e1trica, Hospital Necker, Paris, Fran\u00e7a.<\/p>\n<p>16:30 \u00e0s 17:00hs &#8211; COFFE-BREAK<\/p>\n<p>17:00 \u00e0s 20:00hs &#8211; Palestras dos membros do Conselho Cient\u00edfico da<br \/>\nAutismo&amp;Realidade-Associa\u00e7\u00e3o de Estudos e Apoio.<\/p>\n<p>Coordenadores das palestras:<br \/>\nProfa. Dra. Cristiane Silvestre de Paula (Vice-Presidente do Conselho Cient\u00edfico da<br \/>\nAutismo&amp;Realidade)<br \/>\nJoana Portolese (coordenadora da Autismo&amp;Realidade).<\/p>\n<p>17:00 as 17:30hs: Palestra Prof. Dr. Decio Brunoni. Programa de P\u00f3s-Gradua\u00e7\u00e3o em<br \/>\nDist\u00farbios do Desenvolvimento &#8211; Universidade Presbiteriana Mackenzie e Depto. de<br \/>\nGen\u00e9tica da Universidade Federal de S\u00e3o Paulo. T\u00edtulo da Palestra: Causas gen\u00e9ticas<br \/>\ndos Transtornos do Espectro do Autismo.<br \/>\n17:30 as 18:00hs: Palestra Prof. Dr. Guilherme Polanczyk. Depto.de Psiquiatria da<br \/>\nFaculdade de Medicina da Universidade de S\u00e3o Paulo. T\u00edtulo da Palestra: Terapias<br \/>\nfarmacol\u00f3gicas no autismo<br \/>\n18:00 as 18:30hs Palestra Profa. Dra. Helena Brentani. Depto. de Psiquiatria da<br \/>\nFaculdade de Medicina da Universidade de S\u00e3o Paulo. T\u00edtulo da Palestra:<br \/>\nDificuldades na padroniza\u00e7\u00e3o do diagn\u00f3stico do autismo: desafio para o SUS<\/p>\n<p>18:30 as 19:00hs &#8211; Palestra Profa. Dra. Maria Rita Passos Bueno. Instituto de<br \/>\nBioci\u00eancias da Universidade de S\u00e3o Paulo. T\u00edtulo da palestra: Gen\u00e9tica dos<br \/>\nTranstornos do Espectro Autista: Pesquisa, Aconselhamento gen\u00e9tico e<br \/>\nDiretrizes para o SUS.<\/p>\n<p>19:00 as 19:30hs: Palestra Prof. Dr. Jair de Jesus Mari. Depto. de Psiquiatria da da<br \/>\nUniversidade Federal de S\u00e3o Paulo. T\u00edtulo da Palestra: &#8211; Estudo Multic\u00eantrico: Treino<br \/>\nparental com v\u00eddeo modela\u00e7\u00e3o para a aquisi\u00e7\u00e3o de habilidades sociais em<br \/>\ncrian\u00e7as com autismo.<\/p>\n<p>19:30hs \u00e0s 20:00hs. Debate com o p\u00fablico, coment\u00e1rios finais e encerramento<br \/>\ndas atividades do dia.<\/p>\n<p>31 de Maio de 2014<br \/>\n8:30 \u00e0s 9:00hs: Confer\u00eancia Dr. Carlos Gadia, Diretor M\u00e9dico da Autismo&amp;Realidade,<br \/>\nDiretor Associado, Dan Marino Center \u2013 Miami Children\u2019s Hospital, Professor<br \/>\nAssistente do Departamento de Neurologia, University of Miami Miller School of<br \/>\nMedicine, Professor Adjunto de Cl\u00ednica Neurol\u00f3gica,Herbert Wertheim College of<br \/>\nMedicine &#8211; Florida International University. T\u00edtulo da Palestra: O Autismo e Sistemas<br \/>\nde Sa\u00fade no Mundo.<\/p>\n<p>9:00 \u00e0s 9:30hs: Cen\u00e1rio da assist\u00eancia ao autismo na cidade de S\u00e3o Paulo \u2013<br \/>\nrepresentante da Secretaria Municipal de Sa\u00fade de S\u00e3o Paulo.<\/p>\n<p>18:30 as 19:00hs &#8211; Palestra Profa. Dra. Maria Rita Passos Bueno. Instituto de<br \/>\nBioci\u00eancias da Universidade de S\u00e3o Paulo. T\u00edtulo da palestra: Gen\u00e9tica dos<br \/>\nTranstornos do Espectro Autista: Pesquisa, Aconselhamento gen\u00e9tico e<br \/>\nDiretrizes para o SUS.<\/p>\n<p>19:00 as 19:30hs: Palestra Prof. Dr. Jair de Jesus Mari. Depto. de Psiquiatria da da<br \/>\nUniversidade Federal de S\u00e3o Paulo. T\u00edtulo da Palestra: &#8211; Estudo Multic\u00eantrico: Treino<br \/>\nparental com v\u00eddeo modela\u00e7\u00e3o para a aquisi\u00e7\u00e3o de habilidades sociais em<br \/>\ncrian\u00e7as com autismo.<\/p>\n<p>19:30hs \u00e0s 20:00hs. Debate com o p\u00fablico, coment\u00e1rios finais e encerramento<br \/>\ndas atividades do dia.<\/p>\n<p>31 de Maio de 2014<br \/>\n8:30 \u00e0s 9:00hs: Confer\u00eancia Dr. Carlos Gadia, Diretor M\u00e9dico da Autismo&amp;Realidade,<br \/>\nDiretor Associado, Dan Marino Center \u2013 Miami Children\u2019s Hospital, Professor<br \/>\nAssistente do Departamento de Neurologia, University of Miami Miller School of<br \/>\nMedicine, Professor Adjunto de Cl\u00ednica Neurol\u00f3gica,Herbert Wertheim College of<br \/>\nMedicine &#8211; Florida International University. T\u00edtulo da Palestra: O Autismo e Sistemas<br \/>\nde Sa\u00fade no Mundo.<\/p>\n<p>9:00 \u00e0s 9:30hs: Cen\u00e1rio da assist\u00eancia ao autismo na cidade de S\u00e3o Paulo \u2013<br \/>\nrepresentante da Secretaria Municipal de Sa\u00fade de S\u00e3o Paulo.<\/p>\n<p>9:30 \u00e0s 10:00hs: Iniciativas da Secretaria dos Direitos da Pessoa com Defici\u00eancia em<br \/>\nrela\u00e7\u00e3o ao autismo \u2013 Dra. Gabriela Stump.<br \/>\n10:00 \u00e0s 10:30hs: Pol\u00edtica para o Autismo no Brasil \u2013 representante do Minist\u00e9rio da<br \/>\nSa\u00fade.<br \/>\n10:30 \u00e0s 10:50hs: Debate com governantes<br \/>\n10:50 \u00e0s 11:20hs: COFFE-BREAK<br \/>\n11:20 \u00e0s 18:00hs &#8211; Palestras dos membros do Conselho Cient\u00edfico da<br \/>\nAutismo&amp;Realidade e apresenta\u00e7\u00e3o de projetos\/iniciativas aplic\u00e1veis ao SUS<br \/>\n(selecionados pelo Conselho Cient\u00edfico da Autismo&amp;Realidade).<\/p>\n<p>Coordenadores das palestras e apresenta\u00e7\u00f5es de projetos\/iniciativas:<br \/>\nCristiane Silvestre de Paula (Presidente do Congresso e Vice-Presidente do<br \/>\nConselho Cient\u00edfico da Autismo&amp;Realidade)<br \/>\nJoana Portolese (coordenadora da Autismo&amp;Realidade).<\/p>\n<p>Debatedores: representantes do governo.<br \/>\n11:20 \u00e0s 13:40hs &#8211; Apresenta\u00e7\u00e3o de projetos aplic\u00e1veis ao SUS selecionados pelo<br \/>\nConselho Cient\u00edfico da Autismo&amp;Realidade)<\/p>\n<p>13:40 \u00e0s 14:30hs \u2013 Almo\u00e7o<\/p>\n<p>14:30 \u00e0s 15:00hs &#8211; Palestra Prof. Dra Roberta M. Cysneiros &#8211; Programa de P\u00f3s Gradua\u00e7\u00e3o<br \/>\nem Dist\u00farbios do Desenvolvimento Mackenzie &#8211; T\u00edtulo da palestra &#8211; Autismo e Epilepsia<\/p>\n<p>15:00 \u00e0s 15:30hs &#8211; Palestra Prof. Dr. Rudimar Santos Riesgo. Hospital de Cl\u00ednicas<br \/>\nde Porto Alegre; Universidade Federal do Rio Grande do Sul. T\u00edtulo da palestra:<br \/>\nAutismo: como conciliar assist\u00eancia, ensino e pesquisa em um Hospital<br \/>\nUniversit\u00e1rio vinculado ao Sistema \u00danico de Sa\u00fade do Brasil.<\/p>\n<p>15:30 \u00e0s 16:00hs \u2013 Palestra Profa. Dra. Patr\u00edcia Cristina Baleeiro Beltr\u00e3o Braga;<br \/>\nUniversidade de S\u00e3o Paulo. T\u00edtulo da palestra: Cria\u00e7\u00e3o e manuten\u00e7\u00e3o de um centro<br \/>\nde excel\u00eancia em autismo no Brasil.<\/p>\n<p>16:00 \u00e0s 16:40hs &#8211; Apresenta\u00e7\u00e3o dos projetos aprovados no Edital da<br \/>\nAutismo&amp;Realidade realizado em 2011: \u201cPr\u00eamio Autismo &amp; Realidade &#8211; Prof. Dr.<br \/>\nMarcos Tomanik Mercadante\u201d<br \/>\n(i) Pr\u00eamio Pesquisa: Estudo da via de sinaliza\u00e7\u00e3o mTOR e do controle da s\u00edntese de<br \/>\nprote\u00ednas na patofisiologia dos Transtornos do Espectro Autista, novas perspectivas de<br \/>\nterapia.<br \/>\nPalestrante: Andr\u00e9a Laurato Serti\u00e9, Hospital Israelita Albert Einstein.<br \/>\n(ii) Pr\u00eamio Capacita\u00e7\u00e3o: Capacita\u00e7\u00e3o de profissionais de sa\u00fade do programa de<br \/>\nestrat\u00e9gia de sa\u00fade da fam\u00edlia sobre transtornos do espectro autista.<br \/>\nPalestrantes: Chao Lung Wen, Faculdade de Medicina da Universidade de S\u00e3o Paulo.<br \/>\nCoordenador do N\u00facleo S\u00e3o Paulo do Programa Telessa\u00fade Brasil Redes do Minist\u00e9rio<br \/>\nda Sa\u00fade Rosane Lowenthal, Unidade de Refer\u00eancia em Autismo CAISM Santa Casa.<br \/>\nDaniela Bordini, Unidade de Psiquiatria da Inf\u00e2ncia e Adolesc\u00eancia da Universidade<br \/>\nFederal de S\u00e3o Paulo.<br \/>\n16:40-17:10hs \u2013 COFFE BREAK<\/p>\n<p>17:10-18:00hs \u2013 Entrega dos pr\u00eamios das melhores propostas para o SUS por<br \/>\nintegrantes da Autismo&amp;Realidade.<br \/>\nAn\u00fancio dos dois Projetos aprovados no II Edital de Pesquisa \u201cProf. Dr. Marcos<br \/>\nTomanik Mercadante\u201d (2014).<\/p>\n<p>18:00hs \u2013 Encerramento do 1\u00ba Congresso Brasileiro de Autismo Aplicado ao Sistema<br \/>\n\u00danico de Sa\u00fade.<\/p>\n<p>Fonte:\u00a0<a style=\"font-size: 13px;\" href=\"http:\/\/autismoerealidade.org\/noticias\/programacao-1o-congresso-brasileiro-de-autismo-aplicado-ao-sistema-unico-de-saude\/\">http:\/\/autismoerealidade.org\/noticias\/programacao-1o-congresso-brasileiro-de-autismo-aplicado-ao-sistema-unico-de-saude\/<\/a><\/p>\n<p>&nbsp;<\/p>\n","protected":false},"excerpt":{"rendered":"<p>Os objetivos gerais desta proposta s\u00e3o: viabilizar e facilitar o conhecimento na \u00e1rea do autismo e proporcionar o interc\u00e2mbio cient\u00edfico entre<br \/>\npesquisadores, cl\u00ednicos, pais e gestores das \u00e1reas da sa\u00fade visando elaborar propostas aplic\u00e1veis ao SUS.<\/p>\n","protected":false},"author":1,"featured_media":0,"comment_status":"open","ping_status":"open","sticky":false,"template":"","format":"standard","meta":{"site-container-style":"default","site-container-layout":"default","site-sidebar-layout":"default","disable-article-header":"default","disable-site-header":"default","disable-site-footer":"default","disable-content-area-spacing":"default","footnotes":""},"categories":[12,49,37],"tags":[],"class_list":["post-26053","post","type-post","status-publish","format-standard","hentry","category-cursos-e-eventos","category-politicas-publicas","category-saude"],"yoast_head":"<!-- This site is optimized with the Yoast SEO plugin v27.4 - https:\/\/yoast.com\/product\/yoast-seo-wordpress\/ -->\n<title>1\u00ba Congresso Brasileiro de Autismo Aplicado ao Sistema \u00danico se Sa\u00fade - SP, 30 e 31\/5 -<\/title>\n<meta name=\"robots\" content=\"index, follow, max-snippet:-1, max-image-preview:large, max-video-preview:-1\" \/>\n<link rel=\"canonical\" href=\"https:\/\/inclusivenews.com.br\/?p=26053\" \/>\n<meta property=\"og:locale\" content=\"pt_PT\" \/>\n<meta property=\"og:type\" content=\"article\" \/>\n<meta property=\"og:title\" content=\"1\u00ba Congresso Brasileiro de Autismo Aplicado ao Sistema \u00danico se Sa\u00fade - SP, 30 e 31\/5 -\" \/>\n<meta property=\"og:description\" content=\"Os objetivos gerais desta proposta s\u00e3o: viabilizar e facilitar o conhecimento na \u00e1rea do autismo e proporcionar o interc\u00e2mbio cient\u00edfico entre pesquisadores, cl\u00ednicos, pais e gestores das \u00e1reas da sa\u00fade visando elaborar propostas aplic\u00e1veis ao SUS.\" \/>\n<meta property=\"og:url\" content=\"https:\/\/inclusivenews.com.br\/?p=26053\" \/>\n<meta property=\"article:publisher\" content=\"https:\/\/www.facebook.com\/agenciainclusive\/\" \/>\n<meta property=\"article:published_time\" content=\"2014-01-29T00:19:55+00:00\" \/>\n<meta property=\"og:image\" content=\"http:\/\/inclusivenews.com.br\/wp-content\/uploads\/ar.jpg\" \/>\n<meta name=\"author\" content=\"inclusivenews2024\" \/>\n<meta name=\"twitter:card\" content=\"summary_large_image\" \/>\n<meta name=\"twitter:label1\" content=\"Escrito por\" \/>\n\t<meta name=\"twitter:data1\" content=\"inclusivenews2024\" \/>\n\t<meta name=\"twitter:label2\" content=\"Tempo estimado de leitura\" \/>\n\t<meta name=\"twitter:data2\" content=\"10 minutos\" \/>\n<script type=\"application\/ld+json\" class=\"yoast-schema-graph\">{\"@context\":\"https:\\\/\\\/schema.org\",\"@graph\":[{\"@type\":\"Article\",\"@id\":\"https:\\\/\\\/inclusivenews.com.br\\\/?p=26053#article\",\"isPartOf\":{\"@id\":\"https:\\\/\\\/inclusivenews.com.br\\\/?p=26053\"},\"author\":{\"name\":\"inclusivenews2024\",\"@id\":\"https:\\\/\\\/inclusivenews.com.br\\\/#\\\/schema\\\/person\\\/ae4ec7087559b8692fb33b6fffd2273b\"},\"headline\":\"1\u00ba Congresso Brasileiro de Autismo Aplicado ao Sistema \u00danico se Sa\u00fade &#8211; SP, 30 e 31\\\/5\",\"datePublished\":\"2014-01-29T00:19:55+00:00\",\"mainEntityOfPage\":{\"@id\":\"https:\\\/\\\/inclusivenews.com.br\\\/?p=26053\"},\"wordCount\":2031,\"commentCount\":6,\"publisher\":{\"@id\":\"https:\\\/\\\/inclusivenews.com.br\\\/#organization\"},\"image\":{\"@id\":\"https:\\\/\\\/inclusivenews.com.br\\\/?p=26053#primaryimage\"},\"thumbnailUrl\":\"http:\\\/\\\/inclusivenews.com.br\\\/wp-content\\\/uploads\\\/ar.jpg\",\"articleSection\":[\"Cursos e eventos\",\"Pol\u00edticas p\u00fablicas\",\"Sa\u00fade\"],\"inLanguage\":\"pt-PT\",\"potentialAction\":[{\"@type\":\"CommentAction\",\"name\":\"Comment\",\"target\":[\"https:\\\/\\\/inclusivenews.com.br\\\/?p=26053#respond\"]}]},{\"@type\":\"WebPage\",\"@id\":\"https:\\\/\\\/inclusivenews.com.br\\\/?p=26053\",\"url\":\"https:\\\/\\\/inclusivenews.com.br\\\/?p=26053\",\"name\":\"1\u00ba Congresso Brasileiro de Autismo Aplicado ao Sistema \u00danico se Sa\u00fade - SP, 30 e 31\\\/5 -\",\"isPartOf\":{\"@id\":\"https:\\\/\\\/inclusivenews.com.br\\\/#website\"},\"primaryImageOfPage\":{\"@id\":\"https:\\\/\\\/inclusivenews.com.br\\\/?p=26053#primaryimage\"},\"image\":{\"@id\":\"https:\\\/\\\/inclusivenews.com.br\\\/?p=26053#primaryimage\"},\"thumbnailUrl\":\"http:\\\/\\\/inclusivenews.com.br\\\/wp-content\\\/uploads\\\/ar.jpg\",\"datePublished\":\"2014-01-29T00:19:55+00:00\",\"breadcrumb\":{\"@id\":\"https:\\\/\\\/inclusivenews.com.br\\\/?p=26053#breadcrumb\"},\"inLanguage\":\"pt-PT\",\"potentialAction\":[{\"@type\":\"ReadAction\",\"target\":[\"https:\\\/\\\/inclusivenews.com.br\\\/?p=26053\"]}]},{\"@type\":\"ImageObject\",\"inLanguage\":\"pt-PT\",\"@id\":\"https:\\\/\\\/inclusivenews.com.br\\\/?p=26053#primaryimage\",\"url\":\"\",\"contentUrl\":\"\"},{\"@type\":\"BreadcrumbList\",\"@id\":\"https:\\\/\\\/inclusivenews.com.br\\\/?p=26053#breadcrumb\",\"itemListElement\":[{\"@type\":\"ListItem\",\"position\":1,\"name\":\"In\u00edcio\",\"item\":\"https:\\\/\\\/inclusivenews.com.br\\\/\"},{\"@type\":\"ListItem\",\"position\":2,\"name\":\"1\u00ba Congresso Brasileiro de Autismo Aplicado ao Sistema \u00danico se Sa\u00fade &#8211; SP, 30 e 31\\\/5\"}]},{\"@type\":\"WebSite\",\"@id\":\"https:\\\/\\\/inclusivenews.com.br\\\/#website\",\"url\":\"https:\\\/\\\/inclusivenews.com.br\\\/\",\"name\":\"Inclusive News\",\"description\":\"Inclusive News\",\"publisher\":{\"@id\":\"https:\\\/\\\/inclusivenews.com.br\\\/#organization\"},\"potentialAction\":[{\"@type\":\"SearchAction\",\"target\":{\"@type\":\"EntryPoint\",\"urlTemplate\":\"https:\\\/\\\/inclusivenews.com.br\\\/?s={search_term_string}\"},\"query-input\":{\"@type\":\"PropertyValueSpecification\",\"valueRequired\":true,\"valueName\":\"search_term_string\"}}],\"inLanguage\":\"pt-PT\"},{\"@type\":\"Organization\",\"@id\":\"https:\\\/\\\/inclusivenews.com.br\\\/#organization\",\"name\":\"Inclusive - inclus\u00e3o e cidadania\",\"url\":\"https:\\\/\\\/inclusivenews.com.br\\\/\",\"logo\":{\"@type\":\"ImageObject\",\"inLanguage\":\"pt-PT\",\"@id\":\"https:\\\/\\\/inclusivenews.com.br\\\/#\\\/schema\\\/logo\\\/image\\\/\",\"url\":\"https:\\\/\\\/inclusivenews.com.br\\\/wp-content\\\/uploads\\\/2024\\\/03\\\/@grandesite.png\",\"contentUrl\":\"https:\\\/\\\/inclusivenews.com.br\\\/wp-content\\\/uploads\\\/2024\\\/03\\\/@grandesite.png\",\"width\":1080,\"height\":1080,\"caption\":\"Inclusive - inclus\u00e3o e cidadania\"},\"image\":{\"@id\":\"https:\\\/\\\/inclusivenews.com.br\\\/#\\\/schema\\\/logo\\\/image\\\/\"},\"sameAs\":[\"https:\\\/\\\/www.facebook.com\\\/agenciainclusive\\\/\",\"https:\\\/\\\/www.instagram.com\\\/newsinclusive\\\/\"]},{\"@type\":\"Person\",\"@id\":\"https:\\\/\\\/inclusivenews.com.br\\\/#\\\/schema\\\/person\\\/ae4ec7087559b8692fb33b6fffd2273b\",\"name\":\"inclusivenews2024\",\"image\":{\"@type\":\"ImageObject\",\"inLanguage\":\"pt-PT\",\"@id\":\"https:\\\/\\\/secure.gravatar.com\\\/avatar\\\/c5a7ef84c66fa914f55bc4f7ce26cfa275a3b9a1c5568b907bd184fb4dde7b40?s=96&d=mm&r=g\",\"url\":\"https:\\\/\\\/secure.gravatar.com\\\/avatar\\\/c5a7ef84c66fa914f55bc4f7ce26cfa275a3b9a1c5568b907bd184fb4dde7b40?s=96&d=mm&r=g\",\"contentUrl\":\"https:\\\/\\\/secure.gravatar.com\\\/avatar\\\/c5a7ef84c66fa914f55bc4f7ce26cfa275a3b9a1c5568b907bd184fb4dde7b40?s=96&d=mm&r=g\",\"caption\":\"inclusivenews2024\"},\"sameAs\":[\"https:\\\/\\\/inclusivenews.com.br\"],\"url\":\"https:\\\/\\\/inclusivenews.com.br\\\/?author=1\"}]}<\/script>\n<!-- \/ Yoast SEO plugin. -->","yoast_head_json":{"title":"1\u00ba Congresso Brasileiro de Autismo Aplicado ao Sistema \u00danico se Sa\u00fade - SP, 30 e 31\/5 -","robots":{"index":"index","follow":"follow","max-snippet":"max-snippet:-1","max-image-preview":"max-image-preview:large","max-video-preview":"max-video-preview:-1"},"canonical":"https:\/\/inclusivenews.com.br\/?p=26053","og_locale":"pt_PT","og_type":"article","og_title":"1\u00ba Congresso Brasileiro de Autismo Aplicado ao Sistema \u00danico se Sa\u00fade - SP, 30 e 31\/5 -","og_description":"Os objetivos gerais desta proposta s\u00e3o: viabilizar e facilitar o conhecimento na \u00e1rea do autismo e proporcionar o interc\u00e2mbio cient\u00edfico entre pesquisadores, cl\u00ednicos, pais e gestores das \u00e1reas da sa\u00fade visando elaborar propostas aplic\u00e1veis ao SUS.","og_url":"https:\/\/inclusivenews.com.br\/?p=26053","article_publisher":"https:\/\/www.facebook.com\/agenciainclusive\/","article_published_time":"2014-01-29T00:19:55+00:00","og_image":[{"url":"http:\/\/inclusivenews.com.br\/wp-content\/uploads\/ar.jpg","type":"","width":"","height":""}],"author":"inclusivenews2024","twitter_card":"summary_large_image","twitter_misc":{"Escrito por":"inclusivenews2024","Tempo estimado de leitura":"10 minutos"},"schema":{"@context":"https:\/\/schema.org","@graph":[{"@type":"Article","@id":"https:\/\/inclusivenews.com.br\/?p=26053#article","isPartOf":{"@id":"https:\/\/inclusivenews.com.br\/?p=26053"},"author":{"name":"inclusivenews2024","@id":"https:\/\/inclusivenews.com.br\/#\/schema\/person\/ae4ec7087559b8692fb33b6fffd2273b"},"headline":"1\u00ba Congresso Brasileiro de Autismo Aplicado ao Sistema \u00danico se Sa\u00fade &#8211; SP, 30 e 31\/5","datePublished":"2014-01-29T00:19:55+00:00","mainEntityOfPage":{"@id":"https:\/\/inclusivenews.com.br\/?p=26053"},"wordCount":2031,"commentCount":6,"publisher":{"@id":"https:\/\/inclusivenews.com.br\/#organization"},"image":{"@id":"https:\/\/inclusivenews.com.br\/?p=26053#primaryimage"},"thumbnailUrl":"http:\/\/inclusivenews.com.br\/wp-content\/uploads\/ar.jpg","articleSection":["Cursos e eventos","Pol\u00edticas p\u00fablicas","Sa\u00fade"],"inLanguage":"pt-PT","potentialAction":[{"@type":"CommentAction","name":"Comment","target":["https:\/\/inclusivenews.com.br\/?p=26053#respond"]}]},{"@type":"WebPage","@id":"https:\/\/inclusivenews.com.br\/?p=26053","url":"https:\/\/inclusivenews.com.br\/?p=26053","name":"1\u00ba Congresso Brasileiro de Autismo Aplicado ao Sistema \u00danico se Sa\u00fade - SP, 30 e 31\/5 -","isPartOf":{"@id":"https:\/\/inclusivenews.com.br\/#website"},"primaryImageOfPage":{"@id":"https:\/\/inclusivenews.com.br\/?p=26053#primaryimage"},"image":{"@id":"https:\/\/inclusivenews.com.br\/?p=26053#primaryimage"},"thumbnailUrl":"http:\/\/inclusivenews.com.br\/wp-content\/uploads\/ar.jpg","datePublished":"2014-01-29T00:19:55+00:00","breadcrumb":{"@id":"https:\/\/inclusivenews.com.br\/?p=26053#breadcrumb"},"inLanguage":"pt-PT","potentialAction":[{"@type":"ReadAction","target":["https:\/\/inclusivenews.com.br\/?p=26053"]}]},{"@type":"ImageObject","inLanguage":"pt-PT","@id":"https:\/\/inclusivenews.com.br\/?p=26053#primaryimage","url":"","contentUrl":""},{"@type":"BreadcrumbList","@id":"https:\/\/inclusivenews.com.br\/?p=26053#breadcrumb","itemListElement":[{"@type":"ListItem","position":1,"name":"In\u00edcio","item":"https:\/\/inclusivenews.com.br\/"},{"@type":"ListItem","position":2,"name":"1\u00ba Congresso Brasileiro de Autismo Aplicado ao Sistema \u00danico se Sa\u00fade &#8211; SP, 30 e 31\/5"}]},{"@type":"WebSite","@id":"https:\/\/inclusivenews.com.br\/#website","url":"https:\/\/inclusivenews.com.br\/","name":"Inclusive News","description":"Inclusive News","publisher":{"@id":"https:\/\/inclusivenews.com.br\/#organization"},"potentialAction":[{"@type":"SearchAction","target":{"@type":"EntryPoint","urlTemplate":"https:\/\/inclusivenews.com.br\/?s={search_term_string}"},"query-input":{"@type":"PropertyValueSpecification","valueRequired":true,"valueName":"search_term_string"}}],"inLanguage":"pt-PT"},{"@type":"Organization","@id":"https:\/\/inclusivenews.com.br\/#organization","name":"Inclusive - inclus\u00e3o e cidadania","url":"https:\/\/inclusivenews.com.br\/","logo":{"@type":"ImageObject","inLanguage":"pt-PT","@id":"https:\/\/inclusivenews.com.br\/#\/schema\/logo\/image\/","url":"https:\/\/inclusivenews.com.br\/wp-content\/uploads\/2024\/03\/@grandesite.png","contentUrl":"https:\/\/inclusivenews.com.br\/wp-content\/uploads\/2024\/03\/@grandesite.png","width":1080,"height":1080,"caption":"Inclusive - inclus\u00e3o e cidadania"},"image":{"@id":"https:\/\/inclusivenews.com.br\/#\/schema\/logo\/image\/"},"sameAs":["https:\/\/www.facebook.com\/agenciainclusive\/","https:\/\/www.instagram.com\/newsinclusive\/"]},{"@type":"Person","@id":"https:\/\/inclusivenews.com.br\/#\/schema\/person\/ae4ec7087559b8692fb33b6fffd2273b","name":"inclusivenews2024","image":{"@type":"ImageObject","inLanguage":"pt-PT","@id":"https:\/\/secure.gravatar.com\/avatar\/c5a7ef84c66fa914f55bc4f7ce26cfa275a3b9a1c5568b907bd184fb4dde7b40?s=96&d=mm&r=g","url":"https:\/\/secure.gravatar.com\/avatar\/c5a7ef84c66fa914f55bc4f7ce26cfa275a3b9a1c5568b907bd184fb4dde7b40?s=96&d=mm&r=g","contentUrl":"https:\/\/secure.gravatar.com\/avatar\/c5a7ef84c66fa914f55bc4f7ce26cfa275a3b9a1c5568b907bd184fb4dde7b40?s=96&d=mm&r=g","caption":"inclusivenews2024"},"sameAs":["https:\/\/inclusivenews.com.br"],"url":"https:\/\/inclusivenews.com.br\/?author=1"}]}},"_links":{"self":[{"href":"https:\/\/inclusivenews.com.br\/index.php?rest_route=\/wp\/v2\/posts\/26053","targetHints":{"allow":["GET"]}}],"collection":[{"href":"https:\/\/inclusivenews.com.br\/index.php?rest_route=\/wp\/v2\/posts"}],"about":[{"href":"https:\/\/inclusivenews.com.br\/index.php?rest_route=\/wp\/v2\/types\/post"}],"author":[{"embeddable":true,"href":"https:\/\/inclusivenews.com.br\/index.php?rest_route=\/wp\/v2\/users\/1"}],"replies":[{"embeddable":true,"href":"https:\/\/inclusivenews.com.br\/index.php?rest_route=%2Fwp%2Fv2%2Fcomments&post=26053"}],"version-history":[{"count":0,"href":"https:\/\/inclusivenews.com.br\/index.php?rest_route=\/wp\/v2\/posts\/26053\/revisions"}],"wp:attachment":[{"href":"https:\/\/inclusivenews.com.br\/index.php?rest_route=%2Fwp%2Fv2%2Fmedia&parent=26053"}],"wp:term":[{"taxonomy":"category","embeddable":true,"href":"https:\/\/inclusivenews.com.br\/index.php?rest_route=%2Fwp%2Fv2%2Fcategories&post=26053"},{"taxonomy":"post_tag","embeddable":true,"href":"https:\/\/inclusivenews.com.br\/index.php?rest_route=%2Fwp%2Fv2%2Ftags&post=26053"}],"curies":[{"name":"wp","href":"https:\/\/api.w.org\/{rel}","templated":true}]}}