{"id":26063,"date":"2014-01-28T21:49:11","date_gmt":"2014-01-29T00:49:11","guid":{"rendered":"http:\/\/www.inclusive.org.br\/?p=26063"},"modified":"2014-01-28T21:49:11","modified_gmt":"2014-01-29T00:49:11","slug":"judiciario-que-exclui-esta-muito-longe-de-ser-moderno-e-mais-distante-ainda-do-povo","status":"publish","type":"post","link":"https:\/\/inclusivenews.com.br\/?p=26063","title":{"rendered":"Judici\u00e1rio que exclui est\u00e1 muito longe de ser moderno e mais distante ainda do povo"},"content":{"rendered":"<p><img loading=\"lazy\" decoding=\"async\" src=\"http:\/\/inclusivenews.com.br\/wp-content\/uploads\/2009\/12\/justica1.jpg\" alt=\"Imagem de escultura que representa a justi\u00e7a\" width=\"285\" height=\"350\" class=\"alignnone size-full wp-image-13220\" \/>Por Noelia Brito<\/p>\n<p>O Brasil, como signat\u00e1rio da Conven\u00e7\u00e3o sobre os Direitos das Pessoas com Defici\u00eancias, a chamada Conven\u00e7\u00e3o de Nova Iorque, deve respeito aos princ\u00edpios ali insculpidos porque t\u00eam a for\u00e7a de normas de natureza constitucional.<\/p>\n<p>Dentre os princ\u00edpios a que o Brasil se tornou co-obrigado, ao subscrever a Conven\u00e7\u00e3o que trata dos Direitos das Pessoas com Defici\u00eancia, entendidas estas como as que \u201cte?m impedimentos de natureza fi?sica, intelectual ou sensorial, os quais, em interac?a?o com diversas barreiras, podem obstruir sua participac?a?o plena e efetiva na sociedade com as demais pessoas\u201d (art. 1\u00ba, Conven\u00e7\u00e3o), destacam-se o \u201crespeito pela dignidade inerente, independe?ncia da pessoa, inclusive a liberdade de fazer as pro?prias escolhas, e autonomia individual\u201d, bem como a \u201cigualdade de oportunidades\u201d e a \u201cacessibilidade\u201d.<\/p>\n<p>Dito isso, causa esp\u00e9cie que parta justamente do Poder Judici\u00e1rio uma das principais iniciativas descumpridoras dessa conquista t\u00e3o arduamente buscada pelos que militam em prol da causa ora em destaque. \u00c9 que a pretexto de modernizar o sistema de acompanhamento e administra\u00e7\u00e3o de processos, o Poder Judici\u00e1rio findou por criar um processo judicial altamente exclusivo, com o chamado Processo Judicial Eletr\u00f4nico, o PJe, que alija os profissionais do direito com defici\u00eancia visual de sua utiliza\u00e7\u00e3o, tornando-os totalmente dependentes de uma terceira pessoa para que possam utilizar o sistema, descumprindo acintosamente o que vem determinado pela Conven\u00e7\u00e3o em tela.<\/p>\n<p>Ignorando o fato de que existe uma gama consider\u00e1vel de partes e profissionais do direito com defici\u00eancia total ou mesmo com baixa vis\u00e3o, de maneira a\u00e7odada, o Judici\u00e1rio brasileiro, com o apoio do Conselho Nacional de Justi\u00e7a, criou um Processo Judicial Eletr\u00f4nico, este sim, deficiente, posto que baseado em arquivos de imagens, quando os leitores de tela com apoio em voz sintetizada s\u00f3 traduzem dados de texto<\/p>\n<p>Se havia pressa para a implanta\u00e7\u00e3o do PJe e se a implanta\u00e7\u00e3o de um sistema dotado de plena acessibilidade causaria o retardamento dessa implanta\u00e7\u00e3o, nada mais justo e correto, inclusive porque constitucional, que se implantasse tal modelo de maneira paulatina, nos termos pleiteados, inclusive pela advogada Deborah Prates, conhecida militante em defesa dos direitos das pessoas com defici\u00eancias, que solicitou ao CNJ que determinasse ao Tribunal de Justi\u00e7a do Rio de Janeiro que mantivesse a possibilidade de protocoliza\u00e7\u00e3o, por advogados cegos, de peti\u00e7\u00f5es e documentos em papel, at\u00e9 que os sites do Judici\u00e1rio fossem plenamente acess\u00edveis, nos termos preconizados pela Conven\u00e7\u00e3o de Nova Iorque, portanto, pela pr\u00f3pria Constitui\u00e7\u00e3o Federal.<\/p>\n<p>Segundo D\u00e9bora, com a implanta\u00e7\u00e3o do PJe, sua atua\u00e7\u00e3o profissional passou a depender do favor e da boa vontade de terceiros que fazem o envio da pe\u00e7as judiciais por ela, o que consiste em verdadeira humilha\u00e7\u00e3o e um discr\u00edmem abomin\u00e1vel.<\/p>\n<p>O pedido da advogada carioca foi indeferido pelo ministro Joaquim Barbosa, na qualidade de presidente do CNJ, por considerar que as falhas do PJe n\u00e3o lhe causavam qualquer dano irrepar\u00e1vel e por j\u00e1 existir uma reclama\u00e7\u00e3o do Conselho Federal da Ordem dos Advogados do Brasil, que aponta uma s\u00e9rie de problemas no PJe, \u201cespecialmente no que tange \u00e0 garantia de acesso \u00e0s pessoas com defici\u00eancia, como os deficientes visuais e tamb\u00e9m aos idosos\u201d.<\/p>\n<p>\u00c9 no m\u00ednimo estranho que o ministro Joaquim Barbosa n\u00e3o considere que a inviabilidade de algu\u00e9m trabalhar n\u00e3o seja um dano irrepar\u00e1vel, j\u00e1 que a reclama\u00e7\u00e3o feita pelo Conselho Federal da OAB tamb\u00e9m continua pendente de solu\u00e7\u00e3o.<br \/>\nSegundo a \u201cConven\u00e7\u00e3o sobre os Direitos das Pessoas com Defici\u00eancias Comentada\u201d, editada pela Coordenadoria Nacional para Integrac?a?o da Pessoa Portadora de Deficie?ncia \u2013 CORDE, da Secretaria de Direitos Humanos da Presid\u00eancia da Rep\u00fablica, no mundo existem, nada menos, que 600 milho?es de pessoas com deficie?ncia, sendo que 400 milho?es vivem em pai?ses pobres ou em desenvolvimento. No Brasil, 27% das pessoas com defici\u00eancia vivem em situac?a?o de pobreza extrema e 53% sa?o pobres, de acordo com dados do Censo do IBGE de 2000. Dados do Banco Mundial revelam, ainda, que o \u00edndice de desemprego entre as pessoas com defici\u00eancia na Am\u00e9rica Latina varia entre 80 e 90%. A acessibilidade, portanto, \u00e9 o meio indispens\u00e1vel para combater essa mazela social que \u00e9 a exclus\u00e3o das pessoas com defici\u00eancia, o que s\u00f3 \u00e9 poss\u00edvel se estiverem em igualdade de condi\u00e7\u00f5es com as demais pessoas que com elas disputam o mercado de trabalho. O que pretende, portanto, o Poder Judici\u00e1rio brasileiro e o CNJ quando militam descaradamente contra esse esfor\u00e7o mundial de combater tamanha injusti\u00e7a?<\/p>\n<p>Com a palavra, o ministro Joaquim Barbosa e seus pares.<\/p>\n<p>Noelia Brito \u00e9 advogada e procuradora do Munic\u00edpio do Recife<\/p>\n<p>Fonte &#8211; <a href=\"http:\/\/blogs.ne10.uol.com.br\/jamildo\/2014\/01\/28\/judiciario-que-exclui-esta-muito-longe-de-ser-moderno-e-mais-distante-ainda-do-povo\/\">http:\/\/blogs.ne10.uol.com.br\/jamildo\/2014\/01\/28\/judiciario-que-exclui-esta-muito-longe-de-ser-moderno-e-mais-distante-ainda-do-povo\/<\/a><\/p>\n<p>A advogada Deborah Prates come\u00e7ou uma peti\u00e7\u00e3o virtual para buscar apoio ao seu pleito. Para assinar, clique abaixo<br \/>\n<a href=\"https:\/\/secure.avaaz.org\/po\/petition\/Ministro_Joaquim_Barbosa_Acessibilidade_nos_sites_do_Judiciario_Executivo_e_Legislativo\/\">https:\/\/secure.avaaz.org\/po\/petition\/Ministro_Joaquim_Barbosa_Acessibilidade_nos_sites_do_Judiciario_Executivo_e_Legislativo\/<\/a><\/p>\n","protected":false},"excerpt":{"rendered":"<p>A acessibilidade \u00e9 o meio indispens\u00e1vel para combater essa mazela social que \u00e9 a exclus\u00e3o das pessoas com defici\u00eancia, o que s\u00f3 \u00e9 poss\u00edvel se estiverem em igualdade de condi\u00e7\u00f5es com as demais pessoas que com elas disputam o mercado de trabalho.<\/p>\n","protected":false},"author":1,"featured_media":0,"comment_status":"open","ping_status":"open","sticky":false,"template":"","format":"standard","meta":{"site-container-style":"default","site-container-layout":"default","site-sidebar-layout":"default","disable-article-header":"default","disable-site-header":"default","disable-site-footer":"default","disable-content-area-spacing":"default","footnotes":""},"categories":[44,5,39,48,26,4],"tags":[],"class_list":["post-26063","post","type-post","status-publish","format-standard","hentry","category-acessibilidade","category-convencao","category-discriminacao","category-inclusao","category-legislacao","category-noticias"],"yoast_head":"<!-- This site is optimized with the Yoast SEO plugin v27.4 - https:\/\/yoast.com\/product\/yoast-seo-wordpress\/ -->\n<title>Judici\u00e1rio que exclui est\u00e1 muito longe de ser moderno e mais distante ainda do povo -<\/title>\n<meta name=\"robots\" content=\"index, follow, max-snippet:-1, max-image-preview:large, max-video-preview:-1\" \/>\n<link rel=\"canonical\" href=\"https:\/\/inclusivenews.com.br\/?p=26063\" \/>\n<meta property=\"og:locale\" content=\"pt_PT\" \/>\n<meta property=\"og:type\" content=\"article\" \/>\n<meta property=\"og:title\" content=\"Judici\u00e1rio que exclui est\u00e1 muito longe de ser moderno e mais distante ainda do povo -\" \/>\n<meta property=\"og:description\" content=\"A acessibilidade \u00e9 o meio indispens\u00e1vel para combater essa mazela social que \u00e9 a exclus\u00e3o das pessoas com defici\u00eancia, o que s\u00f3 \u00e9 poss\u00edvel se estiverem em igualdade de condi\u00e7\u00f5es com as demais pessoas que com elas disputam o mercado de trabalho.\" \/>\n<meta property=\"og:url\" content=\"https:\/\/inclusivenews.com.br\/?p=26063\" \/>\n<meta property=\"article:publisher\" content=\"https:\/\/www.facebook.com\/agenciainclusive\/\" \/>\n<meta property=\"article:published_time\" content=\"2014-01-29T00:49:11+00:00\" \/>\n<meta property=\"og:image\" content=\"http:\/\/inclusivenews.com.br\/wp-content\/uploads\/2009\/12\/justica1.jpg\" \/>\n<meta name=\"author\" content=\"inclusivenews2024\" \/>\n<meta name=\"twitter:card\" content=\"summary_large_image\" \/>\n<meta name=\"twitter:label1\" content=\"Escrito por\" \/>\n\t<meta name=\"twitter:data1\" content=\"inclusivenews2024\" \/>\n\t<meta name=\"twitter:label2\" content=\"Tempo estimado de leitura\" \/>\n\t<meta name=\"twitter:data2\" content=\"4 minutos\" \/>\n<script type=\"application\/ld+json\" class=\"yoast-schema-graph\">{\"@context\":\"https:\\\/\\\/schema.org\",\"@graph\":[{\"@type\":\"Article\",\"@id\":\"https:\\\/\\\/inclusivenews.com.br\\\/?p=26063#article\",\"isPartOf\":{\"@id\":\"https:\\\/\\\/inclusivenews.com.br\\\/?p=26063\"},\"author\":{\"name\":\"inclusivenews2024\",\"@id\":\"https:\\\/\\\/inclusivenews.com.br\\\/#\\\/schema\\\/person\\\/ae4ec7087559b8692fb33b6fffd2273b\"},\"headline\":\"Judici\u00e1rio que exclui est\u00e1 muito longe de ser moderno e mais distante ainda do povo\",\"datePublished\":\"2014-01-29T00:49:11+00:00\",\"mainEntityOfPage\":{\"@id\":\"https:\\\/\\\/inclusivenews.com.br\\\/?p=26063\"},\"wordCount\":881,\"commentCount\":1,\"publisher\":{\"@id\":\"https:\\\/\\\/inclusivenews.com.br\\\/#organization\"},\"image\":{\"@id\":\"https:\\\/\\\/inclusivenews.com.br\\\/?p=26063#primaryimage\"},\"thumbnailUrl\":\"http:\\\/\\\/inclusivenews.com.br\\\/wp-content\\\/uploads\\\/2009\\\/12\\\/justica1.jpg\",\"articleSection\":[\"ACESSIBILIDADE\",\"Conven\u00e7\u00e3o\",\"Discrimina\u00e7\u00e3o\",\"INCLUS\u00c3O SOCIAL\",\"Legisla\u00e7\u00e3o ...\",\"NOT\u00cdCIAS\"],\"inLanguage\":\"pt-PT\",\"potentialAction\":[{\"@type\":\"CommentAction\",\"name\":\"Comment\",\"target\":[\"https:\\\/\\\/inclusivenews.com.br\\\/?p=26063#respond\"]}]},{\"@type\":\"WebPage\",\"@id\":\"https:\\\/\\\/inclusivenews.com.br\\\/?p=26063\",\"url\":\"https:\\\/\\\/inclusivenews.com.br\\\/?p=26063\",\"name\":\"Judici\u00e1rio que exclui est\u00e1 muito longe de ser moderno e mais distante ainda do povo -\",\"isPartOf\":{\"@id\":\"https:\\\/\\\/inclusivenews.com.br\\\/#website\"},\"primaryImageOfPage\":{\"@id\":\"https:\\\/\\\/inclusivenews.com.br\\\/?p=26063#primaryimage\"},\"image\":{\"@id\":\"https:\\\/\\\/inclusivenews.com.br\\\/?p=26063#primaryimage\"},\"thumbnailUrl\":\"http:\\\/\\\/inclusivenews.com.br\\\/wp-content\\\/uploads\\\/2009\\\/12\\\/justica1.jpg\",\"datePublished\":\"2014-01-29T00:49:11+00:00\",\"breadcrumb\":{\"@id\":\"https:\\\/\\\/inclusivenews.com.br\\\/?p=26063#breadcrumb\"},\"inLanguage\":\"pt-PT\",\"potentialAction\":[{\"@type\":\"ReadAction\",\"target\":[\"https:\\\/\\\/inclusivenews.com.br\\\/?p=26063\"]}]},{\"@type\":\"ImageObject\",\"inLanguage\":\"pt-PT\",\"@id\":\"https:\\\/\\\/inclusivenews.com.br\\\/?p=26063#primaryimage\",\"url\":\"\",\"contentUrl\":\"\"},{\"@type\":\"BreadcrumbList\",\"@id\":\"https:\\\/\\\/inclusivenews.com.br\\\/?p=26063#breadcrumb\",\"itemListElement\":[{\"@type\":\"ListItem\",\"position\":1,\"name\":\"In\u00edcio\",\"item\":\"https:\\\/\\\/inclusivenews.com.br\\\/\"},{\"@type\":\"ListItem\",\"position\":2,\"name\":\"Judici\u00e1rio que exclui est\u00e1 muito longe de ser moderno e mais distante ainda do povo\"}]},{\"@type\":\"WebSite\",\"@id\":\"https:\\\/\\\/inclusivenews.com.br\\\/#website\",\"url\":\"https:\\\/\\\/inclusivenews.com.br\\\/\",\"name\":\"Inclusive News\",\"description\":\"Inclusive News\",\"publisher\":{\"@id\":\"https:\\\/\\\/inclusivenews.com.br\\\/#organization\"},\"potentialAction\":[{\"@type\":\"SearchAction\",\"target\":{\"@type\":\"EntryPoint\",\"urlTemplate\":\"https:\\\/\\\/inclusivenews.com.br\\\/?s={search_term_string}\"},\"query-input\":{\"@type\":\"PropertyValueSpecification\",\"valueRequired\":true,\"valueName\":\"search_term_string\"}}],\"inLanguage\":\"pt-PT\"},{\"@type\":\"Organization\",\"@id\":\"https:\\\/\\\/inclusivenews.com.br\\\/#organization\",\"name\":\"Inclusive - inclus\u00e3o e cidadania\",\"url\":\"https:\\\/\\\/inclusivenews.com.br\\\/\",\"logo\":{\"@type\":\"ImageObject\",\"inLanguage\":\"pt-PT\",\"@id\":\"https:\\\/\\\/inclusivenews.com.br\\\/#\\\/schema\\\/logo\\\/image\\\/\",\"url\":\"https:\\\/\\\/inclusivenews.com.br\\\/wp-content\\\/uploads\\\/2024\\\/03\\\/@grandesite.png\",\"contentUrl\":\"https:\\\/\\\/inclusivenews.com.br\\\/wp-content\\\/uploads\\\/2024\\\/03\\\/@grandesite.png\",\"width\":1080,\"height\":1080,\"caption\":\"Inclusive - inclus\u00e3o e cidadania\"},\"image\":{\"@id\":\"https:\\\/\\\/inclusivenews.com.br\\\/#\\\/schema\\\/logo\\\/image\\\/\"},\"sameAs\":[\"https:\\\/\\\/www.facebook.com\\\/agenciainclusive\\\/\",\"https:\\\/\\\/www.instagram.com\\\/newsinclusive\\\/\"]},{\"@type\":\"Person\",\"@id\":\"https:\\\/\\\/inclusivenews.com.br\\\/#\\\/schema\\\/person\\\/ae4ec7087559b8692fb33b6fffd2273b\",\"name\":\"inclusivenews2024\",\"image\":{\"@type\":\"ImageObject\",\"inLanguage\":\"pt-PT\",\"@id\":\"https:\\\/\\\/secure.gravatar.com\\\/avatar\\\/c5a7ef84c66fa914f55bc4f7ce26cfa275a3b9a1c5568b907bd184fb4dde7b40?s=96&d=mm&r=g\",\"url\":\"https:\\\/\\\/secure.gravatar.com\\\/avatar\\\/c5a7ef84c66fa914f55bc4f7ce26cfa275a3b9a1c5568b907bd184fb4dde7b40?s=96&d=mm&r=g\",\"contentUrl\":\"https:\\\/\\\/secure.gravatar.com\\\/avatar\\\/c5a7ef84c66fa914f55bc4f7ce26cfa275a3b9a1c5568b907bd184fb4dde7b40?s=96&d=mm&r=g\",\"caption\":\"inclusivenews2024\"},\"sameAs\":[\"https:\\\/\\\/inclusivenews.com.br\"],\"url\":\"https:\\\/\\\/inclusivenews.com.br\\\/?author=1\"}]}<\/script>\n<!-- \/ Yoast SEO plugin. -->","yoast_head_json":{"title":"Judici\u00e1rio que exclui est\u00e1 muito longe de ser moderno e mais distante ainda do povo -","robots":{"index":"index","follow":"follow","max-snippet":"max-snippet:-1","max-image-preview":"max-image-preview:large","max-video-preview":"max-video-preview:-1"},"canonical":"https:\/\/inclusivenews.com.br\/?p=26063","og_locale":"pt_PT","og_type":"article","og_title":"Judici\u00e1rio que exclui est\u00e1 muito longe de ser moderno e mais distante ainda do povo -","og_description":"A acessibilidade \u00e9 o meio indispens\u00e1vel para combater essa mazela social que \u00e9 a exclus\u00e3o das pessoas com defici\u00eancia, o que s\u00f3 \u00e9 poss\u00edvel se estiverem em igualdade de condi\u00e7\u00f5es com as demais pessoas que com elas disputam o mercado de trabalho.","og_url":"https:\/\/inclusivenews.com.br\/?p=26063","article_publisher":"https:\/\/www.facebook.com\/agenciainclusive\/","article_published_time":"2014-01-29T00:49:11+00:00","og_image":[{"url":"http:\/\/inclusivenews.com.br\/wp-content\/uploads\/2009\/12\/justica1.jpg","type":"","width":"","height":""}],"author":"inclusivenews2024","twitter_card":"summary_large_image","twitter_misc":{"Escrito por":"inclusivenews2024","Tempo estimado de leitura":"4 minutos"},"schema":{"@context":"https:\/\/schema.org","@graph":[{"@type":"Article","@id":"https:\/\/inclusivenews.com.br\/?p=26063#article","isPartOf":{"@id":"https:\/\/inclusivenews.com.br\/?p=26063"},"author":{"name":"inclusivenews2024","@id":"https:\/\/inclusivenews.com.br\/#\/schema\/person\/ae4ec7087559b8692fb33b6fffd2273b"},"headline":"Judici\u00e1rio que exclui est\u00e1 muito longe de ser moderno e mais distante ainda do povo","datePublished":"2014-01-29T00:49:11+00:00","mainEntityOfPage":{"@id":"https:\/\/inclusivenews.com.br\/?p=26063"},"wordCount":881,"commentCount":1,"publisher":{"@id":"https:\/\/inclusivenews.com.br\/#organization"},"image":{"@id":"https:\/\/inclusivenews.com.br\/?p=26063#primaryimage"},"thumbnailUrl":"http:\/\/inclusivenews.com.br\/wp-content\/uploads\/2009\/12\/justica1.jpg","articleSection":["ACESSIBILIDADE","Conven\u00e7\u00e3o","Discrimina\u00e7\u00e3o","INCLUS\u00c3O SOCIAL","Legisla\u00e7\u00e3o ...","NOT\u00cdCIAS"],"inLanguage":"pt-PT","potentialAction":[{"@type":"CommentAction","name":"Comment","target":["https:\/\/inclusivenews.com.br\/?p=26063#respond"]}]},{"@type":"WebPage","@id":"https:\/\/inclusivenews.com.br\/?p=26063","url":"https:\/\/inclusivenews.com.br\/?p=26063","name":"Judici\u00e1rio que exclui est\u00e1 muito longe de ser moderno e mais distante ainda do povo -","isPartOf":{"@id":"https:\/\/inclusivenews.com.br\/#website"},"primaryImageOfPage":{"@id":"https:\/\/inclusivenews.com.br\/?p=26063#primaryimage"},"image":{"@id":"https:\/\/inclusivenews.com.br\/?p=26063#primaryimage"},"thumbnailUrl":"http:\/\/inclusivenews.com.br\/wp-content\/uploads\/2009\/12\/justica1.jpg","datePublished":"2014-01-29T00:49:11+00:00","breadcrumb":{"@id":"https:\/\/inclusivenews.com.br\/?p=26063#breadcrumb"},"inLanguage":"pt-PT","potentialAction":[{"@type":"ReadAction","target":["https:\/\/inclusivenews.com.br\/?p=26063"]}]},{"@type":"ImageObject","inLanguage":"pt-PT","@id":"https:\/\/inclusivenews.com.br\/?p=26063#primaryimage","url":"","contentUrl":""},{"@type":"BreadcrumbList","@id":"https:\/\/inclusivenews.com.br\/?p=26063#breadcrumb","itemListElement":[{"@type":"ListItem","position":1,"name":"In\u00edcio","item":"https:\/\/inclusivenews.com.br\/"},{"@type":"ListItem","position":2,"name":"Judici\u00e1rio que exclui est\u00e1 muito longe de ser moderno e mais distante ainda do povo"}]},{"@type":"WebSite","@id":"https:\/\/inclusivenews.com.br\/#website","url":"https:\/\/inclusivenews.com.br\/","name":"Inclusive News","description":"Inclusive News","publisher":{"@id":"https:\/\/inclusivenews.com.br\/#organization"},"potentialAction":[{"@type":"SearchAction","target":{"@type":"EntryPoint","urlTemplate":"https:\/\/inclusivenews.com.br\/?s={search_term_string}"},"query-input":{"@type":"PropertyValueSpecification","valueRequired":true,"valueName":"search_term_string"}}],"inLanguage":"pt-PT"},{"@type":"Organization","@id":"https:\/\/inclusivenews.com.br\/#organization","name":"Inclusive - inclus\u00e3o e cidadania","url":"https:\/\/inclusivenews.com.br\/","logo":{"@type":"ImageObject","inLanguage":"pt-PT","@id":"https:\/\/inclusivenews.com.br\/#\/schema\/logo\/image\/","url":"https:\/\/inclusivenews.com.br\/wp-content\/uploads\/2024\/03\/@grandesite.png","contentUrl":"https:\/\/inclusivenews.com.br\/wp-content\/uploads\/2024\/03\/@grandesite.png","width":1080,"height":1080,"caption":"Inclusive - inclus\u00e3o e cidadania"},"image":{"@id":"https:\/\/inclusivenews.com.br\/#\/schema\/logo\/image\/"},"sameAs":["https:\/\/www.facebook.com\/agenciainclusive\/","https:\/\/www.instagram.com\/newsinclusive\/"]},{"@type":"Person","@id":"https:\/\/inclusivenews.com.br\/#\/schema\/person\/ae4ec7087559b8692fb33b6fffd2273b","name":"inclusivenews2024","image":{"@type":"ImageObject","inLanguage":"pt-PT","@id":"https:\/\/secure.gravatar.com\/avatar\/c5a7ef84c66fa914f55bc4f7ce26cfa275a3b9a1c5568b907bd184fb4dde7b40?s=96&d=mm&r=g","url":"https:\/\/secure.gravatar.com\/avatar\/c5a7ef84c66fa914f55bc4f7ce26cfa275a3b9a1c5568b907bd184fb4dde7b40?s=96&d=mm&r=g","contentUrl":"https:\/\/secure.gravatar.com\/avatar\/c5a7ef84c66fa914f55bc4f7ce26cfa275a3b9a1c5568b907bd184fb4dde7b40?s=96&d=mm&r=g","caption":"inclusivenews2024"},"sameAs":["https:\/\/inclusivenews.com.br"],"url":"https:\/\/inclusivenews.com.br\/?author=1"}]}},"_links":{"self":[{"href":"https:\/\/inclusivenews.com.br\/index.php?rest_route=\/wp\/v2\/posts\/26063","targetHints":{"allow":["GET"]}}],"collection":[{"href":"https:\/\/inclusivenews.com.br\/index.php?rest_route=\/wp\/v2\/posts"}],"about":[{"href":"https:\/\/inclusivenews.com.br\/index.php?rest_route=\/wp\/v2\/types\/post"}],"author":[{"embeddable":true,"href":"https:\/\/inclusivenews.com.br\/index.php?rest_route=\/wp\/v2\/users\/1"}],"replies":[{"embeddable":true,"href":"https:\/\/inclusivenews.com.br\/index.php?rest_route=%2Fwp%2Fv2%2Fcomments&post=26063"}],"version-history":[{"count":0,"href":"https:\/\/inclusivenews.com.br\/index.php?rest_route=\/wp\/v2\/posts\/26063\/revisions"}],"wp:attachment":[{"href":"https:\/\/inclusivenews.com.br\/index.php?rest_route=%2Fwp%2Fv2%2Fmedia&parent=26063"}],"wp:term":[{"taxonomy":"category","embeddable":true,"href":"https:\/\/inclusivenews.com.br\/index.php?rest_route=%2Fwp%2Fv2%2Fcategories&post=26063"},{"taxonomy":"post_tag","embeddable":true,"href":"https:\/\/inclusivenews.com.br\/index.php?rest_route=%2Fwp%2Fv2%2Ftags&post=26063"}],"curies":[{"name":"wp","href":"https:\/\/api.w.org\/{rel}","templated":true}]}}