{"id":26066,"date":"2014-01-28T21:51:30","date_gmt":"2014-01-29T00:51:30","guid":{"rendered":"http:\/\/www.inclusive.org.br\/?p=26066"},"modified":"2014-01-28T21:51:30","modified_gmt":"2014-01-29T00:51:30","slug":"oab-rj-pede-que-cnj-reveja-decisao-sobre-advogada-cega","status":"publish","type":"post","link":"https:\/\/inclusivenews.com.br\/?p=26066","title":{"rendered":"OAB-RJ pede que CNJ reveja decis\u00e3o sobre advogada cega"},"content":{"rendered":"<p><img loading=\"lazy\" decoding=\"async\" src=\"http:\/\/inclusivenews.com.br\/wp-content\/uploads\/martelo.jpeg\" alt=\"O martelo da justi\u00e7a sobre um livro\" width=\"304\" height=\"128\" class=\"alignnone size-full wp-image-21796\" \/>Ap\u00f3s o Conselho Nacional de Justi\u00e7a negar que uma advogada cega continue a usar papel por ter problemas no acesso eletr\u00f4nico, a seccional da Ordem dos Advogados do Brasil no Rio de Janeiro apresentou pedido de reconsidera\u00e7\u00e3o ao que classificou de tratamento \u201ccruel\u201d. No documento protocolado na \u00faltima segunda-feira (27\/1), a OAB-RJ diz que a decis\u00e3o causa \u201c\u00f3bice\u201d ao exerc\u00edcio profissional da advogada Deborah Prates e faz com que ela fique \u00e0 merc\u00ea da piedade de terceiros.<\/p>\n<p>Deborah, que atua no Rio, usa o computador e escreve e-mails com uma ferramenta que traduz em \u00e1udio os textos que aparecem na tela. A profissional relata que essa ferramenta passou a travar com a implementa\u00e7\u00e3o do Processo Judicial Eletr\u00f4nico (PJe). Em novembro de 2013, ela solicitou ao CNJ uma liminar que permitisse provisoriamente a continuidade do uso do papel, afirmando que o PJe ignora normas de acessibilidade para a internet e que hoje precisa implorar a outras pessoas para enviar peti\u00e7\u00f5es eletr\u00f4nicas, sentindo-se dependente.<\/p>\n<p>O ministro Joaquim Barbosa, presidente do conselho, avaliou em dezembro que n\u00e3o havia raz\u00f5es suficientes para conceder a liminar, j\u00e1 que \u201co motivo explanado pela reclamante (&#8230;) n\u00e3o configura o perigo de dano irrepar\u00e1vel ou de dif\u00edcil repara\u00e7\u00e3o\u201d. Barbosa suspendeu a reclama\u00e7\u00e3o por entender que j\u00e1 tramita no CNJ um pedido semelhante apresentado pelo Conselho Federal da OAB.<\/p>\n<p>Para a seccional da Ordem no Rio, h\u00e1 claro risco de dano irrepar\u00e1vel no tratamento dispensado \u00e0 reclamante. A decis\u00e3o de Barbosa retira dela a sua dignidade, \u201cpois a submete \u00e0 vexat\u00f3ria situa\u00e7\u00e3o de se valer de outra pessoa para cumprir seu mister\u201d, diz o pedido. O procurador-geral da OAB-RJ, Luiz Gustavo Bichara, um dos signat\u00e1rios, diz que a negativa \u00e9 grave, pois viola conven\u00e7\u00f5es internacionais sobre direitos humanos e o pr\u00f3prio regimento do CNJ, que prev\u00ea condi\u00e7\u00f5es de acessibilidade.<\/p>\n<p>\u201cTrata-se de um capricho. Passamos v\u00e1rios s\u00e9culos peticionando em papel. Um grupo de pessoas com defici\u00eancia n\u00e3o pode agora continuar fazendo isso por mais um tempo at\u00e9 que o sistema seja adaptado?\u201d, questiona Bichara. Segundo ele, a OAB-RJ registrou reclama\u00e7\u00f5es de v\u00e1rios outros profissionais com defici\u00eancia.<\/p>\n<p>Clique <a href=\"http:\/\/s.conjur.com.br\/dl\/oab-rj-cnj-volte-atras-decisao-negou.pdf\">aqui<\/a> para ler o pedido.<\/p>\n<p>Processo: 0006968-22.2013.2.00.0000<\/p>\n<p>Fonte &#8211; <a href=\"http:\/\/www.conjur.com.br\/2014-jan-28\/oab-rj-cnj-reveja-decisao-negou-peticao-papel-cega\">http:\/\/www.conjur.com.br\/2014-jan-28\/oab-rj-cnj-reveja-decisao-negou-peticao-papel-cega<\/a><\/p>\n<p>A advogada Deborah Prates come\u00e7ou uma peti\u00e7\u00e3o virtual para buscar apoio ao seu pleito. Para assinar, clique abaixo<br \/>\n<a href=\"https:\/\/secure.avaaz.org\/po\/petition\/Ministro_Joaquim_Barbosa_Acessibilidade_nos_sites_do_Judiciario_Executivo_e_Legislativo\/\">https:\/\/secure.avaaz.org\/po\/petition\/Ministro_Joaquim_Barbosa_Acessibilidade_nos_sites_do_Judiciario_Executivo_e_Legislativo\/<\/a><\/p>\n","protected":false},"excerpt":{"rendered":"<p>Ela diz que o Processo Judicial Eletr\u00f4nico ignora normas de acessibilidade para a internet e que hoje precisa implorar a outras pessoas para enviar peti\u00e7\u00f5es eletr\u00f4nicas, sentindo-se dependente.<\/p>\n","protected":false},"author":1,"featured_media":0,"comment_status":"open","ping_status":"open","sticky":false,"template":"","format":"standard","meta":{"site-container-style":"default","site-container-layout":"default","site-sidebar-layout":"default","disable-article-header":"default","disable-site-header":"default","disable-site-footer":"default","disable-content-area-spacing":"default","footnotes":""},"categories":[44,11,39,48,26],"tags":[],"class_list":["post-26066","post","type-post","status-publish","format-standard","hentry","category-acessibilidade","category-direitos-humanos","category-discriminacao","category-inclusao","category-legislacao"],"yoast_head":"<!-- This site is optimized with the Yoast SEO plugin v27.4 - https:\/\/yoast.com\/product\/yoast-seo-wordpress\/ -->\n<title>OAB-RJ pede que CNJ reveja decis\u00e3o sobre advogada cega -<\/title>\n<meta name=\"robots\" content=\"index, follow, max-snippet:-1, max-image-preview:large, max-video-preview:-1\" \/>\n<link rel=\"canonical\" href=\"https:\/\/inclusivenews.com.br\/?p=26066\" \/>\n<meta property=\"og:locale\" content=\"pt_PT\" \/>\n<meta property=\"og:type\" content=\"article\" \/>\n<meta property=\"og:title\" content=\"OAB-RJ pede que CNJ reveja decis\u00e3o sobre advogada cega -\" \/>\n<meta property=\"og:description\" content=\"Ela diz que o Processo Judicial Eletr\u00f4nico ignora normas de acessibilidade para a internet e que hoje precisa implorar a outras pessoas para enviar peti\u00e7\u00f5es eletr\u00f4nicas, sentindo-se dependente.\" \/>\n<meta property=\"og:url\" content=\"https:\/\/inclusivenews.com.br\/?p=26066\" \/>\n<meta property=\"article:publisher\" content=\"https:\/\/www.facebook.com\/agenciainclusive\/\" \/>\n<meta property=\"article:published_time\" content=\"2014-01-29T00:51:30+00:00\" \/>\n<meta property=\"og:image\" content=\"http:\/\/inclusivenews.com.br\/wp-content\/uploads\/martelo.jpeg\" \/>\n<meta name=\"author\" content=\"inclusivenews2024\" \/>\n<meta name=\"twitter:card\" content=\"summary_large_image\" \/>\n<meta name=\"twitter:label1\" content=\"Escrito por\" \/>\n\t<meta name=\"twitter:data1\" content=\"inclusivenews2024\" \/>\n\t<meta name=\"twitter:label2\" content=\"Tempo estimado de leitura\" \/>\n\t<meta name=\"twitter:data2\" content=\"2 minutos\" \/>\n<script type=\"application\/ld+json\" class=\"yoast-schema-graph\">{\"@context\":\"https:\\\/\\\/schema.org\",\"@graph\":[{\"@type\":\"Article\",\"@id\":\"https:\\\/\\\/inclusivenews.com.br\\\/?p=26066#article\",\"isPartOf\":{\"@id\":\"https:\\\/\\\/inclusivenews.com.br\\\/?p=26066\"},\"author\":{\"name\":\"inclusivenews2024\",\"@id\":\"https:\\\/\\\/inclusivenews.com.br\\\/#\\\/schema\\\/person\\\/ae4ec7087559b8692fb33b6fffd2273b\"},\"headline\":\"OAB-RJ pede que CNJ reveja decis\u00e3o sobre advogada cega\",\"datePublished\":\"2014-01-29T00:51:30+00:00\",\"mainEntityOfPage\":{\"@id\":\"https:\\\/\\\/inclusivenews.com.br\\\/?p=26066\"},\"wordCount\":435,\"commentCount\":0,\"publisher\":{\"@id\":\"https:\\\/\\\/inclusivenews.com.br\\\/#organization\"},\"image\":{\"@id\":\"https:\\\/\\\/inclusivenews.com.br\\\/?p=26066#primaryimage\"},\"thumbnailUrl\":\"http:\\\/\\\/inclusivenews.com.br\\\/wp-content\\\/uploads\\\/martelo.jpeg\",\"articleSection\":[\"ACESSIBILIDADE\",\"DIREITOS HUMANOS\",\"Discrimina\u00e7\u00e3o\",\"INCLUS\u00c3O SOCIAL\",\"Legisla\u00e7\u00e3o ...\"],\"inLanguage\":\"pt-PT\",\"potentialAction\":[{\"@type\":\"CommentAction\",\"name\":\"Comment\",\"target\":[\"https:\\\/\\\/inclusivenews.com.br\\\/?p=26066#respond\"]}]},{\"@type\":\"WebPage\",\"@id\":\"https:\\\/\\\/inclusivenews.com.br\\\/?p=26066\",\"url\":\"https:\\\/\\\/inclusivenews.com.br\\\/?p=26066\",\"name\":\"OAB-RJ pede que CNJ reveja decis\u00e3o sobre advogada cega -\",\"isPartOf\":{\"@id\":\"https:\\\/\\\/inclusivenews.com.br\\\/#website\"},\"primaryImageOfPage\":{\"@id\":\"https:\\\/\\\/inclusivenews.com.br\\\/?p=26066#primaryimage\"},\"image\":{\"@id\":\"https:\\\/\\\/inclusivenews.com.br\\\/?p=26066#primaryimage\"},\"thumbnailUrl\":\"http:\\\/\\\/inclusivenews.com.br\\\/wp-content\\\/uploads\\\/martelo.jpeg\",\"datePublished\":\"2014-01-29T00:51:30+00:00\",\"breadcrumb\":{\"@id\":\"https:\\\/\\\/inclusivenews.com.br\\\/?p=26066#breadcrumb\"},\"inLanguage\":\"pt-PT\",\"potentialAction\":[{\"@type\":\"ReadAction\",\"target\":[\"https:\\\/\\\/inclusivenews.com.br\\\/?p=26066\"]}]},{\"@type\":\"ImageObject\",\"inLanguage\":\"pt-PT\",\"@id\":\"https:\\\/\\\/inclusivenews.com.br\\\/?p=26066#primaryimage\",\"url\":\"\",\"contentUrl\":\"\"},{\"@type\":\"BreadcrumbList\",\"@id\":\"https:\\\/\\\/inclusivenews.com.br\\\/?p=26066#breadcrumb\",\"itemListElement\":[{\"@type\":\"ListItem\",\"position\":1,\"name\":\"In\u00edcio\",\"item\":\"https:\\\/\\\/inclusivenews.com.br\\\/\"},{\"@type\":\"ListItem\",\"position\":2,\"name\":\"OAB-RJ pede que CNJ reveja decis\u00e3o sobre advogada cega\"}]},{\"@type\":\"WebSite\",\"@id\":\"https:\\\/\\\/inclusivenews.com.br\\\/#website\",\"url\":\"https:\\\/\\\/inclusivenews.com.br\\\/\",\"name\":\"Inclusive News\",\"description\":\"Inclusive News\",\"publisher\":{\"@id\":\"https:\\\/\\\/inclusivenews.com.br\\\/#organization\"},\"potentialAction\":[{\"@type\":\"SearchAction\",\"target\":{\"@type\":\"EntryPoint\",\"urlTemplate\":\"https:\\\/\\\/inclusivenews.com.br\\\/?s={search_term_string}\"},\"query-input\":{\"@type\":\"PropertyValueSpecification\",\"valueRequired\":true,\"valueName\":\"search_term_string\"}}],\"inLanguage\":\"pt-PT\"},{\"@type\":\"Organization\",\"@id\":\"https:\\\/\\\/inclusivenews.com.br\\\/#organization\",\"name\":\"Inclusive - inclus\u00e3o e cidadania\",\"url\":\"https:\\\/\\\/inclusivenews.com.br\\\/\",\"logo\":{\"@type\":\"ImageObject\",\"inLanguage\":\"pt-PT\",\"@id\":\"https:\\\/\\\/inclusivenews.com.br\\\/#\\\/schema\\\/logo\\\/image\\\/\",\"url\":\"https:\\\/\\\/inclusivenews.com.br\\\/wp-content\\\/uploads\\\/2024\\\/03\\\/@grandesite.png\",\"contentUrl\":\"https:\\\/\\\/inclusivenews.com.br\\\/wp-content\\\/uploads\\\/2024\\\/03\\\/@grandesite.png\",\"width\":1080,\"height\":1080,\"caption\":\"Inclusive - inclus\u00e3o e cidadania\"},\"image\":{\"@id\":\"https:\\\/\\\/inclusivenews.com.br\\\/#\\\/schema\\\/logo\\\/image\\\/\"},\"sameAs\":[\"https:\\\/\\\/www.facebook.com\\\/agenciainclusive\\\/\",\"https:\\\/\\\/www.instagram.com\\\/newsinclusive\\\/\"]},{\"@type\":\"Person\",\"@id\":\"https:\\\/\\\/inclusivenews.com.br\\\/#\\\/schema\\\/person\\\/ae4ec7087559b8692fb33b6fffd2273b\",\"name\":\"inclusivenews2024\",\"image\":{\"@type\":\"ImageObject\",\"inLanguage\":\"pt-PT\",\"@id\":\"https:\\\/\\\/secure.gravatar.com\\\/avatar\\\/c5a7ef84c66fa914f55bc4f7ce26cfa275a3b9a1c5568b907bd184fb4dde7b40?s=96&d=mm&r=g\",\"url\":\"https:\\\/\\\/secure.gravatar.com\\\/avatar\\\/c5a7ef84c66fa914f55bc4f7ce26cfa275a3b9a1c5568b907bd184fb4dde7b40?s=96&d=mm&r=g\",\"contentUrl\":\"https:\\\/\\\/secure.gravatar.com\\\/avatar\\\/c5a7ef84c66fa914f55bc4f7ce26cfa275a3b9a1c5568b907bd184fb4dde7b40?s=96&d=mm&r=g\",\"caption\":\"inclusivenews2024\"},\"sameAs\":[\"https:\\\/\\\/inclusivenews.com.br\"],\"url\":\"https:\\\/\\\/inclusivenews.com.br\\\/?author=1\"}]}<\/script>\n<!-- \/ Yoast SEO plugin. -->","yoast_head_json":{"title":"OAB-RJ pede que CNJ reveja decis\u00e3o sobre advogada cega -","robots":{"index":"index","follow":"follow","max-snippet":"max-snippet:-1","max-image-preview":"max-image-preview:large","max-video-preview":"max-video-preview:-1"},"canonical":"https:\/\/inclusivenews.com.br\/?p=26066","og_locale":"pt_PT","og_type":"article","og_title":"OAB-RJ pede que CNJ reveja decis\u00e3o sobre advogada cega -","og_description":"Ela diz que o Processo Judicial Eletr\u00f4nico ignora normas de acessibilidade para a internet e que hoje precisa implorar a outras pessoas para enviar peti\u00e7\u00f5es eletr\u00f4nicas, sentindo-se dependente.","og_url":"https:\/\/inclusivenews.com.br\/?p=26066","article_publisher":"https:\/\/www.facebook.com\/agenciainclusive\/","article_published_time":"2014-01-29T00:51:30+00:00","og_image":[{"url":"http:\/\/inclusivenews.com.br\/wp-content\/uploads\/martelo.jpeg","type":"","width":"","height":""}],"author":"inclusivenews2024","twitter_card":"summary_large_image","twitter_misc":{"Escrito por":"inclusivenews2024","Tempo estimado de leitura":"2 minutos"},"schema":{"@context":"https:\/\/schema.org","@graph":[{"@type":"Article","@id":"https:\/\/inclusivenews.com.br\/?p=26066#article","isPartOf":{"@id":"https:\/\/inclusivenews.com.br\/?p=26066"},"author":{"name":"inclusivenews2024","@id":"https:\/\/inclusivenews.com.br\/#\/schema\/person\/ae4ec7087559b8692fb33b6fffd2273b"},"headline":"OAB-RJ pede que CNJ reveja decis\u00e3o sobre advogada cega","datePublished":"2014-01-29T00:51:30+00:00","mainEntityOfPage":{"@id":"https:\/\/inclusivenews.com.br\/?p=26066"},"wordCount":435,"commentCount":0,"publisher":{"@id":"https:\/\/inclusivenews.com.br\/#organization"},"image":{"@id":"https:\/\/inclusivenews.com.br\/?p=26066#primaryimage"},"thumbnailUrl":"http:\/\/inclusivenews.com.br\/wp-content\/uploads\/martelo.jpeg","articleSection":["ACESSIBILIDADE","DIREITOS HUMANOS","Discrimina\u00e7\u00e3o","INCLUS\u00c3O SOCIAL","Legisla\u00e7\u00e3o ..."],"inLanguage":"pt-PT","potentialAction":[{"@type":"CommentAction","name":"Comment","target":["https:\/\/inclusivenews.com.br\/?p=26066#respond"]}]},{"@type":"WebPage","@id":"https:\/\/inclusivenews.com.br\/?p=26066","url":"https:\/\/inclusivenews.com.br\/?p=26066","name":"OAB-RJ pede que CNJ reveja decis\u00e3o sobre advogada cega -","isPartOf":{"@id":"https:\/\/inclusivenews.com.br\/#website"},"primaryImageOfPage":{"@id":"https:\/\/inclusivenews.com.br\/?p=26066#primaryimage"},"image":{"@id":"https:\/\/inclusivenews.com.br\/?p=26066#primaryimage"},"thumbnailUrl":"http:\/\/inclusivenews.com.br\/wp-content\/uploads\/martelo.jpeg","datePublished":"2014-01-29T00:51:30+00:00","breadcrumb":{"@id":"https:\/\/inclusivenews.com.br\/?p=26066#breadcrumb"},"inLanguage":"pt-PT","potentialAction":[{"@type":"ReadAction","target":["https:\/\/inclusivenews.com.br\/?p=26066"]}]},{"@type":"ImageObject","inLanguage":"pt-PT","@id":"https:\/\/inclusivenews.com.br\/?p=26066#primaryimage","url":"","contentUrl":""},{"@type":"BreadcrumbList","@id":"https:\/\/inclusivenews.com.br\/?p=26066#breadcrumb","itemListElement":[{"@type":"ListItem","position":1,"name":"In\u00edcio","item":"https:\/\/inclusivenews.com.br\/"},{"@type":"ListItem","position":2,"name":"OAB-RJ pede que CNJ reveja decis\u00e3o sobre advogada cega"}]},{"@type":"WebSite","@id":"https:\/\/inclusivenews.com.br\/#website","url":"https:\/\/inclusivenews.com.br\/","name":"Inclusive News","description":"Inclusive News","publisher":{"@id":"https:\/\/inclusivenews.com.br\/#organization"},"potentialAction":[{"@type":"SearchAction","target":{"@type":"EntryPoint","urlTemplate":"https:\/\/inclusivenews.com.br\/?s={search_term_string}"},"query-input":{"@type":"PropertyValueSpecification","valueRequired":true,"valueName":"search_term_string"}}],"inLanguage":"pt-PT"},{"@type":"Organization","@id":"https:\/\/inclusivenews.com.br\/#organization","name":"Inclusive - inclus\u00e3o e cidadania","url":"https:\/\/inclusivenews.com.br\/","logo":{"@type":"ImageObject","inLanguage":"pt-PT","@id":"https:\/\/inclusivenews.com.br\/#\/schema\/logo\/image\/","url":"https:\/\/inclusivenews.com.br\/wp-content\/uploads\/2024\/03\/@grandesite.png","contentUrl":"https:\/\/inclusivenews.com.br\/wp-content\/uploads\/2024\/03\/@grandesite.png","width":1080,"height":1080,"caption":"Inclusive - inclus\u00e3o e cidadania"},"image":{"@id":"https:\/\/inclusivenews.com.br\/#\/schema\/logo\/image\/"},"sameAs":["https:\/\/www.facebook.com\/agenciainclusive\/","https:\/\/www.instagram.com\/newsinclusive\/"]},{"@type":"Person","@id":"https:\/\/inclusivenews.com.br\/#\/schema\/person\/ae4ec7087559b8692fb33b6fffd2273b","name":"inclusivenews2024","image":{"@type":"ImageObject","inLanguage":"pt-PT","@id":"https:\/\/secure.gravatar.com\/avatar\/c5a7ef84c66fa914f55bc4f7ce26cfa275a3b9a1c5568b907bd184fb4dde7b40?s=96&d=mm&r=g","url":"https:\/\/secure.gravatar.com\/avatar\/c5a7ef84c66fa914f55bc4f7ce26cfa275a3b9a1c5568b907bd184fb4dde7b40?s=96&d=mm&r=g","contentUrl":"https:\/\/secure.gravatar.com\/avatar\/c5a7ef84c66fa914f55bc4f7ce26cfa275a3b9a1c5568b907bd184fb4dde7b40?s=96&d=mm&r=g","caption":"inclusivenews2024"},"sameAs":["https:\/\/inclusivenews.com.br"],"url":"https:\/\/inclusivenews.com.br\/?author=1"}]}},"_links":{"self":[{"href":"https:\/\/inclusivenews.com.br\/index.php?rest_route=\/wp\/v2\/posts\/26066","targetHints":{"allow":["GET"]}}],"collection":[{"href":"https:\/\/inclusivenews.com.br\/index.php?rest_route=\/wp\/v2\/posts"}],"about":[{"href":"https:\/\/inclusivenews.com.br\/index.php?rest_route=\/wp\/v2\/types\/post"}],"author":[{"embeddable":true,"href":"https:\/\/inclusivenews.com.br\/index.php?rest_route=\/wp\/v2\/users\/1"}],"replies":[{"embeddable":true,"href":"https:\/\/inclusivenews.com.br\/index.php?rest_route=%2Fwp%2Fv2%2Fcomments&post=26066"}],"version-history":[{"count":0,"href":"https:\/\/inclusivenews.com.br\/index.php?rest_route=\/wp\/v2\/posts\/26066\/revisions"}],"wp:attachment":[{"href":"https:\/\/inclusivenews.com.br\/index.php?rest_route=%2Fwp%2Fv2%2Fmedia&parent=26066"}],"wp:term":[{"taxonomy":"category","embeddable":true,"href":"https:\/\/inclusivenews.com.br\/index.php?rest_route=%2Fwp%2Fv2%2Fcategories&post=26066"},{"taxonomy":"post_tag","embeddable":true,"href":"https:\/\/inclusivenews.com.br\/index.php?rest_route=%2Fwp%2Fv2%2Ftags&post=26066"}],"curies":[{"name":"wp","href":"https:\/\/api.w.org\/{rel}","templated":true}]}}