{"id":26075,"date":"2014-02-02T17:08:42","date_gmt":"2014-02-02T20:08:42","guid":{"rendered":"http:\/\/www.inclusive.org.br\/?p=26075"},"modified":"2014-02-02T17:08:42","modified_gmt":"2014-02-02T20:08:42","slug":"posicionamento-do-forum-nacional-de-educacao-inclusiva-sobre-o-decreto-60-07514-de-sao-paulo","status":"publish","type":"post","link":"https:\/\/inclusivenews.com.br\/?p=26075","title":{"rendered":"Posicionamento do F\u00f3rum Nacional de Educa\u00e7\u00e3o Inclusiva sobre o Decreto 60.075\/14 de S\u00e3o Paulo"},"content":{"rendered":"<p><a href=\"http:\/\/inclusaoja.com.br\/forum-nacional-de-educacao-inclusiva\/\"><img loading=\"lazy\" decoding=\"async\" class=\"alignnone size-full wp-image-26076\" alt=\"Lapis coloridos e as palavras cadastre-se - forum nacional de educacao inclusiva.\" src=\"http:\/\/inclusivenews.com.br\/wp-content\/uploads\/forum-nacional-cadastre-se.jpg\" width=\"450\" height=\"299\" \/><\/a>Vimos por meio deste divulgar o posicionamento do F\u00f3rum Nacional de Educa\u00e7\u00e3o Inclusiva e demais entidades sobre o Decreto 60.075, de 17 de janeiro de 2014, do estado de S\u00e3o Paulo, que altera a denomina\u00e7\u00e3o do \u201cPrograma Estadual de Atendimento \u00e0s Pessoas com Defici\u00eancia Intelectual\u201d, institu\u00eddo pelo Decreto n\u00ba 58.658, de 4 de dezembro de 2012, estabelece as diretrizes e metas para sua implementa\u00e7\u00e3o e d\u00e1 provid\u00eancias correlatas. O referido documento traz em seu Art. 2\u00ba, o seguinte teor:<\/p>\n<p>[&#8230;]<\/p>\n<p>II \u2013 \u00e0 Secretaria da Educa\u00e7\u00e3o:<\/p>\n<p>a) a\u00e7\u00f5es de curto prazo:<br \/>\n1. definir crit\u00e9rios de elegibilidade dos alunos com Defici\u00eancia Intelectual a serem atendidos na rede regular de ensino e nas escolas especiais;<\/p>\n<p>Posicionamento do F\u00f3rum Nacional de Educa\u00e7\u00e3o Inclusiva sobre o trecho do Decreto supracitado:<\/p>\n<p>No dia 17 de janeiro de 2014 o governador de S\u00e3o Paulo, sr. Geraldo Alckmin, assinou o Decreto N. 60.075, que altera a denomina\u00e7\u00e3o do \u201cPrograma Estadual de Atendimento \u00e0s Pessoas com Defici\u00eancia Intelectual\u201d, institu\u00eddo pelo Decreto n\u00ba 58.658, de 4 de dezembro de 2012, com diretriz assertivamente excludente, por criar crit\u00e9rios de elegibilidade para o acesso \u00e0 educa\u00e7\u00e3o, contrariando, deste modo, a Conven\u00e7\u00e3o sobre os Direitos das Pessoas com Defici\u00eancia, que \u00e9 norma constitucional, e a Constitui\u00e7\u00e3o Federal.<\/p>\n<p>Ao definir crit\u00e9rios de elegibilidade, o governador de S\u00e3o Paulo institui oficialmente a triagem de seres humanos, definindo aqueles que podem e aqueles que n\u00e3o podem pertencer \u00e0 sociedade, o que \u00e9 discrimina\u00e7\u00e3o. \u00c0 parte disso, a educa\u00e7\u00e3o \u00e9 direito fundamental, inalien\u00e1vel, sendo que \u00e9 atribui\u00e7\u00e3o do governador efetivar direitos por meio de pol\u00edticas p\u00fablicas adequadas; e n\u00e3o fazer o contr\u00e1rio.<\/p>\n<p>As atribui\u00e7\u00f5es da Secretaria Estadual de Educa\u00e7\u00e3o de S\u00e3o Paulo, no \u00e2mbito do programa, devem ser cuidadosamente estudadas e analisadas, pois podem, sim, levar a s\u00e9rias viola\u00e7\u00f5es de Direitos Humanos, fomentando pr\u00e1ticas que, mais adiante, poder\u00e3o ser comparadas a pol\u00edticas higienistas.<\/p>\n<p>A elegibilidade para o acesso \u00e0 educa\u00e7\u00e3o j\u00e1 \u00e9 um ato de exclus\u00e3o educacional e social, pois impede avan\u00e7os econ\u00f4micos e sociais, atenta contra o desenvolvimento inclusivo e mant\u00e9m pessoas com defici\u00eancia na pobreza.<\/p>\n<p>Nesse sentido, para que esteja de acordo com o nosso marco legal, a \u00fanica defini\u00e7\u00e3o cab\u00edvel de crit\u00e9rios \u00e9 aquela que visa assegurar direitos: no caso, garantir o acesso e a perman\u00eancia na educa\u00e7\u00e3o em classe comum da escola regular. Dessa forma, sim, a institui\u00e7\u00e3o de parceria do setor de Educa\u00e7\u00e3o com as escolas especiais seria bem vinda e estaria de acordo com o nosso ordenamento jur\u00eddico. Infelizmente n\u00e3o \u00e9 esse o conte\u00fado do Decreto, haja vista que, no que diz respeito \u00e0 efetiva\u00e7\u00e3o do direito \u00e0 educa\u00e7\u00e3o, tende a ser um forte instrumento de viola\u00e7\u00e3o.<\/p>\n<p>Signat\u00e1rios:<\/p>\n<p>F\u00f3rum Nacional de Educa\u00e7\u00e3o Inclusiva<br \/>\nRede Inclusiva Direitos Humanos \u2013 BR<br \/>\nMovimento Supera\u00e7\u00e3o<br \/>\nAbra\u00e7a \u2013 Associa\u00e7\u00e3o Brasileira para A\u00e7\u00e3o por Direitos da Pessoa com Autismo<br \/>\nAmankay Instituto de Estudos e Pesquisa<br \/>\nMovimento Cidade Para Todos<br \/>\nInclusive \u2013 Inclus\u00e3o e Cidadania<br \/>\nGrupo Sindrome de Down<br \/>\nGrupo F\u00f3rum Inclus\u00e3o<br \/>\nFADA \u2013 Fam\u00edlia Down e Amigos de Ribeir\u00e3o Preto<br \/>\nInstituto Supera\u00e7\u00e3o Brasil \u2013 ISBRA<br \/>\nAPS Down<br \/>\nInstituto \u00c1pice Down<\/p>\n","protected":false},"excerpt":{"rendered":"<p>Vimos por meio deste divulgar o posicionamento do F\u00f3rum Nacional de Educa\u00e7\u00e3o Inclusiva e demais entidades sobre o Decreto 60.075, de 17 de janeiro de 2014, do estado de S\u00e3o Paulo, que altera a denomina\u00e7\u00e3o do \u201cPrograma Estadual de Atendimento \u00e0s Pessoas com Defici\u00eancia Intelectual\u201d, institu\u00eddo pelo Decreto n\u00ba 58.658, de 4 de dezembro de [&hellip;]<\/p>\n","protected":false},"author":1,"featured_media":0,"comment_status":"open","ping_status":"open","sticky":false,"template":"","format":"standard","meta":{"site-container-style":"default","site-container-layout":"default","site-sidebar-layout":"default","disable-article-header":"default","disable-site-header":"default","disable-site-footer":"default","disable-content-area-spacing":"default","footnotes":""},"categories":[38,6,48,26],"tags":[],"class_list":["post-26075","post","type-post","status-publish","format-standard","hentry","category-deficiencia","category-educacao","category-inclusao","category-legislacao"],"yoast_head":"<!-- This site is optimized with the Yoast SEO plugin v27.4 - https:\/\/yoast.com\/product\/yoast-seo-wordpress\/ -->\n<title>Posicionamento do F\u00f3rum Nacional de Educa\u00e7\u00e3o Inclusiva sobre o Decreto 60.075\/14 de S\u00e3o Paulo -<\/title>\n<meta name=\"robots\" content=\"index, follow, max-snippet:-1, max-image-preview:large, max-video-preview:-1\" \/>\n<link rel=\"canonical\" href=\"https:\/\/inclusivenews.com.br\/?p=26075\" \/>\n<meta property=\"og:locale\" content=\"pt_PT\" \/>\n<meta property=\"og:type\" content=\"article\" \/>\n<meta property=\"og:title\" content=\"Posicionamento do F\u00f3rum Nacional de Educa\u00e7\u00e3o Inclusiva sobre o Decreto 60.075\/14 de S\u00e3o Paulo -\" \/>\n<meta property=\"og:description\" content=\"Vimos por meio deste divulgar o posicionamento do F\u00f3rum Nacional de Educa\u00e7\u00e3o Inclusiva e demais entidades sobre o Decreto 60.075, de 17 de janeiro de 2014, do estado de S\u00e3o Paulo, que altera a denomina\u00e7\u00e3o do \u201cPrograma Estadual de Atendimento \u00e0s Pessoas com Defici\u00eancia Intelectual\u201d, institu\u00eddo pelo Decreto n\u00ba 58.658, de 4 de dezembro de [&hellip;]\" \/>\n<meta property=\"og:url\" content=\"https:\/\/inclusivenews.com.br\/?p=26075\" \/>\n<meta property=\"article:publisher\" content=\"https:\/\/www.facebook.com\/agenciainclusive\/\" \/>\n<meta property=\"article:published_time\" content=\"2014-02-02T20:08:42+00:00\" \/>\n<meta property=\"og:image\" content=\"http:\/\/inclusivenews.com.br\/wp-content\/uploads\/forum-nacional-cadastre-se.jpg\" \/>\n<meta name=\"author\" content=\"inclusivenews2024\" \/>\n<meta name=\"twitter:card\" content=\"summary_large_image\" \/>\n<meta name=\"twitter:label1\" content=\"Escrito por\" \/>\n\t<meta name=\"twitter:data1\" content=\"inclusivenews2024\" \/>\n\t<meta name=\"twitter:label2\" content=\"Tempo estimado de leitura\" \/>\n\t<meta name=\"twitter:data2\" content=\"3 minutos\" \/>\n<script type=\"application\/ld+json\" class=\"yoast-schema-graph\">{\"@context\":\"https:\\\/\\\/schema.org\",\"@graph\":[{\"@type\":\"Article\",\"@id\":\"https:\\\/\\\/inclusivenews.com.br\\\/?p=26075#article\",\"isPartOf\":{\"@id\":\"https:\\\/\\\/inclusivenews.com.br\\\/?p=26075\"},\"author\":{\"name\":\"inclusivenews2024\",\"@id\":\"https:\\\/\\\/inclusivenews.com.br\\\/#\\\/schema\\\/person\\\/ae4ec7087559b8692fb33b6fffd2273b\"},\"headline\":\"Posicionamento do F\u00f3rum Nacional de Educa\u00e7\u00e3o Inclusiva sobre o Decreto 60.075\\\/14 de S\u00e3o Paulo\",\"datePublished\":\"2014-02-02T20:08:42+00:00\",\"mainEntityOfPage\":{\"@id\":\"https:\\\/\\\/inclusivenews.com.br\\\/?p=26075\"},\"wordCount\":559,\"commentCount\":2,\"publisher\":{\"@id\":\"https:\\\/\\\/inclusivenews.com.br\\\/#organization\"},\"image\":{\"@id\":\"https:\\\/\\\/inclusivenews.com.br\\\/?p=26075#primaryimage\"},\"thumbnailUrl\":\"http:\\\/\\\/inclusivenews.com.br\\\/wp-content\\\/uploads\\\/forum-nacional-cadastre-se.jpg\",\"articleSection\":[\"Defici\u00eancia\",\"EDUCA\u00c7\u00c3O\",\"INCLUS\u00c3O SOCIAL\",\"Legisla\u00e7\u00e3o ...\"],\"inLanguage\":\"pt-PT\",\"potentialAction\":[{\"@type\":\"CommentAction\",\"name\":\"Comment\",\"target\":[\"https:\\\/\\\/inclusivenews.com.br\\\/?p=26075#respond\"]}]},{\"@type\":\"WebPage\",\"@id\":\"https:\\\/\\\/inclusivenews.com.br\\\/?p=26075\",\"url\":\"https:\\\/\\\/inclusivenews.com.br\\\/?p=26075\",\"name\":\"Posicionamento do F\u00f3rum Nacional de Educa\u00e7\u00e3o Inclusiva sobre o Decreto 60.075\\\/14 de S\u00e3o Paulo -\",\"isPartOf\":{\"@id\":\"https:\\\/\\\/inclusivenews.com.br\\\/#website\"},\"primaryImageOfPage\":{\"@id\":\"https:\\\/\\\/inclusivenews.com.br\\\/?p=26075#primaryimage\"},\"image\":{\"@id\":\"https:\\\/\\\/inclusivenews.com.br\\\/?p=26075#primaryimage\"},\"thumbnailUrl\":\"http:\\\/\\\/inclusivenews.com.br\\\/wp-content\\\/uploads\\\/forum-nacional-cadastre-se.jpg\",\"datePublished\":\"2014-02-02T20:08:42+00:00\",\"breadcrumb\":{\"@id\":\"https:\\\/\\\/inclusivenews.com.br\\\/?p=26075#breadcrumb\"},\"inLanguage\":\"pt-PT\",\"potentialAction\":[{\"@type\":\"ReadAction\",\"target\":[\"https:\\\/\\\/inclusivenews.com.br\\\/?p=26075\"]}]},{\"@type\":\"ImageObject\",\"inLanguage\":\"pt-PT\",\"@id\":\"https:\\\/\\\/inclusivenews.com.br\\\/?p=26075#primaryimage\",\"url\":\"\",\"contentUrl\":\"\"},{\"@type\":\"BreadcrumbList\",\"@id\":\"https:\\\/\\\/inclusivenews.com.br\\\/?p=26075#breadcrumb\",\"itemListElement\":[{\"@type\":\"ListItem\",\"position\":1,\"name\":\"In\u00edcio\",\"item\":\"https:\\\/\\\/inclusivenews.com.br\\\/\"},{\"@type\":\"ListItem\",\"position\":2,\"name\":\"Posicionamento do F\u00f3rum Nacional de Educa\u00e7\u00e3o Inclusiva sobre o Decreto 60.075\\\/14 de S\u00e3o Paulo\"}]},{\"@type\":\"WebSite\",\"@id\":\"https:\\\/\\\/inclusivenews.com.br\\\/#website\",\"url\":\"https:\\\/\\\/inclusivenews.com.br\\\/\",\"name\":\"Inclusive News\",\"description\":\"Inclusive News\",\"publisher\":{\"@id\":\"https:\\\/\\\/inclusivenews.com.br\\\/#organization\"},\"potentialAction\":[{\"@type\":\"SearchAction\",\"target\":{\"@type\":\"EntryPoint\",\"urlTemplate\":\"https:\\\/\\\/inclusivenews.com.br\\\/?s={search_term_string}\"},\"query-input\":{\"@type\":\"PropertyValueSpecification\",\"valueRequired\":true,\"valueName\":\"search_term_string\"}}],\"inLanguage\":\"pt-PT\"},{\"@type\":\"Organization\",\"@id\":\"https:\\\/\\\/inclusivenews.com.br\\\/#organization\",\"name\":\"Inclusive - inclus\u00e3o e cidadania\",\"url\":\"https:\\\/\\\/inclusivenews.com.br\\\/\",\"logo\":{\"@type\":\"ImageObject\",\"inLanguage\":\"pt-PT\",\"@id\":\"https:\\\/\\\/inclusivenews.com.br\\\/#\\\/schema\\\/logo\\\/image\\\/\",\"url\":\"https:\\\/\\\/inclusivenews.com.br\\\/wp-content\\\/uploads\\\/2024\\\/03\\\/@grandesite.png\",\"contentUrl\":\"https:\\\/\\\/inclusivenews.com.br\\\/wp-content\\\/uploads\\\/2024\\\/03\\\/@grandesite.png\",\"width\":1080,\"height\":1080,\"caption\":\"Inclusive - inclus\u00e3o e cidadania\"},\"image\":{\"@id\":\"https:\\\/\\\/inclusivenews.com.br\\\/#\\\/schema\\\/logo\\\/image\\\/\"},\"sameAs\":[\"https:\\\/\\\/www.facebook.com\\\/agenciainclusive\\\/\",\"https:\\\/\\\/www.instagram.com\\\/newsinclusive\\\/\"]},{\"@type\":\"Person\",\"@id\":\"https:\\\/\\\/inclusivenews.com.br\\\/#\\\/schema\\\/person\\\/ae4ec7087559b8692fb33b6fffd2273b\",\"name\":\"inclusivenews2024\",\"image\":{\"@type\":\"ImageObject\",\"inLanguage\":\"pt-PT\",\"@id\":\"https:\\\/\\\/secure.gravatar.com\\\/avatar\\\/c5a7ef84c66fa914f55bc4f7ce26cfa275a3b9a1c5568b907bd184fb4dde7b40?s=96&d=mm&r=g\",\"url\":\"https:\\\/\\\/secure.gravatar.com\\\/avatar\\\/c5a7ef84c66fa914f55bc4f7ce26cfa275a3b9a1c5568b907bd184fb4dde7b40?s=96&d=mm&r=g\",\"contentUrl\":\"https:\\\/\\\/secure.gravatar.com\\\/avatar\\\/c5a7ef84c66fa914f55bc4f7ce26cfa275a3b9a1c5568b907bd184fb4dde7b40?s=96&d=mm&r=g\",\"caption\":\"inclusivenews2024\"},\"sameAs\":[\"https:\\\/\\\/inclusivenews.com.br\"],\"url\":\"https:\\\/\\\/inclusivenews.com.br\\\/?author=1\"}]}<\/script>\n<!-- \/ Yoast SEO plugin. -->","yoast_head_json":{"title":"Posicionamento do F\u00f3rum Nacional de Educa\u00e7\u00e3o Inclusiva sobre o Decreto 60.075\/14 de S\u00e3o Paulo -","robots":{"index":"index","follow":"follow","max-snippet":"max-snippet:-1","max-image-preview":"max-image-preview:large","max-video-preview":"max-video-preview:-1"},"canonical":"https:\/\/inclusivenews.com.br\/?p=26075","og_locale":"pt_PT","og_type":"article","og_title":"Posicionamento do F\u00f3rum Nacional de Educa\u00e7\u00e3o Inclusiva sobre o Decreto 60.075\/14 de S\u00e3o Paulo -","og_description":"Vimos por meio deste divulgar o posicionamento do F\u00f3rum Nacional de Educa\u00e7\u00e3o Inclusiva e demais entidades sobre o Decreto 60.075, de 17 de janeiro de 2014, do estado de S\u00e3o Paulo, que altera a denomina\u00e7\u00e3o do \u201cPrograma Estadual de Atendimento \u00e0s Pessoas com Defici\u00eancia Intelectual\u201d, institu\u00eddo pelo Decreto n\u00ba 58.658, de 4 de dezembro de [&hellip;]","og_url":"https:\/\/inclusivenews.com.br\/?p=26075","article_publisher":"https:\/\/www.facebook.com\/agenciainclusive\/","article_published_time":"2014-02-02T20:08:42+00:00","og_image":[{"url":"http:\/\/inclusivenews.com.br\/wp-content\/uploads\/forum-nacional-cadastre-se.jpg","type":"","width":"","height":""}],"author":"inclusivenews2024","twitter_card":"summary_large_image","twitter_misc":{"Escrito por":"inclusivenews2024","Tempo estimado de leitura":"3 minutos"},"schema":{"@context":"https:\/\/schema.org","@graph":[{"@type":"Article","@id":"https:\/\/inclusivenews.com.br\/?p=26075#article","isPartOf":{"@id":"https:\/\/inclusivenews.com.br\/?p=26075"},"author":{"name":"inclusivenews2024","@id":"https:\/\/inclusivenews.com.br\/#\/schema\/person\/ae4ec7087559b8692fb33b6fffd2273b"},"headline":"Posicionamento do F\u00f3rum Nacional de Educa\u00e7\u00e3o Inclusiva sobre o Decreto 60.075\/14 de S\u00e3o Paulo","datePublished":"2014-02-02T20:08:42+00:00","mainEntityOfPage":{"@id":"https:\/\/inclusivenews.com.br\/?p=26075"},"wordCount":559,"commentCount":2,"publisher":{"@id":"https:\/\/inclusivenews.com.br\/#organization"},"image":{"@id":"https:\/\/inclusivenews.com.br\/?p=26075#primaryimage"},"thumbnailUrl":"http:\/\/inclusivenews.com.br\/wp-content\/uploads\/forum-nacional-cadastre-se.jpg","articleSection":["Defici\u00eancia","EDUCA\u00c7\u00c3O","INCLUS\u00c3O SOCIAL","Legisla\u00e7\u00e3o ..."],"inLanguage":"pt-PT","potentialAction":[{"@type":"CommentAction","name":"Comment","target":["https:\/\/inclusivenews.com.br\/?p=26075#respond"]}]},{"@type":"WebPage","@id":"https:\/\/inclusivenews.com.br\/?p=26075","url":"https:\/\/inclusivenews.com.br\/?p=26075","name":"Posicionamento do F\u00f3rum Nacional de Educa\u00e7\u00e3o Inclusiva sobre o Decreto 60.075\/14 de S\u00e3o Paulo -","isPartOf":{"@id":"https:\/\/inclusivenews.com.br\/#website"},"primaryImageOfPage":{"@id":"https:\/\/inclusivenews.com.br\/?p=26075#primaryimage"},"image":{"@id":"https:\/\/inclusivenews.com.br\/?p=26075#primaryimage"},"thumbnailUrl":"http:\/\/inclusivenews.com.br\/wp-content\/uploads\/forum-nacional-cadastre-se.jpg","datePublished":"2014-02-02T20:08:42+00:00","breadcrumb":{"@id":"https:\/\/inclusivenews.com.br\/?p=26075#breadcrumb"},"inLanguage":"pt-PT","potentialAction":[{"@type":"ReadAction","target":["https:\/\/inclusivenews.com.br\/?p=26075"]}]},{"@type":"ImageObject","inLanguage":"pt-PT","@id":"https:\/\/inclusivenews.com.br\/?p=26075#primaryimage","url":"","contentUrl":""},{"@type":"BreadcrumbList","@id":"https:\/\/inclusivenews.com.br\/?p=26075#breadcrumb","itemListElement":[{"@type":"ListItem","position":1,"name":"In\u00edcio","item":"https:\/\/inclusivenews.com.br\/"},{"@type":"ListItem","position":2,"name":"Posicionamento do F\u00f3rum Nacional de Educa\u00e7\u00e3o Inclusiva sobre o Decreto 60.075\/14 de S\u00e3o Paulo"}]},{"@type":"WebSite","@id":"https:\/\/inclusivenews.com.br\/#website","url":"https:\/\/inclusivenews.com.br\/","name":"Inclusive News","description":"Inclusive News","publisher":{"@id":"https:\/\/inclusivenews.com.br\/#organization"},"potentialAction":[{"@type":"SearchAction","target":{"@type":"EntryPoint","urlTemplate":"https:\/\/inclusivenews.com.br\/?s={search_term_string}"},"query-input":{"@type":"PropertyValueSpecification","valueRequired":true,"valueName":"search_term_string"}}],"inLanguage":"pt-PT"},{"@type":"Organization","@id":"https:\/\/inclusivenews.com.br\/#organization","name":"Inclusive - inclus\u00e3o e cidadania","url":"https:\/\/inclusivenews.com.br\/","logo":{"@type":"ImageObject","inLanguage":"pt-PT","@id":"https:\/\/inclusivenews.com.br\/#\/schema\/logo\/image\/","url":"https:\/\/inclusivenews.com.br\/wp-content\/uploads\/2024\/03\/@grandesite.png","contentUrl":"https:\/\/inclusivenews.com.br\/wp-content\/uploads\/2024\/03\/@grandesite.png","width":1080,"height":1080,"caption":"Inclusive - inclus\u00e3o e cidadania"},"image":{"@id":"https:\/\/inclusivenews.com.br\/#\/schema\/logo\/image\/"},"sameAs":["https:\/\/www.facebook.com\/agenciainclusive\/","https:\/\/www.instagram.com\/newsinclusive\/"]},{"@type":"Person","@id":"https:\/\/inclusivenews.com.br\/#\/schema\/person\/ae4ec7087559b8692fb33b6fffd2273b","name":"inclusivenews2024","image":{"@type":"ImageObject","inLanguage":"pt-PT","@id":"https:\/\/secure.gravatar.com\/avatar\/c5a7ef84c66fa914f55bc4f7ce26cfa275a3b9a1c5568b907bd184fb4dde7b40?s=96&d=mm&r=g","url":"https:\/\/secure.gravatar.com\/avatar\/c5a7ef84c66fa914f55bc4f7ce26cfa275a3b9a1c5568b907bd184fb4dde7b40?s=96&d=mm&r=g","contentUrl":"https:\/\/secure.gravatar.com\/avatar\/c5a7ef84c66fa914f55bc4f7ce26cfa275a3b9a1c5568b907bd184fb4dde7b40?s=96&d=mm&r=g","caption":"inclusivenews2024"},"sameAs":["https:\/\/inclusivenews.com.br"],"url":"https:\/\/inclusivenews.com.br\/?author=1"}]}},"_links":{"self":[{"href":"https:\/\/inclusivenews.com.br\/index.php?rest_route=\/wp\/v2\/posts\/26075","targetHints":{"allow":["GET"]}}],"collection":[{"href":"https:\/\/inclusivenews.com.br\/index.php?rest_route=\/wp\/v2\/posts"}],"about":[{"href":"https:\/\/inclusivenews.com.br\/index.php?rest_route=\/wp\/v2\/types\/post"}],"author":[{"embeddable":true,"href":"https:\/\/inclusivenews.com.br\/index.php?rest_route=\/wp\/v2\/users\/1"}],"replies":[{"embeddable":true,"href":"https:\/\/inclusivenews.com.br\/index.php?rest_route=%2Fwp%2Fv2%2Fcomments&post=26075"}],"version-history":[{"count":0,"href":"https:\/\/inclusivenews.com.br\/index.php?rest_route=\/wp\/v2\/posts\/26075\/revisions"}],"wp:attachment":[{"href":"https:\/\/inclusivenews.com.br\/index.php?rest_route=%2Fwp%2Fv2%2Fmedia&parent=26075"}],"wp:term":[{"taxonomy":"category","embeddable":true,"href":"https:\/\/inclusivenews.com.br\/index.php?rest_route=%2Fwp%2Fv2%2Fcategories&post=26075"},{"taxonomy":"post_tag","embeddable":true,"href":"https:\/\/inclusivenews.com.br\/index.php?rest_route=%2Fwp%2Fv2%2Ftags&post=26075"}],"curies":[{"name":"wp","href":"https:\/\/api.w.org\/{rel}","templated":true}]}}