{"id":26121,"date":"2014-02-18T06:57:40","date_gmt":"2014-02-18T09:57:40","guid":{"rendered":"http:\/\/www.inclusive.org.br\/?p=26121"},"modified":"2014-02-18T06:57:40","modified_gmt":"2014-02-18T09:57:40","slug":"entraves-e-falta-de-orcamento-impedem-realizacao-de-acoes-em-prol-da-infancia","status":"publish","type":"post","link":"https:\/\/inclusivenews.com.br\/?p=26121","title":{"rendered":"Entraves e falta de or\u00e7amento impedem realiza\u00e7\u00e3o de a\u00e7\u00f5es em prol da inf\u00e2ncia"},"content":{"rendered":"<p><img loading=\"lazy\" decoding=\"async\" class=\"alignnone size-full wp-image-23257\" alt=\"3 crian\u00e7as sob textura\" src=\"http:\/\/inclusivenews.com.br\/wp-content\/uploads\/fly.jpg\" width=\"495\" height=\"212\" \/><\/p>\n<p><em>Por Juliana Sada<\/em><br \/>\n<em>do Promenino com Cidade Escola Aprendiz<\/em><\/p>\n<p>Prioridade absoluta. Prote\u00e7\u00e3o integral. Garantia de direitos. Os termos que cercam as falas dos gestores sobre crian\u00e7as e a adolescentes s\u00e3o bonitos e cheios de valores e boas inten\u00e7\u00f5es. Entretanto, quem lida com o cotidiano de prote\u00e7\u00e3o desse grupo percebe uma lacuna entre o anunciado e a realidade. No discurso, as iniciativas parecem perfeitas e prontas a sanar problemas h\u00e1 tempos latentes. Mas na pr\u00e1tica, muitas vezes, parece que as iniciativas n\u00e3o s\u00e3o de fato efetivadas e os problemas persistem.<\/p>\n<p>Nem sempre \u00e9 simples explicar o porqu\u00ea da lacuna entre o anunciado e o, de fato, realizado. Um dos caminhos para isso \u00e9 analisar o or\u00e7amento do Poder Executivo. Ou seja, apurar se o governo est\u00e1 destinando dinheiro suficiente para a a\u00e7\u00e3o que est\u00e1 sendo anunciada. A assessora pol\u00edtica do Instituto de Estudos Socioecon\u00f4micos (Inesc), Cleomar Manhas, explica a import\u00e2ncia do or\u00e7amento: \u201cEle reflete as prioridades de quem est\u00e1 governando e em quais \u00e1reas est\u00e3o recebendo investimentos\u201d, diz.<\/p>\n<p>Levantamento realizado pelo Promenino analisou os investimentos do governo federal em \u00e1reas como Erradica\u00e7\u00e3o do Trabalho Infantil, Enfrentamento \u00e0 Viol\u00eancia Sexual contra Crian\u00e7as, Sistema de Garantia dos Direitos das Crian\u00e7as e Adolescentes e Sinase (Sistema Nacional de Atendimento Socioeducativo ao Adolescente em Conflito com a Lei). Os dados pesquisados foram entre 2008 e 2011, j\u00e1 que a partir de 2012, o governo mudou a divis\u00e3o de a\u00e7\u00f5es e programas, o que dificulta a compara\u00e7\u00e3o em rela\u00e7\u00e3o aos anos anteriores. As informa\u00e7\u00f5es est\u00e3o dispon\u00edveis no Siga Brasil, do Senado Federal. A plataforma permite comparar quanto o governo estava autorizado a gastar em uma determinada a\u00e7\u00e3o e quanto foi de fato gasto. A an\u00e1lise das informa\u00e7\u00f5es revela que \u00e9 recorrente que as iniciativas analisadas, ou parte delas, tenham baixa execu\u00e7\u00e3o, ou seja, utilizou-se pouco do que estava previsto.<\/p>\n<p>Existem diversos motivos que podem explicar porque uma a\u00e7\u00e3o n\u00e3o utilizou o recurso dispon\u00edvel. De acordo com o professor de pol\u00edticas p\u00fablicas da Universidade Federal do ABC, em S\u00e3o Paulo, S\u00e9rgio Pra\u00e7a, h\u00e1 tr\u00eas itens que explicam o fen\u00f4meno. \u201cA baixa execu\u00e7\u00e3o pode indicar que o programa n\u00e3o \u00e9 prioridade do governo, que o gestor tem dificuldade de implement\u00e1-lo e ainda que n\u00e3o tem dinheiro.\u201d<\/p>\n<p>A dificuldade em implementar um programa pode decorrer, por exemplo, da n\u00e3o assinatura de parcerias com governos municipais e estaduais ou de situa\u00e7\u00f5es em que uma licita\u00e7\u00e3o ou obra foi barrada por inadequa\u00e7\u00f5es. J\u00e1 a quest\u00e3o das verbas se explica porque apesar de o or\u00e7amento apontar que havia recursos destinados para uma a\u00e7\u00e3o, nem sempre eles est\u00e3o de fato dispon\u00edveis. No in\u00edcio de cada ano, o Congresso Nacional aponta o quanto o governo est\u00e1 autorizado a gastar em cada \u00e1rea. Entretanto, se o poder executivo considerar que n\u00e3o h\u00e1 or\u00e7amento suficiente dispon\u00edvel, ele pode emitir o decreto de contingenciamento, que congela os recursos e, ent\u00e3o, cada minist\u00e9rio realoca a verba dispon\u00edvel de acordo com suas prioridades. Ao final de cada ano, \u00e9 comum que parte da verba seja novamente liberada, mas n\u00e3o h\u00e1 tempo h\u00e1bil para gastar e, ent\u00e3o, no balan\u00e7o aparece como tendo uma baixa execu\u00e7\u00e3o.<\/p>\n<p>Programas prejudicados<\/p>\n<p>\u00c9 o que tem acontecido, nos \u00faltimos anos, com as a\u00e7\u00f5es de fiscaliza\u00e7\u00e3o do trabalho infantil, de acordo com o Minist\u00e9rio do Trabalho e Emprego (MTE). Em 2011, por exemplo, o governo federal estava autorizado a gastar R$ 4,5 milh\u00f5es, mas apenas R$ 2,6 milh\u00f5es foram utilizados. Em anos anteriores, foi utilizado menos da metade do or\u00e7amento previsto. O coordenador-geral de Fiscaliza\u00e7\u00e3o do Trabalho do MTE, Luiz Henrique Ramos Lopes, explica que isso se deve ao congelamento de verbas realizado pelo governo durante o ano. \u201cNo final do ano, o governo libera a execu\u00e7\u00e3o total, mas a\u00ed j\u00e1 n\u00e3o h\u00e1 mais tempo h\u00e1bil para executar os recursos.\u201d O coordenador afirma ainda que n\u00e3o \u00e9 um problema de gest\u00e3o e que o \u00f3rg\u00e3o executa cerca de 95% do or\u00e7amento disponibilizado, \u201cno entanto, o que fica, no papel, no final do ano \u00e9 o valor total disponibilizado, mesmo quando n\u00e3o h\u00e1 tempo h\u00e1bil para o seu uso\u201d.<\/p>\n<p>Por sua vez, a Secretaria de Direitos Humanos da Presid\u00eancia da Rep\u00fablica (SDH\/PR), respons\u00e1vel por diversas iniciativas da \u00e1rea da inf\u00e2ncia, tem apresentado nos \u00faltimos anos baixa execu\u00e7\u00e3o em v\u00e1rias a\u00e7\u00f5es. Em 2011, por exemplo, estavam previstos quase R$ 19 milh\u00f5es para o Sinase, mas n\u00e3o foi gasto nem meio milh\u00e3o. A verba se destinaria a a\u00e7\u00f5es, como forma\u00e7\u00e3o de operadores do Sistema e apoio \u00e0 constru\u00e7\u00e3o ou reforma de unidades de interna\u00e7\u00e3o. Esse programa \u00e9 tamb\u00e9m desenvolvido por outros \u00f3rg\u00e3os, como o Minist\u00e9rio do Desenvolvimento Social, que teve melhor execu\u00e7\u00e3o.<\/p>\n<p>Tamb\u00e9m para o Sistema de Garantia de Direitos da Crian\u00e7a e do Adolescente utilizou-se pouco mais da metade dos R$ 4,6 milh\u00f5es dispon\u00edveis. Nessa iniciativa estava prevista a capacita\u00e7\u00e3o dos agentes do sistema, que recebeu menos da metade da verba dispon\u00edvel. J\u00e1 as a\u00e7\u00f5es de promo\u00e7\u00e3o de boas pr\u00e1ticas e apoio aos f\u00f3runs regionais tiveram melhor execu\u00e7\u00e3o.<\/p>\n<p>Em nota, a SDH afirmou que executa \u201cem m\u00e9dia 95%\u201d do valor empenhado, que \u00e9 o montante reservado, j\u00e1 comprometido com uma a\u00e7\u00e3o. Entretanto, mesmo se analisado esses valores a execu\u00e7\u00e3o segue baixa. Em 2011, dos R$ 13 milh\u00f5es empenhados para o Sinase, utilizou-se oito milh\u00f5es. J\u00e1 para o Sistema de Garantia de Direitos, havia pouco mais de tr\u00eas milh\u00f5es de reais empenhados e gastou-se dois milh\u00f5es e seiscentos mil.<\/p>\n<p>Para o advogado e membro do Movimento Nacional de Direitos Humanos, Carlos Nicodemos, a quest\u00e3o da baixa execu\u00e7\u00e3o tem a ver com o projeto pol\u00edtico dentro da SDH e suas a\u00e7\u00f5es priorit\u00e1rias. \u201cA secretaria operou a pol\u00edtica mais no campo simb\u00f3lico e do compromisso moral\u201d, afirma. Nicodemos cita a situa\u00e7\u00e3o dos conselhos tutelares como exemplo de que falta implementa\u00e7\u00e3o da pol\u00edtica anunciada. Ele acredita ainda que a baixa execu\u00e7\u00e3o se reflete em cortes or\u00e7ament\u00e1rios posteriormente. \u201c\u00c9 um minist\u00e9rio com pouco privil\u00e9gio e interlocu\u00e7\u00e3o junto ao governo, com baixa capacidade de trazer a pauta para a sociedade\u201d, completa o advogado.<\/p>\n<p>A n\u00e3o execu\u00e7\u00e3o de parte do or\u00e7amento \u00e9 algo corriqueiro e inclusive previsto, j\u00e1 que o or\u00e7amento \u00e9 autorizativo e n\u00e3o impositivo. Ou seja, o governo pode realizar tais gastos, mas ele n\u00e3o \u00e9 obrigado a isso. \u201cA Dilma e qualquer presidente brasileiro, caso n\u00e3o queira gastar, pode simplesmente n\u00e3o faz\u00ea-lo, mas h\u00e1 exce\u00e7\u00f5es j\u00e1 que alguns gastos t\u00eam car\u00e1ter obrigat\u00f3rio\u201d, explica o professor da UFABC, S\u00e9rgio Pra\u00e7a. \u201cEsse modelo afeta especialmente \u00e1reas n\u00e3o priorit\u00e1rias para o governo\u201d, analisa o professor.<\/p>\n<p>Nesse panorama, a press\u00e3o social \u00e9 apontada como fundamental para que as pol\u00edticas formuladas sejam implementadas. A Funda\u00e7\u00e3o Abrinq h\u00e1 anos acompanha essa tem\u00e1tica. Para o t\u00e9cnico da institui\u00e7\u00e3o F\u00e1bio Silva Tsunoda, h\u00e1 meios para garantir que o or\u00e7amento seja implantado, sendo que alguns passam pela via judicial e outros pela participa\u00e7\u00e3o da sociedade civil. \u201cEles podem ajudar no exerc\u00edcio de uma gest\u00e3o de um or\u00e7amento mais equilibrado e pressionar para que haja vontade pol\u00edtica\u201d, diz.<\/p>\n","protected":false},"excerpt":{"rendered":"<p>Prioridade absoluta. Prote\u00e7\u00e3o integral. Garantia de direitos. Os termos que cercam as falas dos gestores sobre crian\u00e7as e a adolescentes s\u00e3o bonitos e cheios de valores e boas inten\u00e7\u00f5es. Entretanto, quem lida com o cotidiano de prote\u00e7\u00e3o desse grupo percebe uma lacuna entre o anunciado e a realidade. No discurso, as iniciativas parecem perfeitas e prontas a sanar problemas h\u00e1 tempos latentes. Mas na pr\u00e1tica, muitas vezes, parece que as iniciativas n\u00e3o s\u00e3o de fato efetivadas e os problemas persistem. Do Portal ProMenino.<\/p>\n","protected":false},"author":1,"featured_media":0,"comment_status":"open","ping_status":"open","sticky":false,"template":"","format":"standard","meta":{"site-container-style":"default","site-container-layout":"default","site-sidebar-layout":"default","disable-article-header":"default","disable-site-header":"default","disable-site-footer":"default","disable-content-area-spacing":"default","footnotes":""},"categories":[49],"tags":[60],"class_list":["post-26121","post","type-post","status-publish","format-standard","hentry","category-politicas-publicas","tag-infancia"],"yoast_head":"<!-- This site is optimized with the Yoast SEO plugin v27.4 - https:\/\/yoast.com\/product\/yoast-seo-wordpress\/ -->\n<title>Entraves e falta de or\u00e7amento impedem realiza\u00e7\u00e3o de a\u00e7\u00f5es em prol da inf\u00e2ncia -<\/title>\n<meta name=\"robots\" content=\"index, follow, max-snippet:-1, max-image-preview:large, max-video-preview:-1\" \/>\n<link rel=\"canonical\" href=\"https:\/\/inclusivenews.com.br\/?p=26121\" \/>\n<meta property=\"og:locale\" content=\"pt_PT\" \/>\n<meta property=\"og:type\" content=\"article\" \/>\n<meta property=\"og:title\" content=\"Entraves e falta de or\u00e7amento impedem realiza\u00e7\u00e3o de a\u00e7\u00f5es em prol da inf\u00e2ncia -\" \/>\n<meta property=\"og:description\" content=\"Prioridade absoluta. Prote\u00e7\u00e3o integral. Garantia de direitos. Os termos que cercam as falas dos gestores sobre crian\u00e7as e a adolescentes s\u00e3o bonitos e cheios de valores e boas inten\u00e7\u00f5es. Entretanto, quem lida com o cotidiano de prote\u00e7\u00e3o desse grupo percebe uma lacuna entre o anunciado e a realidade. No discurso, as iniciativas parecem perfeitas e prontas a sanar problemas h\u00e1 tempos latentes. Mas na pr\u00e1tica, muitas vezes, parece que as iniciativas n\u00e3o s\u00e3o de fato efetivadas e os problemas persistem. Do Portal ProMenino.\" \/>\n<meta property=\"og:url\" content=\"https:\/\/inclusivenews.com.br\/?p=26121\" \/>\n<meta property=\"article:publisher\" content=\"https:\/\/www.facebook.com\/agenciainclusive\/\" \/>\n<meta property=\"article:published_time\" content=\"2014-02-18T09:57:40+00:00\" \/>\n<meta property=\"og:image\" content=\"http:\/\/inclusivenews.com.br\/wp-content\/uploads\/fly.jpg\" \/>\n<meta name=\"author\" content=\"inclusivenews2024\" \/>\n<meta name=\"twitter:card\" content=\"summary_large_image\" \/>\n<meta name=\"twitter:label1\" content=\"Escrito por\" \/>\n\t<meta name=\"twitter:data1\" content=\"inclusivenews2024\" \/>\n\t<meta name=\"twitter:label2\" content=\"Tempo estimado de leitura\" \/>\n\t<meta name=\"twitter:data2\" content=\"6 minutos\" \/>\n<script type=\"application\/ld+json\" class=\"yoast-schema-graph\">{\"@context\":\"https:\\\/\\\/schema.org\",\"@graph\":[{\"@type\":\"Article\",\"@id\":\"https:\\\/\\\/inclusivenews.com.br\\\/?p=26121#article\",\"isPartOf\":{\"@id\":\"https:\\\/\\\/inclusivenews.com.br\\\/?p=26121\"},\"author\":{\"name\":\"inclusivenews2024\",\"@id\":\"https:\\\/\\\/inclusivenews.com.br\\\/#\\\/schema\\\/person\\\/ae4ec7087559b8692fb33b6fffd2273b\"},\"headline\":\"Entraves e falta de or\u00e7amento impedem realiza\u00e7\u00e3o de a\u00e7\u00f5es em prol da inf\u00e2ncia\",\"datePublished\":\"2014-02-18T09:57:40+00:00\",\"mainEntityOfPage\":{\"@id\":\"https:\\\/\\\/inclusivenews.com.br\\\/?p=26121\"},\"wordCount\":1298,\"commentCount\":0,\"publisher\":{\"@id\":\"https:\\\/\\\/inclusivenews.com.br\\\/#organization\"},\"image\":{\"@id\":\"https:\\\/\\\/inclusivenews.com.br\\\/?p=26121#primaryimage\"},\"thumbnailUrl\":\"http:\\\/\\\/inclusivenews.com.br\\\/wp-content\\\/uploads\\\/fly.jpg\",\"keywords\":[\"Inf\u00e2ncia\"],\"articleSection\":[\"Pol\u00edticas p\u00fablicas\"],\"inLanguage\":\"pt-PT\",\"potentialAction\":[{\"@type\":\"CommentAction\",\"name\":\"Comment\",\"target\":[\"https:\\\/\\\/inclusivenews.com.br\\\/?p=26121#respond\"]}]},{\"@type\":\"WebPage\",\"@id\":\"https:\\\/\\\/inclusivenews.com.br\\\/?p=26121\",\"url\":\"https:\\\/\\\/inclusivenews.com.br\\\/?p=26121\",\"name\":\"Entraves e falta de or\u00e7amento impedem realiza\u00e7\u00e3o de a\u00e7\u00f5es em prol da inf\u00e2ncia -\",\"isPartOf\":{\"@id\":\"https:\\\/\\\/inclusivenews.com.br\\\/#website\"},\"primaryImageOfPage\":{\"@id\":\"https:\\\/\\\/inclusivenews.com.br\\\/?p=26121#primaryimage\"},\"image\":{\"@id\":\"https:\\\/\\\/inclusivenews.com.br\\\/?p=26121#primaryimage\"},\"thumbnailUrl\":\"http:\\\/\\\/inclusivenews.com.br\\\/wp-content\\\/uploads\\\/fly.jpg\",\"datePublished\":\"2014-02-18T09:57:40+00:00\",\"breadcrumb\":{\"@id\":\"https:\\\/\\\/inclusivenews.com.br\\\/?p=26121#breadcrumb\"},\"inLanguage\":\"pt-PT\",\"potentialAction\":[{\"@type\":\"ReadAction\",\"target\":[\"https:\\\/\\\/inclusivenews.com.br\\\/?p=26121\"]}]},{\"@type\":\"ImageObject\",\"inLanguage\":\"pt-PT\",\"@id\":\"https:\\\/\\\/inclusivenews.com.br\\\/?p=26121#primaryimage\",\"url\":\"\",\"contentUrl\":\"\"},{\"@type\":\"BreadcrumbList\",\"@id\":\"https:\\\/\\\/inclusivenews.com.br\\\/?p=26121#breadcrumb\",\"itemListElement\":[{\"@type\":\"ListItem\",\"position\":1,\"name\":\"In\u00edcio\",\"item\":\"https:\\\/\\\/inclusivenews.com.br\\\/\"},{\"@type\":\"ListItem\",\"position\":2,\"name\":\"Entraves e falta de or\u00e7amento impedem realiza\u00e7\u00e3o de a\u00e7\u00f5es em prol da inf\u00e2ncia\"}]},{\"@type\":\"WebSite\",\"@id\":\"https:\\\/\\\/inclusivenews.com.br\\\/#website\",\"url\":\"https:\\\/\\\/inclusivenews.com.br\\\/\",\"name\":\"Inclusive News\",\"description\":\"Inclusive News\",\"publisher\":{\"@id\":\"https:\\\/\\\/inclusivenews.com.br\\\/#organization\"},\"potentialAction\":[{\"@type\":\"SearchAction\",\"target\":{\"@type\":\"EntryPoint\",\"urlTemplate\":\"https:\\\/\\\/inclusivenews.com.br\\\/?s={search_term_string}\"},\"query-input\":{\"@type\":\"PropertyValueSpecification\",\"valueRequired\":true,\"valueName\":\"search_term_string\"}}],\"inLanguage\":\"pt-PT\"},{\"@type\":\"Organization\",\"@id\":\"https:\\\/\\\/inclusivenews.com.br\\\/#organization\",\"name\":\"Inclusive - inclus\u00e3o e cidadania\",\"url\":\"https:\\\/\\\/inclusivenews.com.br\\\/\",\"logo\":{\"@type\":\"ImageObject\",\"inLanguage\":\"pt-PT\",\"@id\":\"https:\\\/\\\/inclusivenews.com.br\\\/#\\\/schema\\\/logo\\\/image\\\/\",\"url\":\"https:\\\/\\\/inclusivenews.com.br\\\/wp-content\\\/uploads\\\/2024\\\/03\\\/@grandesite.png\",\"contentUrl\":\"https:\\\/\\\/inclusivenews.com.br\\\/wp-content\\\/uploads\\\/2024\\\/03\\\/@grandesite.png\",\"width\":1080,\"height\":1080,\"caption\":\"Inclusive - inclus\u00e3o e cidadania\"},\"image\":{\"@id\":\"https:\\\/\\\/inclusivenews.com.br\\\/#\\\/schema\\\/logo\\\/image\\\/\"},\"sameAs\":[\"https:\\\/\\\/www.facebook.com\\\/agenciainclusive\\\/\",\"https:\\\/\\\/www.instagram.com\\\/newsinclusive\\\/\"]},{\"@type\":\"Person\",\"@id\":\"https:\\\/\\\/inclusivenews.com.br\\\/#\\\/schema\\\/person\\\/ae4ec7087559b8692fb33b6fffd2273b\",\"name\":\"inclusivenews2024\",\"image\":{\"@type\":\"ImageObject\",\"inLanguage\":\"pt-PT\",\"@id\":\"https:\\\/\\\/secure.gravatar.com\\\/avatar\\\/c5a7ef84c66fa914f55bc4f7ce26cfa275a3b9a1c5568b907bd184fb4dde7b40?s=96&d=mm&r=g\",\"url\":\"https:\\\/\\\/secure.gravatar.com\\\/avatar\\\/c5a7ef84c66fa914f55bc4f7ce26cfa275a3b9a1c5568b907bd184fb4dde7b40?s=96&d=mm&r=g\",\"contentUrl\":\"https:\\\/\\\/secure.gravatar.com\\\/avatar\\\/c5a7ef84c66fa914f55bc4f7ce26cfa275a3b9a1c5568b907bd184fb4dde7b40?s=96&d=mm&r=g\",\"caption\":\"inclusivenews2024\"},\"sameAs\":[\"https:\\\/\\\/inclusivenews.com.br\"],\"url\":\"https:\\\/\\\/inclusivenews.com.br\\\/?author=1\"}]}<\/script>\n<!-- \/ Yoast SEO plugin. -->","yoast_head_json":{"title":"Entraves e falta de or\u00e7amento impedem realiza\u00e7\u00e3o de a\u00e7\u00f5es em prol da inf\u00e2ncia -","robots":{"index":"index","follow":"follow","max-snippet":"max-snippet:-1","max-image-preview":"max-image-preview:large","max-video-preview":"max-video-preview:-1"},"canonical":"https:\/\/inclusivenews.com.br\/?p=26121","og_locale":"pt_PT","og_type":"article","og_title":"Entraves e falta de or\u00e7amento impedem realiza\u00e7\u00e3o de a\u00e7\u00f5es em prol da inf\u00e2ncia -","og_description":"Prioridade absoluta. Prote\u00e7\u00e3o integral. Garantia de direitos. Os termos que cercam as falas dos gestores sobre crian\u00e7as e a adolescentes s\u00e3o bonitos e cheios de valores e boas inten\u00e7\u00f5es. Entretanto, quem lida com o cotidiano de prote\u00e7\u00e3o desse grupo percebe uma lacuna entre o anunciado e a realidade. No discurso, as iniciativas parecem perfeitas e prontas a sanar problemas h\u00e1 tempos latentes. Mas na pr\u00e1tica, muitas vezes, parece que as iniciativas n\u00e3o s\u00e3o de fato efetivadas e os problemas persistem. Do Portal ProMenino.","og_url":"https:\/\/inclusivenews.com.br\/?p=26121","article_publisher":"https:\/\/www.facebook.com\/agenciainclusive\/","article_published_time":"2014-02-18T09:57:40+00:00","og_image":[{"url":"http:\/\/inclusivenews.com.br\/wp-content\/uploads\/fly.jpg","type":"","width":"","height":""}],"author":"inclusivenews2024","twitter_card":"summary_large_image","twitter_misc":{"Escrito por":"inclusivenews2024","Tempo estimado de leitura":"6 minutos"},"schema":{"@context":"https:\/\/schema.org","@graph":[{"@type":"Article","@id":"https:\/\/inclusivenews.com.br\/?p=26121#article","isPartOf":{"@id":"https:\/\/inclusivenews.com.br\/?p=26121"},"author":{"name":"inclusivenews2024","@id":"https:\/\/inclusivenews.com.br\/#\/schema\/person\/ae4ec7087559b8692fb33b6fffd2273b"},"headline":"Entraves e falta de or\u00e7amento impedem realiza\u00e7\u00e3o de a\u00e7\u00f5es em prol da inf\u00e2ncia","datePublished":"2014-02-18T09:57:40+00:00","mainEntityOfPage":{"@id":"https:\/\/inclusivenews.com.br\/?p=26121"},"wordCount":1298,"commentCount":0,"publisher":{"@id":"https:\/\/inclusivenews.com.br\/#organization"},"image":{"@id":"https:\/\/inclusivenews.com.br\/?p=26121#primaryimage"},"thumbnailUrl":"http:\/\/inclusivenews.com.br\/wp-content\/uploads\/fly.jpg","keywords":["Inf\u00e2ncia"],"articleSection":["Pol\u00edticas p\u00fablicas"],"inLanguage":"pt-PT","potentialAction":[{"@type":"CommentAction","name":"Comment","target":["https:\/\/inclusivenews.com.br\/?p=26121#respond"]}]},{"@type":"WebPage","@id":"https:\/\/inclusivenews.com.br\/?p=26121","url":"https:\/\/inclusivenews.com.br\/?p=26121","name":"Entraves e falta de or\u00e7amento impedem realiza\u00e7\u00e3o de a\u00e7\u00f5es em prol da inf\u00e2ncia -","isPartOf":{"@id":"https:\/\/inclusivenews.com.br\/#website"},"primaryImageOfPage":{"@id":"https:\/\/inclusivenews.com.br\/?p=26121#primaryimage"},"image":{"@id":"https:\/\/inclusivenews.com.br\/?p=26121#primaryimage"},"thumbnailUrl":"http:\/\/inclusivenews.com.br\/wp-content\/uploads\/fly.jpg","datePublished":"2014-02-18T09:57:40+00:00","breadcrumb":{"@id":"https:\/\/inclusivenews.com.br\/?p=26121#breadcrumb"},"inLanguage":"pt-PT","potentialAction":[{"@type":"ReadAction","target":["https:\/\/inclusivenews.com.br\/?p=26121"]}]},{"@type":"ImageObject","inLanguage":"pt-PT","@id":"https:\/\/inclusivenews.com.br\/?p=26121#primaryimage","url":"","contentUrl":""},{"@type":"BreadcrumbList","@id":"https:\/\/inclusivenews.com.br\/?p=26121#breadcrumb","itemListElement":[{"@type":"ListItem","position":1,"name":"In\u00edcio","item":"https:\/\/inclusivenews.com.br\/"},{"@type":"ListItem","position":2,"name":"Entraves e falta de or\u00e7amento impedem realiza\u00e7\u00e3o de a\u00e7\u00f5es em prol da inf\u00e2ncia"}]},{"@type":"WebSite","@id":"https:\/\/inclusivenews.com.br\/#website","url":"https:\/\/inclusivenews.com.br\/","name":"Inclusive News","description":"Inclusive News","publisher":{"@id":"https:\/\/inclusivenews.com.br\/#organization"},"potentialAction":[{"@type":"SearchAction","target":{"@type":"EntryPoint","urlTemplate":"https:\/\/inclusivenews.com.br\/?s={search_term_string}"},"query-input":{"@type":"PropertyValueSpecification","valueRequired":true,"valueName":"search_term_string"}}],"inLanguage":"pt-PT"},{"@type":"Organization","@id":"https:\/\/inclusivenews.com.br\/#organization","name":"Inclusive - inclus\u00e3o e cidadania","url":"https:\/\/inclusivenews.com.br\/","logo":{"@type":"ImageObject","inLanguage":"pt-PT","@id":"https:\/\/inclusivenews.com.br\/#\/schema\/logo\/image\/","url":"https:\/\/inclusivenews.com.br\/wp-content\/uploads\/2024\/03\/@grandesite.png","contentUrl":"https:\/\/inclusivenews.com.br\/wp-content\/uploads\/2024\/03\/@grandesite.png","width":1080,"height":1080,"caption":"Inclusive - inclus\u00e3o e cidadania"},"image":{"@id":"https:\/\/inclusivenews.com.br\/#\/schema\/logo\/image\/"},"sameAs":["https:\/\/www.facebook.com\/agenciainclusive\/","https:\/\/www.instagram.com\/newsinclusive\/"]},{"@type":"Person","@id":"https:\/\/inclusivenews.com.br\/#\/schema\/person\/ae4ec7087559b8692fb33b6fffd2273b","name":"inclusivenews2024","image":{"@type":"ImageObject","inLanguage":"pt-PT","@id":"https:\/\/secure.gravatar.com\/avatar\/c5a7ef84c66fa914f55bc4f7ce26cfa275a3b9a1c5568b907bd184fb4dde7b40?s=96&d=mm&r=g","url":"https:\/\/secure.gravatar.com\/avatar\/c5a7ef84c66fa914f55bc4f7ce26cfa275a3b9a1c5568b907bd184fb4dde7b40?s=96&d=mm&r=g","contentUrl":"https:\/\/secure.gravatar.com\/avatar\/c5a7ef84c66fa914f55bc4f7ce26cfa275a3b9a1c5568b907bd184fb4dde7b40?s=96&d=mm&r=g","caption":"inclusivenews2024"},"sameAs":["https:\/\/inclusivenews.com.br"],"url":"https:\/\/inclusivenews.com.br\/?author=1"}]}},"_links":{"self":[{"href":"https:\/\/inclusivenews.com.br\/index.php?rest_route=\/wp\/v2\/posts\/26121","targetHints":{"allow":["GET"]}}],"collection":[{"href":"https:\/\/inclusivenews.com.br\/index.php?rest_route=\/wp\/v2\/posts"}],"about":[{"href":"https:\/\/inclusivenews.com.br\/index.php?rest_route=\/wp\/v2\/types\/post"}],"author":[{"embeddable":true,"href":"https:\/\/inclusivenews.com.br\/index.php?rest_route=\/wp\/v2\/users\/1"}],"replies":[{"embeddable":true,"href":"https:\/\/inclusivenews.com.br\/index.php?rest_route=%2Fwp%2Fv2%2Fcomments&post=26121"}],"version-history":[{"count":0,"href":"https:\/\/inclusivenews.com.br\/index.php?rest_route=\/wp\/v2\/posts\/26121\/revisions"}],"wp:attachment":[{"href":"https:\/\/inclusivenews.com.br\/index.php?rest_route=%2Fwp%2Fv2%2Fmedia&parent=26121"}],"wp:term":[{"taxonomy":"category","embeddable":true,"href":"https:\/\/inclusivenews.com.br\/index.php?rest_route=%2Fwp%2Fv2%2Fcategories&post=26121"},{"taxonomy":"post_tag","embeddable":true,"href":"https:\/\/inclusivenews.com.br\/index.php?rest_route=%2Fwp%2Fv2%2Ftags&post=26121"}],"curies":[{"name":"wp","href":"https:\/\/api.w.org\/{rel}","templated":true}]}}