{"id":26123,"date":"2014-02-18T06:57:32","date_gmt":"2014-02-18T09:57:32","guid":{"rendered":"http:\/\/www.inclusive.org.br\/?p=26123"},"modified":"2014-02-18T06:57:32","modified_gmt":"2014-02-18T09:57:32","slug":"ebooks-contam-detalhes-da-vida-com-uma-filha-autista","status":"publish","type":"post","link":"https:\/\/inclusivenews.com.br\/?p=26123","title":{"rendered":"Ebooks contam detalhes da vida com uma filha autista"},"content":{"rendered":"<p><img loading=\"lazy\" decoding=\"async\" class=\"alignleft\" alt=\"Capa do livro, onde se v\u00ea duas m\u00e3os e borboletas voando\" src=\"http:\/\/ecx.images-amazon.com\/images\/I\/41DCl6TtB5L._AA258_PIkin4,BottomRight,-43,22_AA280_SH20_OU32_.jpg\" width=\"280\" height=\"280\" \/><\/p>\n<p>&#8220;Marcela, uma li\u00e7\u00e3o de vida&#8221; e &#8220;Transforma\u00e7\u00e3o, a dor do crescimento&#8221;, de Myrza Neb\u00f3 e Jambor, chegam \u00e0s plataformas digitais.<\/p>\n<p>Basta um smartphone, tablet ou at\u00e9 mesmo o pr\u00f3prio computador para embarcar na leitura dos livros &#8220;Marcela, uma li\u00e7\u00e3o de vida&#8221; e &#8220;Transforma\u00e7\u00e3o, a dor do crescimento&#8221;, lan\u00e7ados recentemente pela Editora Di\u00e1logos.<\/p>\n<p>M\u00e3e da menina Marcela, Myrza Neb\u00f3 e Jambor se baseia em sua hist\u00f3ria de vida e nos brinda com dois livros que demonstram os diversos caminhos desbravados ao criar uma crian\u00e7a com necessidades especiais.<\/p>\n<p>O primeiro livro de Myrza \u2013 &#8220;Marcela, uma li\u00e7\u00e3o de vida&#8221; \u2013 descreve com detalhes os sentimentos e as preocupa\u00e7\u00f5es que surgiram desde os primeiros dias de gravidez, passando por etapas cruciais, como o reconhecimento de que Marcela tinha algo de especial e, tamb\u00e9m, a decis\u00e3o de procurar profissionais que pudessem auxiliar a crian\u00e7a em seu desenvolvimento.<\/p>\n<p>Repleta de conquistas, Marcela chega \u00e0 adolesc\u00eancia e junto com essa etapa surgem novas preocupa\u00e7\u00f5es e situa\u00e7\u00f5es que Myrza e outras m\u00e3es vivenciaram. Com um relato claro e humano, &#8220;Transforma\u00e7\u00e3o, a dor do crescimento&#8221; aborda, entre outras quest\u00f5es, as mudan\u00e7as que uma fam\u00edlia enfrenta para fornecer a aten\u00e7\u00e3o necess\u00e1ria aos filhos com necessidades especiais, tocando tamb\u00e9m em assuntos que ainda levantam discuss\u00f5es enormes, como a integra\u00e7\u00e3o de pessoas com defici\u00eancia em escolas regulares.<\/p>\n<p>A vers\u00e3o digital dos livros escritos por Myrza est\u00e3o dispon\u00edveis nas plataformas Kindle e Kobo e podem ser adquiridos por meio dos aplicativos disponibilizados por essas plataformas ou nos pr\u00f3prios leitores de livros digitais comercializados pela Amazon ou Livraria Cultura.<\/p>\n<p>Confira pre\u00e7os e detalhes dos livros, assim como o arquivo de amostra de cada volume, nos links a seguir.<\/p>\n<ul>\n<li><a href=\"http:\/\/www.amazon.com.br\/Marcela-li%C3%A7%C3%A3o-vida-Myrza-Jambor-ebook\/dp\/B00HWLWN14\/\">http:\/\/www.amazon.com.br\/Marcela-li%C3%A7%C3%A3o-vida-Myrza-Jambor-ebook\/dp\/B00HWLWN14\/<\/a><\/li>\n<li><a href=\"http:\/\/www.amazon.com.br\/Transforma%C3%A7%C3%A3o-A-dor-do-crescimento-ebook\/dp\/B00I8U6EUO\/\">http:\/\/www.amazon.com.br\/Transforma%C3%A7%C3%A3o-A-dor-do-crescimento-ebook\/dp\/B00I8U6EUO\/<\/a><\/li>\n<li><a href=\"http:\/\/store.kobobooks.com\/en-US\/ebook\/marcela-uma-licao-de-vida\">http:\/\/store.kobobooks.com\/en-US\/ebook\/marcela-uma-licao-de-vida<\/a><\/li>\n<li><a href=\"http:\/\/store.kobobooks.com\/en-US\/ebook\/transforma-o\">http:\/\/store.kobobooks.com\/en-US\/ebook\/transforma-o<\/a><\/li>\n<\/ul>\n","protected":false},"excerpt":{"rendered":"<p>A vers\u00e3o digital dos livros escritos por Myrza est\u00e3o dispon\u00edveis nas plataformas Kindle e Kobo e podem ser adquiridos por meio dos aplicativos disponibilizados por essas plataformas ou nos pr\u00f3prios leitores de livros digitais comercializados pela Amazon ou Livraria Cultura.<\/p>\n","protected":false},"author":1,"featured_media":0,"comment_status":"open","ping_status":"open","sticky":false,"template":"","format":"standard","meta":{"site-container-style":"default","site-container-layout":"default","site-sidebar-layout":"default","disable-article-header":"default","disable-site-header":"default","disable-site-footer":"default","disable-content-area-spacing":"default","footnotes":""},"categories":[50,51,10],"tags":[34],"class_list":["post-26123","post","type-post","status-publish","format-standard","hentry","category-lancamentos","category-livros","category-publicacoes","tag-autismo"],"yoast_head":"<!-- This site is optimized with the Yoast SEO plugin v27.4 - https:\/\/yoast.com\/product\/yoast-seo-wordpress\/ -->\n<title>Ebooks contam detalhes da vida com uma filha autista -<\/title>\n<meta name=\"robots\" content=\"index, follow, max-snippet:-1, max-image-preview:large, max-video-preview:-1\" \/>\n<link rel=\"canonical\" href=\"https:\/\/inclusivenews.com.br\/?p=26123\" \/>\n<meta property=\"og:locale\" content=\"pt_PT\" \/>\n<meta property=\"og:type\" content=\"article\" \/>\n<meta property=\"og:title\" content=\"Ebooks contam detalhes da vida com uma filha autista -\" \/>\n<meta property=\"og:description\" content=\"A vers\u00e3o digital dos livros escritos por Myrza est\u00e3o dispon\u00edveis nas plataformas Kindle e Kobo e podem ser adquiridos por meio dos aplicativos disponibilizados por essas plataformas ou nos pr\u00f3prios leitores de livros digitais comercializados pela Amazon ou Livraria Cultura.\" \/>\n<meta property=\"og:url\" content=\"https:\/\/inclusivenews.com.br\/?p=26123\" \/>\n<meta property=\"article:publisher\" content=\"https:\/\/www.facebook.com\/agenciainclusive\/\" \/>\n<meta property=\"article:published_time\" content=\"2014-02-18T09:57:32+00:00\" \/>\n<meta property=\"og:image\" content=\"http:\/\/ecx.images-amazon.com\/images\/I\/41DCl6TtB5L._AA258_PIkin4,BottomRight,-43,22_AA280_SH20_OU32_.jpg\" \/>\n<meta name=\"author\" content=\"inclusivenews2024\" \/>\n<meta name=\"twitter:card\" content=\"summary_large_image\" \/>\n<meta name=\"twitter:label1\" content=\"Escrito por\" \/>\n\t<meta name=\"twitter:data1\" content=\"inclusivenews2024\" \/>\n\t<meta name=\"twitter:label2\" content=\"Tempo estimado de leitura\" \/>\n\t<meta name=\"twitter:data2\" content=\"2 minutos\" \/>\n<script type=\"application\/ld+json\" class=\"yoast-schema-graph\">{\"@context\":\"https:\\\/\\\/schema.org\",\"@graph\":[{\"@type\":\"Article\",\"@id\":\"https:\\\/\\\/inclusivenews.com.br\\\/?p=26123#article\",\"isPartOf\":{\"@id\":\"https:\\\/\\\/inclusivenews.com.br\\\/?p=26123\"},\"author\":{\"name\":\"inclusivenews2024\",\"@id\":\"https:\\\/\\\/inclusivenews.com.br\\\/#\\\/schema\\\/person\\\/ae4ec7087559b8692fb33b6fffd2273b\"},\"headline\":\"Ebooks contam detalhes da vida com uma filha autista\",\"datePublished\":\"2014-02-18T09:57:32+00:00\",\"mainEntityOfPage\":{\"@id\":\"https:\\\/\\\/inclusivenews.com.br\\\/?p=26123\"},\"wordCount\":359,\"commentCount\":0,\"publisher\":{\"@id\":\"https:\\\/\\\/inclusivenews.com.br\\\/#organization\"},\"image\":{\"@id\":\"https:\\\/\\\/inclusivenews.com.br\\\/?p=26123#primaryimage\"},\"thumbnailUrl\":\"http:\\\/\\\/ecx.images-amazon.com\\\/images\\\/I\\\/41DCl6TtB5L._AA258_PIkin4,BottomRight,-43,22_AA280_SH20_OU32_.jpg\",\"keywords\":[\"Autismo\"],\"articleSection\":[\"Lan\u00e7amentos\",\"Livros\",\"PUBLICA\u00c7\u00d5ES\"],\"inLanguage\":\"pt-PT\",\"potentialAction\":[{\"@type\":\"CommentAction\",\"name\":\"Comment\",\"target\":[\"https:\\\/\\\/inclusivenews.com.br\\\/?p=26123#respond\"]}]},{\"@type\":\"WebPage\",\"@id\":\"https:\\\/\\\/inclusivenews.com.br\\\/?p=26123\",\"url\":\"https:\\\/\\\/inclusivenews.com.br\\\/?p=26123\",\"name\":\"Ebooks contam detalhes da vida com uma filha autista -\",\"isPartOf\":{\"@id\":\"https:\\\/\\\/inclusivenews.com.br\\\/#website\"},\"primaryImageOfPage\":{\"@id\":\"https:\\\/\\\/inclusivenews.com.br\\\/?p=26123#primaryimage\"},\"image\":{\"@id\":\"https:\\\/\\\/inclusivenews.com.br\\\/?p=26123#primaryimage\"},\"thumbnailUrl\":\"http:\\\/\\\/ecx.images-amazon.com\\\/images\\\/I\\\/41DCl6TtB5L._AA258_PIkin4,BottomRight,-43,22_AA280_SH20_OU32_.jpg\",\"datePublished\":\"2014-02-18T09:57:32+00:00\",\"breadcrumb\":{\"@id\":\"https:\\\/\\\/inclusivenews.com.br\\\/?p=26123#breadcrumb\"},\"inLanguage\":\"pt-PT\",\"potentialAction\":[{\"@type\":\"ReadAction\",\"target\":[\"https:\\\/\\\/inclusivenews.com.br\\\/?p=26123\"]}]},{\"@type\":\"ImageObject\",\"inLanguage\":\"pt-PT\",\"@id\":\"https:\\\/\\\/inclusivenews.com.br\\\/?p=26123#primaryimage\",\"url\":\"http:\\\/\\\/ecx.images-amazon.com\\\/images\\\/I\\\/41DCl6TtB5L._AA258_PIkin4,BottomRight,-43,22_AA280_SH20_OU32_.jpg\",\"contentUrl\":\"http:\\\/\\\/ecx.images-amazon.com\\\/images\\\/I\\\/41DCl6TtB5L._AA258_PIkin4,BottomRight,-43,22_AA280_SH20_OU32_.jpg\"},{\"@type\":\"BreadcrumbList\",\"@id\":\"https:\\\/\\\/inclusivenews.com.br\\\/?p=26123#breadcrumb\",\"itemListElement\":[{\"@type\":\"ListItem\",\"position\":1,\"name\":\"In\u00edcio\",\"item\":\"https:\\\/\\\/inclusivenews.com.br\\\/\"},{\"@type\":\"ListItem\",\"position\":2,\"name\":\"Ebooks contam detalhes da vida com uma filha autista\"}]},{\"@type\":\"WebSite\",\"@id\":\"https:\\\/\\\/inclusivenews.com.br\\\/#website\",\"url\":\"https:\\\/\\\/inclusivenews.com.br\\\/\",\"name\":\"Inclusive News\",\"description\":\"Inclusive News\",\"publisher\":{\"@id\":\"https:\\\/\\\/inclusivenews.com.br\\\/#organization\"},\"potentialAction\":[{\"@type\":\"SearchAction\",\"target\":{\"@type\":\"EntryPoint\",\"urlTemplate\":\"https:\\\/\\\/inclusivenews.com.br\\\/?s={search_term_string}\"},\"query-input\":{\"@type\":\"PropertyValueSpecification\",\"valueRequired\":true,\"valueName\":\"search_term_string\"}}],\"inLanguage\":\"pt-PT\"},{\"@type\":\"Organization\",\"@id\":\"https:\\\/\\\/inclusivenews.com.br\\\/#organization\",\"name\":\"Inclusive - inclus\u00e3o e cidadania\",\"url\":\"https:\\\/\\\/inclusivenews.com.br\\\/\",\"logo\":{\"@type\":\"ImageObject\",\"inLanguage\":\"pt-PT\",\"@id\":\"https:\\\/\\\/inclusivenews.com.br\\\/#\\\/schema\\\/logo\\\/image\\\/\",\"url\":\"https:\\\/\\\/inclusivenews.com.br\\\/wp-content\\\/uploads\\\/2024\\\/03\\\/@grandesite.png\",\"contentUrl\":\"https:\\\/\\\/inclusivenews.com.br\\\/wp-content\\\/uploads\\\/2024\\\/03\\\/@grandesite.png\",\"width\":1080,\"height\":1080,\"caption\":\"Inclusive - inclus\u00e3o e cidadania\"},\"image\":{\"@id\":\"https:\\\/\\\/inclusivenews.com.br\\\/#\\\/schema\\\/logo\\\/image\\\/\"},\"sameAs\":[\"https:\\\/\\\/www.facebook.com\\\/agenciainclusive\\\/\",\"https:\\\/\\\/www.instagram.com\\\/newsinclusive\\\/\"]},{\"@type\":\"Person\",\"@id\":\"https:\\\/\\\/inclusivenews.com.br\\\/#\\\/schema\\\/person\\\/ae4ec7087559b8692fb33b6fffd2273b\",\"name\":\"inclusivenews2024\",\"image\":{\"@type\":\"ImageObject\",\"inLanguage\":\"pt-PT\",\"@id\":\"https:\\\/\\\/secure.gravatar.com\\\/avatar\\\/c5a7ef84c66fa914f55bc4f7ce26cfa275a3b9a1c5568b907bd184fb4dde7b40?s=96&d=mm&r=g\",\"url\":\"https:\\\/\\\/secure.gravatar.com\\\/avatar\\\/c5a7ef84c66fa914f55bc4f7ce26cfa275a3b9a1c5568b907bd184fb4dde7b40?s=96&d=mm&r=g\",\"contentUrl\":\"https:\\\/\\\/secure.gravatar.com\\\/avatar\\\/c5a7ef84c66fa914f55bc4f7ce26cfa275a3b9a1c5568b907bd184fb4dde7b40?s=96&d=mm&r=g\",\"caption\":\"inclusivenews2024\"},\"sameAs\":[\"https:\\\/\\\/inclusivenews.com.br\"],\"url\":\"https:\\\/\\\/inclusivenews.com.br\\\/?author=1\"}]}<\/script>\n<!-- \/ Yoast SEO plugin. -->","yoast_head_json":{"title":"Ebooks contam detalhes da vida com uma filha autista -","robots":{"index":"index","follow":"follow","max-snippet":"max-snippet:-1","max-image-preview":"max-image-preview:large","max-video-preview":"max-video-preview:-1"},"canonical":"https:\/\/inclusivenews.com.br\/?p=26123","og_locale":"pt_PT","og_type":"article","og_title":"Ebooks contam detalhes da vida com uma filha autista -","og_description":"A vers\u00e3o digital dos livros escritos por Myrza est\u00e3o dispon\u00edveis nas plataformas Kindle e Kobo e podem ser adquiridos por meio dos aplicativos disponibilizados por essas plataformas ou nos pr\u00f3prios leitores de livros digitais comercializados pela Amazon ou Livraria Cultura.","og_url":"https:\/\/inclusivenews.com.br\/?p=26123","article_publisher":"https:\/\/www.facebook.com\/agenciainclusive\/","article_published_time":"2014-02-18T09:57:32+00:00","og_image":[{"url":"http:\/\/ecx.images-amazon.com\/images\/I\/41DCl6TtB5L._AA258_PIkin4,BottomRight,-43,22_AA280_SH20_OU32_.jpg","type":"","width":"","height":""}],"author":"inclusivenews2024","twitter_card":"summary_large_image","twitter_misc":{"Escrito por":"inclusivenews2024","Tempo estimado de leitura":"2 minutos"},"schema":{"@context":"https:\/\/schema.org","@graph":[{"@type":"Article","@id":"https:\/\/inclusivenews.com.br\/?p=26123#article","isPartOf":{"@id":"https:\/\/inclusivenews.com.br\/?p=26123"},"author":{"name":"inclusivenews2024","@id":"https:\/\/inclusivenews.com.br\/#\/schema\/person\/ae4ec7087559b8692fb33b6fffd2273b"},"headline":"Ebooks contam detalhes da vida com uma filha autista","datePublished":"2014-02-18T09:57:32+00:00","mainEntityOfPage":{"@id":"https:\/\/inclusivenews.com.br\/?p=26123"},"wordCount":359,"commentCount":0,"publisher":{"@id":"https:\/\/inclusivenews.com.br\/#organization"},"image":{"@id":"https:\/\/inclusivenews.com.br\/?p=26123#primaryimage"},"thumbnailUrl":"http:\/\/ecx.images-amazon.com\/images\/I\/41DCl6TtB5L._AA258_PIkin4,BottomRight,-43,22_AA280_SH20_OU32_.jpg","keywords":["Autismo"],"articleSection":["Lan\u00e7amentos","Livros","PUBLICA\u00c7\u00d5ES"],"inLanguage":"pt-PT","potentialAction":[{"@type":"CommentAction","name":"Comment","target":["https:\/\/inclusivenews.com.br\/?p=26123#respond"]}]},{"@type":"WebPage","@id":"https:\/\/inclusivenews.com.br\/?p=26123","url":"https:\/\/inclusivenews.com.br\/?p=26123","name":"Ebooks contam detalhes da vida com uma filha autista -","isPartOf":{"@id":"https:\/\/inclusivenews.com.br\/#website"},"primaryImageOfPage":{"@id":"https:\/\/inclusivenews.com.br\/?p=26123#primaryimage"},"image":{"@id":"https:\/\/inclusivenews.com.br\/?p=26123#primaryimage"},"thumbnailUrl":"http:\/\/ecx.images-amazon.com\/images\/I\/41DCl6TtB5L._AA258_PIkin4,BottomRight,-43,22_AA280_SH20_OU32_.jpg","datePublished":"2014-02-18T09:57:32+00:00","breadcrumb":{"@id":"https:\/\/inclusivenews.com.br\/?p=26123#breadcrumb"},"inLanguage":"pt-PT","potentialAction":[{"@type":"ReadAction","target":["https:\/\/inclusivenews.com.br\/?p=26123"]}]},{"@type":"ImageObject","inLanguage":"pt-PT","@id":"https:\/\/inclusivenews.com.br\/?p=26123#primaryimage","url":"http:\/\/ecx.images-amazon.com\/images\/I\/41DCl6TtB5L._AA258_PIkin4,BottomRight,-43,22_AA280_SH20_OU32_.jpg","contentUrl":"http:\/\/ecx.images-amazon.com\/images\/I\/41DCl6TtB5L._AA258_PIkin4,BottomRight,-43,22_AA280_SH20_OU32_.jpg"},{"@type":"BreadcrumbList","@id":"https:\/\/inclusivenews.com.br\/?p=26123#breadcrumb","itemListElement":[{"@type":"ListItem","position":1,"name":"In\u00edcio","item":"https:\/\/inclusivenews.com.br\/"},{"@type":"ListItem","position":2,"name":"Ebooks contam detalhes da vida com uma filha autista"}]},{"@type":"WebSite","@id":"https:\/\/inclusivenews.com.br\/#website","url":"https:\/\/inclusivenews.com.br\/","name":"Inclusive News","description":"Inclusive News","publisher":{"@id":"https:\/\/inclusivenews.com.br\/#organization"},"potentialAction":[{"@type":"SearchAction","target":{"@type":"EntryPoint","urlTemplate":"https:\/\/inclusivenews.com.br\/?s={search_term_string}"},"query-input":{"@type":"PropertyValueSpecification","valueRequired":true,"valueName":"search_term_string"}}],"inLanguage":"pt-PT"},{"@type":"Organization","@id":"https:\/\/inclusivenews.com.br\/#organization","name":"Inclusive - inclus\u00e3o e cidadania","url":"https:\/\/inclusivenews.com.br\/","logo":{"@type":"ImageObject","inLanguage":"pt-PT","@id":"https:\/\/inclusivenews.com.br\/#\/schema\/logo\/image\/","url":"https:\/\/inclusivenews.com.br\/wp-content\/uploads\/2024\/03\/@grandesite.png","contentUrl":"https:\/\/inclusivenews.com.br\/wp-content\/uploads\/2024\/03\/@grandesite.png","width":1080,"height":1080,"caption":"Inclusive - inclus\u00e3o e cidadania"},"image":{"@id":"https:\/\/inclusivenews.com.br\/#\/schema\/logo\/image\/"},"sameAs":["https:\/\/www.facebook.com\/agenciainclusive\/","https:\/\/www.instagram.com\/newsinclusive\/"]},{"@type":"Person","@id":"https:\/\/inclusivenews.com.br\/#\/schema\/person\/ae4ec7087559b8692fb33b6fffd2273b","name":"inclusivenews2024","image":{"@type":"ImageObject","inLanguage":"pt-PT","@id":"https:\/\/secure.gravatar.com\/avatar\/c5a7ef84c66fa914f55bc4f7ce26cfa275a3b9a1c5568b907bd184fb4dde7b40?s=96&d=mm&r=g","url":"https:\/\/secure.gravatar.com\/avatar\/c5a7ef84c66fa914f55bc4f7ce26cfa275a3b9a1c5568b907bd184fb4dde7b40?s=96&d=mm&r=g","contentUrl":"https:\/\/secure.gravatar.com\/avatar\/c5a7ef84c66fa914f55bc4f7ce26cfa275a3b9a1c5568b907bd184fb4dde7b40?s=96&d=mm&r=g","caption":"inclusivenews2024"},"sameAs":["https:\/\/inclusivenews.com.br"],"url":"https:\/\/inclusivenews.com.br\/?author=1"}]}},"_links":{"self":[{"href":"https:\/\/inclusivenews.com.br\/index.php?rest_route=\/wp\/v2\/posts\/26123","targetHints":{"allow":["GET"]}}],"collection":[{"href":"https:\/\/inclusivenews.com.br\/index.php?rest_route=\/wp\/v2\/posts"}],"about":[{"href":"https:\/\/inclusivenews.com.br\/index.php?rest_route=\/wp\/v2\/types\/post"}],"author":[{"embeddable":true,"href":"https:\/\/inclusivenews.com.br\/index.php?rest_route=\/wp\/v2\/users\/1"}],"replies":[{"embeddable":true,"href":"https:\/\/inclusivenews.com.br\/index.php?rest_route=%2Fwp%2Fv2%2Fcomments&post=26123"}],"version-history":[{"count":0,"href":"https:\/\/inclusivenews.com.br\/index.php?rest_route=\/wp\/v2\/posts\/26123\/revisions"}],"wp:attachment":[{"href":"https:\/\/inclusivenews.com.br\/index.php?rest_route=%2Fwp%2Fv2%2Fmedia&parent=26123"}],"wp:term":[{"taxonomy":"category","embeddable":true,"href":"https:\/\/inclusivenews.com.br\/index.php?rest_route=%2Fwp%2Fv2%2Fcategories&post=26123"},{"taxonomy":"post_tag","embeddable":true,"href":"https:\/\/inclusivenews.com.br\/index.php?rest_route=%2Fwp%2Fv2%2Ftags&post=26123"}],"curies":[{"name":"wp","href":"https:\/\/api.w.org\/{rel}","templated":true}]}}