{"id":26271,"date":"2014-03-25T18:49:34","date_gmt":"2014-03-25T21:49:34","guid":{"rendered":"http:\/\/www.inclusive.org.br\/?p=26271"},"modified":"2014-03-25T18:49:34","modified_gmt":"2014-03-25T21:49:34","slug":"congresso-de-cidades-educadoras-recebe-experiencias","status":"publish","type":"post","link":"https:\/\/inclusivenews.com.br\/?p=26271","title":{"rendered":"Congresso de Cidades Educadoras recebe experi\u00eancias"},"content":{"rendered":"<p><img loading=\"lazy\" decoding=\"async\" class=\"alignnone\" alt=\"M\u00e3os de crian\u00e7a em estojo de giz de cera\" src=\"http:\/\/iaec2014.bcn.cat\/wp-content\/uploads\/2013\/11\/slider_Barcelona_06-218x124.jpg\" width=\"218\" height=\"124\" \/><\/p>\n<p>No pr\u00f3ximo domingo (30\/3) encerram-se as inscri\u00e7\u00f5es para apresenta\u00e7\u00e3o de experi\u00eancias no <a href=\"http:\/\/iaec2014.bcn.cat\/es\/\" target=\"_blank\" rel=\"noopener\">XIII Congresso Internacional de Cidades Educadoras<\/a>, que ter\u00e1 como tema \u201cA cidade educadora \u00e9 uma cidade que inclui\u201d e acontecer\u00e1 em Barcelona, na Espanha, entre os dias 13 e 15 de novembro.<\/p>\n<p>As cidades interessadas poder\u00e3o apresentar experi\u00eancias sobre Participa\u00e7\u00e3o e compromisso cidad\u00e3o, Inclus\u00e3o como direito e A cidade Educadora como espa\u00e7o de inova\u00e7\u00e3o e criatividade, que ser\u00e3o selecionadas com base nos seguintes crit\u00e9rios:<\/p>\n<p>&#8211; apresentem rela\u00e7\u00e3o direta com os eixos tem\u00e1ticos do congresso;<br \/>\n&#8211; possibilidade de inspirar ou se tornarem replic\u00e1veis em outras cidades;<br \/>\n&#8211; valoriza\u00e7\u00e3o de a\u00e7\u00f5es concretas, em di\u00e1logo com os planos locais;<br \/>\n&#8211; inova\u00e7\u00e3o;<br \/>\n&#8211; representativas de todos os \u00e2mbitos da a\u00e7\u00e3o pol\u00edtica local;<br \/>\n&#8211; que potencializem a autonomia do cidad\u00e3o e n\u00e3o as de car\u00e1ter puramente assistencial;<br \/>\n&#8211; que valorizem as atua\u00e7\u00f5es concretizadas com a participa\u00e7\u00e3o, colabora\u00e7\u00e3o e implica\u00e7\u00e3o de outros atores urbanos, como associa\u00e7\u00f5es, institui\u00e7\u00f5es, universidades, etc e de cidadania em geral;<br \/>\n&#8211; que relacionem as pessoas e o territ\u00f3rio.<\/p>\n<p>O encontro reunir\u00e1 conferencistas e ter\u00e1 apresenta\u00e7\u00e3o das experi\u00eancias selecionadas e mesas redondas entre prefeitos \u2013 sempre com o tema da educa\u00e7\u00e3o compreendida em um sentido amplo, como instrumento essencial para o desenvolvimento individual e coletivo e para a melhoria da conviv\u00eancia e solidariedade.<\/p>\n<p><a href=\"http:\/\/iaec2014.bcn.cat\/es\/inscripciones\/presentacion-de-experiencias\/\" target=\"_blank\" rel=\"noopener\">Para inscrever a experi\u00eancia, o interessado dever\u00e1 envi\u00e1-la aqui.<\/a><\/p>\n","protected":false},"excerpt":{"rendered":"<p>As cidades interessadas poder\u00e3o apresentar experi\u00eancias sobre participa\u00e7\u00e3o e compromisso cidad\u00e3o, inclus\u00e3o como direito e a cidade educadora como espa\u00e7o de inova\u00e7\u00e3o e criatividade. Inscri\u00e7\u00f5es at\u00e9 30\/03.<\/p>\n","protected":false},"author":1,"featured_media":0,"comment_status":"open","ping_status":"open","sticky":false,"template":"","format":"standard","meta":{"site-container-style":"default","site-container-layout":"default","site-sidebar-layout":"default","disable-article-header":"default","disable-site-header":"default","disable-site-footer":"default","disable-content-area-spacing":"default","footnotes":""},"categories":[12,4],"tags":[],"class_list":["post-26271","post","type-post","status-publish","format-standard","hentry","category-cursos-e-eventos","category-noticias"],"yoast_head":"<!-- This site is optimized with the Yoast SEO plugin v27.4 - https:\/\/yoast.com\/product\/yoast-seo-wordpress\/ -->\n<title>Congresso de Cidades Educadoras recebe experi\u00eancias -<\/title>\n<meta name=\"robots\" content=\"index, follow, max-snippet:-1, max-image-preview:large, max-video-preview:-1\" \/>\n<link rel=\"canonical\" href=\"https:\/\/inclusivenews.com.br\/?p=26271\" \/>\n<meta property=\"og:locale\" content=\"pt_PT\" \/>\n<meta property=\"og:type\" content=\"article\" \/>\n<meta property=\"og:title\" content=\"Congresso de Cidades Educadoras recebe experi\u00eancias -\" \/>\n<meta property=\"og:description\" content=\"As cidades interessadas poder\u00e3o apresentar experi\u00eancias sobre participa\u00e7\u00e3o e compromisso cidad\u00e3o, inclus\u00e3o como direito e a cidade educadora como espa\u00e7o de inova\u00e7\u00e3o e criatividade. Inscri\u00e7\u00f5es at\u00e9 30\/03.\" \/>\n<meta property=\"og:url\" content=\"https:\/\/inclusivenews.com.br\/?p=26271\" \/>\n<meta property=\"article:publisher\" content=\"https:\/\/www.facebook.com\/agenciainclusive\/\" \/>\n<meta property=\"article:published_time\" content=\"2014-03-25T21:49:34+00:00\" \/>\n<meta property=\"og:image\" content=\"http:\/\/iaec2014.bcn.cat\/wp-content\/uploads\/2013\/11\/slider_Barcelona_06-218x124.jpg\" \/>\n<meta name=\"author\" content=\"inclusivenews2024\" \/>\n<meta name=\"twitter:card\" content=\"summary_large_image\" \/>\n<meta name=\"twitter:label1\" content=\"Escrito por\" \/>\n\t<meta name=\"twitter:data1\" content=\"inclusivenews2024\" \/>\n\t<meta name=\"twitter:label2\" content=\"Tempo estimado de leitura\" \/>\n\t<meta name=\"twitter:data2\" content=\"1 minuto\" \/>\n<script type=\"application\/ld+json\" class=\"yoast-schema-graph\">{\"@context\":\"https:\\\/\\\/schema.org\",\"@graph\":[{\"@type\":\"Article\",\"@id\":\"https:\\\/\\\/inclusivenews.com.br\\\/?p=26271#article\",\"isPartOf\":{\"@id\":\"https:\\\/\\\/inclusivenews.com.br\\\/?p=26271\"},\"author\":{\"name\":\"inclusivenews2024\",\"@id\":\"https:\\\/\\\/inclusivenews.com.br\\\/#\\\/schema\\\/person\\\/ae4ec7087559b8692fb33b6fffd2273b\"},\"headline\":\"Congresso de Cidades Educadoras recebe experi\u00eancias\",\"datePublished\":\"2014-03-25T21:49:34+00:00\",\"mainEntityOfPage\":{\"@id\":\"https:\\\/\\\/inclusivenews.com.br\\\/?p=26271\"},\"wordCount\":261,\"commentCount\":0,\"publisher\":{\"@id\":\"https:\\\/\\\/inclusivenews.com.br\\\/#organization\"},\"image\":{\"@id\":\"https:\\\/\\\/inclusivenews.com.br\\\/?p=26271#primaryimage\"},\"thumbnailUrl\":\"http:\\\/\\\/iaec2014.bcn.cat\\\/wp-content\\\/uploads\\\/2013\\\/11\\\/slider_Barcelona_06-218x124.jpg\",\"articleSection\":[\"Cursos e eventos\",\"NOT\u00cdCIAS\"],\"inLanguage\":\"pt-PT\",\"potentialAction\":[{\"@type\":\"CommentAction\",\"name\":\"Comment\",\"target\":[\"https:\\\/\\\/inclusivenews.com.br\\\/?p=26271#respond\"]}]},{\"@type\":\"WebPage\",\"@id\":\"https:\\\/\\\/inclusivenews.com.br\\\/?p=26271\",\"url\":\"https:\\\/\\\/inclusivenews.com.br\\\/?p=26271\",\"name\":\"Congresso de Cidades Educadoras recebe experi\u00eancias -\",\"isPartOf\":{\"@id\":\"https:\\\/\\\/inclusivenews.com.br\\\/#website\"},\"primaryImageOfPage\":{\"@id\":\"https:\\\/\\\/inclusivenews.com.br\\\/?p=26271#primaryimage\"},\"image\":{\"@id\":\"https:\\\/\\\/inclusivenews.com.br\\\/?p=26271#primaryimage\"},\"thumbnailUrl\":\"http:\\\/\\\/iaec2014.bcn.cat\\\/wp-content\\\/uploads\\\/2013\\\/11\\\/slider_Barcelona_06-218x124.jpg\",\"datePublished\":\"2014-03-25T21:49:34+00:00\",\"breadcrumb\":{\"@id\":\"https:\\\/\\\/inclusivenews.com.br\\\/?p=26271#breadcrumb\"},\"inLanguage\":\"pt-PT\",\"potentialAction\":[{\"@type\":\"ReadAction\",\"target\":[\"https:\\\/\\\/inclusivenews.com.br\\\/?p=26271\"]}]},{\"@type\":\"ImageObject\",\"inLanguage\":\"pt-PT\",\"@id\":\"https:\\\/\\\/inclusivenews.com.br\\\/?p=26271#primaryimage\",\"url\":\"http:\\\/\\\/iaec2014.bcn.cat\\\/wp-content\\\/uploads\\\/2013\\\/11\\\/slider_Barcelona_06-218x124.jpg\",\"contentUrl\":\"http:\\\/\\\/iaec2014.bcn.cat\\\/wp-content\\\/uploads\\\/2013\\\/11\\\/slider_Barcelona_06-218x124.jpg\"},{\"@type\":\"BreadcrumbList\",\"@id\":\"https:\\\/\\\/inclusivenews.com.br\\\/?p=26271#breadcrumb\",\"itemListElement\":[{\"@type\":\"ListItem\",\"position\":1,\"name\":\"In\u00edcio\",\"item\":\"https:\\\/\\\/inclusivenews.com.br\\\/\"},{\"@type\":\"ListItem\",\"position\":2,\"name\":\"Congresso de Cidades Educadoras recebe experi\u00eancias\"}]},{\"@type\":\"WebSite\",\"@id\":\"https:\\\/\\\/inclusivenews.com.br\\\/#website\",\"url\":\"https:\\\/\\\/inclusivenews.com.br\\\/\",\"name\":\"Inclusive News\",\"description\":\"Inclusive News\",\"publisher\":{\"@id\":\"https:\\\/\\\/inclusivenews.com.br\\\/#organization\"},\"potentialAction\":[{\"@type\":\"SearchAction\",\"target\":{\"@type\":\"EntryPoint\",\"urlTemplate\":\"https:\\\/\\\/inclusivenews.com.br\\\/?s={search_term_string}\"},\"query-input\":{\"@type\":\"PropertyValueSpecification\",\"valueRequired\":true,\"valueName\":\"search_term_string\"}}],\"inLanguage\":\"pt-PT\"},{\"@type\":\"Organization\",\"@id\":\"https:\\\/\\\/inclusivenews.com.br\\\/#organization\",\"name\":\"Inclusive - inclus\u00e3o e cidadania\",\"url\":\"https:\\\/\\\/inclusivenews.com.br\\\/\",\"logo\":{\"@type\":\"ImageObject\",\"inLanguage\":\"pt-PT\",\"@id\":\"https:\\\/\\\/inclusivenews.com.br\\\/#\\\/schema\\\/logo\\\/image\\\/\",\"url\":\"https:\\\/\\\/inclusivenews.com.br\\\/wp-content\\\/uploads\\\/2024\\\/03\\\/@grandesite.png\",\"contentUrl\":\"https:\\\/\\\/inclusivenews.com.br\\\/wp-content\\\/uploads\\\/2024\\\/03\\\/@grandesite.png\",\"width\":1080,\"height\":1080,\"caption\":\"Inclusive - inclus\u00e3o e cidadania\"},\"image\":{\"@id\":\"https:\\\/\\\/inclusivenews.com.br\\\/#\\\/schema\\\/logo\\\/image\\\/\"},\"sameAs\":[\"https:\\\/\\\/www.facebook.com\\\/agenciainclusive\\\/\",\"https:\\\/\\\/www.instagram.com\\\/newsinclusive\\\/\"]},{\"@type\":\"Person\",\"@id\":\"https:\\\/\\\/inclusivenews.com.br\\\/#\\\/schema\\\/person\\\/ae4ec7087559b8692fb33b6fffd2273b\",\"name\":\"inclusivenews2024\",\"image\":{\"@type\":\"ImageObject\",\"inLanguage\":\"pt-PT\",\"@id\":\"https:\\\/\\\/secure.gravatar.com\\\/avatar\\\/c5a7ef84c66fa914f55bc4f7ce26cfa275a3b9a1c5568b907bd184fb4dde7b40?s=96&d=mm&r=g\",\"url\":\"https:\\\/\\\/secure.gravatar.com\\\/avatar\\\/c5a7ef84c66fa914f55bc4f7ce26cfa275a3b9a1c5568b907bd184fb4dde7b40?s=96&d=mm&r=g\",\"contentUrl\":\"https:\\\/\\\/secure.gravatar.com\\\/avatar\\\/c5a7ef84c66fa914f55bc4f7ce26cfa275a3b9a1c5568b907bd184fb4dde7b40?s=96&d=mm&r=g\",\"caption\":\"inclusivenews2024\"},\"sameAs\":[\"https:\\\/\\\/inclusivenews.com.br\"],\"url\":\"https:\\\/\\\/inclusivenews.com.br\\\/?author=1\"}]}<\/script>\n<!-- \/ Yoast SEO plugin. -->","yoast_head_json":{"title":"Congresso de Cidades Educadoras recebe experi\u00eancias -","robots":{"index":"index","follow":"follow","max-snippet":"max-snippet:-1","max-image-preview":"max-image-preview:large","max-video-preview":"max-video-preview:-1"},"canonical":"https:\/\/inclusivenews.com.br\/?p=26271","og_locale":"pt_PT","og_type":"article","og_title":"Congresso de Cidades Educadoras recebe experi\u00eancias -","og_description":"As cidades interessadas poder\u00e3o apresentar experi\u00eancias sobre participa\u00e7\u00e3o e compromisso cidad\u00e3o, inclus\u00e3o como direito e a cidade educadora como espa\u00e7o de inova\u00e7\u00e3o e criatividade. Inscri\u00e7\u00f5es at\u00e9 30\/03.","og_url":"https:\/\/inclusivenews.com.br\/?p=26271","article_publisher":"https:\/\/www.facebook.com\/agenciainclusive\/","article_published_time":"2014-03-25T21:49:34+00:00","og_image":[{"url":"http:\/\/iaec2014.bcn.cat\/wp-content\/uploads\/2013\/11\/slider_Barcelona_06-218x124.jpg","type":"","width":"","height":""}],"author":"inclusivenews2024","twitter_card":"summary_large_image","twitter_misc":{"Escrito por":"inclusivenews2024","Tempo estimado de leitura":"1 minuto"},"schema":{"@context":"https:\/\/schema.org","@graph":[{"@type":"Article","@id":"https:\/\/inclusivenews.com.br\/?p=26271#article","isPartOf":{"@id":"https:\/\/inclusivenews.com.br\/?p=26271"},"author":{"name":"inclusivenews2024","@id":"https:\/\/inclusivenews.com.br\/#\/schema\/person\/ae4ec7087559b8692fb33b6fffd2273b"},"headline":"Congresso de Cidades Educadoras recebe experi\u00eancias","datePublished":"2014-03-25T21:49:34+00:00","mainEntityOfPage":{"@id":"https:\/\/inclusivenews.com.br\/?p=26271"},"wordCount":261,"commentCount":0,"publisher":{"@id":"https:\/\/inclusivenews.com.br\/#organization"},"image":{"@id":"https:\/\/inclusivenews.com.br\/?p=26271#primaryimage"},"thumbnailUrl":"http:\/\/iaec2014.bcn.cat\/wp-content\/uploads\/2013\/11\/slider_Barcelona_06-218x124.jpg","articleSection":["Cursos e eventos","NOT\u00cdCIAS"],"inLanguage":"pt-PT","potentialAction":[{"@type":"CommentAction","name":"Comment","target":["https:\/\/inclusivenews.com.br\/?p=26271#respond"]}]},{"@type":"WebPage","@id":"https:\/\/inclusivenews.com.br\/?p=26271","url":"https:\/\/inclusivenews.com.br\/?p=26271","name":"Congresso de Cidades Educadoras recebe experi\u00eancias -","isPartOf":{"@id":"https:\/\/inclusivenews.com.br\/#website"},"primaryImageOfPage":{"@id":"https:\/\/inclusivenews.com.br\/?p=26271#primaryimage"},"image":{"@id":"https:\/\/inclusivenews.com.br\/?p=26271#primaryimage"},"thumbnailUrl":"http:\/\/iaec2014.bcn.cat\/wp-content\/uploads\/2013\/11\/slider_Barcelona_06-218x124.jpg","datePublished":"2014-03-25T21:49:34+00:00","breadcrumb":{"@id":"https:\/\/inclusivenews.com.br\/?p=26271#breadcrumb"},"inLanguage":"pt-PT","potentialAction":[{"@type":"ReadAction","target":["https:\/\/inclusivenews.com.br\/?p=26271"]}]},{"@type":"ImageObject","inLanguage":"pt-PT","@id":"https:\/\/inclusivenews.com.br\/?p=26271#primaryimage","url":"http:\/\/iaec2014.bcn.cat\/wp-content\/uploads\/2013\/11\/slider_Barcelona_06-218x124.jpg","contentUrl":"http:\/\/iaec2014.bcn.cat\/wp-content\/uploads\/2013\/11\/slider_Barcelona_06-218x124.jpg"},{"@type":"BreadcrumbList","@id":"https:\/\/inclusivenews.com.br\/?p=26271#breadcrumb","itemListElement":[{"@type":"ListItem","position":1,"name":"In\u00edcio","item":"https:\/\/inclusivenews.com.br\/"},{"@type":"ListItem","position":2,"name":"Congresso de Cidades Educadoras recebe experi\u00eancias"}]},{"@type":"WebSite","@id":"https:\/\/inclusivenews.com.br\/#website","url":"https:\/\/inclusivenews.com.br\/","name":"Inclusive News","description":"Inclusive News","publisher":{"@id":"https:\/\/inclusivenews.com.br\/#organization"},"potentialAction":[{"@type":"SearchAction","target":{"@type":"EntryPoint","urlTemplate":"https:\/\/inclusivenews.com.br\/?s={search_term_string}"},"query-input":{"@type":"PropertyValueSpecification","valueRequired":true,"valueName":"search_term_string"}}],"inLanguage":"pt-PT"},{"@type":"Organization","@id":"https:\/\/inclusivenews.com.br\/#organization","name":"Inclusive - inclus\u00e3o e cidadania","url":"https:\/\/inclusivenews.com.br\/","logo":{"@type":"ImageObject","inLanguage":"pt-PT","@id":"https:\/\/inclusivenews.com.br\/#\/schema\/logo\/image\/","url":"https:\/\/inclusivenews.com.br\/wp-content\/uploads\/2024\/03\/@grandesite.png","contentUrl":"https:\/\/inclusivenews.com.br\/wp-content\/uploads\/2024\/03\/@grandesite.png","width":1080,"height":1080,"caption":"Inclusive - inclus\u00e3o e cidadania"},"image":{"@id":"https:\/\/inclusivenews.com.br\/#\/schema\/logo\/image\/"},"sameAs":["https:\/\/www.facebook.com\/agenciainclusive\/","https:\/\/www.instagram.com\/newsinclusive\/"]},{"@type":"Person","@id":"https:\/\/inclusivenews.com.br\/#\/schema\/person\/ae4ec7087559b8692fb33b6fffd2273b","name":"inclusivenews2024","image":{"@type":"ImageObject","inLanguage":"pt-PT","@id":"https:\/\/secure.gravatar.com\/avatar\/c5a7ef84c66fa914f55bc4f7ce26cfa275a3b9a1c5568b907bd184fb4dde7b40?s=96&d=mm&r=g","url":"https:\/\/secure.gravatar.com\/avatar\/c5a7ef84c66fa914f55bc4f7ce26cfa275a3b9a1c5568b907bd184fb4dde7b40?s=96&d=mm&r=g","contentUrl":"https:\/\/secure.gravatar.com\/avatar\/c5a7ef84c66fa914f55bc4f7ce26cfa275a3b9a1c5568b907bd184fb4dde7b40?s=96&d=mm&r=g","caption":"inclusivenews2024"},"sameAs":["https:\/\/inclusivenews.com.br"],"url":"https:\/\/inclusivenews.com.br\/?author=1"}]}},"_links":{"self":[{"href":"https:\/\/inclusivenews.com.br\/index.php?rest_route=\/wp\/v2\/posts\/26271","targetHints":{"allow":["GET"]}}],"collection":[{"href":"https:\/\/inclusivenews.com.br\/index.php?rest_route=\/wp\/v2\/posts"}],"about":[{"href":"https:\/\/inclusivenews.com.br\/index.php?rest_route=\/wp\/v2\/types\/post"}],"author":[{"embeddable":true,"href":"https:\/\/inclusivenews.com.br\/index.php?rest_route=\/wp\/v2\/users\/1"}],"replies":[{"embeddable":true,"href":"https:\/\/inclusivenews.com.br\/index.php?rest_route=%2Fwp%2Fv2%2Fcomments&post=26271"}],"version-history":[{"count":0,"href":"https:\/\/inclusivenews.com.br\/index.php?rest_route=\/wp\/v2\/posts\/26271\/revisions"}],"wp:attachment":[{"href":"https:\/\/inclusivenews.com.br\/index.php?rest_route=%2Fwp%2Fv2%2Fmedia&parent=26271"}],"wp:term":[{"taxonomy":"category","embeddable":true,"href":"https:\/\/inclusivenews.com.br\/index.php?rest_route=%2Fwp%2Fv2%2Fcategories&post=26271"},{"taxonomy":"post_tag","embeddable":true,"href":"https:\/\/inclusivenews.com.br\/index.php?rest_route=%2Fwp%2Fv2%2Ftags&post=26271"}],"curies":[{"name":"wp","href":"https:\/\/api.w.org\/{rel}","templated":true}]}}