{"id":26286,"date":"2014-03-31T07:51:40","date_gmt":"2014-03-31T10:51:40","guid":{"rendered":"http:\/\/www.inclusive.org.br\/?p=26286"},"modified":"2014-03-31T07:51:40","modified_gmt":"2014-03-31T10:51:40","slug":"abertas-as-inscricoes-da-10a-edicao-do-premio-empreendedor-social","status":"publish","type":"post","link":"https:\/\/inclusivenews.com.br\/?p=26286","title":{"rendered":"Abertas as inscri\u00e7\u00f5es da 10\u00aa edi\u00e7\u00e3o do Pr\u00eamio Empreendedor Social"},"content":{"rendered":"<p><img loading=\"lazy\" decoding=\"async\" class=\"alignnone\" alt=\"Empreendedor Social 10 anos - Inscri\u00e7\u00f5es abertas\" src=\"http:\/\/f.i.uol.com.br\/folha\/empreendedorsocial\/images\/2014\/banner-empreendedor-2014-5.png\" width=\"300\" height=\"300\" \/><\/p>\n<p>Est\u00e3o abertas as inscri\u00e7\u00f5es para o Pr\u00eamio Empreendedor Social (folha.com.br\/empreendedorsocial), que em 2014 completa dez anos no Brasil, pa\u00eds recordista de inscri\u00e7\u00f5es nas \u00faltimas edi\u00e7\u00f5es. Reconhecido como o concurso mais importante da Am\u00e9rica Latina para a\u00e7\u00f5es que beneficiem pessoas em situa\u00e7\u00e3o de risco social e\/ou ambiental, tem como proposta fortalecer l\u00edderes com mais de 18 anos, \u00e0 frente de iniciativas inovadoras h\u00e1 pelo menos tr\u00eas anos, de maneira sustent\u00e1vel, com impacto na sociedade e em pol\u00edticas p\u00fablicas. Empreendedores de at\u00e9 35 anos, que comandam projetos mais recentes \u2014 de um ano at\u00e9 tr\u00eas de atua\u00e7\u00e3o \u2014, podem concorrer no Pr\u00eamio Folha Empreendedor Social de Futuro.<\/p>\n<p>O jornal Folha de S.Paulo conduz o processo de sele\u00e7\u00e3o do Pr\u00eamio Empreendedor Social, em parceria com a Funda\u00e7\u00e3o Schwab, mentora do concurso e correalizadora do F\u00f3rum Econ\u00f4mico Mundial de Davos. J\u00e1 o Folha Empreendedor Social de Futuro, criado exclusivamente pela Folha em 2009, vale-se dos mesmos par\u00e2metros internacionais para laurear propostas como a cria\u00e7\u00e3o de um produto, servi\u00e7o ou aplica\u00e7\u00e3o de tecnologia social que ainda precisem de visibilidade e capacita\u00e7\u00e3o para aumentar seu impacto, na fase mais cr\u00edtica de toda organiza\u00e7\u00e3o: o princ\u00edpio da atividade.<\/p>\n<p>Por aqui, mais de 70 l\u00edderes socioambientais de todo o pa\u00eds j\u00e1 entraram para a seleta lista de finalistas de ambos os concursos. \u201cO Pr\u00eamio Empreendedor Social no Brasil \u00e9 um jeito fant\u00e1stico de identificar inovadores que capitaneiam organiza\u00e7\u00f5es sociais e que lidam com quest\u00f5es que v\u00e3o da sa\u00fade \u00e0 educa\u00e7\u00e3o\u201d, afirma Kenneth Turner, gerente-s\u00eanior para Am\u00e9rica Latina e \u00c1frica da Funda\u00e7\u00e3o Schwab.<\/p>\n<p>\u201cChegar \u00e0 d\u00e9cima edi\u00e7\u00e3o do pr\u00eamio mostra o sucesso desta parceria internacional que reconhece a import\u00e2ncia de valores como \u00e9tica, cidadania e combatividade, presentes no dia a dia da Folha, e que premia empreendedores brasileiros comprometidos com a transforma\u00e7\u00e3o social\u201d, afirma S\u00e9rgio D\u00e1vila, editor-executivo da Folha de S.Paulo.<\/p>\n<p><strong>Benef\u00edcios para aprimoramento<\/strong><\/p>\n<p>As inscri\u00e7\u00f5es v\u00e3o at\u00e9 27 de abril, e o processo seletivo dura at\u00e9 outubro. Finalistas e vencedores do Empreendedor Social e do Folha Empreendedor Social de Futuro ter\u00e3o seus perfis publicados em caderno especial que circula nacionalmente na Folha de S.Paulo e no site da Folha, receber\u00e3o um kit com relat\u00f3rio completo e extenso de avalia\u00e7\u00e3o encaminhado para o j\u00fari, segundo os crit\u00e9rios dos pr\u00eamios, al\u00e9m de fotos e v\u00eddeo jornal\u00edstico sobre seu trabalho, para uso livre de divulga\u00e7\u00e3o.<\/p>\n<p>Est\u00e3o ainda na lista de benef\u00edcios: assessoria jur\u00eddica e de gest\u00e3o e bolsas de estudo para cursos, congressos e semin\u00e1rios. Os finalistas com idade inferior a 40 anos e que atenderem aos crit\u00e9rios estabelecidos pela organiza\u00e7\u00e3o Jovens L\u00edderes Globais do F\u00f3rum Econ\u00f4mico Mundial ser\u00e3o indicados para o F\u00f3rum dos Jovens L\u00edderes Globais. Todos os que tiverem entre 20 e 30 anos e que atenderem aos crit\u00e9rios estabelecidos pela organiza\u00e7\u00e3o Global Shapers do F\u00f3rum Econ\u00f4mico Mundial ser\u00e3o indicados para receberem o t\u00edtulo de Global Shapers. No \u00e2mbito internacional, o vencedor do Empreendedor Social participar\u00e1, com despesas pagas de transporte e hospedagem, do F\u00f3rum Econ\u00f4mico da Am\u00e9rica Latina de 2015.<\/p>\n<p>No Empreendedor de Futuro, os finalistas com menos de 40 anos e que atenderem aos crit\u00e9rios estabelecidos pela organiza\u00e7\u00e3o Jovens L\u00edderes Globais do F\u00f3rum Econ\u00f4mico Mundial ser\u00e3o indicados para o F\u00f3rum dos Jovens L\u00edderes Globais. Os que tiverem entre 20 e 30 e que corresponderem aos crit\u00e9rios da organiza\u00e7\u00e3o Global Shapers do F\u00f3rum Econ\u00f4mico Mundial ser\u00e3o indicados para receberem o t\u00edtulo de Global Shapers. O vencedor leva bolsas de estudos, consultorias e acelera\u00e7\u00e3o de comunica\u00e7\u00e3o com o jornalista Gilberto Dimenstein, do Catraca Livre, entre outras oportunidades.<\/p>\n<p>Os eleitos em ambas as premia\u00e7\u00f5es ser\u00e3o convidados a integrar a Rede Folha de Empreendedores Socioambientais, um seleto grupo de l\u00edderes sociais brasileiros altamente inovadores que interagem constantemente com apoio, fomento e divulga\u00e7\u00e3o da Folha de S.Paulo. Um dos finalistas de ambas as premia\u00e7\u00f5es tamb\u00e9m pode se sagrar eleito pelo voto online do p\u00fablico, na chamada \u201cEscolha do Leitor\u201d.<\/p>\n<p><strong>CALEND\u00c1RIO 2014 DOS PR\u00caMIOS:<\/strong><\/p>\n<p>At\u00e9 27 de abril: regulamento e formul\u00e1rio de inscri\u00e7\u00e3o preenchido, somente pelo site folha.com.br\/empreendedorsocial<br \/>\nAt\u00e9 13 de maio: selecionados para a segunda fase<br \/>\nAt\u00e9 9 de junho: envio de documentos da segunda fase<br \/>\nAt\u00e9 24 de junho: escolha dos selecionados<br \/>\n21 de julho: in\u00edcio das avalia\u00e7\u00f5es in loco<br \/>\nAt\u00e9 1\u00ba. de setembro: fim das avalia\u00e7\u00f5es<br \/>\nAt\u00e9 7 de outubro: envio de relat\u00f3rios para o j\u00fari<br \/>\nOutubro: publica\u00e7\u00e3o de reportagens com finalistas e j\u00fari; vota\u00e7\u00e3o pelo p\u00fablico em geral para a categoria \u201cEscolha do Leitor\u201d no site dos pr\u00eamios<br \/>\nNovembro: cerim\u00f4nia de premia\u00e7\u00e3o; publica\u00e7\u00e3o do caderno especial Empreendedor Social na Folha de S.Paulo<\/p>\n<p><strong>INFORMA\u00c7\u00d5ES E D\u00daVIDAS: <\/strong><\/p>\n<p><a href=\"mailto:empreendedorsocial@grupofolha.com.br\">empreendedorsocial@grupofolha.com.br<\/a><\/p>\n<p><strong>SITE PARA INSCRI\u00c7\u00d5ES: <\/strong><\/p>\n<p><a href=\"folha.com.br\/empreendedorsocial\" target=\"_blank\" rel=\"noopener\">folha.com.br\/empreendedorsocial<\/a><\/p>\n","protected":false},"excerpt":{"rendered":"<p>Est\u00e3o abertas as inscri\u00e7\u00f5es para o Pr\u00eamio Empreendedor Social, que em 2014 completa dez anos no Brasil, pa\u00eds recordista de inscri\u00e7\u00f5es nas \u00faltimas edi\u00e7\u00f5es.<\/p>\n","protected":false},"author":1,"featured_media":0,"comment_status":"open","ping_status":"open","sticky":false,"template":"","format":"standard","meta":{"site-container-style":"default","site-container-layout":"default","site-sidebar-layout":"default","disable-article-header":"default","disable-site-header":"default","disable-site-footer":"default","disable-content-area-spacing":"default","footnotes":""},"categories":[12,4],"tags":[],"class_list":["post-26286","post","type-post","status-publish","format-standard","hentry","category-cursos-e-eventos","category-noticias"],"yoast_head":"<!-- This site is optimized with the Yoast SEO plugin v27.4 - https:\/\/yoast.com\/product\/yoast-seo-wordpress\/ -->\n<title>Abertas as inscri\u00e7\u00f5es da 10\u00aa edi\u00e7\u00e3o do Pr\u00eamio Empreendedor Social -<\/title>\n<meta name=\"robots\" content=\"index, follow, max-snippet:-1, max-image-preview:large, max-video-preview:-1\" \/>\n<link rel=\"canonical\" href=\"https:\/\/inclusivenews.com.br\/?p=26286\" \/>\n<meta property=\"og:locale\" content=\"pt_PT\" \/>\n<meta property=\"og:type\" content=\"article\" \/>\n<meta property=\"og:title\" content=\"Abertas as inscri\u00e7\u00f5es da 10\u00aa edi\u00e7\u00e3o do Pr\u00eamio Empreendedor Social -\" \/>\n<meta property=\"og:description\" content=\"Est\u00e3o abertas as inscri\u00e7\u00f5es para o Pr\u00eamio Empreendedor Social, que em 2014 completa dez anos no Brasil, pa\u00eds recordista de inscri\u00e7\u00f5es nas \u00faltimas edi\u00e7\u00f5es.\" \/>\n<meta property=\"og:url\" content=\"https:\/\/inclusivenews.com.br\/?p=26286\" \/>\n<meta property=\"article:publisher\" content=\"https:\/\/www.facebook.com\/agenciainclusive\/\" \/>\n<meta property=\"article:published_time\" content=\"2014-03-31T10:51:40+00:00\" \/>\n<meta property=\"og:image\" content=\"http:\/\/f.i.uol.com.br\/folha\/empreendedorsocial\/images\/2014\/banner-empreendedor-2014-5.png\" \/>\n<meta name=\"author\" content=\"inclusivenews2024\" \/>\n<meta name=\"twitter:card\" content=\"summary_large_image\" \/>\n<meta name=\"twitter:label1\" content=\"Escrito por\" \/>\n\t<meta name=\"twitter:data1\" content=\"inclusivenews2024\" \/>\n\t<meta name=\"twitter:label2\" content=\"Tempo estimado de leitura\" \/>\n\t<meta name=\"twitter:data2\" content=\"4 minutos\" \/>\n<script type=\"application\/ld+json\" class=\"yoast-schema-graph\">{\"@context\":\"https:\\\/\\\/schema.org\",\"@graph\":[{\"@type\":\"Article\",\"@id\":\"https:\\\/\\\/inclusivenews.com.br\\\/?p=26286#article\",\"isPartOf\":{\"@id\":\"https:\\\/\\\/inclusivenews.com.br\\\/?p=26286\"},\"author\":{\"name\":\"inclusivenews2024\",\"@id\":\"https:\\\/\\\/inclusivenews.com.br\\\/#\\\/schema\\\/person\\\/ae4ec7087559b8692fb33b6fffd2273b\"},\"headline\":\"Abertas as inscri\u00e7\u00f5es da 10\u00aa edi\u00e7\u00e3o do Pr\u00eamio Empreendedor Social\",\"datePublished\":\"2014-03-31T10:51:40+00:00\",\"mainEntityOfPage\":{\"@id\":\"https:\\\/\\\/inclusivenews.com.br\\\/?p=26286\"},\"wordCount\":882,\"commentCount\":0,\"publisher\":{\"@id\":\"https:\\\/\\\/inclusivenews.com.br\\\/#organization\"},\"image\":{\"@id\":\"https:\\\/\\\/inclusivenews.com.br\\\/?p=26286#primaryimage\"},\"thumbnailUrl\":\"http:\\\/\\\/f.i.uol.com.br\\\/folha\\\/empreendedorsocial\\\/images\\\/2014\\\/banner-empreendedor-2014-5.png\",\"articleSection\":[\"Cursos e eventos\",\"NOT\u00cdCIAS\"],\"inLanguage\":\"pt-PT\",\"potentialAction\":[{\"@type\":\"CommentAction\",\"name\":\"Comment\",\"target\":[\"https:\\\/\\\/inclusivenews.com.br\\\/?p=26286#respond\"]}]},{\"@type\":\"WebPage\",\"@id\":\"https:\\\/\\\/inclusivenews.com.br\\\/?p=26286\",\"url\":\"https:\\\/\\\/inclusivenews.com.br\\\/?p=26286\",\"name\":\"Abertas as inscri\u00e7\u00f5es da 10\u00aa edi\u00e7\u00e3o do Pr\u00eamio Empreendedor Social -\",\"isPartOf\":{\"@id\":\"https:\\\/\\\/inclusivenews.com.br\\\/#website\"},\"primaryImageOfPage\":{\"@id\":\"https:\\\/\\\/inclusivenews.com.br\\\/?p=26286#primaryimage\"},\"image\":{\"@id\":\"https:\\\/\\\/inclusivenews.com.br\\\/?p=26286#primaryimage\"},\"thumbnailUrl\":\"http:\\\/\\\/f.i.uol.com.br\\\/folha\\\/empreendedorsocial\\\/images\\\/2014\\\/banner-empreendedor-2014-5.png\",\"datePublished\":\"2014-03-31T10:51:40+00:00\",\"breadcrumb\":{\"@id\":\"https:\\\/\\\/inclusivenews.com.br\\\/?p=26286#breadcrumb\"},\"inLanguage\":\"pt-PT\",\"potentialAction\":[{\"@type\":\"ReadAction\",\"target\":[\"https:\\\/\\\/inclusivenews.com.br\\\/?p=26286\"]}]},{\"@type\":\"ImageObject\",\"inLanguage\":\"pt-PT\",\"@id\":\"https:\\\/\\\/inclusivenews.com.br\\\/?p=26286#primaryimage\",\"url\":\"http:\\\/\\\/f.i.uol.com.br\\\/folha\\\/empreendedorsocial\\\/images\\\/2014\\\/banner-empreendedor-2014-5.png\",\"contentUrl\":\"http:\\\/\\\/f.i.uol.com.br\\\/folha\\\/empreendedorsocial\\\/images\\\/2014\\\/banner-empreendedor-2014-5.png\"},{\"@type\":\"BreadcrumbList\",\"@id\":\"https:\\\/\\\/inclusivenews.com.br\\\/?p=26286#breadcrumb\",\"itemListElement\":[{\"@type\":\"ListItem\",\"position\":1,\"name\":\"In\u00edcio\",\"item\":\"https:\\\/\\\/inclusivenews.com.br\\\/\"},{\"@type\":\"ListItem\",\"position\":2,\"name\":\"Abertas as inscri\u00e7\u00f5es da 10\u00aa edi\u00e7\u00e3o do Pr\u00eamio Empreendedor Social\"}]},{\"@type\":\"WebSite\",\"@id\":\"https:\\\/\\\/inclusivenews.com.br\\\/#website\",\"url\":\"https:\\\/\\\/inclusivenews.com.br\\\/\",\"name\":\"Inclusive News\",\"description\":\"Inclusive News\",\"publisher\":{\"@id\":\"https:\\\/\\\/inclusivenews.com.br\\\/#organization\"},\"potentialAction\":[{\"@type\":\"SearchAction\",\"target\":{\"@type\":\"EntryPoint\",\"urlTemplate\":\"https:\\\/\\\/inclusivenews.com.br\\\/?s={search_term_string}\"},\"query-input\":{\"@type\":\"PropertyValueSpecification\",\"valueRequired\":true,\"valueName\":\"search_term_string\"}}],\"inLanguage\":\"pt-PT\"},{\"@type\":\"Organization\",\"@id\":\"https:\\\/\\\/inclusivenews.com.br\\\/#organization\",\"name\":\"Inclusive - inclus\u00e3o e cidadania\",\"url\":\"https:\\\/\\\/inclusivenews.com.br\\\/\",\"logo\":{\"@type\":\"ImageObject\",\"inLanguage\":\"pt-PT\",\"@id\":\"https:\\\/\\\/inclusivenews.com.br\\\/#\\\/schema\\\/logo\\\/image\\\/\",\"url\":\"https:\\\/\\\/inclusivenews.com.br\\\/wp-content\\\/uploads\\\/2024\\\/03\\\/@grandesite.png\",\"contentUrl\":\"https:\\\/\\\/inclusivenews.com.br\\\/wp-content\\\/uploads\\\/2024\\\/03\\\/@grandesite.png\",\"width\":1080,\"height\":1080,\"caption\":\"Inclusive - inclus\u00e3o e cidadania\"},\"image\":{\"@id\":\"https:\\\/\\\/inclusivenews.com.br\\\/#\\\/schema\\\/logo\\\/image\\\/\"},\"sameAs\":[\"https:\\\/\\\/www.facebook.com\\\/agenciainclusive\\\/\",\"https:\\\/\\\/www.instagram.com\\\/newsinclusive\\\/\"]},{\"@type\":\"Person\",\"@id\":\"https:\\\/\\\/inclusivenews.com.br\\\/#\\\/schema\\\/person\\\/ae4ec7087559b8692fb33b6fffd2273b\",\"name\":\"inclusivenews2024\",\"image\":{\"@type\":\"ImageObject\",\"inLanguage\":\"pt-PT\",\"@id\":\"https:\\\/\\\/secure.gravatar.com\\\/avatar\\\/c5a7ef84c66fa914f55bc4f7ce26cfa275a3b9a1c5568b907bd184fb4dde7b40?s=96&d=mm&r=g\",\"url\":\"https:\\\/\\\/secure.gravatar.com\\\/avatar\\\/c5a7ef84c66fa914f55bc4f7ce26cfa275a3b9a1c5568b907bd184fb4dde7b40?s=96&d=mm&r=g\",\"contentUrl\":\"https:\\\/\\\/secure.gravatar.com\\\/avatar\\\/c5a7ef84c66fa914f55bc4f7ce26cfa275a3b9a1c5568b907bd184fb4dde7b40?s=96&d=mm&r=g\",\"caption\":\"inclusivenews2024\"},\"sameAs\":[\"https:\\\/\\\/inclusivenews.com.br\"],\"url\":\"https:\\\/\\\/inclusivenews.com.br\\\/?author=1\"}]}<\/script>\n<!-- \/ Yoast SEO plugin. -->","yoast_head_json":{"title":"Abertas as inscri\u00e7\u00f5es da 10\u00aa edi\u00e7\u00e3o do Pr\u00eamio Empreendedor Social -","robots":{"index":"index","follow":"follow","max-snippet":"max-snippet:-1","max-image-preview":"max-image-preview:large","max-video-preview":"max-video-preview:-1"},"canonical":"https:\/\/inclusivenews.com.br\/?p=26286","og_locale":"pt_PT","og_type":"article","og_title":"Abertas as inscri\u00e7\u00f5es da 10\u00aa edi\u00e7\u00e3o do Pr\u00eamio Empreendedor Social -","og_description":"Est\u00e3o abertas as inscri\u00e7\u00f5es para o Pr\u00eamio Empreendedor Social, que em 2014 completa dez anos no Brasil, pa\u00eds recordista de inscri\u00e7\u00f5es nas \u00faltimas edi\u00e7\u00f5es.","og_url":"https:\/\/inclusivenews.com.br\/?p=26286","article_publisher":"https:\/\/www.facebook.com\/agenciainclusive\/","article_published_time":"2014-03-31T10:51:40+00:00","og_image":[{"url":"http:\/\/f.i.uol.com.br\/folha\/empreendedorsocial\/images\/2014\/banner-empreendedor-2014-5.png","type":"","width":"","height":""}],"author":"inclusivenews2024","twitter_card":"summary_large_image","twitter_misc":{"Escrito por":"inclusivenews2024","Tempo estimado de leitura":"4 minutos"},"schema":{"@context":"https:\/\/schema.org","@graph":[{"@type":"Article","@id":"https:\/\/inclusivenews.com.br\/?p=26286#article","isPartOf":{"@id":"https:\/\/inclusivenews.com.br\/?p=26286"},"author":{"name":"inclusivenews2024","@id":"https:\/\/inclusivenews.com.br\/#\/schema\/person\/ae4ec7087559b8692fb33b6fffd2273b"},"headline":"Abertas as inscri\u00e7\u00f5es da 10\u00aa edi\u00e7\u00e3o do Pr\u00eamio Empreendedor Social","datePublished":"2014-03-31T10:51:40+00:00","mainEntityOfPage":{"@id":"https:\/\/inclusivenews.com.br\/?p=26286"},"wordCount":882,"commentCount":0,"publisher":{"@id":"https:\/\/inclusivenews.com.br\/#organization"},"image":{"@id":"https:\/\/inclusivenews.com.br\/?p=26286#primaryimage"},"thumbnailUrl":"http:\/\/f.i.uol.com.br\/folha\/empreendedorsocial\/images\/2014\/banner-empreendedor-2014-5.png","articleSection":["Cursos e eventos","NOT\u00cdCIAS"],"inLanguage":"pt-PT","potentialAction":[{"@type":"CommentAction","name":"Comment","target":["https:\/\/inclusivenews.com.br\/?p=26286#respond"]}]},{"@type":"WebPage","@id":"https:\/\/inclusivenews.com.br\/?p=26286","url":"https:\/\/inclusivenews.com.br\/?p=26286","name":"Abertas as inscri\u00e7\u00f5es da 10\u00aa edi\u00e7\u00e3o do Pr\u00eamio Empreendedor Social -","isPartOf":{"@id":"https:\/\/inclusivenews.com.br\/#website"},"primaryImageOfPage":{"@id":"https:\/\/inclusivenews.com.br\/?p=26286#primaryimage"},"image":{"@id":"https:\/\/inclusivenews.com.br\/?p=26286#primaryimage"},"thumbnailUrl":"http:\/\/f.i.uol.com.br\/folha\/empreendedorsocial\/images\/2014\/banner-empreendedor-2014-5.png","datePublished":"2014-03-31T10:51:40+00:00","breadcrumb":{"@id":"https:\/\/inclusivenews.com.br\/?p=26286#breadcrumb"},"inLanguage":"pt-PT","potentialAction":[{"@type":"ReadAction","target":["https:\/\/inclusivenews.com.br\/?p=26286"]}]},{"@type":"ImageObject","inLanguage":"pt-PT","@id":"https:\/\/inclusivenews.com.br\/?p=26286#primaryimage","url":"http:\/\/f.i.uol.com.br\/folha\/empreendedorsocial\/images\/2014\/banner-empreendedor-2014-5.png","contentUrl":"http:\/\/f.i.uol.com.br\/folha\/empreendedorsocial\/images\/2014\/banner-empreendedor-2014-5.png"},{"@type":"BreadcrumbList","@id":"https:\/\/inclusivenews.com.br\/?p=26286#breadcrumb","itemListElement":[{"@type":"ListItem","position":1,"name":"In\u00edcio","item":"https:\/\/inclusivenews.com.br\/"},{"@type":"ListItem","position":2,"name":"Abertas as inscri\u00e7\u00f5es da 10\u00aa edi\u00e7\u00e3o do Pr\u00eamio Empreendedor Social"}]},{"@type":"WebSite","@id":"https:\/\/inclusivenews.com.br\/#website","url":"https:\/\/inclusivenews.com.br\/","name":"Inclusive News","description":"Inclusive News","publisher":{"@id":"https:\/\/inclusivenews.com.br\/#organization"},"potentialAction":[{"@type":"SearchAction","target":{"@type":"EntryPoint","urlTemplate":"https:\/\/inclusivenews.com.br\/?s={search_term_string}"},"query-input":{"@type":"PropertyValueSpecification","valueRequired":true,"valueName":"search_term_string"}}],"inLanguage":"pt-PT"},{"@type":"Organization","@id":"https:\/\/inclusivenews.com.br\/#organization","name":"Inclusive - inclus\u00e3o e cidadania","url":"https:\/\/inclusivenews.com.br\/","logo":{"@type":"ImageObject","inLanguage":"pt-PT","@id":"https:\/\/inclusivenews.com.br\/#\/schema\/logo\/image\/","url":"https:\/\/inclusivenews.com.br\/wp-content\/uploads\/2024\/03\/@grandesite.png","contentUrl":"https:\/\/inclusivenews.com.br\/wp-content\/uploads\/2024\/03\/@grandesite.png","width":1080,"height":1080,"caption":"Inclusive - inclus\u00e3o e cidadania"},"image":{"@id":"https:\/\/inclusivenews.com.br\/#\/schema\/logo\/image\/"},"sameAs":["https:\/\/www.facebook.com\/agenciainclusive\/","https:\/\/www.instagram.com\/newsinclusive\/"]},{"@type":"Person","@id":"https:\/\/inclusivenews.com.br\/#\/schema\/person\/ae4ec7087559b8692fb33b6fffd2273b","name":"inclusivenews2024","image":{"@type":"ImageObject","inLanguage":"pt-PT","@id":"https:\/\/secure.gravatar.com\/avatar\/c5a7ef84c66fa914f55bc4f7ce26cfa275a3b9a1c5568b907bd184fb4dde7b40?s=96&d=mm&r=g","url":"https:\/\/secure.gravatar.com\/avatar\/c5a7ef84c66fa914f55bc4f7ce26cfa275a3b9a1c5568b907bd184fb4dde7b40?s=96&d=mm&r=g","contentUrl":"https:\/\/secure.gravatar.com\/avatar\/c5a7ef84c66fa914f55bc4f7ce26cfa275a3b9a1c5568b907bd184fb4dde7b40?s=96&d=mm&r=g","caption":"inclusivenews2024"},"sameAs":["https:\/\/inclusivenews.com.br"],"url":"https:\/\/inclusivenews.com.br\/?author=1"}]}},"_links":{"self":[{"href":"https:\/\/inclusivenews.com.br\/index.php?rest_route=\/wp\/v2\/posts\/26286","targetHints":{"allow":["GET"]}}],"collection":[{"href":"https:\/\/inclusivenews.com.br\/index.php?rest_route=\/wp\/v2\/posts"}],"about":[{"href":"https:\/\/inclusivenews.com.br\/index.php?rest_route=\/wp\/v2\/types\/post"}],"author":[{"embeddable":true,"href":"https:\/\/inclusivenews.com.br\/index.php?rest_route=\/wp\/v2\/users\/1"}],"replies":[{"embeddable":true,"href":"https:\/\/inclusivenews.com.br\/index.php?rest_route=%2Fwp%2Fv2%2Fcomments&post=26286"}],"version-history":[{"count":0,"href":"https:\/\/inclusivenews.com.br\/index.php?rest_route=\/wp\/v2\/posts\/26286\/revisions"}],"wp:attachment":[{"href":"https:\/\/inclusivenews.com.br\/index.php?rest_route=%2Fwp%2Fv2%2Fmedia&parent=26286"}],"wp:term":[{"taxonomy":"category","embeddable":true,"href":"https:\/\/inclusivenews.com.br\/index.php?rest_route=%2Fwp%2Fv2%2Fcategories&post=26286"},{"taxonomy":"post_tag","embeddable":true,"href":"https:\/\/inclusivenews.com.br\/index.php?rest_route=%2Fwp%2Fv2%2Ftags&post=26286"}],"curies":[{"name":"wp","href":"https:\/\/api.w.org\/{rel}","templated":true}]}}