{"id":26293,"date":"2014-04-03T11:04:20","date_gmt":"2014-04-03T14:04:20","guid":{"rendered":"http:\/\/www.inclusive.org.br\/?p=26293"},"modified":"2014-04-03T11:04:20","modified_gmt":"2014-04-03T14:04:20","slug":"abertas-inscricoes-para-simposio-internacional-sobre-inclusao-de-pessoas-com-deficiencia-no-mercado-de-trabalho","status":"publish","type":"post","link":"https:\/\/inclusivenews.com.br\/?p=26293","title":{"rendered":"Abertas inscri\u00e7\u00f5es para simp\u00f3sio internacional sobre inclus\u00e3o de pessoas com defici\u00eancia no mercado de trabalho"},"content":{"rendered":"<p><img loading=\"lazy\" decoding=\"async\" class=\"alignnone\" alt=\"O planeta cercado por pessoas\" src=\"http:\/\/pfdc.pgr.mpf.mp.br\/imagens-slide-home\/simposio-sobre-inclusao-da-pessoa-com-deficiencia\" width=\"420\" height=\"200\" \/><\/p>\n<p>A Procuradoria Federal dos Direitos do Cidad\u00e3o (PFDC), em parceria com a Funda\u00e7\u00e3o Pedro Jorge, vai realizar nos dias 24 e 25 de abril de 2014, em Bras\u00edlia, o &#8220;Simp\u00f3sio Internacional sobre Inclus\u00e3o de Pessoas com Defici\u00eancia no Mercado de Trabalho&#8221;. O objetivo \u00e9 promover o aperfei\u00e7oamento da atua\u00e7\u00e3o dos membros do Minist\u00e9rio P\u00fablico da Uni\u00e3o quanto \u00e0 garantia do direito de acesso das pessoas com defici\u00eancia ao mercado de trabalho, bem como uma reflex\u00e3o sobre as principais teses e alternativas para melhor assegurar tal direito.<\/p>\n<p>O evento contar\u00e1 com participa\u00e7\u00f5es de membros do Minist\u00e9rio P\u00fablico e da Defensor\u00eda del Pueblo da Bolivia, al\u00e9m de representantes da sociedade civil, governo e empresas envolvidas na defesa e na garantia dos direitos das pessoas com defici\u00eancia.<\/p>\n<p>O Simp\u00f3sio ser\u00e1 gratuito e as inscri\u00e7\u00f5es poder\u00e3o ser feitas pelo site da Funda\u00e7\u00e3o Pedro Jorge a partir desta ter\u00e7a-feira, 25 de mar\u00e7o. A \u00edntegra da programa\u00e7\u00e3o e mais informa\u00e7\u00f5es podem ser acessadas pelo site da Funda\u00e7\u00e3o Pedro Jorge.<\/p>\n","protected":false},"excerpt":{"rendered":"<p>A Procuradoria Federal dos Direitos do Cidad\u00e3o (PFDC), em parceria com a Funda\u00e7\u00e3o Pedro Jorge, vai realizar nos dias 24 e 25 de abril de 2014, em Bras\u00edlia, o &#8220;Simp\u00f3sio Internacional sobre Inclus\u00e3o de Pessoas com Defici\u00eancia no Mercado de Trabalho&#8221;. O objetivo \u00e9 promover o aperfei\u00e7oamento da atua\u00e7\u00e3o dos membros do Minist\u00e9rio P\u00fablico da Uni\u00e3o quanto \u00e0 garantia do direito de acesso das pessoas com defici\u00eancia ao mercado de trabalho, bem como uma reflex\u00e3o sobre as principais teses e alternativas para melhor assegurar tal direito.<\/p>\n","protected":false},"author":1,"featured_media":0,"comment_status":"open","ping_status":"open","sticky":false,"template":"","format":"standard","meta":{"site-container-style":"default","site-container-layout":"default","site-sidebar-layout":"default","disable-article-header":"default","disable-site-header":"default","disable-site-footer":"default","disable-content-area-spacing":"default","footnotes":""},"categories":[12,48],"tags":[],"class_list":["post-26293","post","type-post","status-publish","format-standard","hentry","category-cursos-e-eventos","category-inclusao"],"yoast_head":"<!-- This site is optimized with the Yoast SEO plugin v27.4 - https:\/\/yoast.com\/product\/yoast-seo-wordpress\/ -->\n<title>Abertas inscri\u00e7\u00f5es para simp\u00f3sio internacional sobre inclus\u00e3o de pessoas com defici\u00eancia no mercado de trabalho -<\/title>\n<meta name=\"robots\" content=\"index, follow, max-snippet:-1, max-image-preview:large, max-video-preview:-1\" \/>\n<link rel=\"canonical\" href=\"https:\/\/inclusivenews.com.br\/?p=26293\" \/>\n<meta property=\"og:locale\" content=\"pt_PT\" \/>\n<meta property=\"og:type\" content=\"article\" \/>\n<meta property=\"og:title\" content=\"Abertas inscri\u00e7\u00f5es para simp\u00f3sio internacional sobre inclus\u00e3o de pessoas com defici\u00eancia no mercado de trabalho -\" \/>\n<meta property=\"og:description\" content=\"A Procuradoria Federal dos Direitos do Cidad\u00e3o (PFDC), em parceria com a Funda\u00e7\u00e3o Pedro Jorge, vai realizar nos dias 24 e 25 de abril de 2014, em Bras\u00edlia, o &quot;Simp\u00f3sio Internacional sobre Inclus\u00e3o de Pessoas com Defici\u00eancia no Mercado de Trabalho&quot;. O objetivo \u00e9 promover o aperfei\u00e7oamento da atua\u00e7\u00e3o dos membros do Minist\u00e9rio P\u00fablico da Uni\u00e3o quanto \u00e0 garantia do direito de acesso das pessoas com defici\u00eancia ao mercado de trabalho, bem como uma reflex\u00e3o sobre as principais teses e alternativas para melhor assegurar tal direito.\" \/>\n<meta property=\"og:url\" content=\"https:\/\/inclusivenews.com.br\/?p=26293\" \/>\n<meta property=\"article:publisher\" content=\"https:\/\/www.facebook.com\/agenciainclusive\/\" \/>\n<meta property=\"article:published_time\" content=\"2014-04-03T14:04:20+00:00\" \/>\n<meta property=\"og:image\" content=\"http:\/\/pfdc.pgr.mpf.mp.br\/imagens-slide-home\/simposio-sobre-inclusao-da-pessoa-com-deficiencia\" \/>\n<meta name=\"author\" content=\"inclusivenews2024\" \/>\n<meta name=\"twitter:card\" content=\"summary_large_image\" \/>\n<meta name=\"twitter:label1\" content=\"Escrito por\" \/>\n\t<meta name=\"twitter:data1\" content=\"inclusivenews2024\" \/>\n\t<meta name=\"twitter:label2\" content=\"Tempo estimado de leitura\" \/>\n\t<meta name=\"twitter:data2\" content=\"1 minuto\" \/>\n<script type=\"application\/ld+json\" class=\"yoast-schema-graph\">{\"@context\":\"https:\\\/\\\/schema.org\",\"@graph\":[{\"@type\":\"Article\",\"@id\":\"https:\\\/\\\/inclusivenews.com.br\\\/?p=26293#article\",\"isPartOf\":{\"@id\":\"https:\\\/\\\/inclusivenews.com.br\\\/?p=26293\"},\"author\":{\"name\":\"inclusivenews2024\",\"@id\":\"https:\\\/\\\/inclusivenews.com.br\\\/#\\\/schema\\\/person\\\/ae4ec7087559b8692fb33b6fffd2273b\"},\"headline\":\"Abertas inscri\u00e7\u00f5es para simp\u00f3sio internacional sobre inclus\u00e3o de pessoas com defici\u00eancia no mercado de trabalho\",\"datePublished\":\"2014-04-03T14:04:20+00:00\",\"mainEntityOfPage\":{\"@id\":\"https:\\\/\\\/inclusivenews.com.br\\\/?p=26293\"},\"wordCount\":204,\"commentCount\":1,\"publisher\":{\"@id\":\"https:\\\/\\\/inclusivenews.com.br\\\/#organization\"},\"image\":{\"@id\":\"https:\\\/\\\/inclusivenews.com.br\\\/?p=26293#primaryimage\"},\"thumbnailUrl\":\"http:\\\/\\\/pfdc.pgr.mpf.mp.br\\\/imagens-slide-home\\\/simposio-sobre-inclusao-da-pessoa-com-deficiencia\",\"articleSection\":[\"Cursos e eventos\",\"INCLUS\u00c3O SOCIAL\"],\"inLanguage\":\"pt-PT\",\"potentialAction\":[{\"@type\":\"CommentAction\",\"name\":\"Comment\",\"target\":[\"https:\\\/\\\/inclusivenews.com.br\\\/?p=26293#respond\"]}]},{\"@type\":\"WebPage\",\"@id\":\"https:\\\/\\\/inclusivenews.com.br\\\/?p=26293\",\"url\":\"https:\\\/\\\/inclusivenews.com.br\\\/?p=26293\",\"name\":\"Abertas inscri\u00e7\u00f5es para simp\u00f3sio internacional sobre inclus\u00e3o de pessoas com defici\u00eancia no mercado de trabalho -\",\"isPartOf\":{\"@id\":\"https:\\\/\\\/inclusivenews.com.br\\\/#website\"},\"primaryImageOfPage\":{\"@id\":\"https:\\\/\\\/inclusivenews.com.br\\\/?p=26293#primaryimage\"},\"image\":{\"@id\":\"https:\\\/\\\/inclusivenews.com.br\\\/?p=26293#primaryimage\"},\"thumbnailUrl\":\"http:\\\/\\\/pfdc.pgr.mpf.mp.br\\\/imagens-slide-home\\\/simposio-sobre-inclusao-da-pessoa-com-deficiencia\",\"datePublished\":\"2014-04-03T14:04:20+00:00\",\"breadcrumb\":{\"@id\":\"https:\\\/\\\/inclusivenews.com.br\\\/?p=26293#breadcrumb\"},\"inLanguage\":\"pt-PT\",\"potentialAction\":[{\"@type\":\"ReadAction\",\"target\":[\"https:\\\/\\\/inclusivenews.com.br\\\/?p=26293\"]}]},{\"@type\":\"ImageObject\",\"inLanguage\":\"pt-PT\",\"@id\":\"https:\\\/\\\/inclusivenews.com.br\\\/?p=26293#primaryimage\",\"url\":\"http:\\\/\\\/pfdc.pgr.mpf.mp.br\\\/imagens-slide-home\\\/simposio-sobre-inclusao-da-pessoa-com-deficiencia\",\"contentUrl\":\"http:\\\/\\\/pfdc.pgr.mpf.mp.br\\\/imagens-slide-home\\\/simposio-sobre-inclusao-da-pessoa-com-deficiencia\"},{\"@type\":\"BreadcrumbList\",\"@id\":\"https:\\\/\\\/inclusivenews.com.br\\\/?p=26293#breadcrumb\",\"itemListElement\":[{\"@type\":\"ListItem\",\"position\":1,\"name\":\"In\u00edcio\",\"item\":\"https:\\\/\\\/inclusivenews.com.br\\\/\"},{\"@type\":\"ListItem\",\"position\":2,\"name\":\"Abertas inscri\u00e7\u00f5es para simp\u00f3sio internacional sobre inclus\u00e3o de pessoas com defici\u00eancia no mercado de trabalho\"}]},{\"@type\":\"WebSite\",\"@id\":\"https:\\\/\\\/inclusivenews.com.br\\\/#website\",\"url\":\"https:\\\/\\\/inclusivenews.com.br\\\/\",\"name\":\"Inclusive News\",\"description\":\"Inclusive News\",\"publisher\":{\"@id\":\"https:\\\/\\\/inclusivenews.com.br\\\/#organization\"},\"potentialAction\":[{\"@type\":\"SearchAction\",\"target\":{\"@type\":\"EntryPoint\",\"urlTemplate\":\"https:\\\/\\\/inclusivenews.com.br\\\/?s={search_term_string}\"},\"query-input\":{\"@type\":\"PropertyValueSpecification\",\"valueRequired\":true,\"valueName\":\"search_term_string\"}}],\"inLanguage\":\"pt-PT\"},{\"@type\":\"Organization\",\"@id\":\"https:\\\/\\\/inclusivenews.com.br\\\/#organization\",\"name\":\"Inclusive - inclus\u00e3o e cidadania\",\"url\":\"https:\\\/\\\/inclusivenews.com.br\\\/\",\"logo\":{\"@type\":\"ImageObject\",\"inLanguage\":\"pt-PT\",\"@id\":\"https:\\\/\\\/inclusivenews.com.br\\\/#\\\/schema\\\/logo\\\/image\\\/\",\"url\":\"https:\\\/\\\/inclusivenews.com.br\\\/wp-content\\\/uploads\\\/2024\\\/03\\\/@grandesite.png\",\"contentUrl\":\"https:\\\/\\\/inclusivenews.com.br\\\/wp-content\\\/uploads\\\/2024\\\/03\\\/@grandesite.png\",\"width\":1080,\"height\":1080,\"caption\":\"Inclusive - inclus\u00e3o e cidadania\"},\"image\":{\"@id\":\"https:\\\/\\\/inclusivenews.com.br\\\/#\\\/schema\\\/logo\\\/image\\\/\"},\"sameAs\":[\"https:\\\/\\\/www.facebook.com\\\/agenciainclusive\\\/\",\"https:\\\/\\\/www.instagram.com\\\/newsinclusive\\\/\"]},{\"@type\":\"Person\",\"@id\":\"https:\\\/\\\/inclusivenews.com.br\\\/#\\\/schema\\\/person\\\/ae4ec7087559b8692fb33b6fffd2273b\",\"name\":\"inclusivenews2024\",\"image\":{\"@type\":\"ImageObject\",\"inLanguage\":\"pt-PT\",\"@id\":\"https:\\\/\\\/secure.gravatar.com\\\/avatar\\\/c5a7ef84c66fa914f55bc4f7ce26cfa275a3b9a1c5568b907bd184fb4dde7b40?s=96&d=mm&r=g\",\"url\":\"https:\\\/\\\/secure.gravatar.com\\\/avatar\\\/c5a7ef84c66fa914f55bc4f7ce26cfa275a3b9a1c5568b907bd184fb4dde7b40?s=96&d=mm&r=g\",\"contentUrl\":\"https:\\\/\\\/secure.gravatar.com\\\/avatar\\\/c5a7ef84c66fa914f55bc4f7ce26cfa275a3b9a1c5568b907bd184fb4dde7b40?s=96&d=mm&r=g\",\"caption\":\"inclusivenews2024\"},\"sameAs\":[\"https:\\\/\\\/inclusivenews.com.br\"],\"url\":\"https:\\\/\\\/inclusivenews.com.br\\\/?author=1\"}]}<\/script>\n<!-- \/ Yoast SEO plugin. -->","yoast_head_json":{"title":"Abertas inscri\u00e7\u00f5es para simp\u00f3sio internacional sobre inclus\u00e3o de pessoas com defici\u00eancia no mercado de trabalho -","robots":{"index":"index","follow":"follow","max-snippet":"max-snippet:-1","max-image-preview":"max-image-preview:large","max-video-preview":"max-video-preview:-1"},"canonical":"https:\/\/inclusivenews.com.br\/?p=26293","og_locale":"pt_PT","og_type":"article","og_title":"Abertas inscri\u00e7\u00f5es para simp\u00f3sio internacional sobre inclus\u00e3o de pessoas com defici\u00eancia no mercado de trabalho -","og_description":"A Procuradoria Federal dos Direitos do Cidad\u00e3o (PFDC), em parceria com a Funda\u00e7\u00e3o Pedro Jorge, vai realizar nos dias 24 e 25 de abril de 2014, em Bras\u00edlia, o \"Simp\u00f3sio Internacional sobre Inclus\u00e3o de Pessoas com Defici\u00eancia no Mercado de Trabalho\". O objetivo \u00e9 promover o aperfei\u00e7oamento da atua\u00e7\u00e3o dos membros do Minist\u00e9rio P\u00fablico da Uni\u00e3o quanto \u00e0 garantia do direito de acesso das pessoas com defici\u00eancia ao mercado de trabalho, bem como uma reflex\u00e3o sobre as principais teses e alternativas para melhor assegurar tal direito.","og_url":"https:\/\/inclusivenews.com.br\/?p=26293","article_publisher":"https:\/\/www.facebook.com\/agenciainclusive\/","article_published_time":"2014-04-03T14:04:20+00:00","og_image":[{"url":"http:\/\/pfdc.pgr.mpf.mp.br\/imagens-slide-home\/simposio-sobre-inclusao-da-pessoa-com-deficiencia","type":"","width":"","height":""}],"author":"inclusivenews2024","twitter_card":"summary_large_image","twitter_misc":{"Escrito por":"inclusivenews2024","Tempo estimado de leitura":"1 minuto"},"schema":{"@context":"https:\/\/schema.org","@graph":[{"@type":"Article","@id":"https:\/\/inclusivenews.com.br\/?p=26293#article","isPartOf":{"@id":"https:\/\/inclusivenews.com.br\/?p=26293"},"author":{"name":"inclusivenews2024","@id":"https:\/\/inclusivenews.com.br\/#\/schema\/person\/ae4ec7087559b8692fb33b6fffd2273b"},"headline":"Abertas inscri\u00e7\u00f5es para simp\u00f3sio internacional sobre inclus\u00e3o de pessoas com defici\u00eancia no mercado de trabalho","datePublished":"2014-04-03T14:04:20+00:00","mainEntityOfPage":{"@id":"https:\/\/inclusivenews.com.br\/?p=26293"},"wordCount":204,"commentCount":1,"publisher":{"@id":"https:\/\/inclusivenews.com.br\/#organization"},"image":{"@id":"https:\/\/inclusivenews.com.br\/?p=26293#primaryimage"},"thumbnailUrl":"http:\/\/pfdc.pgr.mpf.mp.br\/imagens-slide-home\/simposio-sobre-inclusao-da-pessoa-com-deficiencia","articleSection":["Cursos e eventos","INCLUS\u00c3O SOCIAL"],"inLanguage":"pt-PT","potentialAction":[{"@type":"CommentAction","name":"Comment","target":["https:\/\/inclusivenews.com.br\/?p=26293#respond"]}]},{"@type":"WebPage","@id":"https:\/\/inclusivenews.com.br\/?p=26293","url":"https:\/\/inclusivenews.com.br\/?p=26293","name":"Abertas inscri\u00e7\u00f5es para simp\u00f3sio internacional sobre inclus\u00e3o de pessoas com defici\u00eancia no mercado de trabalho -","isPartOf":{"@id":"https:\/\/inclusivenews.com.br\/#website"},"primaryImageOfPage":{"@id":"https:\/\/inclusivenews.com.br\/?p=26293#primaryimage"},"image":{"@id":"https:\/\/inclusivenews.com.br\/?p=26293#primaryimage"},"thumbnailUrl":"http:\/\/pfdc.pgr.mpf.mp.br\/imagens-slide-home\/simposio-sobre-inclusao-da-pessoa-com-deficiencia","datePublished":"2014-04-03T14:04:20+00:00","breadcrumb":{"@id":"https:\/\/inclusivenews.com.br\/?p=26293#breadcrumb"},"inLanguage":"pt-PT","potentialAction":[{"@type":"ReadAction","target":["https:\/\/inclusivenews.com.br\/?p=26293"]}]},{"@type":"ImageObject","inLanguage":"pt-PT","@id":"https:\/\/inclusivenews.com.br\/?p=26293#primaryimage","url":"http:\/\/pfdc.pgr.mpf.mp.br\/imagens-slide-home\/simposio-sobre-inclusao-da-pessoa-com-deficiencia","contentUrl":"http:\/\/pfdc.pgr.mpf.mp.br\/imagens-slide-home\/simposio-sobre-inclusao-da-pessoa-com-deficiencia"},{"@type":"BreadcrumbList","@id":"https:\/\/inclusivenews.com.br\/?p=26293#breadcrumb","itemListElement":[{"@type":"ListItem","position":1,"name":"In\u00edcio","item":"https:\/\/inclusivenews.com.br\/"},{"@type":"ListItem","position":2,"name":"Abertas inscri\u00e7\u00f5es para simp\u00f3sio internacional sobre inclus\u00e3o de pessoas com defici\u00eancia no mercado de trabalho"}]},{"@type":"WebSite","@id":"https:\/\/inclusivenews.com.br\/#website","url":"https:\/\/inclusivenews.com.br\/","name":"Inclusive News","description":"Inclusive News","publisher":{"@id":"https:\/\/inclusivenews.com.br\/#organization"},"potentialAction":[{"@type":"SearchAction","target":{"@type":"EntryPoint","urlTemplate":"https:\/\/inclusivenews.com.br\/?s={search_term_string}"},"query-input":{"@type":"PropertyValueSpecification","valueRequired":true,"valueName":"search_term_string"}}],"inLanguage":"pt-PT"},{"@type":"Organization","@id":"https:\/\/inclusivenews.com.br\/#organization","name":"Inclusive - inclus\u00e3o e cidadania","url":"https:\/\/inclusivenews.com.br\/","logo":{"@type":"ImageObject","inLanguage":"pt-PT","@id":"https:\/\/inclusivenews.com.br\/#\/schema\/logo\/image\/","url":"https:\/\/inclusivenews.com.br\/wp-content\/uploads\/2024\/03\/@grandesite.png","contentUrl":"https:\/\/inclusivenews.com.br\/wp-content\/uploads\/2024\/03\/@grandesite.png","width":1080,"height":1080,"caption":"Inclusive - inclus\u00e3o e cidadania"},"image":{"@id":"https:\/\/inclusivenews.com.br\/#\/schema\/logo\/image\/"},"sameAs":["https:\/\/www.facebook.com\/agenciainclusive\/","https:\/\/www.instagram.com\/newsinclusive\/"]},{"@type":"Person","@id":"https:\/\/inclusivenews.com.br\/#\/schema\/person\/ae4ec7087559b8692fb33b6fffd2273b","name":"inclusivenews2024","image":{"@type":"ImageObject","inLanguage":"pt-PT","@id":"https:\/\/secure.gravatar.com\/avatar\/c5a7ef84c66fa914f55bc4f7ce26cfa275a3b9a1c5568b907bd184fb4dde7b40?s=96&d=mm&r=g","url":"https:\/\/secure.gravatar.com\/avatar\/c5a7ef84c66fa914f55bc4f7ce26cfa275a3b9a1c5568b907bd184fb4dde7b40?s=96&d=mm&r=g","contentUrl":"https:\/\/secure.gravatar.com\/avatar\/c5a7ef84c66fa914f55bc4f7ce26cfa275a3b9a1c5568b907bd184fb4dde7b40?s=96&d=mm&r=g","caption":"inclusivenews2024"},"sameAs":["https:\/\/inclusivenews.com.br"],"url":"https:\/\/inclusivenews.com.br\/?author=1"}]}},"_links":{"self":[{"href":"https:\/\/inclusivenews.com.br\/index.php?rest_route=\/wp\/v2\/posts\/26293","targetHints":{"allow":["GET"]}}],"collection":[{"href":"https:\/\/inclusivenews.com.br\/index.php?rest_route=\/wp\/v2\/posts"}],"about":[{"href":"https:\/\/inclusivenews.com.br\/index.php?rest_route=\/wp\/v2\/types\/post"}],"author":[{"embeddable":true,"href":"https:\/\/inclusivenews.com.br\/index.php?rest_route=\/wp\/v2\/users\/1"}],"replies":[{"embeddable":true,"href":"https:\/\/inclusivenews.com.br\/index.php?rest_route=%2Fwp%2Fv2%2Fcomments&post=26293"}],"version-history":[{"count":0,"href":"https:\/\/inclusivenews.com.br\/index.php?rest_route=\/wp\/v2\/posts\/26293\/revisions"}],"wp:attachment":[{"href":"https:\/\/inclusivenews.com.br\/index.php?rest_route=%2Fwp%2Fv2%2Fmedia&parent=26293"}],"wp:term":[{"taxonomy":"category","embeddable":true,"href":"https:\/\/inclusivenews.com.br\/index.php?rest_route=%2Fwp%2Fv2%2Fcategories&post=26293"},{"taxonomy":"post_tag","embeddable":true,"href":"https:\/\/inclusivenews.com.br\/index.php?rest_route=%2Fwp%2Fv2%2Ftags&post=26293"}],"curies":[{"name":"wp","href":"https:\/\/api.w.org\/{rel}","templated":true}]}}