{"id":26294,"date":"2014-04-03T11:04:12","date_gmt":"2014-04-03T14:04:12","guid":{"rendered":"http:\/\/www.inclusive.org.br\/?p=26294"},"modified":"2014-04-03T11:04:12","modified_gmt":"2014-04-03T14:04:12","slug":"onu-lanca-pagina-em-portugues-sobre-direitos-humanos","status":"publish","type":"post","link":"https:\/\/inclusivenews.com.br\/?p=26294","title":{"rendered":"ONU lan\u00e7a p\u00e1gina em portugu\u00eas sobre direitos humanos"},"content":{"rendered":"<p><img loading=\"lazy\" decoding=\"async\" class=\"alignnone\" alt=\"O s\u00edmbolo da ONU e o texto \" src=\"http:\/\/www.dudh.org.br\/wp-content\/uploads\/2014\/02\/logo_onu2.jpg\" width=\"329\" height=\"131\" \/><\/p>\n<p>Quer conhecer a Declara\u00e7\u00e3o Universal dos Direitos Humanos e at\u00e9 baixar este e outros documentos para seu celular? Gostaria de saber a hist\u00f3ria da implementa\u00e7\u00e3o da Declara\u00e7\u00e3o, que \u00e9 hoje o documento mais traduzido do mundo? Tem interesse em conhecer como funciona o sistema internacional criado para promover e proteger os direitos humanos?<\/p>\n<p>Estas informa\u00e7\u00f5es e muitas outras encontram-se dispon\u00edveis agora em portugu\u00eas na p\u00e1gina <a href=\"http:\/\/www.dudh.org.br\/\" target=\"_blank\" rel=\"noopener\">www.dudh.org.br<\/a>, criada pelo Centro de Informa\u00e7\u00e3o da Na\u00e7\u00f5es Unidas para o Brasil (UNIC Rio) com o objetivo de atender uma demanda crescente sobre este assunto no pa\u00eds.<\/p>\n<p>Nesta p\u00e1gina os interessados podem, al\u00e9m de conhecer o contexto hist\u00f3rico da cria\u00e7\u00e3o da Declara\u00e7\u00e3o Universal, saber que avan\u00e7os t\u00eam sido alcan\u00e7ados nesta \u00e1rea e se informar sobre os desafios que ainda restam para que todos os cidad\u00e3os do planeta tenha pleno acesso aos direitos humanos.<\/p>\n<p>Em<a href=\"http:\/\/www.dudh.org.br\/\" target=\"_blank\" rel=\"noopener\"> www.dudh.org.br<\/a> \u00e9 poss\u00edvel tamb\u00e9m assistir v\u00eddeos e ler not\u00edcias sobre este importante assunto, atualizadas diariamente.<\/p>\n","protected":false},"excerpt":{"rendered":"<p>Quer conhecer a Declara\u00e7\u00e3o Universal dos Direitos Humanos e at\u00e9 baixar este e outros documentos para seu celular? Gostaria de saber a hist\u00f3ria da implementa\u00e7\u00e3o da Declara\u00e7\u00e3o, que \u00e9 hoje o documento mais traduzido do mundo? Tem interesse em conhecer como funciona o sistema internacional criado para promover e proteger os direitos humanos?<\/p>\n","protected":false},"author":1,"featured_media":0,"comment_status":"open","ping_status":"open","sticky":false,"template":"","format":"standard","meta":{"site-container-style":"default","site-container-layout":"default","site-sidebar-layout":"default","disable-article-header":"default","disable-site-header":"default","disable-site-footer":"default","disable-content-area-spacing":"default","footnotes":""},"categories":[11],"tags":[],"class_list":["post-26294","post","type-post","status-publish","format-standard","hentry","category-direitos-humanos"],"yoast_head":"<!-- This site is optimized with the Yoast SEO plugin v27.4 - https:\/\/yoast.com\/product\/yoast-seo-wordpress\/ -->\n<title>ONU lan\u00e7a p\u00e1gina em portugu\u00eas sobre direitos humanos -<\/title>\n<meta name=\"robots\" content=\"index, follow, max-snippet:-1, max-image-preview:large, max-video-preview:-1\" \/>\n<link rel=\"canonical\" href=\"https:\/\/inclusivenews.com.br\/?p=26294\" \/>\n<meta property=\"og:locale\" content=\"pt_PT\" \/>\n<meta property=\"og:type\" content=\"article\" \/>\n<meta property=\"og:title\" content=\"ONU lan\u00e7a p\u00e1gina em portugu\u00eas sobre direitos humanos -\" \/>\n<meta property=\"og:description\" content=\"Quer conhecer a Declara\u00e7\u00e3o Universal dos Direitos Humanos e at\u00e9 baixar este e outros documentos para seu celular? Gostaria de saber a hist\u00f3ria da implementa\u00e7\u00e3o da Declara\u00e7\u00e3o, que \u00e9 hoje o documento mais traduzido do mundo? Tem interesse em conhecer como funciona o sistema internacional criado para promover e proteger os direitos humanos?\" \/>\n<meta property=\"og:url\" content=\"https:\/\/inclusivenews.com.br\/?p=26294\" \/>\n<meta property=\"article:publisher\" content=\"https:\/\/www.facebook.com\/agenciainclusive\/\" \/>\n<meta property=\"article:published_time\" content=\"2014-04-03T14:04:12+00:00\" \/>\n<meta property=\"og:image\" content=\"http:\/\/www.dudh.org.br\/wp-content\/uploads\/2014\/02\/logo_onu2.jpg\" \/>\n<meta name=\"author\" content=\"inclusivenews2024\" \/>\n<meta name=\"twitter:card\" content=\"summary_large_image\" \/>\n<meta name=\"twitter:label1\" content=\"Escrito por\" \/>\n\t<meta name=\"twitter:data1\" content=\"inclusivenews2024\" \/>\n\t<meta name=\"twitter:label2\" content=\"Tempo estimado de leitura\" \/>\n\t<meta name=\"twitter:data2\" content=\"1 minuto\" \/>\n<script type=\"application\/ld+json\" class=\"yoast-schema-graph\">{\"@context\":\"https:\\\/\\\/schema.org\",\"@graph\":[{\"@type\":\"Article\",\"@id\":\"https:\\\/\\\/inclusivenews.com.br\\\/?p=26294#article\",\"isPartOf\":{\"@id\":\"https:\\\/\\\/inclusivenews.com.br\\\/?p=26294\"},\"author\":{\"name\":\"inclusivenews2024\",\"@id\":\"https:\\\/\\\/inclusivenews.com.br\\\/#\\\/schema\\\/person\\\/ae4ec7087559b8692fb33b6fffd2273b\"},\"headline\":\"ONU lan\u00e7a p\u00e1gina em portugu\u00eas sobre direitos humanos\",\"datePublished\":\"2014-04-03T14:04:12+00:00\",\"mainEntityOfPage\":{\"@id\":\"https:\\\/\\\/inclusivenews.com.br\\\/?p=26294\"},\"wordCount\":193,\"commentCount\":0,\"publisher\":{\"@id\":\"https:\\\/\\\/inclusivenews.com.br\\\/#organization\"},\"image\":{\"@id\":\"https:\\\/\\\/inclusivenews.com.br\\\/?p=26294#primaryimage\"},\"thumbnailUrl\":\"http:\\\/\\\/www.dudh.org.br\\\/wp-content\\\/uploads\\\/2014\\\/02\\\/logo_onu2.jpg\",\"articleSection\":[\"DIREITOS HUMANOS\"],\"inLanguage\":\"pt-PT\",\"potentialAction\":[{\"@type\":\"CommentAction\",\"name\":\"Comment\",\"target\":[\"https:\\\/\\\/inclusivenews.com.br\\\/?p=26294#respond\"]}]},{\"@type\":\"WebPage\",\"@id\":\"https:\\\/\\\/inclusivenews.com.br\\\/?p=26294\",\"url\":\"https:\\\/\\\/inclusivenews.com.br\\\/?p=26294\",\"name\":\"ONU lan\u00e7a p\u00e1gina em portugu\u00eas sobre direitos humanos -\",\"isPartOf\":{\"@id\":\"https:\\\/\\\/inclusivenews.com.br\\\/#website\"},\"primaryImageOfPage\":{\"@id\":\"https:\\\/\\\/inclusivenews.com.br\\\/?p=26294#primaryimage\"},\"image\":{\"@id\":\"https:\\\/\\\/inclusivenews.com.br\\\/?p=26294#primaryimage\"},\"thumbnailUrl\":\"http:\\\/\\\/www.dudh.org.br\\\/wp-content\\\/uploads\\\/2014\\\/02\\\/logo_onu2.jpg\",\"datePublished\":\"2014-04-03T14:04:12+00:00\",\"breadcrumb\":{\"@id\":\"https:\\\/\\\/inclusivenews.com.br\\\/?p=26294#breadcrumb\"},\"inLanguage\":\"pt-PT\",\"potentialAction\":[{\"@type\":\"ReadAction\",\"target\":[\"https:\\\/\\\/inclusivenews.com.br\\\/?p=26294\"]}]},{\"@type\":\"ImageObject\",\"inLanguage\":\"pt-PT\",\"@id\":\"https:\\\/\\\/inclusivenews.com.br\\\/?p=26294#primaryimage\",\"url\":\"http:\\\/\\\/www.dudh.org.br\\\/wp-content\\\/uploads\\\/2014\\\/02\\\/logo_onu2.jpg\",\"contentUrl\":\"http:\\\/\\\/www.dudh.org.br\\\/wp-content\\\/uploads\\\/2014\\\/02\\\/logo_onu2.jpg\"},{\"@type\":\"BreadcrumbList\",\"@id\":\"https:\\\/\\\/inclusivenews.com.br\\\/?p=26294#breadcrumb\",\"itemListElement\":[{\"@type\":\"ListItem\",\"position\":1,\"name\":\"In\u00edcio\",\"item\":\"https:\\\/\\\/inclusivenews.com.br\\\/\"},{\"@type\":\"ListItem\",\"position\":2,\"name\":\"ONU lan\u00e7a p\u00e1gina em portugu\u00eas sobre direitos humanos\"}]},{\"@type\":\"WebSite\",\"@id\":\"https:\\\/\\\/inclusivenews.com.br\\\/#website\",\"url\":\"https:\\\/\\\/inclusivenews.com.br\\\/\",\"name\":\"Inclusive News\",\"description\":\"Inclusive News\",\"publisher\":{\"@id\":\"https:\\\/\\\/inclusivenews.com.br\\\/#organization\"},\"potentialAction\":[{\"@type\":\"SearchAction\",\"target\":{\"@type\":\"EntryPoint\",\"urlTemplate\":\"https:\\\/\\\/inclusivenews.com.br\\\/?s={search_term_string}\"},\"query-input\":{\"@type\":\"PropertyValueSpecification\",\"valueRequired\":true,\"valueName\":\"search_term_string\"}}],\"inLanguage\":\"pt-PT\"},{\"@type\":\"Organization\",\"@id\":\"https:\\\/\\\/inclusivenews.com.br\\\/#organization\",\"name\":\"Inclusive - inclus\u00e3o e cidadania\",\"url\":\"https:\\\/\\\/inclusivenews.com.br\\\/\",\"logo\":{\"@type\":\"ImageObject\",\"inLanguage\":\"pt-PT\",\"@id\":\"https:\\\/\\\/inclusivenews.com.br\\\/#\\\/schema\\\/logo\\\/image\\\/\",\"url\":\"https:\\\/\\\/inclusivenews.com.br\\\/wp-content\\\/uploads\\\/2024\\\/03\\\/@grandesite.png\",\"contentUrl\":\"https:\\\/\\\/inclusivenews.com.br\\\/wp-content\\\/uploads\\\/2024\\\/03\\\/@grandesite.png\",\"width\":1080,\"height\":1080,\"caption\":\"Inclusive - inclus\u00e3o e cidadania\"},\"image\":{\"@id\":\"https:\\\/\\\/inclusivenews.com.br\\\/#\\\/schema\\\/logo\\\/image\\\/\"},\"sameAs\":[\"https:\\\/\\\/www.facebook.com\\\/agenciainclusive\\\/\",\"https:\\\/\\\/www.instagram.com\\\/newsinclusive\\\/\"]},{\"@type\":\"Person\",\"@id\":\"https:\\\/\\\/inclusivenews.com.br\\\/#\\\/schema\\\/person\\\/ae4ec7087559b8692fb33b6fffd2273b\",\"name\":\"inclusivenews2024\",\"image\":{\"@type\":\"ImageObject\",\"inLanguage\":\"pt-PT\",\"@id\":\"https:\\\/\\\/secure.gravatar.com\\\/avatar\\\/c5a7ef84c66fa914f55bc4f7ce26cfa275a3b9a1c5568b907bd184fb4dde7b40?s=96&d=mm&r=g\",\"url\":\"https:\\\/\\\/secure.gravatar.com\\\/avatar\\\/c5a7ef84c66fa914f55bc4f7ce26cfa275a3b9a1c5568b907bd184fb4dde7b40?s=96&d=mm&r=g\",\"contentUrl\":\"https:\\\/\\\/secure.gravatar.com\\\/avatar\\\/c5a7ef84c66fa914f55bc4f7ce26cfa275a3b9a1c5568b907bd184fb4dde7b40?s=96&d=mm&r=g\",\"caption\":\"inclusivenews2024\"},\"sameAs\":[\"https:\\\/\\\/inclusivenews.com.br\"],\"url\":\"https:\\\/\\\/inclusivenews.com.br\\\/?author=1\"}]}<\/script>\n<!-- \/ Yoast SEO plugin. -->","yoast_head_json":{"title":"ONU lan\u00e7a p\u00e1gina em portugu\u00eas sobre direitos humanos -","robots":{"index":"index","follow":"follow","max-snippet":"max-snippet:-1","max-image-preview":"max-image-preview:large","max-video-preview":"max-video-preview:-1"},"canonical":"https:\/\/inclusivenews.com.br\/?p=26294","og_locale":"pt_PT","og_type":"article","og_title":"ONU lan\u00e7a p\u00e1gina em portugu\u00eas sobre direitos humanos -","og_description":"Quer conhecer a Declara\u00e7\u00e3o Universal dos Direitos Humanos e at\u00e9 baixar este e outros documentos para seu celular? Gostaria de saber a hist\u00f3ria da implementa\u00e7\u00e3o da Declara\u00e7\u00e3o, que \u00e9 hoje o documento mais traduzido do mundo? Tem interesse em conhecer como funciona o sistema internacional criado para promover e proteger os direitos humanos?","og_url":"https:\/\/inclusivenews.com.br\/?p=26294","article_publisher":"https:\/\/www.facebook.com\/agenciainclusive\/","article_published_time":"2014-04-03T14:04:12+00:00","og_image":[{"url":"http:\/\/www.dudh.org.br\/wp-content\/uploads\/2014\/02\/logo_onu2.jpg","type":"","width":"","height":""}],"author":"inclusivenews2024","twitter_card":"summary_large_image","twitter_misc":{"Escrito por":"inclusivenews2024","Tempo estimado de leitura":"1 minuto"},"schema":{"@context":"https:\/\/schema.org","@graph":[{"@type":"Article","@id":"https:\/\/inclusivenews.com.br\/?p=26294#article","isPartOf":{"@id":"https:\/\/inclusivenews.com.br\/?p=26294"},"author":{"name":"inclusivenews2024","@id":"https:\/\/inclusivenews.com.br\/#\/schema\/person\/ae4ec7087559b8692fb33b6fffd2273b"},"headline":"ONU lan\u00e7a p\u00e1gina em portugu\u00eas sobre direitos humanos","datePublished":"2014-04-03T14:04:12+00:00","mainEntityOfPage":{"@id":"https:\/\/inclusivenews.com.br\/?p=26294"},"wordCount":193,"commentCount":0,"publisher":{"@id":"https:\/\/inclusivenews.com.br\/#organization"},"image":{"@id":"https:\/\/inclusivenews.com.br\/?p=26294#primaryimage"},"thumbnailUrl":"http:\/\/www.dudh.org.br\/wp-content\/uploads\/2014\/02\/logo_onu2.jpg","articleSection":["DIREITOS HUMANOS"],"inLanguage":"pt-PT","potentialAction":[{"@type":"CommentAction","name":"Comment","target":["https:\/\/inclusivenews.com.br\/?p=26294#respond"]}]},{"@type":"WebPage","@id":"https:\/\/inclusivenews.com.br\/?p=26294","url":"https:\/\/inclusivenews.com.br\/?p=26294","name":"ONU lan\u00e7a p\u00e1gina em portugu\u00eas sobre direitos humanos -","isPartOf":{"@id":"https:\/\/inclusivenews.com.br\/#website"},"primaryImageOfPage":{"@id":"https:\/\/inclusivenews.com.br\/?p=26294#primaryimage"},"image":{"@id":"https:\/\/inclusivenews.com.br\/?p=26294#primaryimage"},"thumbnailUrl":"http:\/\/www.dudh.org.br\/wp-content\/uploads\/2014\/02\/logo_onu2.jpg","datePublished":"2014-04-03T14:04:12+00:00","breadcrumb":{"@id":"https:\/\/inclusivenews.com.br\/?p=26294#breadcrumb"},"inLanguage":"pt-PT","potentialAction":[{"@type":"ReadAction","target":["https:\/\/inclusivenews.com.br\/?p=26294"]}]},{"@type":"ImageObject","inLanguage":"pt-PT","@id":"https:\/\/inclusivenews.com.br\/?p=26294#primaryimage","url":"http:\/\/www.dudh.org.br\/wp-content\/uploads\/2014\/02\/logo_onu2.jpg","contentUrl":"http:\/\/www.dudh.org.br\/wp-content\/uploads\/2014\/02\/logo_onu2.jpg"},{"@type":"BreadcrumbList","@id":"https:\/\/inclusivenews.com.br\/?p=26294#breadcrumb","itemListElement":[{"@type":"ListItem","position":1,"name":"In\u00edcio","item":"https:\/\/inclusivenews.com.br\/"},{"@type":"ListItem","position":2,"name":"ONU lan\u00e7a p\u00e1gina em portugu\u00eas sobre direitos humanos"}]},{"@type":"WebSite","@id":"https:\/\/inclusivenews.com.br\/#website","url":"https:\/\/inclusivenews.com.br\/","name":"Inclusive News","description":"Inclusive News","publisher":{"@id":"https:\/\/inclusivenews.com.br\/#organization"},"potentialAction":[{"@type":"SearchAction","target":{"@type":"EntryPoint","urlTemplate":"https:\/\/inclusivenews.com.br\/?s={search_term_string}"},"query-input":{"@type":"PropertyValueSpecification","valueRequired":true,"valueName":"search_term_string"}}],"inLanguage":"pt-PT"},{"@type":"Organization","@id":"https:\/\/inclusivenews.com.br\/#organization","name":"Inclusive - inclus\u00e3o e cidadania","url":"https:\/\/inclusivenews.com.br\/","logo":{"@type":"ImageObject","inLanguage":"pt-PT","@id":"https:\/\/inclusivenews.com.br\/#\/schema\/logo\/image\/","url":"https:\/\/inclusivenews.com.br\/wp-content\/uploads\/2024\/03\/@grandesite.png","contentUrl":"https:\/\/inclusivenews.com.br\/wp-content\/uploads\/2024\/03\/@grandesite.png","width":1080,"height":1080,"caption":"Inclusive - inclus\u00e3o e cidadania"},"image":{"@id":"https:\/\/inclusivenews.com.br\/#\/schema\/logo\/image\/"},"sameAs":["https:\/\/www.facebook.com\/agenciainclusive\/","https:\/\/www.instagram.com\/newsinclusive\/"]},{"@type":"Person","@id":"https:\/\/inclusivenews.com.br\/#\/schema\/person\/ae4ec7087559b8692fb33b6fffd2273b","name":"inclusivenews2024","image":{"@type":"ImageObject","inLanguage":"pt-PT","@id":"https:\/\/secure.gravatar.com\/avatar\/c5a7ef84c66fa914f55bc4f7ce26cfa275a3b9a1c5568b907bd184fb4dde7b40?s=96&d=mm&r=g","url":"https:\/\/secure.gravatar.com\/avatar\/c5a7ef84c66fa914f55bc4f7ce26cfa275a3b9a1c5568b907bd184fb4dde7b40?s=96&d=mm&r=g","contentUrl":"https:\/\/secure.gravatar.com\/avatar\/c5a7ef84c66fa914f55bc4f7ce26cfa275a3b9a1c5568b907bd184fb4dde7b40?s=96&d=mm&r=g","caption":"inclusivenews2024"},"sameAs":["https:\/\/inclusivenews.com.br"],"url":"https:\/\/inclusivenews.com.br\/?author=1"}]}},"_links":{"self":[{"href":"https:\/\/inclusivenews.com.br\/index.php?rest_route=\/wp\/v2\/posts\/26294","targetHints":{"allow":["GET"]}}],"collection":[{"href":"https:\/\/inclusivenews.com.br\/index.php?rest_route=\/wp\/v2\/posts"}],"about":[{"href":"https:\/\/inclusivenews.com.br\/index.php?rest_route=\/wp\/v2\/types\/post"}],"author":[{"embeddable":true,"href":"https:\/\/inclusivenews.com.br\/index.php?rest_route=\/wp\/v2\/users\/1"}],"replies":[{"embeddable":true,"href":"https:\/\/inclusivenews.com.br\/index.php?rest_route=%2Fwp%2Fv2%2Fcomments&post=26294"}],"version-history":[{"count":0,"href":"https:\/\/inclusivenews.com.br\/index.php?rest_route=\/wp\/v2\/posts\/26294\/revisions"}],"wp:attachment":[{"href":"https:\/\/inclusivenews.com.br\/index.php?rest_route=%2Fwp%2Fv2%2Fmedia&parent=26294"}],"wp:term":[{"taxonomy":"category","embeddable":true,"href":"https:\/\/inclusivenews.com.br\/index.php?rest_route=%2Fwp%2Fv2%2Fcategories&post=26294"},{"taxonomy":"post_tag","embeddable":true,"href":"https:\/\/inclusivenews.com.br\/index.php?rest_route=%2Fwp%2Fv2%2Ftags&post=26294"}],"curies":[{"name":"wp","href":"https:\/\/api.w.org\/{rel}","templated":true}]}}