{"id":26296,"date":"2014-04-03T11:03:15","date_gmt":"2014-04-03T14:03:15","guid":{"rendered":"http:\/\/www.inclusive.org.br\/?p=26296"},"modified":"2014-04-03T11:03:15","modified_gmt":"2014-04-03T14:03:15","slug":"forum-lei-de-cotas-e-trabalho-decente-para-a-pessoa-com-deficiencia","status":"publish","type":"post","link":"https:\/\/inclusivenews.com.br\/?p=26296","title":{"rendered":"F\u00f3rum Lei de Cotas e Trabalho Decente para a Pessoa com Defici\u00eancia"},"content":{"rendered":"<p><img loading=\"lazy\" decoding=\"async\" class=\"alignnone\" alt=\"Espa\u00e7o da Cidadania na Reatech\" src=\"http:\/\/www.ecidadania.org.br\/thumb.php?imagem=reatech1_12032014102240.jpg&amp;largura=0&amp;altura=0\" width=\"160\" height=\"145\" \/><\/p>\n<p>Com o objetivo de difundir as melhores pr\u00e1ticas no cumprimento da Lei de Cotas e as tend\u00eancias da fiscaliza\u00e7\u00e3o trabalhista, das decis\u00f5es Judiciais e do Legislativo para a inclus\u00e3o de trabalhadores com defici\u00eancia nas empresas brasileiras, o Espa\u00e7o da Cidadania e seus parceiros pela inclus\u00e3o far\u00e3o o F\u00f3rum Lei de Cotas e Trabalho Decente para a Pessoa com Defici\u00eancia.<\/p>\n<p>Este F\u00f3rum acontece durante a realiza\u00e7\u00e3o da XIII \u2013 Reatech \u2013 Feira Internacional de Reabilita\u00e7\u00e3o, Inclus\u00e3o, Acessibilidade e Esporte Adaptado. A entrada \u00e9 gratuita e oferece oportunidade para as pessoas que atuam no mundo do trabalho possam descobrir as tecnologias de acessibilidade que derrubam mitos e preconceitos sobre defici\u00eancia e trabalho.<\/p>\n<p>Programa\u00e7\u00e3o:<\/p>\n<p>11:00 horas \u2013 Abertura<\/p>\n<p>Recomenda\u00e7\u00f5es da Organiza\u00e7\u00e3o Internacional do Trabalho &#8211; OIT para a boa inclus\u00e3o;<\/p>\n<p>Palestrante &#8211; Romeu Kazumi Sassaki &#8211; Consultor e autor de livros de Inclus\u00e3o Social<\/p>\n<p>11:44 horas \u2013 A\u00e7\u00f5es Sindicais de incentivo ao cumprimento da lei de cotas:<\/p>\n<p>A) Resultado da Pesquisa: Lei de Cotas \u2013 Trabalhadores com Defici\u00eancia no Setor Metal\u00fargico de Osasco e Regi\u00e3o<\/p>\n<p>Palestrante &#8211; Jo\u00e3o Batista da Costa \u2013 Secret\u00e1rio Estadual de Inclus\u00e3o da Pessoa com Defici\u00eancia da For\u00e7a Sindical SP<\/p>\n<p>B) Caf\u00e9 Sensorial (proposta de sensibiliza\u00e7\u00e3o implementada pela Federa\u00e7\u00e3o dos Comerci\u00e1rios de S\u00e3o Paulo que aproxima os atores sociais para a inclus\u00e3o nos munic\u00edpios paulista)<\/p>\n<p>Palestrante &#8211; Luiz Carlos Motta \u2013 Presidente da Federa\u00e7\u00e3o dos Comerci\u00e1rios de S\u00e3o Paulo<\/p>\n<p>A atua\u00e7\u00e3o do Minist\u00e9rio P\u00fablico do Trabalho &#8211; MPT no cumprimento da lei de cotas e as mais recentes decis\u00f5es judiciais sobre o tema;<\/p>\n<p>Palestrante: Dr. Ramon Bezerra dos Santos \u2013 MPT 2\u00aa Regi\u00e3o S\u00e3o Paulo<\/p>\n<p>A fiscaliza\u00e7\u00e3o da lei de cotas e a atua\u00e7\u00e3o do Minist\u00e9rio do Trabalho e Emprego &#8211; MTE;<\/p>\n<p>Palestrante: Dr\u00aa Fernanda Maria Pessoa di Cavalcante \u2013 Coordenadora Nacional do Projeto de Inser\u00e7\u00e3o de Pessoas com Defici\u00eancia no Mercado de Trabalho.<\/p>\n<p>Estatuto da Pessoa com Defici\u00eancia e o Direito ao Trabalho &#8211; Avan\u00e7o ou Retrocesso?<\/p>\n<p>Palestrante: Mara Gabrilli \u2013 Deputada Federal por S\u00e3o Paulo e Relatora do PL que cria o Estatuto da Pessoa com Defici\u00eancia (PL 7699\/2006)<\/p>\n<p>Debates<\/p>\n<p>Inscri\u00e7\u00f5es gratuitas at\u00e9 31 de mar\u00e7o atrav\u00e9s do e-mail ecidadania@ecidadania.org.br<\/p>\n<p>Servi\u00e7o:<\/p>\n<p>F\u00f3rum Lei de Cotas e Trabalho Decente para a Pessoa com Defici\u00eancia<br \/>\nDia: 11 de abril de 2014<br \/>\nHor\u00e1rio: 11:00 \u00e0s 14:00 horas<br \/>\nLocal: Centro de Exposi\u00e7\u00f5es Imigrantes \u2013 Audit\u00f3rio 1<br \/>\nEndere\u00e7o: Rodovia dos Imigrantes, KM 1,5<\/p>\n<p>Mais informa\u00e7\u00f5es: telefone 11-3685-0915 e-mail ecidadania@ecidadania.org.br<\/p>\n","protected":false},"excerpt":{"rendered":"<p>O F\u00f3rum acontece durante a realiza\u00e7\u00e3o da XIII \u2013 Reatech \u2013 Feira Internacional de Reabilita\u00e7\u00e3o, Inclus\u00e3o, Acessibilidade e Esporte Adaptado. A entrada \u00e9 gratuita e oferece oportunidade para as pessoas que atuam no mundo do trabalho possam descobrir as tecnologias de acessibilidade que derrubam mitos e preconceitos sobre defici\u00eancia e trabalho.<\/p>\n","protected":false},"author":1,"featured_media":0,"comment_status":"open","ping_status":"open","sticky":false,"template":"","format":"standard","meta":{"site-container-style":"default","site-container-layout":"default","site-sidebar-layout":"default","disable-article-header":"default","disable-site-header":"default","disable-site-footer":"default","disable-content-area-spacing":"default","footnotes":""},"categories":[12,4],"tags":[],"class_list":["post-26296","post","type-post","status-publish","format-standard","hentry","category-cursos-e-eventos","category-noticias"],"yoast_head":"<!-- This site is optimized with the Yoast SEO plugin v27.4 - https:\/\/yoast.com\/product\/yoast-seo-wordpress\/ -->\n<title>F\u00f3rum Lei de Cotas e Trabalho Decente para a Pessoa com Defici\u00eancia -<\/title>\n<meta name=\"robots\" content=\"index, follow, max-snippet:-1, max-image-preview:large, max-video-preview:-1\" \/>\n<link rel=\"canonical\" href=\"https:\/\/inclusivenews.com.br\/?p=26296\" \/>\n<meta property=\"og:locale\" content=\"pt_PT\" \/>\n<meta property=\"og:type\" content=\"article\" \/>\n<meta property=\"og:title\" content=\"F\u00f3rum Lei de Cotas e Trabalho Decente para a Pessoa com Defici\u00eancia -\" \/>\n<meta property=\"og:description\" content=\"O F\u00f3rum acontece durante a realiza\u00e7\u00e3o da XIII \u2013 Reatech \u2013 Feira Internacional de Reabilita\u00e7\u00e3o, Inclus\u00e3o, Acessibilidade e Esporte Adaptado. A entrada \u00e9 gratuita e oferece oportunidade para as pessoas que atuam no mundo do trabalho possam descobrir as tecnologias de acessibilidade que derrubam mitos e preconceitos sobre defici\u00eancia e trabalho.\" \/>\n<meta property=\"og:url\" content=\"https:\/\/inclusivenews.com.br\/?p=26296\" \/>\n<meta property=\"article:publisher\" content=\"https:\/\/www.facebook.com\/agenciainclusive\/\" \/>\n<meta property=\"article:published_time\" content=\"2014-04-03T14:03:15+00:00\" \/>\n<meta property=\"og:image\" content=\"http:\/\/www.ecidadania.org.br\/thumb.php?imagem=reatech1_12032014102240.jpg&amp;largura=0&amp;altura=0\" \/>\n<meta name=\"author\" content=\"inclusivenews2024\" \/>\n<meta name=\"twitter:card\" content=\"summary_large_image\" \/>\n<meta name=\"twitter:label1\" content=\"Escrito por\" \/>\n\t<meta name=\"twitter:data1\" content=\"inclusivenews2024\" \/>\n\t<meta name=\"twitter:label2\" content=\"Tempo estimado de leitura\" \/>\n\t<meta name=\"twitter:data2\" content=\"2 minutos\" \/>\n<script type=\"application\/ld+json\" class=\"yoast-schema-graph\">{\"@context\":\"https:\\\/\\\/schema.org\",\"@graph\":[{\"@type\":\"Article\",\"@id\":\"https:\\\/\\\/inclusivenews.com.br\\\/?p=26296#article\",\"isPartOf\":{\"@id\":\"https:\\\/\\\/inclusivenews.com.br\\\/?p=26296\"},\"author\":{\"name\":\"inclusivenews2024\",\"@id\":\"https:\\\/\\\/inclusivenews.com.br\\\/#\\\/schema\\\/person\\\/ae4ec7087559b8692fb33b6fffd2273b\"},\"headline\":\"F\u00f3rum Lei de Cotas e Trabalho Decente para a Pessoa com Defici\u00eancia\",\"datePublished\":\"2014-04-03T14:03:15+00:00\",\"mainEntityOfPage\":{\"@id\":\"https:\\\/\\\/inclusivenews.com.br\\\/?p=26296\"},\"wordCount\":460,\"commentCount\":0,\"publisher\":{\"@id\":\"https:\\\/\\\/inclusivenews.com.br\\\/#organization\"},\"image\":{\"@id\":\"https:\\\/\\\/inclusivenews.com.br\\\/?p=26296#primaryimage\"},\"thumbnailUrl\":\"http:\\\/\\\/www.ecidadania.org.br\\\/thumb.php?imagem=reatech1_12032014102240.jpg&amp;largura=0&amp;altura=0\",\"articleSection\":[\"Cursos e eventos\",\"NOT\u00cdCIAS\"],\"inLanguage\":\"pt-PT\",\"potentialAction\":[{\"@type\":\"CommentAction\",\"name\":\"Comment\",\"target\":[\"https:\\\/\\\/inclusivenews.com.br\\\/?p=26296#respond\"]}]},{\"@type\":\"WebPage\",\"@id\":\"https:\\\/\\\/inclusivenews.com.br\\\/?p=26296\",\"url\":\"https:\\\/\\\/inclusivenews.com.br\\\/?p=26296\",\"name\":\"F\u00f3rum Lei de Cotas e Trabalho Decente para a Pessoa com Defici\u00eancia -\",\"isPartOf\":{\"@id\":\"https:\\\/\\\/inclusivenews.com.br\\\/#website\"},\"primaryImageOfPage\":{\"@id\":\"https:\\\/\\\/inclusivenews.com.br\\\/?p=26296#primaryimage\"},\"image\":{\"@id\":\"https:\\\/\\\/inclusivenews.com.br\\\/?p=26296#primaryimage\"},\"thumbnailUrl\":\"http:\\\/\\\/www.ecidadania.org.br\\\/thumb.php?imagem=reatech1_12032014102240.jpg&amp;largura=0&amp;altura=0\",\"datePublished\":\"2014-04-03T14:03:15+00:00\",\"breadcrumb\":{\"@id\":\"https:\\\/\\\/inclusivenews.com.br\\\/?p=26296#breadcrumb\"},\"inLanguage\":\"pt-PT\",\"potentialAction\":[{\"@type\":\"ReadAction\",\"target\":[\"https:\\\/\\\/inclusivenews.com.br\\\/?p=26296\"]}]},{\"@type\":\"ImageObject\",\"inLanguage\":\"pt-PT\",\"@id\":\"https:\\\/\\\/inclusivenews.com.br\\\/?p=26296#primaryimage\",\"url\":\"http:\\\/\\\/www.ecidadania.org.br\\\/thumb.php?imagem=reatech1_12032014102240.jpg&amp;largura=0&amp;altura=0\",\"contentUrl\":\"http:\\\/\\\/www.ecidadania.org.br\\\/thumb.php?imagem=reatech1_12032014102240.jpg&amp;largura=0&amp;altura=0\"},{\"@type\":\"BreadcrumbList\",\"@id\":\"https:\\\/\\\/inclusivenews.com.br\\\/?p=26296#breadcrumb\",\"itemListElement\":[{\"@type\":\"ListItem\",\"position\":1,\"name\":\"In\u00edcio\",\"item\":\"https:\\\/\\\/inclusivenews.com.br\\\/\"},{\"@type\":\"ListItem\",\"position\":2,\"name\":\"F\u00f3rum Lei de Cotas e Trabalho Decente para a Pessoa com Defici\u00eancia\"}]},{\"@type\":\"WebSite\",\"@id\":\"https:\\\/\\\/inclusivenews.com.br\\\/#website\",\"url\":\"https:\\\/\\\/inclusivenews.com.br\\\/\",\"name\":\"Inclusive News\",\"description\":\"Inclusive News\",\"publisher\":{\"@id\":\"https:\\\/\\\/inclusivenews.com.br\\\/#organization\"},\"potentialAction\":[{\"@type\":\"SearchAction\",\"target\":{\"@type\":\"EntryPoint\",\"urlTemplate\":\"https:\\\/\\\/inclusivenews.com.br\\\/?s={search_term_string}\"},\"query-input\":{\"@type\":\"PropertyValueSpecification\",\"valueRequired\":true,\"valueName\":\"search_term_string\"}}],\"inLanguage\":\"pt-PT\"},{\"@type\":\"Organization\",\"@id\":\"https:\\\/\\\/inclusivenews.com.br\\\/#organization\",\"name\":\"Inclusive - inclus\u00e3o e cidadania\",\"url\":\"https:\\\/\\\/inclusivenews.com.br\\\/\",\"logo\":{\"@type\":\"ImageObject\",\"inLanguage\":\"pt-PT\",\"@id\":\"https:\\\/\\\/inclusivenews.com.br\\\/#\\\/schema\\\/logo\\\/image\\\/\",\"url\":\"https:\\\/\\\/inclusivenews.com.br\\\/wp-content\\\/uploads\\\/2024\\\/03\\\/@grandesite.png\",\"contentUrl\":\"https:\\\/\\\/inclusivenews.com.br\\\/wp-content\\\/uploads\\\/2024\\\/03\\\/@grandesite.png\",\"width\":1080,\"height\":1080,\"caption\":\"Inclusive - inclus\u00e3o e cidadania\"},\"image\":{\"@id\":\"https:\\\/\\\/inclusivenews.com.br\\\/#\\\/schema\\\/logo\\\/image\\\/\"},\"sameAs\":[\"https:\\\/\\\/www.facebook.com\\\/agenciainclusive\\\/\",\"https:\\\/\\\/www.instagram.com\\\/newsinclusive\\\/\"]},{\"@type\":\"Person\",\"@id\":\"https:\\\/\\\/inclusivenews.com.br\\\/#\\\/schema\\\/person\\\/ae4ec7087559b8692fb33b6fffd2273b\",\"name\":\"inclusivenews2024\",\"image\":{\"@type\":\"ImageObject\",\"inLanguage\":\"pt-PT\",\"@id\":\"https:\\\/\\\/secure.gravatar.com\\\/avatar\\\/c5a7ef84c66fa914f55bc4f7ce26cfa275a3b9a1c5568b907bd184fb4dde7b40?s=96&d=mm&r=g\",\"url\":\"https:\\\/\\\/secure.gravatar.com\\\/avatar\\\/c5a7ef84c66fa914f55bc4f7ce26cfa275a3b9a1c5568b907bd184fb4dde7b40?s=96&d=mm&r=g\",\"contentUrl\":\"https:\\\/\\\/secure.gravatar.com\\\/avatar\\\/c5a7ef84c66fa914f55bc4f7ce26cfa275a3b9a1c5568b907bd184fb4dde7b40?s=96&d=mm&r=g\",\"caption\":\"inclusivenews2024\"},\"sameAs\":[\"https:\\\/\\\/inclusivenews.com.br\"],\"url\":\"https:\\\/\\\/inclusivenews.com.br\\\/?author=1\"}]}<\/script>\n<!-- \/ Yoast SEO plugin. -->","yoast_head_json":{"title":"F\u00f3rum Lei de Cotas e Trabalho Decente para a Pessoa com Defici\u00eancia -","robots":{"index":"index","follow":"follow","max-snippet":"max-snippet:-1","max-image-preview":"max-image-preview:large","max-video-preview":"max-video-preview:-1"},"canonical":"https:\/\/inclusivenews.com.br\/?p=26296","og_locale":"pt_PT","og_type":"article","og_title":"F\u00f3rum Lei de Cotas e Trabalho Decente para a Pessoa com Defici\u00eancia -","og_description":"O F\u00f3rum acontece durante a realiza\u00e7\u00e3o da XIII \u2013 Reatech \u2013 Feira Internacional de Reabilita\u00e7\u00e3o, Inclus\u00e3o, Acessibilidade e Esporte Adaptado. A entrada \u00e9 gratuita e oferece oportunidade para as pessoas que atuam no mundo do trabalho possam descobrir as tecnologias de acessibilidade que derrubam mitos e preconceitos sobre defici\u00eancia e trabalho.","og_url":"https:\/\/inclusivenews.com.br\/?p=26296","article_publisher":"https:\/\/www.facebook.com\/agenciainclusive\/","article_published_time":"2014-04-03T14:03:15+00:00","og_image":[{"url":"http:\/\/www.ecidadania.org.br\/thumb.php?imagem=reatech1_12032014102240.jpg&amp;largura=0&amp;altura=0","type":"","width":"","height":""}],"author":"inclusivenews2024","twitter_card":"summary_large_image","twitter_misc":{"Escrito por":"inclusivenews2024","Tempo estimado de leitura":"2 minutos"},"schema":{"@context":"https:\/\/schema.org","@graph":[{"@type":"Article","@id":"https:\/\/inclusivenews.com.br\/?p=26296#article","isPartOf":{"@id":"https:\/\/inclusivenews.com.br\/?p=26296"},"author":{"name":"inclusivenews2024","@id":"https:\/\/inclusivenews.com.br\/#\/schema\/person\/ae4ec7087559b8692fb33b6fffd2273b"},"headline":"F\u00f3rum Lei de Cotas e Trabalho Decente para a Pessoa com Defici\u00eancia","datePublished":"2014-04-03T14:03:15+00:00","mainEntityOfPage":{"@id":"https:\/\/inclusivenews.com.br\/?p=26296"},"wordCount":460,"commentCount":0,"publisher":{"@id":"https:\/\/inclusivenews.com.br\/#organization"},"image":{"@id":"https:\/\/inclusivenews.com.br\/?p=26296#primaryimage"},"thumbnailUrl":"http:\/\/www.ecidadania.org.br\/thumb.php?imagem=reatech1_12032014102240.jpg&amp;largura=0&amp;altura=0","articleSection":["Cursos e eventos","NOT\u00cdCIAS"],"inLanguage":"pt-PT","potentialAction":[{"@type":"CommentAction","name":"Comment","target":["https:\/\/inclusivenews.com.br\/?p=26296#respond"]}]},{"@type":"WebPage","@id":"https:\/\/inclusivenews.com.br\/?p=26296","url":"https:\/\/inclusivenews.com.br\/?p=26296","name":"F\u00f3rum Lei de Cotas e Trabalho Decente para a Pessoa com Defici\u00eancia -","isPartOf":{"@id":"https:\/\/inclusivenews.com.br\/#website"},"primaryImageOfPage":{"@id":"https:\/\/inclusivenews.com.br\/?p=26296#primaryimage"},"image":{"@id":"https:\/\/inclusivenews.com.br\/?p=26296#primaryimage"},"thumbnailUrl":"http:\/\/www.ecidadania.org.br\/thumb.php?imagem=reatech1_12032014102240.jpg&amp;largura=0&amp;altura=0","datePublished":"2014-04-03T14:03:15+00:00","breadcrumb":{"@id":"https:\/\/inclusivenews.com.br\/?p=26296#breadcrumb"},"inLanguage":"pt-PT","potentialAction":[{"@type":"ReadAction","target":["https:\/\/inclusivenews.com.br\/?p=26296"]}]},{"@type":"ImageObject","inLanguage":"pt-PT","@id":"https:\/\/inclusivenews.com.br\/?p=26296#primaryimage","url":"http:\/\/www.ecidadania.org.br\/thumb.php?imagem=reatech1_12032014102240.jpg&amp;largura=0&amp;altura=0","contentUrl":"http:\/\/www.ecidadania.org.br\/thumb.php?imagem=reatech1_12032014102240.jpg&amp;largura=0&amp;altura=0"},{"@type":"BreadcrumbList","@id":"https:\/\/inclusivenews.com.br\/?p=26296#breadcrumb","itemListElement":[{"@type":"ListItem","position":1,"name":"In\u00edcio","item":"https:\/\/inclusivenews.com.br\/"},{"@type":"ListItem","position":2,"name":"F\u00f3rum Lei de Cotas e Trabalho Decente para a Pessoa com Defici\u00eancia"}]},{"@type":"WebSite","@id":"https:\/\/inclusivenews.com.br\/#website","url":"https:\/\/inclusivenews.com.br\/","name":"Inclusive News","description":"Inclusive News","publisher":{"@id":"https:\/\/inclusivenews.com.br\/#organization"},"potentialAction":[{"@type":"SearchAction","target":{"@type":"EntryPoint","urlTemplate":"https:\/\/inclusivenews.com.br\/?s={search_term_string}"},"query-input":{"@type":"PropertyValueSpecification","valueRequired":true,"valueName":"search_term_string"}}],"inLanguage":"pt-PT"},{"@type":"Organization","@id":"https:\/\/inclusivenews.com.br\/#organization","name":"Inclusive - inclus\u00e3o e cidadania","url":"https:\/\/inclusivenews.com.br\/","logo":{"@type":"ImageObject","inLanguage":"pt-PT","@id":"https:\/\/inclusivenews.com.br\/#\/schema\/logo\/image\/","url":"https:\/\/inclusivenews.com.br\/wp-content\/uploads\/2024\/03\/@grandesite.png","contentUrl":"https:\/\/inclusivenews.com.br\/wp-content\/uploads\/2024\/03\/@grandesite.png","width":1080,"height":1080,"caption":"Inclusive - inclus\u00e3o e cidadania"},"image":{"@id":"https:\/\/inclusivenews.com.br\/#\/schema\/logo\/image\/"},"sameAs":["https:\/\/www.facebook.com\/agenciainclusive\/","https:\/\/www.instagram.com\/newsinclusive\/"]},{"@type":"Person","@id":"https:\/\/inclusivenews.com.br\/#\/schema\/person\/ae4ec7087559b8692fb33b6fffd2273b","name":"inclusivenews2024","image":{"@type":"ImageObject","inLanguage":"pt-PT","@id":"https:\/\/secure.gravatar.com\/avatar\/c5a7ef84c66fa914f55bc4f7ce26cfa275a3b9a1c5568b907bd184fb4dde7b40?s=96&d=mm&r=g","url":"https:\/\/secure.gravatar.com\/avatar\/c5a7ef84c66fa914f55bc4f7ce26cfa275a3b9a1c5568b907bd184fb4dde7b40?s=96&d=mm&r=g","contentUrl":"https:\/\/secure.gravatar.com\/avatar\/c5a7ef84c66fa914f55bc4f7ce26cfa275a3b9a1c5568b907bd184fb4dde7b40?s=96&d=mm&r=g","caption":"inclusivenews2024"},"sameAs":["https:\/\/inclusivenews.com.br"],"url":"https:\/\/inclusivenews.com.br\/?author=1"}]}},"_links":{"self":[{"href":"https:\/\/inclusivenews.com.br\/index.php?rest_route=\/wp\/v2\/posts\/26296","targetHints":{"allow":["GET"]}}],"collection":[{"href":"https:\/\/inclusivenews.com.br\/index.php?rest_route=\/wp\/v2\/posts"}],"about":[{"href":"https:\/\/inclusivenews.com.br\/index.php?rest_route=\/wp\/v2\/types\/post"}],"author":[{"embeddable":true,"href":"https:\/\/inclusivenews.com.br\/index.php?rest_route=\/wp\/v2\/users\/1"}],"replies":[{"embeddable":true,"href":"https:\/\/inclusivenews.com.br\/index.php?rest_route=%2Fwp%2Fv2%2Fcomments&post=26296"}],"version-history":[{"count":0,"href":"https:\/\/inclusivenews.com.br\/index.php?rest_route=\/wp\/v2\/posts\/26296\/revisions"}],"wp:attachment":[{"href":"https:\/\/inclusivenews.com.br\/index.php?rest_route=%2Fwp%2Fv2%2Fmedia&parent=26296"}],"wp:term":[{"taxonomy":"category","embeddable":true,"href":"https:\/\/inclusivenews.com.br\/index.php?rest_route=%2Fwp%2Fv2%2Fcategories&post=26296"},{"taxonomy":"post_tag","embeddable":true,"href":"https:\/\/inclusivenews.com.br\/index.php?rest_route=%2Fwp%2Fv2%2Ftags&post=26296"}],"curies":[{"name":"wp","href":"https:\/\/api.w.org\/{rel}","templated":true}]}}