{"id":26300,"date":"2014-04-03T11:12:20","date_gmt":"2014-04-03T14:12:20","guid":{"rendered":"http:\/\/www.inclusive.org.br\/?p=26300"},"modified":"2014-04-03T11:12:20","modified_gmt":"2014-04-03T14:12:20","slug":"acao-da-cidadania-e-os-espacos-de-leitura","status":"publish","type":"post","link":"https:\/\/inclusivenews.com.br\/?p=26300","title":{"rendered":"A\u00e7\u00e3o da Cidadania e os Espa\u00e7os de Leitura"},"content":{"rendered":"<p><img loading=\"lazy\" decoding=\"async\" class=\"alignnone\" alt=\"Crian\u00e7as assistem apresenta\u00e7\u00e3o de leitura\" src=\"http:\/\/www.acaodacidadania.com.br\/images\/galerias\/182_m.jpg\" width=\"335\" height=\"251\" \/><\/p>\n<p>Uma crian\u00e7a lendo um livro a sonhar com todas aquelas palavras cheias de cores, sabores, perfumes e sentimentos, a sonhar com as mil possibilidades de conquistas, aventuras e atos her\u00f3icos. Essa crian\u00e7a pouco \u00e9 encontrada nos bols\u00f5es de pobreza, e a probabilidade de se tornar um adulto igualmente desprovido da habilidade e da identifica\u00e7\u00e3o com a leitura \u00e9 o destino mais pr\u00f3ximo da realidade.<\/p>\n<p>Essa realidade pode mudar e, acreditando nisso, a A\u00e7\u00e3o da Cidadania criou os Espa\u00e7os de Leitura. Centenas de \u201cbibliotecas\u201d m\u00f3veis nascem alimentadas com os livros arrecadados na Campanha Natal sem Fome dos Sonhos. J\u00e1 s\u00e3o mais de 150 espalhados em v\u00e1rios estados do Brasil &#8211; Rio de Janeiro, Cear\u00e1, Par\u00e1, Paran\u00e1, Bahia, Amazonas, S\u00e3o Paulo e Rio Grande do Sul -, promovendo atividades regulares.<\/p>\n<p>Nos Espa\u00e7os de Leitura se valoriza o saber popular, tendo a educa\u00e7\u00e3o para a cidadania como prop\u00f3sito. Empr\u00e9stimos de livros, conta\u00e7\u00e3o de hist\u00f3rias, concursos de reda\u00e7\u00e3o e poesia, forma\u00e7\u00e3o de redes de cultura e identifica\u00e7\u00e3o de analfabetos funcionais s\u00e3o exemplos de atividades desenvolvidas nos mais remotos recantos do pa\u00eds. Em 2008, cerca de 15.000 crian\u00e7as e adolescentes tiveram acesso aos livros em empr\u00e9stimos do Espa\u00e7o de Leitura, fazendo circular 60 mil livros nos bols\u00f5es de pobreza.<\/p>\n<p>A parceria da Academia Brasileira de Letras (ABL) e diversas empresas \u2013 Accenture, APPAI &#8211; Associa\u00e7\u00e3o Beneficente dos Professores P\u00fablicos Ativos e Inativos do Estado do RJ, Associa\u00e7\u00e3o Brasileira de Odontologia-Se\u00e7\u00e3o RJ, Bob\u00b4s, Ca\u00e7ula, C\u00e2mara de Com\u00e9rcio e Ind\u00fastria do Estado do Rio de Janeiro (CAERJ), Chevron, Correios, FioCruz, Instituto Nacional de Tecnologia (INT), Metr\u00f4 Rio, NATEC, Oi Futuro, Panor\u00e2mica, SESC Rio, Transpetro, Tribunal de Justi\u00e7a e TV Globo, dentre outras \u2013 possibilitou a implanta\u00e7\u00e3o dos Espa\u00e7os de Leitura, enriquecendo o trabalho desenvolvido na comunidade. Agora o grande desafio do projeto \u00e9 obter financiamento para a manuten\u00e7\u00e3o de suas atividades.<\/p>\n<p>Os Espa\u00e7os de Leitura s\u00e3o o ponto de partida para a organiza\u00e7\u00e3o de uma grande mobiliza\u00e7\u00e3o da sociedade pelo fim do analfabetismo. Segundo o IBGE, existem no pa\u00eds 37 milh\u00f5es de analfabetos funcionais, acima de 10 anos de idade. \u00c9 inaceit\u00e1vel que esse imenso contingente de brasileiros n\u00e3o tenha o direito de sonhar e saber da exist\u00eancia do fant\u00e1stico mundo de conhecimento que a leitura proporciona. Afinal, sem entender o que l\u00ea, h\u00e1 poucas chances de avan\u00e7ar nos estudos, o que aumenta as chances de desemprego ou subemprego. E sem emprego a renda \u00e9 baixa e a fome e a mis\u00e9ria assombram as fam\u00edlias.<\/p>\n<p>Fonte: <a href=\"http:\/\/www.acaodacidadania.com.br\/?page=projetos&amp;id=108\" target=\"_blank\" rel=\"noopener\">A\u00e7\u00e3o da Cidadania<\/a><\/p>\n","protected":false},"excerpt":{"rendered":"<p>Os Espa\u00e7os de Leitura s\u00e3o o ponto de partida para a organiza\u00e7\u00e3o de uma grande mobiliza\u00e7\u00e3o da sociedade pelo fim do analfabetismo. Segundo o IBGE, existem no pa\u00eds 37 milh\u00f5es de analfabetos funcionais, acima de 10 anos de idade. \u00c9 inaceit\u00e1vel que esse imenso contingente de brasileiros n\u00e3o tenha o direito de sonhar e saber da exist\u00eancia do fant\u00e1stico mundo de conhecimento que a leitura proporciona. Afinal, sem entender o que l\u00ea, h\u00e1 poucas chances de avan\u00e7ar nos estudos, o que aumenta as chances de desemprego ou subemprego. E sem emprego a renda \u00e9 baixa e a fome e a mis\u00e9ria assombram as fam\u00edlias.<\/p>\n","protected":false},"author":1,"featured_media":0,"comment_status":"open","ping_status":"open","sticky":false,"template":"","format":"standard","meta":{"site-container-style":"default","site-container-layout":"default","site-sidebar-layout":"default","disable-article-header":"default","disable-site-header":"default","disable-site-footer":"default","disable-content-area-spacing":"default","footnotes":""},"categories":[6,48],"tags":[],"class_list":["post-26300","post","type-post","status-publish","format-standard","hentry","category-educacao","category-inclusao"],"yoast_head":"<!-- This site is optimized with the Yoast SEO plugin v27.4 - https:\/\/yoast.com\/product\/yoast-seo-wordpress\/ -->\n<title>A\u00e7\u00e3o da Cidadania e os Espa\u00e7os de Leitura -<\/title>\n<meta name=\"robots\" content=\"index, follow, max-snippet:-1, max-image-preview:large, max-video-preview:-1\" \/>\n<link rel=\"canonical\" href=\"https:\/\/inclusivenews.com.br\/?p=26300\" \/>\n<meta property=\"og:locale\" content=\"pt_PT\" \/>\n<meta property=\"og:type\" content=\"article\" \/>\n<meta property=\"og:title\" content=\"A\u00e7\u00e3o da Cidadania e os Espa\u00e7os de Leitura -\" \/>\n<meta property=\"og:description\" content=\"Os Espa\u00e7os de Leitura s\u00e3o o ponto de partida para a organiza\u00e7\u00e3o de uma grande mobiliza\u00e7\u00e3o da sociedade pelo fim do analfabetismo. Segundo o IBGE, existem no pa\u00eds 37 milh\u00f5es de analfabetos funcionais, acima de 10 anos de idade. \u00c9 inaceit\u00e1vel que esse imenso contingente de brasileiros n\u00e3o tenha o direito de sonhar e saber da exist\u00eancia do fant\u00e1stico mundo de conhecimento que a leitura proporciona. Afinal, sem entender o que l\u00ea, h\u00e1 poucas chances de avan\u00e7ar nos estudos, o que aumenta as chances de desemprego ou subemprego. E sem emprego a renda \u00e9 baixa e a fome e a mis\u00e9ria assombram as fam\u00edlias.\" \/>\n<meta property=\"og:url\" content=\"https:\/\/inclusivenews.com.br\/?p=26300\" \/>\n<meta property=\"article:publisher\" content=\"https:\/\/www.facebook.com\/agenciainclusive\/\" \/>\n<meta property=\"article:published_time\" content=\"2014-04-03T14:12:20+00:00\" \/>\n<meta property=\"og:image\" content=\"http:\/\/www.acaodacidadania.com.br\/images\/galerias\/182_m.jpg\" \/>\n<meta name=\"author\" content=\"inclusivenews2024\" \/>\n<meta name=\"twitter:card\" content=\"summary_large_image\" \/>\n<meta name=\"twitter:label1\" content=\"Escrito por\" \/>\n\t<meta name=\"twitter:data1\" content=\"inclusivenews2024\" \/>\n\t<meta name=\"twitter:label2\" content=\"Tempo estimado de leitura\" \/>\n\t<meta name=\"twitter:data2\" content=\"2 minutos\" \/>\n<script type=\"application\/ld+json\" class=\"yoast-schema-graph\">{\"@context\":\"https:\\\/\\\/schema.org\",\"@graph\":[{\"@type\":\"Article\",\"@id\":\"https:\\\/\\\/inclusivenews.com.br\\\/?p=26300#article\",\"isPartOf\":{\"@id\":\"https:\\\/\\\/inclusivenews.com.br\\\/?p=26300\"},\"author\":{\"name\":\"inclusivenews2024\",\"@id\":\"https:\\\/\\\/inclusivenews.com.br\\\/#\\\/schema\\\/person\\\/ae4ec7087559b8692fb33b6fffd2273b\"},\"headline\":\"A\u00e7\u00e3o da Cidadania e os Espa\u00e7os de Leitura\",\"datePublished\":\"2014-04-03T14:12:20+00:00\",\"mainEntityOfPage\":{\"@id\":\"https:\\\/\\\/inclusivenews.com.br\\\/?p=26300\"},\"wordCount\":464,\"commentCount\":0,\"publisher\":{\"@id\":\"https:\\\/\\\/inclusivenews.com.br\\\/#organization\"},\"image\":{\"@id\":\"https:\\\/\\\/inclusivenews.com.br\\\/?p=26300#primaryimage\"},\"thumbnailUrl\":\"http:\\\/\\\/www.acaodacidadania.com.br\\\/images\\\/galerias\\\/182_m.jpg\",\"articleSection\":[\"EDUCA\u00c7\u00c3O\",\"INCLUS\u00c3O SOCIAL\"],\"inLanguage\":\"pt-PT\",\"potentialAction\":[{\"@type\":\"CommentAction\",\"name\":\"Comment\",\"target\":[\"https:\\\/\\\/inclusivenews.com.br\\\/?p=26300#respond\"]}]},{\"@type\":\"WebPage\",\"@id\":\"https:\\\/\\\/inclusivenews.com.br\\\/?p=26300\",\"url\":\"https:\\\/\\\/inclusivenews.com.br\\\/?p=26300\",\"name\":\"A\u00e7\u00e3o da Cidadania e os Espa\u00e7os de Leitura -\",\"isPartOf\":{\"@id\":\"https:\\\/\\\/inclusivenews.com.br\\\/#website\"},\"primaryImageOfPage\":{\"@id\":\"https:\\\/\\\/inclusivenews.com.br\\\/?p=26300#primaryimage\"},\"image\":{\"@id\":\"https:\\\/\\\/inclusivenews.com.br\\\/?p=26300#primaryimage\"},\"thumbnailUrl\":\"http:\\\/\\\/www.acaodacidadania.com.br\\\/images\\\/galerias\\\/182_m.jpg\",\"datePublished\":\"2014-04-03T14:12:20+00:00\",\"breadcrumb\":{\"@id\":\"https:\\\/\\\/inclusivenews.com.br\\\/?p=26300#breadcrumb\"},\"inLanguage\":\"pt-PT\",\"potentialAction\":[{\"@type\":\"ReadAction\",\"target\":[\"https:\\\/\\\/inclusivenews.com.br\\\/?p=26300\"]}]},{\"@type\":\"ImageObject\",\"inLanguage\":\"pt-PT\",\"@id\":\"https:\\\/\\\/inclusivenews.com.br\\\/?p=26300#primaryimage\",\"url\":\"http:\\\/\\\/www.acaodacidadania.com.br\\\/images\\\/galerias\\\/182_m.jpg\",\"contentUrl\":\"http:\\\/\\\/www.acaodacidadania.com.br\\\/images\\\/galerias\\\/182_m.jpg\"},{\"@type\":\"BreadcrumbList\",\"@id\":\"https:\\\/\\\/inclusivenews.com.br\\\/?p=26300#breadcrumb\",\"itemListElement\":[{\"@type\":\"ListItem\",\"position\":1,\"name\":\"In\u00edcio\",\"item\":\"https:\\\/\\\/inclusivenews.com.br\\\/\"},{\"@type\":\"ListItem\",\"position\":2,\"name\":\"A\u00e7\u00e3o da Cidadania e os Espa\u00e7os de Leitura\"}]},{\"@type\":\"WebSite\",\"@id\":\"https:\\\/\\\/inclusivenews.com.br\\\/#website\",\"url\":\"https:\\\/\\\/inclusivenews.com.br\\\/\",\"name\":\"Inclusive News\",\"description\":\"Inclusive News\",\"publisher\":{\"@id\":\"https:\\\/\\\/inclusivenews.com.br\\\/#organization\"},\"potentialAction\":[{\"@type\":\"SearchAction\",\"target\":{\"@type\":\"EntryPoint\",\"urlTemplate\":\"https:\\\/\\\/inclusivenews.com.br\\\/?s={search_term_string}\"},\"query-input\":{\"@type\":\"PropertyValueSpecification\",\"valueRequired\":true,\"valueName\":\"search_term_string\"}}],\"inLanguage\":\"pt-PT\"},{\"@type\":\"Organization\",\"@id\":\"https:\\\/\\\/inclusivenews.com.br\\\/#organization\",\"name\":\"Inclusive - inclus\u00e3o e cidadania\",\"url\":\"https:\\\/\\\/inclusivenews.com.br\\\/\",\"logo\":{\"@type\":\"ImageObject\",\"inLanguage\":\"pt-PT\",\"@id\":\"https:\\\/\\\/inclusivenews.com.br\\\/#\\\/schema\\\/logo\\\/image\\\/\",\"url\":\"https:\\\/\\\/inclusivenews.com.br\\\/wp-content\\\/uploads\\\/2024\\\/03\\\/@grandesite.png\",\"contentUrl\":\"https:\\\/\\\/inclusivenews.com.br\\\/wp-content\\\/uploads\\\/2024\\\/03\\\/@grandesite.png\",\"width\":1080,\"height\":1080,\"caption\":\"Inclusive - inclus\u00e3o e cidadania\"},\"image\":{\"@id\":\"https:\\\/\\\/inclusivenews.com.br\\\/#\\\/schema\\\/logo\\\/image\\\/\"},\"sameAs\":[\"https:\\\/\\\/www.facebook.com\\\/agenciainclusive\\\/\",\"https:\\\/\\\/www.instagram.com\\\/newsinclusive\\\/\"]},{\"@type\":\"Person\",\"@id\":\"https:\\\/\\\/inclusivenews.com.br\\\/#\\\/schema\\\/person\\\/ae4ec7087559b8692fb33b6fffd2273b\",\"name\":\"inclusivenews2024\",\"image\":{\"@type\":\"ImageObject\",\"inLanguage\":\"pt-PT\",\"@id\":\"https:\\\/\\\/secure.gravatar.com\\\/avatar\\\/c5a7ef84c66fa914f55bc4f7ce26cfa275a3b9a1c5568b907bd184fb4dde7b40?s=96&d=mm&r=g\",\"url\":\"https:\\\/\\\/secure.gravatar.com\\\/avatar\\\/c5a7ef84c66fa914f55bc4f7ce26cfa275a3b9a1c5568b907bd184fb4dde7b40?s=96&d=mm&r=g\",\"contentUrl\":\"https:\\\/\\\/secure.gravatar.com\\\/avatar\\\/c5a7ef84c66fa914f55bc4f7ce26cfa275a3b9a1c5568b907bd184fb4dde7b40?s=96&d=mm&r=g\",\"caption\":\"inclusivenews2024\"},\"sameAs\":[\"https:\\\/\\\/inclusivenews.com.br\"],\"url\":\"https:\\\/\\\/inclusivenews.com.br\\\/?author=1\"}]}<\/script>\n<!-- \/ Yoast SEO plugin. -->","yoast_head_json":{"title":"A\u00e7\u00e3o da Cidadania e os Espa\u00e7os de Leitura -","robots":{"index":"index","follow":"follow","max-snippet":"max-snippet:-1","max-image-preview":"max-image-preview:large","max-video-preview":"max-video-preview:-1"},"canonical":"https:\/\/inclusivenews.com.br\/?p=26300","og_locale":"pt_PT","og_type":"article","og_title":"A\u00e7\u00e3o da Cidadania e os Espa\u00e7os de Leitura -","og_description":"Os Espa\u00e7os de Leitura s\u00e3o o ponto de partida para a organiza\u00e7\u00e3o de uma grande mobiliza\u00e7\u00e3o da sociedade pelo fim do analfabetismo. Segundo o IBGE, existem no pa\u00eds 37 milh\u00f5es de analfabetos funcionais, acima de 10 anos de idade. \u00c9 inaceit\u00e1vel que esse imenso contingente de brasileiros n\u00e3o tenha o direito de sonhar e saber da exist\u00eancia do fant\u00e1stico mundo de conhecimento que a leitura proporciona. Afinal, sem entender o que l\u00ea, h\u00e1 poucas chances de avan\u00e7ar nos estudos, o que aumenta as chances de desemprego ou subemprego. E sem emprego a renda \u00e9 baixa e a fome e a mis\u00e9ria assombram as fam\u00edlias.","og_url":"https:\/\/inclusivenews.com.br\/?p=26300","article_publisher":"https:\/\/www.facebook.com\/agenciainclusive\/","article_published_time":"2014-04-03T14:12:20+00:00","og_image":[{"url":"http:\/\/www.acaodacidadania.com.br\/images\/galerias\/182_m.jpg","type":"","width":"","height":""}],"author":"inclusivenews2024","twitter_card":"summary_large_image","twitter_misc":{"Escrito por":"inclusivenews2024","Tempo estimado de leitura":"2 minutos"},"schema":{"@context":"https:\/\/schema.org","@graph":[{"@type":"Article","@id":"https:\/\/inclusivenews.com.br\/?p=26300#article","isPartOf":{"@id":"https:\/\/inclusivenews.com.br\/?p=26300"},"author":{"name":"inclusivenews2024","@id":"https:\/\/inclusivenews.com.br\/#\/schema\/person\/ae4ec7087559b8692fb33b6fffd2273b"},"headline":"A\u00e7\u00e3o da Cidadania e os Espa\u00e7os de Leitura","datePublished":"2014-04-03T14:12:20+00:00","mainEntityOfPage":{"@id":"https:\/\/inclusivenews.com.br\/?p=26300"},"wordCount":464,"commentCount":0,"publisher":{"@id":"https:\/\/inclusivenews.com.br\/#organization"},"image":{"@id":"https:\/\/inclusivenews.com.br\/?p=26300#primaryimage"},"thumbnailUrl":"http:\/\/www.acaodacidadania.com.br\/images\/galerias\/182_m.jpg","articleSection":["EDUCA\u00c7\u00c3O","INCLUS\u00c3O SOCIAL"],"inLanguage":"pt-PT","potentialAction":[{"@type":"CommentAction","name":"Comment","target":["https:\/\/inclusivenews.com.br\/?p=26300#respond"]}]},{"@type":"WebPage","@id":"https:\/\/inclusivenews.com.br\/?p=26300","url":"https:\/\/inclusivenews.com.br\/?p=26300","name":"A\u00e7\u00e3o da Cidadania e os Espa\u00e7os de Leitura -","isPartOf":{"@id":"https:\/\/inclusivenews.com.br\/#website"},"primaryImageOfPage":{"@id":"https:\/\/inclusivenews.com.br\/?p=26300#primaryimage"},"image":{"@id":"https:\/\/inclusivenews.com.br\/?p=26300#primaryimage"},"thumbnailUrl":"http:\/\/www.acaodacidadania.com.br\/images\/galerias\/182_m.jpg","datePublished":"2014-04-03T14:12:20+00:00","breadcrumb":{"@id":"https:\/\/inclusivenews.com.br\/?p=26300#breadcrumb"},"inLanguage":"pt-PT","potentialAction":[{"@type":"ReadAction","target":["https:\/\/inclusivenews.com.br\/?p=26300"]}]},{"@type":"ImageObject","inLanguage":"pt-PT","@id":"https:\/\/inclusivenews.com.br\/?p=26300#primaryimage","url":"http:\/\/www.acaodacidadania.com.br\/images\/galerias\/182_m.jpg","contentUrl":"http:\/\/www.acaodacidadania.com.br\/images\/galerias\/182_m.jpg"},{"@type":"BreadcrumbList","@id":"https:\/\/inclusivenews.com.br\/?p=26300#breadcrumb","itemListElement":[{"@type":"ListItem","position":1,"name":"In\u00edcio","item":"https:\/\/inclusivenews.com.br\/"},{"@type":"ListItem","position":2,"name":"A\u00e7\u00e3o da Cidadania e os Espa\u00e7os de Leitura"}]},{"@type":"WebSite","@id":"https:\/\/inclusivenews.com.br\/#website","url":"https:\/\/inclusivenews.com.br\/","name":"Inclusive News","description":"Inclusive News","publisher":{"@id":"https:\/\/inclusivenews.com.br\/#organization"},"potentialAction":[{"@type":"SearchAction","target":{"@type":"EntryPoint","urlTemplate":"https:\/\/inclusivenews.com.br\/?s={search_term_string}"},"query-input":{"@type":"PropertyValueSpecification","valueRequired":true,"valueName":"search_term_string"}}],"inLanguage":"pt-PT"},{"@type":"Organization","@id":"https:\/\/inclusivenews.com.br\/#organization","name":"Inclusive - inclus\u00e3o e cidadania","url":"https:\/\/inclusivenews.com.br\/","logo":{"@type":"ImageObject","inLanguage":"pt-PT","@id":"https:\/\/inclusivenews.com.br\/#\/schema\/logo\/image\/","url":"https:\/\/inclusivenews.com.br\/wp-content\/uploads\/2024\/03\/@grandesite.png","contentUrl":"https:\/\/inclusivenews.com.br\/wp-content\/uploads\/2024\/03\/@grandesite.png","width":1080,"height":1080,"caption":"Inclusive - inclus\u00e3o e cidadania"},"image":{"@id":"https:\/\/inclusivenews.com.br\/#\/schema\/logo\/image\/"},"sameAs":["https:\/\/www.facebook.com\/agenciainclusive\/","https:\/\/www.instagram.com\/newsinclusive\/"]},{"@type":"Person","@id":"https:\/\/inclusivenews.com.br\/#\/schema\/person\/ae4ec7087559b8692fb33b6fffd2273b","name":"inclusivenews2024","image":{"@type":"ImageObject","inLanguage":"pt-PT","@id":"https:\/\/secure.gravatar.com\/avatar\/c5a7ef84c66fa914f55bc4f7ce26cfa275a3b9a1c5568b907bd184fb4dde7b40?s=96&d=mm&r=g","url":"https:\/\/secure.gravatar.com\/avatar\/c5a7ef84c66fa914f55bc4f7ce26cfa275a3b9a1c5568b907bd184fb4dde7b40?s=96&d=mm&r=g","contentUrl":"https:\/\/secure.gravatar.com\/avatar\/c5a7ef84c66fa914f55bc4f7ce26cfa275a3b9a1c5568b907bd184fb4dde7b40?s=96&d=mm&r=g","caption":"inclusivenews2024"},"sameAs":["https:\/\/inclusivenews.com.br"],"url":"https:\/\/inclusivenews.com.br\/?author=1"}]}},"_links":{"self":[{"href":"https:\/\/inclusivenews.com.br\/index.php?rest_route=\/wp\/v2\/posts\/26300","targetHints":{"allow":["GET"]}}],"collection":[{"href":"https:\/\/inclusivenews.com.br\/index.php?rest_route=\/wp\/v2\/posts"}],"about":[{"href":"https:\/\/inclusivenews.com.br\/index.php?rest_route=\/wp\/v2\/types\/post"}],"author":[{"embeddable":true,"href":"https:\/\/inclusivenews.com.br\/index.php?rest_route=\/wp\/v2\/users\/1"}],"replies":[{"embeddable":true,"href":"https:\/\/inclusivenews.com.br\/index.php?rest_route=%2Fwp%2Fv2%2Fcomments&post=26300"}],"version-history":[{"count":0,"href":"https:\/\/inclusivenews.com.br\/index.php?rest_route=\/wp\/v2\/posts\/26300\/revisions"}],"wp:attachment":[{"href":"https:\/\/inclusivenews.com.br\/index.php?rest_route=%2Fwp%2Fv2%2Fmedia&parent=26300"}],"wp:term":[{"taxonomy":"category","embeddable":true,"href":"https:\/\/inclusivenews.com.br\/index.php?rest_route=%2Fwp%2Fv2%2Fcategories&post=26300"},{"taxonomy":"post_tag","embeddable":true,"href":"https:\/\/inclusivenews.com.br\/index.php?rest_route=%2Fwp%2Fv2%2Ftags&post=26300"}],"curies":[{"name":"wp","href":"https:\/\/api.w.org\/{rel}","templated":true}]}}