{"id":26302,"date":"2014-04-04T14:08:51","date_gmt":"2014-04-04T17:08:51","guid":{"rendered":"http:\/\/www.inclusive.org.br\/?p=26302"},"modified":"2014-04-04T14:08:51","modified_gmt":"2014-04-04T17:08:51","slug":"festival-melhores-filmes-edicao-2014-esta-ainda-mais-imperdivel","status":"publish","type":"post","link":"https:\/\/inclusivenews.com.br\/?p=26302","title":{"rendered":"Festival \u201cMelhores Filmes\u201d &#8211; edi\u00e7\u00e3o 2014 &#8211; est\u00e1 ainda mais imperd\u00edvel"},"content":{"rendered":"<div>\n<p><img loading=\"lazy\" decoding=\"async\" class=\"alignnone size-full wp-image-20278\" alt=\"Pel\u00edcula de filme\" src=\"http:\/\/inclusivenews.com.br\/wp-content\/uploads\/rolodefilme.png\" width=\"320\" height=\"190\" \/><\/p>\n<p><em>A edi\u00e7\u00e3o 2014 do festival, que ocorrer\u00e1 durante todo o m\u00eas de abriil, exibir\u00e1 54 filmes, 28 estrangeiros e 26 nacionais, votados por cr\u00edtica e p\u00fablico como os melhores de 2013. Todos os filmes t\u00eam recursos de acessibilidade: audiodescri\u00e7\u00e3o e legenda aberta (open caption).<\/em><\/p>\n<p>___________________________________________________<\/p>\n<p><b>CineSESC<br \/>\n<\/b><b>Local<\/b>: Rua Augusta, 2075<br \/>\nS\u00e3o Paulo, SP<br \/>\n<b>Tel<\/b>: 11 3087-0500<br \/>\nData: de 2 a 30 de abril<br \/>\n<a href=\"http:\/\/www.sescsp.org.br\/unidades\/2_CINESESC\/#\/content=programacao\" target=\"_blank\" rel=\"noopener\"><b><br \/>\nHor\u00e1rio dos filmes<\/b><\/a><\/p>\n<p><b>Ingressos<\/b>: R$15,00 (inteira); R$7,50 (meia), R$3,00 (comerci\u00e1rios e portadores da carteirinha do SESC). Passaporte para 15 filmes (venda exclusiva no CineSesc. N\u00e3o \u00e9 v\u00e1lido para o CineClubinho): R$150,00 (inteira), R$75,00 (meia), R$30,00 (comerci\u00e1rios e portadores da carteirinha do SESC). Cineclubinho: gr\u00e1tis (retirada de ingressos uma hora antes da sess\u00e3o)<\/p>\n<p>Informa\u00e7\u00f5es para o p\u00fablico: 3236-7400.<br \/>\n___________________________________________________<\/p>\n<p>A edi\u00e7\u00e3o 2014 do festival exibe 54 filmes, 28 estrangeiros e 26 nacionais, votados por cr\u00edtica e p\u00fablico como os melhores de 2013.<\/p>\n<\/div>\n<p>Todos os filmes t\u00eam recursos de acessibilidade: audiodescri\u00e7\u00e3o e legenda aberta (open caption).<\/p>\n<p>A sess\u00e3o de abertura do festival, dia 2 de abril no CineSesc, ter\u00e1 a exibi\u00e7\u00e3o, em pr\u00e9-estreia, do filme \u2018Hoje Eu Quero Voltar Sozinho\u2019, de Daniel Ribeiro.<\/p>\n<div>\n<p><b>Hoje Eu Quero Voltar Sozinho <\/b><\/p>\n<p>Brasil, 2014. 96 min.<\/p>\n<p>Dire\u00e7\u00e3o: Daniel Ribeiro<\/p>\n<p>Elenco: Guilherme Lobo, Fabio Audi, Tess Amorim, L\u00facia Romano, Eucir de Souza, Selma Egrei, Isabela Guasco, Victor Filgueiras, Pedro Carvalho, Guga Auricchio.<\/p>\n<p>SINOPSE: O filme traz a hist\u00f3ria de Leonardo, um adolescente cego que, como qualquer garoto dessa idade, est\u00e1 em busca de seu lugar. Desejando ser mais independente, precisa lidar com suas limita\u00e7\u00f5es e a superprote\u00e7\u00e3o de sua m\u00e3e. Para decep\u00e7\u00e3o de sua insepar\u00e1vel melhor amiga, Giovana, ele planeja libertar-se de seu cotidiano fazendo uma viagem de interc\u00e2mbio. Por\u00e9m a chegada de Gabriel, um novo aluno na escola, desperta sentimentos at\u00e9 ent\u00e3o desconhecidos em Leonardo, fazendo-o redescobrir sua maneira de ver o mundo.<\/p>\n<\/div>\n<p><b>Filmes do Festival<\/b><\/p>\n<p>Entre os principais filmes que ser\u00e3o exibidos durante o Festival est\u00e3o: O Som ao Redor, Azul \u00c9 a Cor Mais Quente, Tatuagem, Tabu, A Bela que Dorme, Era Uma Vez em Anat\u00f3lia, Educa\u00e7\u00e3o Sentimental, Dom\u00e9stica, Blue Jasmine, Um Estranho no Lago, Um Toque de Pecado, O Estranho Caso de Ang\u00e9lica, Amor, Django Livre, La Jaula de Oro, Caverna dos Sonhos Esquecidos 3D, Mataram meu Irm\u00e3o, entre outros.<\/p>\n<p><b>Sess\u00e3o Cineclubinho<\/b><\/p>\n<p>Ao longo do Festival SESC Melhores Filmes, a Sess\u00e3o Cineclubinho acontecer\u00e1 todos os domingos, \u00e0s 11h, com a exibi\u00e7\u00e3o de filmes para o p\u00fablico infantil que tamb\u00e9m foram escolhidos por p\u00fablico e cr\u00edtica como os melhores de 2013.<\/p>\n<p>Todas as sess\u00f5es do CineClubinho s\u00e3o gr\u00e1tis e contar\u00e3o com audiodescri\u00e7\u00e3o e legendagem open caption.<\/p>\n<p><b>Audiodescri\u00e7\u00e3o e Legendagem Open Caption<\/b><\/p>\n<p>Todas as sess\u00f5es do Festival no CineSESC ter\u00e3o audiodescri\u00e7\u00e3o e legendas open caption. Ambos os recursos incluem pessoas com defici\u00eancia visual e auditiva na fascinante experi\u00eancia do cinema.<\/p>\n<p>A audiodescri\u00e7\u00e3o consiste na descri\u00e7\u00e3o de todas as informa\u00e7\u00f5es que compreendemos visualmente e que n\u00e3o est\u00e3o contidas nos di\u00e1logos, como as express\u00f5es faciais e corporais, informa\u00e7\u00f5es sobre o ambiente, figurinos, efeitos especiais, mudan\u00e7as de tempo e espa\u00e7o, al\u00e9m da leitura de cr\u00e9ditos, t\u00edtulos e qualquer informa\u00e7\u00e3o escrita na tela. Ela \u00e9 feita ao vivo por atores e acontece nos espa\u00e7os entre os di\u00e1logos e nas pausas sonoras do filme. Somente os espectadores que recebem fones especiais escutam a audiodescri\u00e7\u00e3o, geralmente pessoas com defici\u00eancia visual ou baixa vis\u00e3o.<\/p>\n<p>J\u00e1 a legenda open caption \u00e9 vista por todos os espectadores, consiste numa legenda a mais no filme, descrevendo os sons al\u00e9m dos di\u00e1logos. Esse recurso \u00e9 importante para pessoas com defici\u00eancia auditiva.<\/p>\n<p><a href=\"http:\/\/www.blogdaaudiodescricao.com.br\/2014\/03\/festival-melhores-filmes.html?utm_source=feedburner&amp;utm_medium=email&amp;utm_campaign=Feed%3A+BlogDaAudiodescricao+%28Blog+da+Audiodescri%C3%A7%C3%A3o%29\" target=\"_blank\" rel=\"noopener\">Mais informa\u00e7\u00f5es no Blog da Audiosdescri\u00e7\u00e3o<\/p>\n<p><\/a><\/p>\n","protected":false},"excerpt":{"rendered":"<p>A edi\u00e7\u00e3o 2014 do festival, que ocorrer\u00e1 durante todo o m\u00eas de abriil, exibir\u00e1 54 filmes, 28 estrangeiros e 26 nacionais, votados por cr\u00edtica e p\u00fablico como os melhores de 2013. Todos os filmes t\u00eam recursos de acessibilidade: audiodescri\u00e7\u00e3o e legenda aberta (open caption).<\/p>\n","protected":false},"author":1,"featured_media":0,"comment_status":"open","ping_status":"open","sticky":false,"template":"","format":"standard","meta":{"site-container-style":"default","site-container-layout":"default","site-sidebar-layout":"default","disable-article-header":"default","disable-site-header":"default","disable-site-footer":"default","disable-content-area-spacing":"default","footnotes":""},"categories":[44,29,48],"tags":[],"class_list":["post-26302","post","type-post","status-publish","format-standard","hentry","category-acessibilidade","category-cultura","category-inclusao"],"yoast_head":"<!-- This site is optimized with the Yoast SEO plugin v27.4 - https:\/\/yoast.com\/product\/yoast-seo-wordpress\/ -->\n<title>Festival \u201cMelhores Filmes\u201d - edi\u00e7\u00e3o 2014 - est\u00e1 ainda mais imperd\u00edvel -<\/title>\n<meta name=\"robots\" content=\"index, follow, max-snippet:-1, max-image-preview:large, max-video-preview:-1\" \/>\n<link rel=\"canonical\" href=\"https:\/\/inclusivenews.com.br\/?p=26302\" \/>\n<meta property=\"og:locale\" content=\"pt_PT\" \/>\n<meta property=\"og:type\" content=\"article\" \/>\n<meta property=\"og:title\" content=\"Festival \u201cMelhores Filmes\u201d - edi\u00e7\u00e3o 2014 - est\u00e1 ainda mais imperd\u00edvel -\" \/>\n<meta property=\"og:description\" content=\"A edi\u00e7\u00e3o 2014 do festival, que ocorrer\u00e1 durante todo o m\u00eas de abriil, exibir\u00e1 54 filmes, 28 estrangeiros e 26 nacionais, votados por cr\u00edtica e p\u00fablico como os melhores de 2013. Todos os filmes t\u00eam recursos de acessibilidade: audiodescri\u00e7\u00e3o e legenda aberta (open caption).\" \/>\n<meta property=\"og:url\" content=\"https:\/\/inclusivenews.com.br\/?p=26302\" \/>\n<meta property=\"article:publisher\" content=\"https:\/\/www.facebook.com\/agenciainclusive\/\" \/>\n<meta property=\"article:published_time\" content=\"2014-04-04T17:08:51+00:00\" \/>\n<meta property=\"og:image\" content=\"http:\/\/inclusivenews.com.br\/wp-content\/uploads\/rolodefilme.png\" \/>\n<meta name=\"author\" content=\"inclusivenews2024\" \/>\n<meta name=\"twitter:card\" content=\"summary_large_image\" \/>\n<meta name=\"twitter:label1\" content=\"Escrito por\" \/>\n\t<meta name=\"twitter:data1\" content=\"inclusivenews2024\" \/>\n\t<meta name=\"twitter:label2\" content=\"Tempo estimado de leitura\" \/>\n\t<meta name=\"twitter:data2\" content=\"3 minutos\" \/>\n<script type=\"application\/ld+json\" class=\"yoast-schema-graph\">{\"@context\":\"https:\\\/\\\/schema.org\",\"@graph\":[{\"@type\":\"Article\",\"@id\":\"https:\\\/\\\/inclusivenews.com.br\\\/?p=26302#article\",\"isPartOf\":{\"@id\":\"https:\\\/\\\/inclusivenews.com.br\\\/?p=26302\"},\"author\":{\"name\":\"inclusivenews2024\",\"@id\":\"https:\\\/\\\/inclusivenews.com.br\\\/#\\\/schema\\\/person\\\/ae4ec7087559b8692fb33b6fffd2273b\"},\"headline\":\"Festival \u201cMelhores Filmes\u201d &#8211; edi\u00e7\u00e3o 2014 &#8211; est\u00e1 ainda mais imperd\u00edvel\",\"datePublished\":\"2014-04-04T17:08:51+00:00\",\"mainEntityOfPage\":{\"@id\":\"https:\\\/\\\/inclusivenews.com.br\\\/?p=26302\"},\"wordCount\":654,\"commentCount\":1,\"publisher\":{\"@id\":\"https:\\\/\\\/inclusivenews.com.br\\\/#organization\"},\"image\":{\"@id\":\"https:\\\/\\\/inclusivenews.com.br\\\/?p=26302#primaryimage\"},\"thumbnailUrl\":\"http:\\\/\\\/inclusivenews.com.br\\\/wp-content\\\/uploads\\\/rolodefilme.png\",\"articleSection\":[\"ACESSIBILIDADE\",\"Cultura\",\"INCLUS\u00c3O SOCIAL\"],\"inLanguage\":\"pt-PT\",\"potentialAction\":[{\"@type\":\"CommentAction\",\"name\":\"Comment\",\"target\":[\"https:\\\/\\\/inclusivenews.com.br\\\/?p=26302#respond\"]}]},{\"@type\":\"WebPage\",\"@id\":\"https:\\\/\\\/inclusivenews.com.br\\\/?p=26302\",\"url\":\"https:\\\/\\\/inclusivenews.com.br\\\/?p=26302\",\"name\":\"Festival \u201cMelhores Filmes\u201d - edi\u00e7\u00e3o 2014 - est\u00e1 ainda mais imperd\u00edvel -\",\"isPartOf\":{\"@id\":\"https:\\\/\\\/inclusivenews.com.br\\\/#website\"},\"primaryImageOfPage\":{\"@id\":\"https:\\\/\\\/inclusivenews.com.br\\\/?p=26302#primaryimage\"},\"image\":{\"@id\":\"https:\\\/\\\/inclusivenews.com.br\\\/?p=26302#primaryimage\"},\"thumbnailUrl\":\"http:\\\/\\\/inclusivenews.com.br\\\/wp-content\\\/uploads\\\/rolodefilme.png\",\"datePublished\":\"2014-04-04T17:08:51+00:00\",\"breadcrumb\":{\"@id\":\"https:\\\/\\\/inclusivenews.com.br\\\/?p=26302#breadcrumb\"},\"inLanguage\":\"pt-PT\",\"potentialAction\":[{\"@type\":\"ReadAction\",\"target\":[\"https:\\\/\\\/inclusivenews.com.br\\\/?p=26302\"]}]},{\"@type\":\"ImageObject\",\"inLanguage\":\"pt-PT\",\"@id\":\"https:\\\/\\\/inclusivenews.com.br\\\/?p=26302#primaryimage\",\"url\":\"\",\"contentUrl\":\"\"},{\"@type\":\"BreadcrumbList\",\"@id\":\"https:\\\/\\\/inclusivenews.com.br\\\/?p=26302#breadcrumb\",\"itemListElement\":[{\"@type\":\"ListItem\",\"position\":1,\"name\":\"In\u00edcio\",\"item\":\"https:\\\/\\\/inclusivenews.com.br\\\/\"},{\"@type\":\"ListItem\",\"position\":2,\"name\":\"Festival \u201cMelhores Filmes\u201d &#8211; edi\u00e7\u00e3o 2014 &#8211; est\u00e1 ainda mais imperd\u00edvel\"}]},{\"@type\":\"WebSite\",\"@id\":\"https:\\\/\\\/inclusivenews.com.br\\\/#website\",\"url\":\"https:\\\/\\\/inclusivenews.com.br\\\/\",\"name\":\"Inclusive News\",\"description\":\"Inclusive News\",\"publisher\":{\"@id\":\"https:\\\/\\\/inclusivenews.com.br\\\/#organization\"},\"potentialAction\":[{\"@type\":\"SearchAction\",\"target\":{\"@type\":\"EntryPoint\",\"urlTemplate\":\"https:\\\/\\\/inclusivenews.com.br\\\/?s={search_term_string}\"},\"query-input\":{\"@type\":\"PropertyValueSpecification\",\"valueRequired\":true,\"valueName\":\"search_term_string\"}}],\"inLanguage\":\"pt-PT\"},{\"@type\":\"Organization\",\"@id\":\"https:\\\/\\\/inclusivenews.com.br\\\/#organization\",\"name\":\"Inclusive - inclus\u00e3o e cidadania\",\"url\":\"https:\\\/\\\/inclusivenews.com.br\\\/\",\"logo\":{\"@type\":\"ImageObject\",\"inLanguage\":\"pt-PT\",\"@id\":\"https:\\\/\\\/inclusivenews.com.br\\\/#\\\/schema\\\/logo\\\/image\\\/\",\"url\":\"https:\\\/\\\/inclusivenews.com.br\\\/wp-content\\\/uploads\\\/2024\\\/03\\\/@grandesite.png\",\"contentUrl\":\"https:\\\/\\\/inclusivenews.com.br\\\/wp-content\\\/uploads\\\/2024\\\/03\\\/@grandesite.png\",\"width\":1080,\"height\":1080,\"caption\":\"Inclusive - inclus\u00e3o e cidadania\"},\"image\":{\"@id\":\"https:\\\/\\\/inclusivenews.com.br\\\/#\\\/schema\\\/logo\\\/image\\\/\"},\"sameAs\":[\"https:\\\/\\\/www.facebook.com\\\/agenciainclusive\\\/\",\"https:\\\/\\\/www.instagram.com\\\/newsinclusive\\\/\"]},{\"@type\":\"Person\",\"@id\":\"https:\\\/\\\/inclusivenews.com.br\\\/#\\\/schema\\\/person\\\/ae4ec7087559b8692fb33b6fffd2273b\",\"name\":\"inclusivenews2024\",\"image\":{\"@type\":\"ImageObject\",\"inLanguage\":\"pt-PT\",\"@id\":\"https:\\\/\\\/secure.gravatar.com\\\/avatar\\\/c5a7ef84c66fa914f55bc4f7ce26cfa275a3b9a1c5568b907bd184fb4dde7b40?s=96&d=mm&r=g\",\"url\":\"https:\\\/\\\/secure.gravatar.com\\\/avatar\\\/c5a7ef84c66fa914f55bc4f7ce26cfa275a3b9a1c5568b907bd184fb4dde7b40?s=96&d=mm&r=g\",\"contentUrl\":\"https:\\\/\\\/secure.gravatar.com\\\/avatar\\\/c5a7ef84c66fa914f55bc4f7ce26cfa275a3b9a1c5568b907bd184fb4dde7b40?s=96&d=mm&r=g\",\"caption\":\"inclusivenews2024\"},\"sameAs\":[\"https:\\\/\\\/inclusivenews.com.br\"],\"url\":\"https:\\\/\\\/inclusivenews.com.br\\\/?author=1\"}]}<\/script>\n<!-- \/ Yoast SEO plugin. -->","yoast_head_json":{"title":"Festival \u201cMelhores Filmes\u201d - edi\u00e7\u00e3o 2014 - est\u00e1 ainda mais imperd\u00edvel -","robots":{"index":"index","follow":"follow","max-snippet":"max-snippet:-1","max-image-preview":"max-image-preview:large","max-video-preview":"max-video-preview:-1"},"canonical":"https:\/\/inclusivenews.com.br\/?p=26302","og_locale":"pt_PT","og_type":"article","og_title":"Festival \u201cMelhores Filmes\u201d - edi\u00e7\u00e3o 2014 - est\u00e1 ainda mais imperd\u00edvel -","og_description":"A edi\u00e7\u00e3o 2014 do festival, que ocorrer\u00e1 durante todo o m\u00eas de abriil, exibir\u00e1 54 filmes, 28 estrangeiros e 26 nacionais, votados por cr\u00edtica e p\u00fablico como os melhores de 2013. Todos os filmes t\u00eam recursos de acessibilidade: audiodescri\u00e7\u00e3o e legenda aberta (open caption).","og_url":"https:\/\/inclusivenews.com.br\/?p=26302","article_publisher":"https:\/\/www.facebook.com\/agenciainclusive\/","article_published_time":"2014-04-04T17:08:51+00:00","og_image":[{"url":"http:\/\/inclusivenews.com.br\/wp-content\/uploads\/rolodefilme.png","type":"","width":"","height":""}],"author":"inclusivenews2024","twitter_card":"summary_large_image","twitter_misc":{"Escrito por":"inclusivenews2024","Tempo estimado de leitura":"3 minutos"},"schema":{"@context":"https:\/\/schema.org","@graph":[{"@type":"Article","@id":"https:\/\/inclusivenews.com.br\/?p=26302#article","isPartOf":{"@id":"https:\/\/inclusivenews.com.br\/?p=26302"},"author":{"name":"inclusivenews2024","@id":"https:\/\/inclusivenews.com.br\/#\/schema\/person\/ae4ec7087559b8692fb33b6fffd2273b"},"headline":"Festival \u201cMelhores Filmes\u201d &#8211; edi\u00e7\u00e3o 2014 &#8211; est\u00e1 ainda mais imperd\u00edvel","datePublished":"2014-04-04T17:08:51+00:00","mainEntityOfPage":{"@id":"https:\/\/inclusivenews.com.br\/?p=26302"},"wordCount":654,"commentCount":1,"publisher":{"@id":"https:\/\/inclusivenews.com.br\/#organization"},"image":{"@id":"https:\/\/inclusivenews.com.br\/?p=26302#primaryimage"},"thumbnailUrl":"http:\/\/inclusivenews.com.br\/wp-content\/uploads\/rolodefilme.png","articleSection":["ACESSIBILIDADE","Cultura","INCLUS\u00c3O SOCIAL"],"inLanguage":"pt-PT","potentialAction":[{"@type":"CommentAction","name":"Comment","target":["https:\/\/inclusivenews.com.br\/?p=26302#respond"]}]},{"@type":"WebPage","@id":"https:\/\/inclusivenews.com.br\/?p=26302","url":"https:\/\/inclusivenews.com.br\/?p=26302","name":"Festival \u201cMelhores Filmes\u201d - edi\u00e7\u00e3o 2014 - est\u00e1 ainda mais imperd\u00edvel -","isPartOf":{"@id":"https:\/\/inclusivenews.com.br\/#website"},"primaryImageOfPage":{"@id":"https:\/\/inclusivenews.com.br\/?p=26302#primaryimage"},"image":{"@id":"https:\/\/inclusivenews.com.br\/?p=26302#primaryimage"},"thumbnailUrl":"http:\/\/inclusivenews.com.br\/wp-content\/uploads\/rolodefilme.png","datePublished":"2014-04-04T17:08:51+00:00","breadcrumb":{"@id":"https:\/\/inclusivenews.com.br\/?p=26302#breadcrumb"},"inLanguage":"pt-PT","potentialAction":[{"@type":"ReadAction","target":["https:\/\/inclusivenews.com.br\/?p=26302"]}]},{"@type":"ImageObject","inLanguage":"pt-PT","@id":"https:\/\/inclusivenews.com.br\/?p=26302#primaryimage","url":"","contentUrl":""},{"@type":"BreadcrumbList","@id":"https:\/\/inclusivenews.com.br\/?p=26302#breadcrumb","itemListElement":[{"@type":"ListItem","position":1,"name":"In\u00edcio","item":"https:\/\/inclusivenews.com.br\/"},{"@type":"ListItem","position":2,"name":"Festival \u201cMelhores Filmes\u201d &#8211; edi\u00e7\u00e3o 2014 &#8211; est\u00e1 ainda mais imperd\u00edvel"}]},{"@type":"WebSite","@id":"https:\/\/inclusivenews.com.br\/#website","url":"https:\/\/inclusivenews.com.br\/","name":"Inclusive News","description":"Inclusive News","publisher":{"@id":"https:\/\/inclusivenews.com.br\/#organization"},"potentialAction":[{"@type":"SearchAction","target":{"@type":"EntryPoint","urlTemplate":"https:\/\/inclusivenews.com.br\/?s={search_term_string}"},"query-input":{"@type":"PropertyValueSpecification","valueRequired":true,"valueName":"search_term_string"}}],"inLanguage":"pt-PT"},{"@type":"Organization","@id":"https:\/\/inclusivenews.com.br\/#organization","name":"Inclusive - inclus\u00e3o e cidadania","url":"https:\/\/inclusivenews.com.br\/","logo":{"@type":"ImageObject","inLanguage":"pt-PT","@id":"https:\/\/inclusivenews.com.br\/#\/schema\/logo\/image\/","url":"https:\/\/inclusivenews.com.br\/wp-content\/uploads\/2024\/03\/@grandesite.png","contentUrl":"https:\/\/inclusivenews.com.br\/wp-content\/uploads\/2024\/03\/@grandesite.png","width":1080,"height":1080,"caption":"Inclusive - inclus\u00e3o e cidadania"},"image":{"@id":"https:\/\/inclusivenews.com.br\/#\/schema\/logo\/image\/"},"sameAs":["https:\/\/www.facebook.com\/agenciainclusive\/","https:\/\/www.instagram.com\/newsinclusive\/"]},{"@type":"Person","@id":"https:\/\/inclusivenews.com.br\/#\/schema\/person\/ae4ec7087559b8692fb33b6fffd2273b","name":"inclusivenews2024","image":{"@type":"ImageObject","inLanguage":"pt-PT","@id":"https:\/\/secure.gravatar.com\/avatar\/c5a7ef84c66fa914f55bc4f7ce26cfa275a3b9a1c5568b907bd184fb4dde7b40?s=96&d=mm&r=g","url":"https:\/\/secure.gravatar.com\/avatar\/c5a7ef84c66fa914f55bc4f7ce26cfa275a3b9a1c5568b907bd184fb4dde7b40?s=96&d=mm&r=g","contentUrl":"https:\/\/secure.gravatar.com\/avatar\/c5a7ef84c66fa914f55bc4f7ce26cfa275a3b9a1c5568b907bd184fb4dde7b40?s=96&d=mm&r=g","caption":"inclusivenews2024"},"sameAs":["https:\/\/inclusivenews.com.br"],"url":"https:\/\/inclusivenews.com.br\/?author=1"}]}},"_links":{"self":[{"href":"https:\/\/inclusivenews.com.br\/index.php?rest_route=\/wp\/v2\/posts\/26302","targetHints":{"allow":["GET"]}}],"collection":[{"href":"https:\/\/inclusivenews.com.br\/index.php?rest_route=\/wp\/v2\/posts"}],"about":[{"href":"https:\/\/inclusivenews.com.br\/index.php?rest_route=\/wp\/v2\/types\/post"}],"author":[{"embeddable":true,"href":"https:\/\/inclusivenews.com.br\/index.php?rest_route=\/wp\/v2\/users\/1"}],"replies":[{"embeddable":true,"href":"https:\/\/inclusivenews.com.br\/index.php?rest_route=%2Fwp%2Fv2%2Fcomments&post=26302"}],"version-history":[{"count":0,"href":"https:\/\/inclusivenews.com.br\/index.php?rest_route=\/wp\/v2\/posts\/26302\/revisions"}],"wp:attachment":[{"href":"https:\/\/inclusivenews.com.br\/index.php?rest_route=%2Fwp%2Fv2%2Fmedia&parent=26302"}],"wp:term":[{"taxonomy":"category","embeddable":true,"href":"https:\/\/inclusivenews.com.br\/index.php?rest_route=%2Fwp%2Fv2%2Fcategories&post=26302"},{"taxonomy":"post_tag","embeddable":true,"href":"https:\/\/inclusivenews.com.br\/index.php?rest_route=%2Fwp%2Fv2%2Ftags&post=26302"}],"curies":[{"name":"wp","href":"https:\/\/api.w.org\/{rel}","templated":true}]}}