{"id":26308,"date":"2014-04-09T15:47:29","date_gmt":"2014-04-09T18:47:29","guid":{"rendered":"http:\/\/www.inclusive.org.br\/?p=26308"},"modified":"2014-04-09T15:47:29","modified_gmt":"2014-04-09T18:47:29","slug":"congresso-nacional-de-jornalistas-aprova-tese-jornalismo-e-deficiencia-por-unanimidade","status":"publish","type":"post","link":"https:\/\/inclusivenews.com.br\/?p=26308","title":{"rendered":"Congresso Nacional de Jornalistas aprova tese Jornalismo e Defici\u00eancia por unanimidade"},"content":{"rendered":"<p><img loading=\"lazy\" decoding=\"async\" class=\"alignnone\" alt=\"Andrei Bastos falando aos jornalistas.\" src=\"http:\/\/1.bp.blogspot.com\/-j1-cuKZ-UxI\/U0NTDUCXLKI\/AAAAAAAAAJY\/Bdf-2pwKv9M\/s1600\/10174819_754786377873750_639904491_n.jpg\" width=\"346\" height=\"259\" \/><\/p>\n<p><em>No dia 05\/04, Andrei Bastos, presidente do Comdef-Rio, defendeu a tese Jornalismo e Defici\u00eancia no 36\u00ba Congresso Nacional dos Jornalistas, em Macei\u00f3, que foi aprovada por unanimidade.<\/em><\/p>\n<p><strong>Jornalismo e Defici\u00eancia<\/strong><br \/>\n<strong>Andrei Bastos<\/strong><\/p>\n<p>Justificativa<br \/>\nCom o Decreto 5.296, de 2 de dezembro de 2004, que regulamentou as leis 10.048, de 8 de novembro de 2000, que d\u00e1 prioridade no atendimento \u00e0s pessoas com defici\u00eancia, e 10.098, de 19 de dezembro de 2000, que estabelece normas gerais e crit\u00e9rios b\u00e1sicos para a promo\u00e7\u00e3o da acessibilidade, toda a sociedade brasileira ficou obrigada a incorporar os par\u00e2metros de acessibilidade definidos pela Associa\u00e7\u00e3o Brasileira de Normas T\u00e9cnicas (ABNT) na sua NBR 9050\/2004, que trata da acessibilidade de edifica\u00e7\u00f5es e mobili\u00e1rios.<br \/>\nConsolidando e atribuindo m\u00e1xima import\u00e2ncia pol\u00edtica a tais dispositivos legais, no dia 13 de maio de 2008 ocorreu a primeira vota\u00e7\u00e3o da Conven\u00e7\u00e3o da ONU sobre os Direitos das Pessoas com Defici\u00eancia na C\u00e2mara dos Deputados, e no dia 2 de julho ela foi votada no Senado. Sempre aprovada por mais de tr\u00eas quintos dos votos em dois turnos nas duas casas legislativas, a Conven\u00e7\u00e3o finalizou a etapa do Congresso no dia 9 de julho, quando \u00e9 promulgado o Decreto Legislativo 186 que aprova seu texto e seu Protocolo Facultativo com equival\u00eancia de Emenda Constitucional.<\/p>\n<p>Finalmente, no dia 25 de agosto de 2009 a ratifica\u00e7\u00e3o da Conven\u00e7\u00e3o foi completada com a san\u00e7\u00e3o do Decreto 6.949 da Presid\u00eancia da Rep\u00fablica.<\/p>\n<p>Apenas este conjunto de leis e decretos j\u00e1 seria suficiente para justificar quaisquer medidas de promo\u00e7\u00e3o da acessibilidade de edifica\u00e7\u00f5es, mobili\u00e1rios e na comunica\u00e7\u00e3o e informa\u00e7\u00e3o, mas ainda podemos e devemos considerar todo o arcabou\u00e7o legal brasileiro relativo aos direitos das pessoas com defici\u00eancia, que \u00e9 considerado um dos melhores das Am\u00e9ricas.<\/p>\n<p>E, acima de tudo, devemos considerar que o atendimento aos direitos das pessoas com defici\u00eancia beneficia a todas as pessoas, pois \u00e9 o que explicita o conceito de Desenho Universal, que define a natureza dos projetos arquitet\u00f4nicos e de mobili\u00e1rio urbano que incorporam os par\u00e2metros de acessibilidade. Ou seja: a ado\u00e7\u00e3o de tais par\u00e2metros representa um grande avan\u00e7o civilizat\u00f3rio.<br \/>\nOra, se os jornalistas s\u00e3o os cronistas da Civiliza\u00e7\u00e3o por excel\u00eancia, n\u00e3o podem se furtar \u00e0 defesa dos direitos das pessoas com defici\u00eancia, ao incentivo \u00e0 inclus\u00e3o dessas pessoas no mercado de trabalho e \u00e0 cobran\u00e7a de acessibilidade arquitet\u00f4nica e tecnol\u00f3gica, particularmente comunicacional, nas instala\u00e7\u00f5es de empresas jornal\u00edsticas.<\/p>\n<p>\u00c9 estatisticamente comprovado que a maioria quase absoluta das pessoas com defici\u00eancia tem potencial para ocupar postos de trabalho, em todos os campos. O preconceito e a discrimina\u00e7\u00e3o n\u00e3o deixam que se reconhe\u00e7a, por exemplo, que a grande maioria das pessoas com paralisia cerebral, que compromete o controle motor, tem sua capacidade intelectual 100% preservada. Da mesma forma, outras defici\u00eancias podem ser inclu\u00eddas entre as caracter\u00edsticas de profissionais do jornalismo, como j\u00e1 demonstram algumas pessoas com defici\u00eancia que exercem a profiss\u00e3o de jornalista.<\/p>\n<p>Afinal, o principal direito humano conquistado pelas pessoas com defici\u00eancia \u00e9 a prerrogativa de s\u00f3 elas poderem dizer o que s\u00e3o capazes ou n\u00e3o de fazer.<\/p>\n<p>Diante do exposto, h\u00e1 que se considerar que n\u00e3o \u00e9 poss\u00edvel aos jornalistas profissionais postergar seu posicionamento em rela\u00e7\u00e3o \u00e0 defesa dos direitos das pessoas com defici\u00eancia, assim como deixar de promover a inclus\u00e3o de jornalistas com defici\u00eancia no mercado de trabalho, tanto pela incorpora\u00e7\u00e3o desses profissionais \u00e0s equipes jornal\u00edsticas como reivindicando a implementa\u00e7\u00e3o de acessibilidade nas instala\u00e7\u00f5es e equipamentos das empresas jornal\u00edsticas.<\/p>\n<p>Propostas:<\/p>\n<p>1 \u2013 O Sindicato dos Jornalistas Profissionais do Munic\u00edpio do Rio de Janeiro deve propor que a Fenaj e os demais sindicatos dos jornalistas brasileiros realizem campanha de conscientiza\u00e7\u00e3o em rela\u00e7\u00e3o aos direitos das pessoas com defici\u00eancia junto aos jornalistas profissionais brasileiros, assim como de est\u00edmulo \u00e0 incorpora\u00e7\u00e3o de jornalistas com defici\u00eancia aos seus quadros de associados.<\/p>\n<p>2 \u2013 O Sindicato dos Jornalistas Profissionais do Munic\u00edpio do Rio de Janeiro deve propor que a Fenaj e os demais sindicatos dos jornalistas brasileiros realizem campanha de conscientiza\u00e7\u00e3o em rela\u00e7\u00e3o aos direitos das pessoas com defici\u00eancia junto \u00e0s empresas jornal\u00edsticas brasileiras, visando a contrata\u00e7\u00e3o de jornalistas com defici\u00eancia.<\/p>\n<p>3 \u2013 O Sindicato dos Jornalistas Profissionais do Munic\u00edpio do Rio de Janeiro deve propor que a Fenaj crie um Grupo de Trabalho paraelaborar uma lista de institui\u00e7\u00f5es brasileiras consideradas qualificadas no campo das defici\u00eancias, com as quais os sindicatos de jornalistas profissionais poder\u00e3o estabelecer conv\u00eanios ou parcerias para obter suporte t\u00e9cnico e te\u00f3rico, tanto para as campanhas como para a implementa\u00e7\u00e3o da acessibilidade nas suas instala\u00e7\u00f5es ou nas instala\u00e7\u00f5es das empresas jornal\u00edsticas.<\/p>\n<p>4 \u2013 O Sindicato dos Jornalistas Profissionais do Munic\u00edpio do Rio de Janeiro deve propor que a Fenaj e os demais sindicatos dos jornalistas brasileiros estabele\u00e7am parceria com o Minist\u00e9rio P\u00fablico do Trabalho para fiscalizar e encaminhar den\u00fancias de n\u00e3o cumprimento das leis referentes \u00e0 acessibilidade de edifica\u00e7\u00f5es e mobili\u00e1rios nas empresas jornal\u00edsticas.<\/p>\n<p>5 \u2013 O Sindicato dos Jornalistas Profissionais do Munic\u00edpio do Rio de Janeiro deve propor que a Fenaj e os demais sindicatos dos jornalistas brasileiros coloquem seus Departamentos Jur\u00eddicos \u00e0 disposi\u00e7\u00e3o dos jornalistas com defici\u00eancia para orienta\u00e7\u00e3o e acompanhamento das demandas judiciais referentes aos seus direitos espec\u00edficos no campo do direito trabalhista.<\/p>\n<p>MO\u00c7\u00d5ES DO CONGRESSO DO RIO DE JANEIRO<\/p>\n<p>1 \u2013 Apoio irrestrito \u00e0 defesa dos direitos das pessoas com defici\u00eancia brasileiras, reconhecendo como express\u00e3o m\u00e1xima desses direitos a Conven\u00e7\u00e3o sobre os Direitos das Pessoas com Defici\u00eancia da ONU, promulgada no dia 25 de agosto de 2009 com equival\u00eancia de Emenda Constitucional pelo Decreto 6.949 da Presid\u00eancia da Rep\u00fablica.<\/p>\n<p>2 \u2013 Apoio irrestrito \u00e0 Educa\u00e7\u00e3o Inclusiva, particularmente ao texto original da Meta 4 do Plano Nacional de Educa\u00e7\u00e3o (PNE), que preconiza a inclus\u00e3o das crian\u00e7as com defici\u00eancia no ensino regular, com atendimento educacional especializado espec\u00edfico para cada defici\u00eancia no contraturno, se necess\u00e1rio, devido ao entendimento de que \u00e9 na inf\u00e2ncia, quando n\u00e3o existem os preconceitos que constroem a discrimina\u00e7\u00e3o, que o processo de inclus\u00e3o tem maior efetividade.<\/p>\n","protected":false},"excerpt":{"rendered":"<p>No dia 05\/04, Andrei Bastos, presidente do Comdef-Rio, defendeu a tese Jornalismo e Defici\u00eancia no 36\u00ba Congresso Nacional dos Jornalistas, em Macei\u00f3, que foi aprovada por unanimidade.<\/p>\n","protected":false},"author":1,"featured_media":0,"comment_status":"open","ping_status":"open","sticky":false,"template":"","format":"standard","meta":{"site-container-style":"default","site-container-layout":"default","site-sidebar-layout":"default","disable-article-header":"default","disable-site-header":"default","disable-site-footer":"default","disable-content-area-spacing":"default","footnotes":""},"categories":[4],"tags":[],"class_list":["post-26308","post","type-post","status-publish","format-standard","hentry","category-noticias"],"yoast_head":"<!-- This site is optimized with the Yoast SEO plugin v27.4 - https:\/\/yoast.com\/product\/yoast-seo-wordpress\/ -->\n<title>Congresso Nacional de Jornalistas aprova tese Jornalismo e Defici\u00eancia por unanimidade -<\/title>\n<meta name=\"robots\" content=\"index, follow, max-snippet:-1, max-image-preview:large, max-video-preview:-1\" \/>\n<link rel=\"canonical\" href=\"https:\/\/inclusivenews.com.br\/?p=26308\" \/>\n<meta property=\"og:locale\" content=\"pt_PT\" \/>\n<meta property=\"og:type\" content=\"article\" \/>\n<meta property=\"og:title\" content=\"Congresso Nacional de Jornalistas aprova tese Jornalismo e Defici\u00eancia por unanimidade -\" \/>\n<meta property=\"og:description\" content=\"No dia 05\/04, Andrei Bastos, presidente do Comdef-Rio, defendeu a tese Jornalismo e Defici\u00eancia no 36\u00ba Congresso Nacional dos Jornalistas, em Macei\u00f3, que foi aprovada por unanimidade.\" \/>\n<meta property=\"og:url\" content=\"https:\/\/inclusivenews.com.br\/?p=26308\" \/>\n<meta property=\"article:publisher\" content=\"https:\/\/www.facebook.com\/agenciainclusive\/\" \/>\n<meta property=\"article:published_time\" content=\"2014-04-09T18:47:29+00:00\" \/>\n<meta property=\"og:image\" content=\"http:\/\/1.bp.blogspot.com\/-j1-cuKZ-UxI\/U0NTDUCXLKI\/AAAAAAAAAJY\/Bdf-2pwKv9M\/s1600\/10174819_754786377873750_639904491_n.jpg\" \/>\n<meta name=\"author\" content=\"inclusivenews2024\" \/>\n<meta name=\"twitter:card\" content=\"summary_large_image\" \/>\n<meta name=\"twitter:label1\" content=\"Escrito por\" \/>\n\t<meta name=\"twitter:data1\" content=\"inclusivenews2024\" \/>\n\t<meta name=\"twitter:label2\" content=\"Tempo estimado de leitura\" \/>\n\t<meta name=\"twitter:data2\" content=\"5 minutos\" \/>\n<script type=\"application\/ld+json\" class=\"yoast-schema-graph\">{\"@context\":\"https:\\\/\\\/schema.org\",\"@graph\":[{\"@type\":\"Article\",\"@id\":\"https:\\\/\\\/inclusivenews.com.br\\\/?p=26308#article\",\"isPartOf\":{\"@id\":\"https:\\\/\\\/inclusivenews.com.br\\\/?p=26308\"},\"author\":{\"name\":\"inclusivenews2024\",\"@id\":\"https:\\\/\\\/inclusivenews.com.br\\\/#\\\/schema\\\/person\\\/ae4ec7087559b8692fb33b6fffd2273b\"},\"headline\":\"Congresso Nacional de Jornalistas aprova tese Jornalismo e Defici\u00eancia por unanimidade\",\"datePublished\":\"2014-04-09T18:47:29+00:00\",\"mainEntityOfPage\":{\"@id\":\"https:\\\/\\\/inclusivenews.com.br\\\/?p=26308\"},\"wordCount\":1069,\"commentCount\":0,\"publisher\":{\"@id\":\"https:\\\/\\\/inclusivenews.com.br\\\/#organization\"},\"image\":{\"@id\":\"https:\\\/\\\/inclusivenews.com.br\\\/?p=26308#primaryimage\"},\"thumbnailUrl\":\"http:\\\/\\\/1.bp.blogspot.com\\\/-j1-cuKZ-UxI\\\/U0NTDUCXLKI\\\/AAAAAAAAAJY\\\/Bdf-2pwKv9M\\\/s1600\\\/10174819_754786377873750_639904491_n.jpg\",\"articleSection\":[\"NOT\u00cdCIAS\"],\"inLanguage\":\"pt-PT\",\"potentialAction\":[{\"@type\":\"CommentAction\",\"name\":\"Comment\",\"target\":[\"https:\\\/\\\/inclusivenews.com.br\\\/?p=26308#respond\"]}]},{\"@type\":\"WebPage\",\"@id\":\"https:\\\/\\\/inclusivenews.com.br\\\/?p=26308\",\"url\":\"https:\\\/\\\/inclusivenews.com.br\\\/?p=26308\",\"name\":\"Congresso Nacional de Jornalistas aprova tese Jornalismo e Defici\u00eancia por unanimidade -\",\"isPartOf\":{\"@id\":\"https:\\\/\\\/inclusivenews.com.br\\\/#website\"},\"primaryImageOfPage\":{\"@id\":\"https:\\\/\\\/inclusivenews.com.br\\\/?p=26308#primaryimage\"},\"image\":{\"@id\":\"https:\\\/\\\/inclusivenews.com.br\\\/?p=26308#primaryimage\"},\"thumbnailUrl\":\"http:\\\/\\\/1.bp.blogspot.com\\\/-j1-cuKZ-UxI\\\/U0NTDUCXLKI\\\/AAAAAAAAAJY\\\/Bdf-2pwKv9M\\\/s1600\\\/10174819_754786377873750_639904491_n.jpg\",\"datePublished\":\"2014-04-09T18:47:29+00:00\",\"breadcrumb\":{\"@id\":\"https:\\\/\\\/inclusivenews.com.br\\\/?p=26308#breadcrumb\"},\"inLanguage\":\"pt-PT\",\"potentialAction\":[{\"@type\":\"ReadAction\",\"target\":[\"https:\\\/\\\/inclusivenews.com.br\\\/?p=26308\"]}]},{\"@type\":\"ImageObject\",\"inLanguage\":\"pt-PT\",\"@id\":\"https:\\\/\\\/inclusivenews.com.br\\\/?p=26308#primaryimage\",\"url\":\"http:\\\/\\\/1.bp.blogspot.com\\\/-j1-cuKZ-UxI\\\/U0NTDUCXLKI\\\/AAAAAAAAAJY\\\/Bdf-2pwKv9M\\\/s1600\\\/10174819_754786377873750_639904491_n.jpg\",\"contentUrl\":\"http:\\\/\\\/1.bp.blogspot.com\\\/-j1-cuKZ-UxI\\\/U0NTDUCXLKI\\\/AAAAAAAAAJY\\\/Bdf-2pwKv9M\\\/s1600\\\/10174819_754786377873750_639904491_n.jpg\"},{\"@type\":\"BreadcrumbList\",\"@id\":\"https:\\\/\\\/inclusivenews.com.br\\\/?p=26308#breadcrumb\",\"itemListElement\":[{\"@type\":\"ListItem\",\"position\":1,\"name\":\"In\u00edcio\",\"item\":\"https:\\\/\\\/inclusivenews.com.br\\\/\"},{\"@type\":\"ListItem\",\"position\":2,\"name\":\"Congresso Nacional de Jornalistas aprova tese Jornalismo e Defici\u00eancia por unanimidade\"}]},{\"@type\":\"WebSite\",\"@id\":\"https:\\\/\\\/inclusivenews.com.br\\\/#website\",\"url\":\"https:\\\/\\\/inclusivenews.com.br\\\/\",\"name\":\"Inclusive News\",\"description\":\"Inclusive News\",\"publisher\":{\"@id\":\"https:\\\/\\\/inclusivenews.com.br\\\/#organization\"},\"potentialAction\":[{\"@type\":\"SearchAction\",\"target\":{\"@type\":\"EntryPoint\",\"urlTemplate\":\"https:\\\/\\\/inclusivenews.com.br\\\/?s={search_term_string}\"},\"query-input\":{\"@type\":\"PropertyValueSpecification\",\"valueRequired\":true,\"valueName\":\"search_term_string\"}}],\"inLanguage\":\"pt-PT\"},{\"@type\":\"Organization\",\"@id\":\"https:\\\/\\\/inclusivenews.com.br\\\/#organization\",\"name\":\"Inclusive - inclus\u00e3o e cidadania\",\"url\":\"https:\\\/\\\/inclusivenews.com.br\\\/\",\"logo\":{\"@type\":\"ImageObject\",\"inLanguage\":\"pt-PT\",\"@id\":\"https:\\\/\\\/inclusivenews.com.br\\\/#\\\/schema\\\/logo\\\/image\\\/\",\"url\":\"https:\\\/\\\/inclusivenews.com.br\\\/wp-content\\\/uploads\\\/2024\\\/03\\\/@grandesite.png\",\"contentUrl\":\"https:\\\/\\\/inclusivenews.com.br\\\/wp-content\\\/uploads\\\/2024\\\/03\\\/@grandesite.png\",\"width\":1080,\"height\":1080,\"caption\":\"Inclusive - inclus\u00e3o e cidadania\"},\"image\":{\"@id\":\"https:\\\/\\\/inclusivenews.com.br\\\/#\\\/schema\\\/logo\\\/image\\\/\"},\"sameAs\":[\"https:\\\/\\\/www.facebook.com\\\/agenciainclusive\\\/\",\"https:\\\/\\\/www.instagram.com\\\/newsinclusive\\\/\"]},{\"@type\":\"Person\",\"@id\":\"https:\\\/\\\/inclusivenews.com.br\\\/#\\\/schema\\\/person\\\/ae4ec7087559b8692fb33b6fffd2273b\",\"name\":\"inclusivenews2024\",\"image\":{\"@type\":\"ImageObject\",\"inLanguage\":\"pt-PT\",\"@id\":\"https:\\\/\\\/secure.gravatar.com\\\/avatar\\\/c5a7ef84c66fa914f55bc4f7ce26cfa275a3b9a1c5568b907bd184fb4dde7b40?s=96&d=mm&r=g\",\"url\":\"https:\\\/\\\/secure.gravatar.com\\\/avatar\\\/c5a7ef84c66fa914f55bc4f7ce26cfa275a3b9a1c5568b907bd184fb4dde7b40?s=96&d=mm&r=g\",\"contentUrl\":\"https:\\\/\\\/secure.gravatar.com\\\/avatar\\\/c5a7ef84c66fa914f55bc4f7ce26cfa275a3b9a1c5568b907bd184fb4dde7b40?s=96&d=mm&r=g\",\"caption\":\"inclusivenews2024\"},\"sameAs\":[\"https:\\\/\\\/inclusivenews.com.br\"],\"url\":\"https:\\\/\\\/inclusivenews.com.br\\\/?author=1\"}]}<\/script>\n<!-- \/ Yoast SEO plugin. -->","yoast_head_json":{"title":"Congresso Nacional de Jornalistas aprova tese Jornalismo e Defici\u00eancia por unanimidade -","robots":{"index":"index","follow":"follow","max-snippet":"max-snippet:-1","max-image-preview":"max-image-preview:large","max-video-preview":"max-video-preview:-1"},"canonical":"https:\/\/inclusivenews.com.br\/?p=26308","og_locale":"pt_PT","og_type":"article","og_title":"Congresso Nacional de Jornalistas aprova tese Jornalismo e Defici\u00eancia por unanimidade -","og_description":"No dia 05\/04, Andrei Bastos, presidente do Comdef-Rio, defendeu a tese Jornalismo e Defici\u00eancia no 36\u00ba Congresso Nacional dos Jornalistas, em Macei\u00f3, que foi aprovada por unanimidade.","og_url":"https:\/\/inclusivenews.com.br\/?p=26308","article_publisher":"https:\/\/www.facebook.com\/agenciainclusive\/","article_published_time":"2014-04-09T18:47:29+00:00","og_image":[{"url":"http:\/\/1.bp.blogspot.com\/-j1-cuKZ-UxI\/U0NTDUCXLKI\/AAAAAAAAAJY\/Bdf-2pwKv9M\/s1600\/10174819_754786377873750_639904491_n.jpg","type":"","width":"","height":""}],"author":"inclusivenews2024","twitter_card":"summary_large_image","twitter_misc":{"Escrito por":"inclusivenews2024","Tempo estimado de leitura":"5 minutos"},"schema":{"@context":"https:\/\/schema.org","@graph":[{"@type":"Article","@id":"https:\/\/inclusivenews.com.br\/?p=26308#article","isPartOf":{"@id":"https:\/\/inclusivenews.com.br\/?p=26308"},"author":{"name":"inclusivenews2024","@id":"https:\/\/inclusivenews.com.br\/#\/schema\/person\/ae4ec7087559b8692fb33b6fffd2273b"},"headline":"Congresso Nacional de Jornalistas aprova tese Jornalismo e Defici\u00eancia por unanimidade","datePublished":"2014-04-09T18:47:29+00:00","mainEntityOfPage":{"@id":"https:\/\/inclusivenews.com.br\/?p=26308"},"wordCount":1069,"commentCount":0,"publisher":{"@id":"https:\/\/inclusivenews.com.br\/#organization"},"image":{"@id":"https:\/\/inclusivenews.com.br\/?p=26308#primaryimage"},"thumbnailUrl":"http:\/\/1.bp.blogspot.com\/-j1-cuKZ-UxI\/U0NTDUCXLKI\/AAAAAAAAAJY\/Bdf-2pwKv9M\/s1600\/10174819_754786377873750_639904491_n.jpg","articleSection":["NOT\u00cdCIAS"],"inLanguage":"pt-PT","potentialAction":[{"@type":"CommentAction","name":"Comment","target":["https:\/\/inclusivenews.com.br\/?p=26308#respond"]}]},{"@type":"WebPage","@id":"https:\/\/inclusivenews.com.br\/?p=26308","url":"https:\/\/inclusivenews.com.br\/?p=26308","name":"Congresso Nacional de Jornalistas aprova tese Jornalismo e Defici\u00eancia por unanimidade -","isPartOf":{"@id":"https:\/\/inclusivenews.com.br\/#website"},"primaryImageOfPage":{"@id":"https:\/\/inclusivenews.com.br\/?p=26308#primaryimage"},"image":{"@id":"https:\/\/inclusivenews.com.br\/?p=26308#primaryimage"},"thumbnailUrl":"http:\/\/1.bp.blogspot.com\/-j1-cuKZ-UxI\/U0NTDUCXLKI\/AAAAAAAAAJY\/Bdf-2pwKv9M\/s1600\/10174819_754786377873750_639904491_n.jpg","datePublished":"2014-04-09T18:47:29+00:00","breadcrumb":{"@id":"https:\/\/inclusivenews.com.br\/?p=26308#breadcrumb"},"inLanguage":"pt-PT","potentialAction":[{"@type":"ReadAction","target":["https:\/\/inclusivenews.com.br\/?p=26308"]}]},{"@type":"ImageObject","inLanguage":"pt-PT","@id":"https:\/\/inclusivenews.com.br\/?p=26308#primaryimage","url":"http:\/\/1.bp.blogspot.com\/-j1-cuKZ-UxI\/U0NTDUCXLKI\/AAAAAAAAAJY\/Bdf-2pwKv9M\/s1600\/10174819_754786377873750_639904491_n.jpg","contentUrl":"http:\/\/1.bp.blogspot.com\/-j1-cuKZ-UxI\/U0NTDUCXLKI\/AAAAAAAAAJY\/Bdf-2pwKv9M\/s1600\/10174819_754786377873750_639904491_n.jpg"},{"@type":"BreadcrumbList","@id":"https:\/\/inclusivenews.com.br\/?p=26308#breadcrumb","itemListElement":[{"@type":"ListItem","position":1,"name":"In\u00edcio","item":"https:\/\/inclusivenews.com.br\/"},{"@type":"ListItem","position":2,"name":"Congresso Nacional de Jornalistas aprova tese Jornalismo e Defici\u00eancia por unanimidade"}]},{"@type":"WebSite","@id":"https:\/\/inclusivenews.com.br\/#website","url":"https:\/\/inclusivenews.com.br\/","name":"Inclusive News","description":"Inclusive News","publisher":{"@id":"https:\/\/inclusivenews.com.br\/#organization"},"potentialAction":[{"@type":"SearchAction","target":{"@type":"EntryPoint","urlTemplate":"https:\/\/inclusivenews.com.br\/?s={search_term_string}"},"query-input":{"@type":"PropertyValueSpecification","valueRequired":true,"valueName":"search_term_string"}}],"inLanguage":"pt-PT"},{"@type":"Organization","@id":"https:\/\/inclusivenews.com.br\/#organization","name":"Inclusive - inclus\u00e3o e cidadania","url":"https:\/\/inclusivenews.com.br\/","logo":{"@type":"ImageObject","inLanguage":"pt-PT","@id":"https:\/\/inclusivenews.com.br\/#\/schema\/logo\/image\/","url":"https:\/\/inclusivenews.com.br\/wp-content\/uploads\/2024\/03\/@grandesite.png","contentUrl":"https:\/\/inclusivenews.com.br\/wp-content\/uploads\/2024\/03\/@grandesite.png","width":1080,"height":1080,"caption":"Inclusive - inclus\u00e3o e cidadania"},"image":{"@id":"https:\/\/inclusivenews.com.br\/#\/schema\/logo\/image\/"},"sameAs":["https:\/\/www.facebook.com\/agenciainclusive\/","https:\/\/www.instagram.com\/newsinclusive\/"]},{"@type":"Person","@id":"https:\/\/inclusivenews.com.br\/#\/schema\/person\/ae4ec7087559b8692fb33b6fffd2273b","name":"inclusivenews2024","image":{"@type":"ImageObject","inLanguage":"pt-PT","@id":"https:\/\/secure.gravatar.com\/avatar\/c5a7ef84c66fa914f55bc4f7ce26cfa275a3b9a1c5568b907bd184fb4dde7b40?s=96&d=mm&r=g","url":"https:\/\/secure.gravatar.com\/avatar\/c5a7ef84c66fa914f55bc4f7ce26cfa275a3b9a1c5568b907bd184fb4dde7b40?s=96&d=mm&r=g","contentUrl":"https:\/\/secure.gravatar.com\/avatar\/c5a7ef84c66fa914f55bc4f7ce26cfa275a3b9a1c5568b907bd184fb4dde7b40?s=96&d=mm&r=g","caption":"inclusivenews2024"},"sameAs":["https:\/\/inclusivenews.com.br"],"url":"https:\/\/inclusivenews.com.br\/?author=1"}]}},"_links":{"self":[{"href":"https:\/\/inclusivenews.com.br\/index.php?rest_route=\/wp\/v2\/posts\/26308","targetHints":{"allow":["GET"]}}],"collection":[{"href":"https:\/\/inclusivenews.com.br\/index.php?rest_route=\/wp\/v2\/posts"}],"about":[{"href":"https:\/\/inclusivenews.com.br\/index.php?rest_route=\/wp\/v2\/types\/post"}],"author":[{"embeddable":true,"href":"https:\/\/inclusivenews.com.br\/index.php?rest_route=\/wp\/v2\/users\/1"}],"replies":[{"embeddable":true,"href":"https:\/\/inclusivenews.com.br\/index.php?rest_route=%2Fwp%2Fv2%2Fcomments&post=26308"}],"version-history":[{"count":0,"href":"https:\/\/inclusivenews.com.br\/index.php?rest_route=\/wp\/v2\/posts\/26308\/revisions"}],"wp:attachment":[{"href":"https:\/\/inclusivenews.com.br\/index.php?rest_route=%2Fwp%2Fv2%2Fmedia&parent=26308"}],"wp:term":[{"taxonomy":"category","embeddable":true,"href":"https:\/\/inclusivenews.com.br\/index.php?rest_route=%2Fwp%2Fv2%2Fcategories&post=26308"},{"taxonomy":"post_tag","embeddable":true,"href":"https:\/\/inclusivenews.com.br\/index.php?rest_route=%2Fwp%2Fv2%2Ftags&post=26308"}],"curies":[{"name":"wp","href":"https:\/\/api.w.org\/{rel}","templated":true}]}}