{"id":26314,"date":"2014-04-09T15:47:22","date_gmt":"2014-04-09T18:47:22","guid":{"rendered":"http:\/\/www.inclusive.org.br\/?p=26314"},"modified":"2014-04-09T15:47:22","modified_gmt":"2014-04-09T18:47:22","slug":"leis-politicas-e-praticas-discriminatorias-na-saude-impedem-universalizacao-aponta-reuniao-da-onu","status":"publish","type":"post","link":"https:\/\/inclusivenews.com.br\/?p=26314","title":{"rendered":"Leis, pol\u00edticas e pr\u00e1ticas discriminat\u00f3rias na sa\u00fade impedem universaliza\u00e7\u00e3o, aponta reuni\u00e3o da ONU"},"content":{"rendered":"<p><img loading=\"lazy\" decoding=\"async\" class=\"alignnone  wp-image-19281\" alt=\"Sa\u00fade - uma cruz vermelha feita por band-aids vermelhos.\" src=\"http:\/\/inclusivenews.com.br\/wp-content\/uploads\/2011\/04\/saude.jpg\" width=\"280\" height=\"210\" \/><\/p>\n<p>Leis, pol\u00edticas e pr\u00e1ticas discriminat\u00f3rias existentes, assim como atitudes negativas entre alguns profissionais de sa\u00fade, s\u00e3o alguns dos obst\u00e1culos que impedem o acesso a servi\u00e7os de sa\u00fade para muitas pessoas em n\u00edvel global.<\/p>\n<p>Esta \u00e9 uma das conclus\u00f5es centrais resultantes do debate realizado pela sede do Programa Conjunto das Na\u00e7\u00f5es Unidas sobre HIV\/Aids (UNAIDS), no \u00faltimo dia 11 de mar\u00e7o em Genebra, para explorar como barreiras discriminat\u00f3rias nos servi\u00e7os de sa\u00fade afetam diferentes grupos da popula\u00e7\u00e3o, incluindo pessoas vivendo com HIV, migrantes em indocumentados, travestis, transexuais e pessoas com defici\u00eancia.<\/p>\n<p>Para migrantes, a discrimina\u00e7\u00e3o frequentemente se inicia no momento de partida, quando regula\u00e7\u00f5es podem incluir o teste compuls\u00f3rio de HIV, gravidez e de outras quest\u00f5es de sa\u00fade no pa\u00eds de destino. No intento de evitar estes testes, muitos migrantes optam por meios de migra\u00e7\u00e3o irregulares, o que os coloca em uma situa\u00e7\u00e3o de ilegalidade e incapazes de acessar servi\u00e7os de sa\u00fade.<\/p>\n<p>A discrimina\u00e7\u00e3o est\u00e1 embutida tamb\u00e9m na Classifica\u00e7\u00e3o Internacional de Doen\u00e7as (International Classification of Diseases), que considera transexuais e travestis como pessoas com dist\u00farbios mentais. Em muitos pa\u00edses, incluindo mais de 20 na Europa, transexuais s\u00e3o obrigados a passar por esteriliza\u00e7\u00e3o antes da cirurgia de mudan\u00e7a de sexo, a fim de mudar a sua identidade de g\u00eanero.<\/p>\n<p>Em rela\u00e7\u00e3o \u00e0 poss\u00edvel falta de compreens\u00e3o sobre quest\u00f5es de travestis e transexuais entre m\u00e9dicos, Mauro Cabral, da A\u00e7\u00e3o Global para a Igualdade Trans (Global Action for Trans Equality \u2013 GATE), destacou que \u201ca ignor\u00e2ncia n\u00e3o pode mais ser uma desculpa. M\u00e9dicos devem respeitar e n\u00e3o julgar pacientes\u201d.<\/p>\n<p>Outra barreira comum identificada foi a percep\u00e7\u00e3o, em muitos pa\u00edses, entre a popula\u00e7\u00e3o geral de que recursos investidos em servi\u00e7os de sa\u00fade para estas popula\u00e7\u00f5es em quest\u00e3o s\u00e3o um desperd\u00edcio.<\/p>\n<p>O acompanhamento e documenta\u00e7\u00e3o da discrimina\u00e7\u00e3o foram enfatizados como uma estrat\u00e9gia para gerar evid\u00eancia para tratar do problema.<\/p>\n<p>Nesse sentido, a \u2018Stigma Index\u2019 e \u2018Human Rights Count\u2019 foram apontadas como ferramentas que t\u00eam sido usadas de maneira bem sucedida para monitorar a discrimina\u00e7\u00e3o contra pessoas vivendo com HIV. A Human Rights Count, por exemplo, revelou a pr\u00e1tica de esteriliza\u00e7\u00f5es de mulheres vivendo com HIV.<\/p>\n<p>\u201cQuando o espa\u00e7o e oportunidade s\u00e3o dados a comunidades para se envolverem no acompanhamento de direitos humanos, podemos identificar e tratar os verdadeiros obst\u00e1culos que levam pessoas a n\u00e3o acessar servi\u00e7os de sa\u00fade\u201d, disse Chris Mallouris, assessor de mobiliza\u00e7\u00e3o de comunidades do UNAIDS. \u201cDevemos assegurar que comunidades estejam no centro dos esfor\u00e7os para tratar discrimina\u00e7\u00e3o. Elas devem estar l\u00e1 como parceiras iguais\u201d, adicionou.<\/p>\n<p>O painel de debate concluiu com um reconhecimento da longa jornada \u00e0 frente para alcan\u00e7ar a meta de zero discrimina\u00e7\u00e3o.<\/p>\n<p>Participantes reconheceram que a\u00e7\u00f5es devem ser refor\u00e7adas para superar as barreiras dos servi\u00e7os de sa\u00fade e que ningu\u00e9m deve ser deixado para tr\u00e1s, para que os objetivos de sa\u00fade global sejam alcan\u00e7ados.<\/p>\n<p>Fonte: ONU Brasil<\/p>\n","protected":false},"excerpt":{"rendered":"<p>Leis, pol\u00edticas e pr\u00e1ticas discriminat\u00f3rias existentes, assim como atitudes negativas entre alguns profissionais de sa\u00fade, s\u00e3o alguns dos obst\u00e1culos que impedem o acesso a servi\u00e7os de sa\u00fade para muitas pessoas em n\u00edvel global.<\/p>\n","protected":false},"author":1,"featured_media":0,"comment_status":"open","ping_status":"open","sticky":false,"template":"","format":"standard","meta":{"site-container-style":"default","site-container-layout":"default","site-sidebar-layout":"default","disable-article-header":"default","disable-site-header":"default","disable-site-footer":"default","disable-content-area-spacing":"default","footnotes":""},"categories":[11,37],"tags":[],"class_list":["post-26314","post","type-post","status-publish","format-standard","hentry","category-direitos-humanos","category-saude"],"yoast_head":"<!-- This site is optimized with the Yoast SEO plugin v27.4 - https:\/\/yoast.com\/product\/yoast-seo-wordpress\/ -->\n<title>Leis, pol\u00edticas e pr\u00e1ticas discriminat\u00f3rias na sa\u00fade impedem universaliza\u00e7\u00e3o, aponta reuni\u00e3o da ONU -<\/title>\n<meta name=\"robots\" content=\"index, follow, max-snippet:-1, max-image-preview:large, max-video-preview:-1\" \/>\n<link rel=\"canonical\" href=\"https:\/\/inclusivenews.com.br\/?p=26314\" \/>\n<meta property=\"og:locale\" content=\"pt_PT\" \/>\n<meta property=\"og:type\" content=\"article\" \/>\n<meta property=\"og:title\" content=\"Leis, pol\u00edticas e pr\u00e1ticas discriminat\u00f3rias na sa\u00fade impedem universaliza\u00e7\u00e3o, aponta reuni\u00e3o da ONU -\" \/>\n<meta property=\"og:description\" content=\"Leis, pol\u00edticas e pr\u00e1ticas discriminat\u00f3rias existentes, assim como atitudes negativas entre alguns profissionais de sa\u00fade, s\u00e3o alguns dos obst\u00e1culos que impedem o acesso a servi\u00e7os de sa\u00fade para muitas pessoas em n\u00edvel global.\" \/>\n<meta property=\"og:url\" content=\"https:\/\/inclusivenews.com.br\/?p=26314\" \/>\n<meta property=\"article:publisher\" content=\"https:\/\/www.facebook.com\/agenciainclusive\/\" \/>\n<meta property=\"article:published_time\" content=\"2014-04-09T18:47:22+00:00\" \/>\n<meta property=\"og:image\" content=\"http:\/\/inclusivenews.com.br\/wp-content\/uploads\/2011\/04\/saude.jpg\" \/>\n<meta name=\"author\" content=\"inclusivenews2024\" \/>\n<meta name=\"twitter:card\" content=\"summary_large_image\" \/>\n<meta name=\"twitter:label1\" content=\"Escrito por\" \/>\n\t<meta name=\"twitter:data1\" content=\"inclusivenews2024\" \/>\n\t<meta name=\"twitter:label2\" content=\"Tempo estimado de leitura\" \/>\n\t<meta name=\"twitter:data2\" content=\"3 minutos\" \/>\n<script type=\"application\/ld+json\" class=\"yoast-schema-graph\">{\"@context\":\"https:\\\/\\\/schema.org\",\"@graph\":[{\"@type\":\"Article\",\"@id\":\"https:\\\/\\\/inclusivenews.com.br\\\/?p=26314#article\",\"isPartOf\":{\"@id\":\"https:\\\/\\\/inclusivenews.com.br\\\/?p=26314\"},\"author\":{\"name\":\"inclusivenews2024\",\"@id\":\"https:\\\/\\\/inclusivenews.com.br\\\/#\\\/schema\\\/person\\\/ae4ec7087559b8692fb33b6fffd2273b\"},\"headline\":\"Leis, pol\u00edticas e pr\u00e1ticas discriminat\u00f3rias na sa\u00fade impedem universaliza\u00e7\u00e3o, aponta reuni\u00e3o da ONU\",\"datePublished\":\"2014-04-09T18:47:22+00:00\",\"mainEntityOfPage\":{\"@id\":\"https:\\\/\\\/inclusivenews.com.br\\\/?p=26314\"},\"wordCount\":564,\"commentCount\":0,\"publisher\":{\"@id\":\"https:\\\/\\\/inclusivenews.com.br\\\/#organization\"},\"image\":{\"@id\":\"https:\\\/\\\/inclusivenews.com.br\\\/?p=26314#primaryimage\"},\"thumbnailUrl\":\"http:\\\/\\\/inclusivenews.com.br\\\/wp-content\\\/uploads\\\/2011\\\/04\\\/saude.jpg\",\"articleSection\":[\"DIREITOS HUMANOS\",\"Sa\u00fade\"],\"inLanguage\":\"pt-PT\",\"potentialAction\":[{\"@type\":\"CommentAction\",\"name\":\"Comment\",\"target\":[\"https:\\\/\\\/inclusivenews.com.br\\\/?p=26314#respond\"]}]},{\"@type\":\"WebPage\",\"@id\":\"https:\\\/\\\/inclusivenews.com.br\\\/?p=26314\",\"url\":\"https:\\\/\\\/inclusivenews.com.br\\\/?p=26314\",\"name\":\"Leis, pol\u00edticas e pr\u00e1ticas discriminat\u00f3rias na sa\u00fade impedem universaliza\u00e7\u00e3o, aponta reuni\u00e3o da ONU -\",\"isPartOf\":{\"@id\":\"https:\\\/\\\/inclusivenews.com.br\\\/#website\"},\"primaryImageOfPage\":{\"@id\":\"https:\\\/\\\/inclusivenews.com.br\\\/?p=26314#primaryimage\"},\"image\":{\"@id\":\"https:\\\/\\\/inclusivenews.com.br\\\/?p=26314#primaryimage\"},\"thumbnailUrl\":\"http:\\\/\\\/inclusivenews.com.br\\\/wp-content\\\/uploads\\\/2011\\\/04\\\/saude.jpg\",\"datePublished\":\"2014-04-09T18:47:22+00:00\",\"breadcrumb\":{\"@id\":\"https:\\\/\\\/inclusivenews.com.br\\\/?p=26314#breadcrumb\"},\"inLanguage\":\"pt-PT\",\"potentialAction\":[{\"@type\":\"ReadAction\",\"target\":[\"https:\\\/\\\/inclusivenews.com.br\\\/?p=26314\"]}]},{\"@type\":\"ImageObject\",\"inLanguage\":\"pt-PT\",\"@id\":\"https:\\\/\\\/inclusivenews.com.br\\\/?p=26314#primaryimage\",\"url\":\"\",\"contentUrl\":\"\"},{\"@type\":\"BreadcrumbList\",\"@id\":\"https:\\\/\\\/inclusivenews.com.br\\\/?p=26314#breadcrumb\",\"itemListElement\":[{\"@type\":\"ListItem\",\"position\":1,\"name\":\"In\u00edcio\",\"item\":\"https:\\\/\\\/inclusivenews.com.br\\\/\"},{\"@type\":\"ListItem\",\"position\":2,\"name\":\"Leis, pol\u00edticas e pr\u00e1ticas discriminat\u00f3rias na sa\u00fade impedem universaliza\u00e7\u00e3o, aponta reuni\u00e3o da ONU\"}]},{\"@type\":\"WebSite\",\"@id\":\"https:\\\/\\\/inclusivenews.com.br\\\/#website\",\"url\":\"https:\\\/\\\/inclusivenews.com.br\\\/\",\"name\":\"Inclusive News\",\"description\":\"Inclusive News\",\"publisher\":{\"@id\":\"https:\\\/\\\/inclusivenews.com.br\\\/#organization\"},\"potentialAction\":[{\"@type\":\"SearchAction\",\"target\":{\"@type\":\"EntryPoint\",\"urlTemplate\":\"https:\\\/\\\/inclusivenews.com.br\\\/?s={search_term_string}\"},\"query-input\":{\"@type\":\"PropertyValueSpecification\",\"valueRequired\":true,\"valueName\":\"search_term_string\"}}],\"inLanguage\":\"pt-PT\"},{\"@type\":\"Organization\",\"@id\":\"https:\\\/\\\/inclusivenews.com.br\\\/#organization\",\"name\":\"Inclusive - inclus\u00e3o e cidadania\",\"url\":\"https:\\\/\\\/inclusivenews.com.br\\\/\",\"logo\":{\"@type\":\"ImageObject\",\"inLanguage\":\"pt-PT\",\"@id\":\"https:\\\/\\\/inclusivenews.com.br\\\/#\\\/schema\\\/logo\\\/image\\\/\",\"url\":\"https:\\\/\\\/inclusivenews.com.br\\\/wp-content\\\/uploads\\\/2024\\\/03\\\/@grandesite.png\",\"contentUrl\":\"https:\\\/\\\/inclusivenews.com.br\\\/wp-content\\\/uploads\\\/2024\\\/03\\\/@grandesite.png\",\"width\":1080,\"height\":1080,\"caption\":\"Inclusive - inclus\u00e3o e cidadania\"},\"image\":{\"@id\":\"https:\\\/\\\/inclusivenews.com.br\\\/#\\\/schema\\\/logo\\\/image\\\/\"},\"sameAs\":[\"https:\\\/\\\/www.facebook.com\\\/agenciainclusive\\\/\",\"https:\\\/\\\/www.instagram.com\\\/newsinclusive\\\/\"]},{\"@type\":\"Person\",\"@id\":\"https:\\\/\\\/inclusivenews.com.br\\\/#\\\/schema\\\/person\\\/ae4ec7087559b8692fb33b6fffd2273b\",\"name\":\"inclusivenews2024\",\"image\":{\"@type\":\"ImageObject\",\"inLanguage\":\"pt-PT\",\"@id\":\"https:\\\/\\\/secure.gravatar.com\\\/avatar\\\/c5a7ef84c66fa914f55bc4f7ce26cfa275a3b9a1c5568b907bd184fb4dde7b40?s=96&d=mm&r=g\",\"url\":\"https:\\\/\\\/secure.gravatar.com\\\/avatar\\\/c5a7ef84c66fa914f55bc4f7ce26cfa275a3b9a1c5568b907bd184fb4dde7b40?s=96&d=mm&r=g\",\"contentUrl\":\"https:\\\/\\\/secure.gravatar.com\\\/avatar\\\/c5a7ef84c66fa914f55bc4f7ce26cfa275a3b9a1c5568b907bd184fb4dde7b40?s=96&d=mm&r=g\",\"caption\":\"inclusivenews2024\"},\"sameAs\":[\"https:\\\/\\\/inclusivenews.com.br\"],\"url\":\"https:\\\/\\\/inclusivenews.com.br\\\/?author=1\"}]}<\/script>\n<!-- \/ Yoast SEO plugin. -->","yoast_head_json":{"title":"Leis, pol\u00edticas e pr\u00e1ticas discriminat\u00f3rias na sa\u00fade impedem universaliza\u00e7\u00e3o, aponta reuni\u00e3o da ONU -","robots":{"index":"index","follow":"follow","max-snippet":"max-snippet:-1","max-image-preview":"max-image-preview:large","max-video-preview":"max-video-preview:-1"},"canonical":"https:\/\/inclusivenews.com.br\/?p=26314","og_locale":"pt_PT","og_type":"article","og_title":"Leis, pol\u00edticas e pr\u00e1ticas discriminat\u00f3rias na sa\u00fade impedem universaliza\u00e7\u00e3o, aponta reuni\u00e3o da ONU -","og_description":"Leis, pol\u00edticas e pr\u00e1ticas discriminat\u00f3rias existentes, assim como atitudes negativas entre alguns profissionais de sa\u00fade, s\u00e3o alguns dos obst\u00e1culos que impedem o acesso a servi\u00e7os de sa\u00fade para muitas pessoas em n\u00edvel global.","og_url":"https:\/\/inclusivenews.com.br\/?p=26314","article_publisher":"https:\/\/www.facebook.com\/agenciainclusive\/","article_published_time":"2014-04-09T18:47:22+00:00","og_image":[{"url":"http:\/\/inclusivenews.com.br\/wp-content\/uploads\/2011\/04\/saude.jpg","type":"","width":"","height":""}],"author":"inclusivenews2024","twitter_card":"summary_large_image","twitter_misc":{"Escrito por":"inclusivenews2024","Tempo estimado de leitura":"3 minutos"},"schema":{"@context":"https:\/\/schema.org","@graph":[{"@type":"Article","@id":"https:\/\/inclusivenews.com.br\/?p=26314#article","isPartOf":{"@id":"https:\/\/inclusivenews.com.br\/?p=26314"},"author":{"name":"inclusivenews2024","@id":"https:\/\/inclusivenews.com.br\/#\/schema\/person\/ae4ec7087559b8692fb33b6fffd2273b"},"headline":"Leis, pol\u00edticas e pr\u00e1ticas discriminat\u00f3rias na sa\u00fade impedem universaliza\u00e7\u00e3o, aponta reuni\u00e3o da ONU","datePublished":"2014-04-09T18:47:22+00:00","mainEntityOfPage":{"@id":"https:\/\/inclusivenews.com.br\/?p=26314"},"wordCount":564,"commentCount":0,"publisher":{"@id":"https:\/\/inclusivenews.com.br\/#organization"},"image":{"@id":"https:\/\/inclusivenews.com.br\/?p=26314#primaryimage"},"thumbnailUrl":"http:\/\/inclusivenews.com.br\/wp-content\/uploads\/2011\/04\/saude.jpg","articleSection":["DIREITOS HUMANOS","Sa\u00fade"],"inLanguage":"pt-PT","potentialAction":[{"@type":"CommentAction","name":"Comment","target":["https:\/\/inclusivenews.com.br\/?p=26314#respond"]}]},{"@type":"WebPage","@id":"https:\/\/inclusivenews.com.br\/?p=26314","url":"https:\/\/inclusivenews.com.br\/?p=26314","name":"Leis, pol\u00edticas e pr\u00e1ticas discriminat\u00f3rias na sa\u00fade impedem universaliza\u00e7\u00e3o, aponta reuni\u00e3o da ONU -","isPartOf":{"@id":"https:\/\/inclusivenews.com.br\/#website"},"primaryImageOfPage":{"@id":"https:\/\/inclusivenews.com.br\/?p=26314#primaryimage"},"image":{"@id":"https:\/\/inclusivenews.com.br\/?p=26314#primaryimage"},"thumbnailUrl":"http:\/\/inclusivenews.com.br\/wp-content\/uploads\/2011\/04\/saude.jpg","datePublished":"2014-04-09T18:47:22+00:00","breadcrumb":{"@id":"https:\/\/inclusivenews.com.br\/?p=26314#breadcrumb"},"inLanguage":"pt-PT","potentialAction":[{"@type":"ReadAction","target":["https:\/\/inclusivenews.com.br\/?p=26314"]}]},{"@type":"ImageObject","inLanguage":"pt-PT","@id":"https:\/\/inclusivenews.com.br\/?p=26314#primaryimage","url":"","contentUrl":""},{"@type":"BreadcrumbList","@id":"https:\/\/inclusivenews.com.br\/?p=26314#breadcrumb","itemListElement":[{"@type":"ListItem","position":1,"name":"In\u00edcio","item":"https:\/\/inclusivenews.com.br\/"},{"@type":"ListItem","position":2,"name":"Leis, pol\u00edticas e pr\u00e1ticas discriminat\u00f3rias na sa\u00fade impedem universaliza\u00e7\u00e3o, aponta reuni\u00e3o da ONU"}]},{"@type":"WebSite","@id":"https:\/\/inclusivenews.com.br\/#website","url":"https:\/\/inclusivenews.com.br\/","name":"Inclusive News","description":"Inclusive News","publisher":{"@id":"https:\/\/inclusivenews.com.br\/#organization"},"potentialAction":[{"@type":"SearchAction","target":{"@type":"EntryPoint","urlTemplate":"https:\/\/inclusivenews.com.br\/?s={search_term_string}"},"query-input":{"@type":"PropertyValueSpecification","valueRequired":true,"valueName":"search_term_string"}}],"inLanguage":"pt-PT"},{"@type":"Organization","@id":"https:\/\/inclusivenews.com.br\/#organization","name":"Inclusive - inclus\u00e3o e cidadania","url":"https:\/\/inclusivenews.com.br\/","logo":{"@type":"ImageObject","inLanguage":"pt-PT","@id":"https:\/\/inclusivenews.com.br\/#\/schema\/logo\/image\/","url":"https:\/\/inclusivenews.com.br\/wp-content\/uploads\/2024\/03\/@grandesite.png","contentUrl":"https:\/\/inclusivenews.com.br\/wp-content\/uploads\/2024\/03\/@grandesite.png","width":1080,"height":1080,"caption":"Inclusive - inclus\u00e3o e cidadania"},"image":{"@id":"https:\/\/inclusivenews.com.br\/#\/schema\/logo\/image\/"},"sameAs":["https:\/\/www.facebook.com\/agenciainclusive\/","https:\/\/www.instagram.com\/newsinclusive\/"]},{"@type":"Person","@id":"https:\/\/inclusivenews.com.br\/#\/schema\/person\/ae4ec7087559b8692fb33b6fffd2273b","name":"inclusivenews2024","image":{"@type":"ImageObject","inLanguage":"pt-PT","@id":"https:\/\/secure.gravatar.com\/avatar\/c5a7ef84c66fa914f55bc4f7ce26cfa275a3b9a1c5568b907bd184fb4dde7b40?s=96&d=mm&r=g","url":"https:\/\/secure.gravatar.com\/avatar\/c5a7ef84c66fa914f55bc4f7ce26cfa275a3b9a1c5568b907bd184fb4dde7b40?s=96&d=mm&r=g","contentUrl":"https:\/\/secure.gravatar.com\/avatar\/c5a7ef84c66fa914f55bc4f7ce26cfa275a3b9a1c5568b907bd184fb4dde7b40?s=96&d=mm&r=g","caption":"inclusivenews2024"},"sameAs":["https:\/\/inclusivenews.com.br"],"url":"https:\/\/inclusivenews.com.br\/?author=1"}]}},"_links":{"self":[{"href":"https:\/\/inclusivenews.com.br\/index.php?rest_route=\/wp\/v2\/posts\/26314","targetHints":{"allow":["GET"]}}],"collection":[{"href":"https:\/\/inclusivenews.com.br\/index.php?rest_route=\/wp\/v2\/posts"}],"about":[{"href":"https:\/\/inclusivenews.com.br\/index.php?rest_route=\/wp\/v2\/types\/post"}],"author":[{"embeddable":true,"href":"https:\/\/inclusivenews.com.br\/index.php?rest_route=\/wp\/v2\/users\/1"}],"replies":[{"embeddable":true,"href":"https:\/\/inclusivenews.com.br\/index.php?rest_route=%2Fwp%2Fv2%2Fcomments&post=26314"}],"version-history":[{"count":0,"href":"https:\/\/inclusivenews.com.br\/index.php?rest_route=\/wp\/v2\/posts\/26314\/revisions"}],"wp:attachment":[{"href":"https:\/\/inclusivenews.com.br\/index.php?rest_route=%2Fwp%2Fv2%2Fmedia&parent=26314"}],"wp:term":[{"taxonomy":"category","embeddable":true,"href":"https:\/\/inclusivenews.com.br\/index.php?rest_route=%2Fwp%2Fv2%2Fcategories&post=26314"},{"taxonomy":"post_tag","embeddable":true,"href":"https:\/\/inclusivenews.com.br\/index.php?rest_route=%2Fwp%2Fv2%2Ftags&post=26314"}],"curies":[{"name":"wp","href":"https:\/\/api.w.org\/{rel}","templated":true}]}}