{"id":26318,"date":"2014-04-09T15:47:16","date_gmt":"2014-04-09T18:47:16","guid":{"rendered":"http:\/\/www.inclusive.org.br\/?p=26318"},"modified":"2014-04-09T15:47:16","modified_gmt":"2014-04-09T18:47:16","slug":"educacao-estamos-caminhando","status":"publish","type":"post","link":"https:\/\/inclusivenews.com.br\/?p=26318","title":{"rendered":"Educa\u00e7\u00e3o: estamos caminhando"},"content":{"rendered":"<figure style=\"width: 300px\" class=\"wp-caption alignnone\"><img loading=\"lazy\" decoding=\"async\" alt=\"\" src=\"http:\/\/envolverde.com.br\/portal\/wp-content\/uploads\/2014\/01\/Educacaotecnologiacaminhos-300x137.jpg\" width=\"300\" height=\"137\" \/><figcaption class=\"wp-caption-text\">Foto: freshidea \/ Fotolia.com\/Porvir<\/figcaption><\/figure>\n<p><em>Por F\u00e1bio Massalli, para o Portal Aprendiz<\/em><\/p>\n<p>Inep diz que Brasil tem pol\u00edticas p\u00fablicas para ampliar qualidade da educa\u00e7\u00e3o<\/p>\n<p>O presidente do Instituto Nacional de Estudos e Pesquisa Educacionais An\u00edsio Teixeira (Inep), Francisco Soares, disse no \u00faltima ter\u00e7a-feira (1\u00b0), que o Brasil tem pol\u00edticas p\u00fablicas concretas para continuar ampliando a qualidade da educa\u00e7\u00e3o ao comentar pesquisa divulgada pela Organiza\u00e7\u00e3o para Coopera\u00e7\u00e3o e Desenvolvimento Econ\u00f4mico (OCDE). Os dados apontam que o Brasil ocupa a 38\u00b0 posi\u00e7\u00e3o entre 44 pa\u00edses que testaram habilidades de estudantes de 15 anos em resolver problemas de racioc\u00ednio relacionados ao cotidiano.<\/p>\n<p>O Programa Internacional de Avalia\u00e7\u00e3o de Estudantes (Pisa) 2012 mostra ainda que, no Brasil, menos de 2% dos estudantes que participaram atingiram a performance m\u00e1xima na solu\u00e7\u00e3o dos problemas. \u201cO Pisa mostra que n\u00e3o estamos parados, estamos caminhando. Nos n\u00edveis 5 e 6 [n\u00edveis que medem o melhor desempenho], o Brasil tem 2% e os pa\u00edses mais consolidados t\u00eam 11%. Essa diferen\u00e7a de 2% para 11% \u00e9 a menor diferen\u00e7a que tivemos desses pa\u00edses em avalia\u00e7\u00f5es. Vemos que temos que caminhar, mas j\u00e1 caminhamos tamb\u00e9m\u201d, disse Soares.<\/p>\n<p>O presidente do Inep disse ainda que o Brasil tem pol\u00edticas p\u00fablicas para preparar os estudantes para a solu\u00e7\u00e3o de problemas concretos como os apresentados no Pisa, entre eles, o Exame Nacional do Ensino M\u00e9dio (Enem). \u201cCom o Enem, o Brasil trouxe para seu curriculum esse tipo de demanda\u201d, diz.<\/p>\n<p>Na avalia\u00e7\u00e3o, os estudantes tiveram que desenvolver atividades como executar tarefas em um aparelho de MP3, usar o controle remoto de um aparelho de ar-condicionado para controlar condi\u00e7\u00f5es de temperatura e umidade, sem instru\u00e7\u00f5es pr\u00e9vias, e simular a compra de um bilhete de trem em um teclado sens\u00edvel ao toque.<\/p>\n<p>Os pa\u00edses que lideram o ranking da OCDE s\u00e3o Cingapura, Coreia do Sul e Jap\u00e3o. As tr\u00eas \u00faltimas posi\u00e7\u00f5es s\u00e3o ocupadas por Uruguai, Bulg\u00e1ria e Col\u00f4mbia.<\/p>\n<p>** Publicado originalmente no site Ag\u00eancia Brasil.<\/p>\n","protected":false},"excerpt":{"rendered":"<p>Os dados apontam que o Brasil ocupa a 38\u00b0 posi\u00e7\u00e3o entre 44 pa\u00edses que testaram habilidades de estudantes de 15 anos em resolver problemas de racioc\u00ednio relacionados ao cotidiano.<\/p>\n","protected":false},"author":1,"featured_media":0,"comment_status":"open","ping_status":"open","sticky":false,"template":"","format":"standard","meta":{"site-container-style":"default","site-container-layout":"default","site-sidebar-layout":"default","disable-article-header":"default","disable-site-header":"default","disable-site-footer":"default","disable-content-area-spacing":"default","footnotes":""},"categories":[6],"tags":[],"class_list":["post-26318","post","type-post","status-publish","format-standard","hentry","category-educacao"],"yoast_head":"<!-- This site is optimized with the Yoast SEO plugin v27.4 - https:\/\/yoast.com\/product\/yoast-seo-wordpress\/ -->\n<title>Educa\u00e7\u00e3o: estamos caminhando -<\/title>\n<meta name=\"robots\" content=\"index, follow, max-snippet:-1, max-image-preview:large, max-video-preview:-1\" \/>\n<link rel=\"canonical\" href=\"https:\/\/inclusivenews.com.br\/?p=26318\" \/>\n<meta property=\"og:locale\" content=\"pt_PT\" \/>\n<meta property=\"og:type\" content=\"article\" \/>\n<meta property=\"og:title\" content=\"Educa\u00e7\u00e3o: estamos caminhando -\" \/>\n<meta property=\"og:description\" content=\"Os dados apontam que o Brasil ocupa a 38\u00b0 posi\u00e7\u00e3o entre 44 pa\u00edses que testaram habilidades de estudantes de 15 anos em resolver problemas de racioc\u00ednio relacionados ao cotidiano.\" \/>\n<meta property=\"og:url\" content=\"https:\/\/inclusivenews.com.br\/?p=26318\" \/>\n<meta property=\"article:publisher\" content=\"https:\/\/www.facebook.com\/agenciainclusive\/\" \/>\n<meta property=\"article:published_time\" content=\"2014-04-09T18:47:16+00:00\" \/>\n<meta property=\"og:image\" content=\"http:\/\/envolverde.com.br\/portal\/wp-content\/uploads\/2014\/01\/Educacaotecnologiacaminhos-300x137.jpg\" \/>\n<meta name=\"author\" content=\"inclusivenews2024\" \/>\n<meta name=\"twitter:card\" content=\"summary_large_image\" \/>\n<meta name=\"twitter:label1\" content=\"Escrito por\" \/>\n\t<meta name=\"twitter:data1\" content=\"inclusivenews2024\" \/>\n\t<meta name=\"twitter:label2\" content=\"Tempo estimado de leitura\" \/>\n\t<meta name=\"twitter:data2\" content=\"2 minutos\" \/>\n<script type=\"application\/ld+json\" class=\"yoast-schema-graph\">{\"@context\":\"https:\\\/\\\/schema.org\",\"@graph\":[{\"@type\":\"Article\",\"@id\":\"https:\\\/\\\/inclusivenews.com.br\\\/?p=26318#article\",\"isPartOf\":{\"@id\":\"https:\\\/\\\/inclusivenews.com.br\\\/?p=26318\"},\"author\":{\"name\":\"inclusivenews2024\",\"@id\":\"https:\\\/\\\/inclusivenews.com.br\\\/#\\\/schema\\\/person\\\/ae4ec7087559b8692fb33b6fffd2273b\"},\"headline\":\"Educa\u00e7\u00e3o: estamos caminhando\",\"datePublished\":\"2014-04-09T18:47:16+00:00\",\"mainEntityOfPage\":{\"@id\":\"https:\\\/\\\/inclusivenews.com.br\\\/?p=26318\"},\"wordCount\":361,\"commentCount\":0,\"publisher\":{\"@id\":\"https:\\\/\\\/inclusivenews.com.br\\\/#organization\"},\"image\":{\"@id\":\"https:\\\/\\\/inclusivenews.com.br\\\/?p=26318#primaryimage\"},\"thumbnailUrl\":\"http:\\\/\\\/envolverde.com.br\\\/portal\\\/wp-content\\\/uploads\\\/2014\\\/01\\\/Educacaotecnologiacaminhos-300x137.jpg\",\"articleSection\":[\"EDUCA\u00c7\u00c3O\"],\"inLanguage\":\"pt-PT\",\"potentialAction\":[{\"@type\":\"CommentAction\",\"name\":\"Comment\",\"target\":[\"https:\\\/\\\/inclusivenews.com.br\\\/?p=26318#respond\"]}]},{\"@type\":\"WebPage\",\"@id\":\"https:\\\/\\\/inclusivenews.com.br\\\/?p=26318\",\"url\":\"https:\\\/\\\/inclusivenews.com.br\\\/?p=26318\",\"name\":\"Educa\u00e7\u00e3o: estamos caminhando -\",\"isPartOf\":{\"@id\":\"https:\\\/\\\/inclusivenews.com.br\\\/#website\"},\"primaryImageOfPage\":{\"@id\":\"https:\\\/\\\/inclusivenews.com.br\\\/?p=26318#primaryimage\"},\"image\":{\"@id\":\"https:\\\/\\\/inclusivenews.com.br\\\/?p=26318#primaryimage\"},\"thumbnailUrl\":\"http:\\\/\\\/envolverde.com.br\\\/portal\\\/wp-content\\\/uploads\\\/2014\\\/01\\\/Educacaotecnologiacaminhos-300x137.jpg\",\"datePublished\":\"2014-04-09T18:47:16+00:00\",\"breadcrumb\":{\"@id\":\"https:\\\/\\\/inclusivenews.com.br\\\/?p=26318#breadcrumb\"},\"inLanguage\":\"pt-PT\",\"potentialAction\":[{\"@type\":\"ReadAction\",\"target\":[\"https:\\\/\\\/inclusivenews.com.br\\\/?p=26318\"]}]},{\"@type\":\"ImageObject\",\"inLanguage\":\"pt-PT\",\"@id\":\"https:\\\/\\\/inclusivenews.com.br\\\/?p=26318#primaryimage\",\"url\":\"http:\\\/\\\/envolverde.com.br\\\/portal\\\/wp-content\\\/uploads\\\/2014\\\/01\\\/Educacaotecnologiacaminhos-300x137.jpg\",\"contentUrl\":\"http:\\\/\\\/envolverde.com.br\\\/portal\\\/wp-content\\\/uploads\\\/2014\\\/01\\\/Educacaotecnologiacaminhos-300x137.jpg\"},{\"@type\":\"BreadcrumbList\",\"@id\":\"https:\\\/\\\/inclusivenews.com.br\\\/?p=26318#breadcrumb\",\"itemListElement\":[{\"@type\":\"ListItem\",\"position\":1,\"name\":\"In\u00edcio\",\"item\":\"https:\\\/\\\/inclusivenews.com.br\\\/\"},{\"@type\":\"ListItem\",\"position\":2,\"name\":\"Educa\u00e7\u00e3o: estamos caminhando\"}]},{\"@type\":\"WebSite\",\"@id\":\"https:\\\/\\\/inclusivenews.com.br\\\/#website\",\"url\":\"https:\\\/\\\/inclusivenews.com.br\\\/\",\"name\":\"Inclusive News\",\"description\":\"Inclusive News\",\"publisher\":{\"@id\":\"https:\\\/\\\/inclusivenews.com.br\\\/#organization\"},\"potentialAction\":[{\"@type\":\"SearchAction\",\"target\":{\"@type\":\"EntryPoint\",\"urlTemplate\":\"https:\\\/\\\/inclusivenews.com.br\\\/?s={search_term_string}\"},\"query-input\":{\"@type\":\"PropertyValueSpecification\",\"valueRequired\":true,\"valueName\":\"search_term_string\"}}],\"inLanguage\":\"pt-PT\"},{\"@type\":\"Organization\",\"@id\":\"https:\\\/\\\/inclusivenews.com.br\\\/#organization\",\"name\":\"Inclusive - inclus\u00e3o e cidadania\",\"url\":\"https:\\\/\\\/inclusivenews.com.br\\\/\",\"logo\":{\"@type\":\"ImageObject\",\"inLanguage\":\"pt-PT\",\"@id\":\"https:\\\/\\\/inclusivenews.com.br\\\/#\\\/schema\\\/logo\\\/image\\\/\",\"url\":\"https:\\\/\\\/inclusivenews.com.br\\\/wp-content\\\/uploads\\\/2024\\\/03\\\/@grandesite.png\",\"contentUrl\":\"https:\\\/\\\/inclusivenews.com.br\\\/wp-content\\\/uploads\\\/2024\\\/03\\\/@grandesite.png\",\"width\":1080,\"height\":1080,\"caption\":\"Inclusive - inclus\u00e3o e cidadania\"},\"image\":{\"@id\":\"https:\\\/\\\/inclusivenews.com.br\\\/#\\\/schema\\\/logo\\\/image\\\/\"},\"sameAs\":[\"https:\\\/\\\/www.facebook.com\\\/agenciainclusive\\\/\",\"https:\\\/\\\/www.instagram.com\\\/newsinclusive\\\/\"]},{\"@type\":\"Person\",\"@id\":\"https:\\\/\\\/inclusivenews.com.br\\\/#\\\/schema\\\/person\\\/ae4ec7087559b8692fb33b6fffd2273b\",\"name\":\"inclusivenews2024\",\"image\":{\"@type\":\"ImageObject\",\"inLanguage\":\"pt-PT\",\"@id\":\"https:\\\/\\\/secure.gravatar.com\\\/avatar\\\/c5a7ef84c66fa914f55bc4f7ce26cfa275a3b9a1c5568b907bd184fb4dde7b40?s=96&d=mm&r=g\",\"url\":\"https:\\\/\\\/secure.gravatar.com\\\/avatar\\\/c5a7ef84c66fa914f55bc4f7ce26cfa275a3b9a1c5568b907bd184fb4dde7b40?s=96&d=mm&r=g\",\"contentUrl\":\"https:\\\/\\\/secure.gravatar.com\\\/avatar\\\/c5a7ef84c66fa914f55bc4f7ce26cfa275a3b9a1c5568b907bd184fb4dde7b40?s=96&d=mm&r=g\",\"caption\":\"inclusivenews2024\"},\"sameAs\":[\"https:\\\/\\\/inclusivenews.com.br\"],\"url\":\"https:\\\/\\\/inclusivenews.com.br\\\/?author=1\"}]}<\/script>\n<!-- \/ Yoast SEO plugin. -->","yoast_head_json":{"title":"Educa\u00e7\u00e3o: estamos caminhando -","robots":{"index":"index","follow":"follow","max-snippet":"max-snippet:-1","max-image-preview":"max-image-preview:large","max-video-preview":"max-video-preview:-1"},"canonical":"https:\/\/inclusivenews.com.br\/?p=26318","og_locale":"pt_PT","og_type":"article","og_title":"Educa\u00e7\u00e3o: estamos caminhando -","og_description":"Os dados apontam que o Brasil ocupa a 38\u00b0 posi\u00e7\u00e3o entre 44 pa\u00edses que testaram habilidades de estudantes de 15 anos em resolver problemas de racioc\u00ednio relacionados ao cotidiano.","og_url":"https:\/\/inclusivenews.com.br\/?p=26318","article_publisher":"https:\/\/www.facebook.com\/agenciainclusive\/","article_published_time":"2014-04-09T18:47:16+00:00","og_image":[{"url":"http:\/\/envolverde.com.br\/portal\/wp-content\/uploads\/2014\/01\/Educacaotecnologiacaminhos-300x137.jpg","type":"","width":"","height":""}],"author":"inclusivenews2024","twitter_card":"summary_large_image","twitter_misc":{"Escrito por":"inclusivenews2024","Tempo estimado de leitura":"2 minutos"},"schema":{"@context":"https:\/\/schema.org","@graph":[{"@type":"Article","@id":"https:\/\/inclusivenews.com.br\/?p=26318#article","isPartOf":{"@id":"https:\/\/inclusivenews.com.br\/?p=26318"},"author":{"name":"inclusivenews2024","@id":"https:\/\/inclusivenews.com.br\/#\/schema\/person\/ae4ec7087559b8692fb33b6fffd2273b"},"headline":"Educa\u00e7\u00e3o: estamos caminhando","datePublished":"2014-04-09T18:47:16+00:00","mainEntityOfPage":{"@id":"https:\/\/inclusivenews.com.br\/?p=26318"},"wordCount":361,"commentCount":0,"publisher":{"@id":"https:\/\/inclusivenews.com.br\/#organization"},"image":{"@id":"https:\/\/inclusivenews.com.br\/?p=26318#primaryimage"},"thumbnailUrl":"http:\/\/envolverde.com.br\/portal\/wp-content\/uploads\/2014\/01\/Educacaotecnologiacaminhos-300x137.jpg","articleSection":["EDUCA\u00c7\u00c3O"],"inLanguage":"pt-PT","potentialAction":[{"@type":"CommentAction","name":"Comment","target":["https:\/\/inclusivenews.com.br\/?p=26318#respond"]}]},{"@type":"WebPage","@id":"https:\/\/inclusivenews.com.br\/?p=26318","url":"https:\/\/inclusivenews.com.br\/?p=26318","name":"Educa\u00e7\u00e3o: estamos caminhando -","isPartOf":{"@id":"https:\/\/inclusivenews.com.br\/#website"},"primaryImageOfPage":{"@id":"https:\/\/inclusivenews.com.br\/?p=26318#primaryimage"},"image":{"@id":"https:\/\/inclusivenews.com.br\/?p=26318#primaryimage"},"thumbnailUrl":"http:\/\/envolverde.com.br\/portal\/wp-content\/uploads\/2014\/01\/Educacaotecnologiacaminhos-300x137.jpg","datePublished":"2014-04-09T18:47:16+00:00","breadcrumb":{"@id":"https:\/\/inclusivenews.com.br\/?p=26318#breadcrumb"},"inLanguage":"pt-PT","potentialAction":[{"@type":"ReadAction","target":["https:\/\/inclusivenews.com.br\/?p=26318"]}]},{"@type":"ImageObject","inLanguage":"pt-PT","@id":"https:\/\/inclusivenews.com.br\/?p=26318#primaryimage","url":"http:\/\/envolverde.com.br\/portal\/wp-content\/uploads\/2014\/01\/Educacaotecnologiacaminhos-300x137.jpg","contentUrl":"http:\/\/envolverde.com.br\/portal\/wp-content\/uploads\/2014\/01\/Educacaotecnologiacaminhos-300x137.jpg"},{"@type":"BreadcrumbList","@id":"https:\/\/inclusivenews.com.br\/?p=26318#breadcrumb","itemListElement":[{"@type":"ListItem","position":1,"name":"In\u00edcio","item":"https:\/\/inclusivenews.com.br\/"},{"@type":"ListItem","position":2,"name":"Educa\u00e7\u00e3o: estamos caminhando"}]},{"@type":"WebSite","@id":"https:\/\/inclusivenews.com.br\/#website","url":"https:\/\/inclusivenews.com.br\/","name":"Inclusive News","description":"Inclusive News","publisher":{"@id":"https:\/\/inclusivenews.com.br\/#organization"},"potentialAction":[{"@type":"SearchAction","target":{"@type":"EntryPoint","urlTemplate":"https:\/\/inclusivenews.com.br\/?s={search_term_string}"},"query-input":{"@type":"PropertyValueSpecification","valueRequired":true,"valueName":"search_term_string"}}],"inLanguage":"pt-PT"},{"@type":"Organization","@id":"https:\/\/inclusivenews.com.br\/#organization","name":"Inclusive - inclus\u00e3o e cidadania","url":"https:\/\/inclusivenews.com.br\/","logo":{"@type":"ImageObject","inLanguage":"pt-PT","@id":"https:\/\/inclusivenews.com.br\/#\/schema\/logo\/image\/","url":"https:\/\/inclusivenews.com.br\/wp-content\/uploads\/2024\/03\/@grandesite.png","contentUrl":"https:\/\/inclusivenews.com.br\/wp-content\/uploads\/2024\/03\/@grandesite.png","width":1080,"height":1080,"caption":"Inclusive - inclus\u00e3o e cidadania"},"image":{"@id":"https:\/\/inclusivenews.com.br\/#\/schema\/logo\/image\/"},"sameAs":["https:\/\/www.facebook.com\/agenciainclusive\/","https:\/\/www.instagram.com\/newsinclusive\/"]},{"@type":"Person","@id":"https:\/\/inclusivenews.com.br\/#\/schema\/person\/ae4ec7087559b8692fb33b6fffd2273b","name":"inclusivenews2024","image":{"@type":"ImageObject","inLanguage":"pt-PT","@id":"https:\/\/secure.gravatar.com\/avatar\/c5a7ef84c66fa914f55bc4f7ce26cfa275a3b9a1c5568b907bd184fb4dde7b40?s=96&d=mm&r=g","url":"https:\/\/secure.gravatar.com\/avatar\/c5a7ef84c66fa914f55bc4f7ce26cfa275a3b9a1c5568b907bd184fb4dde7b40?s=96&d=mm&r=g","contentUrl":"https:\/\/secure.gravatar.com\/avatar\/c5a7ef84c66fa914f55bc4f7ce26cfa275a3b9a1c5568b907bd184fb4dde7b40?s=96&d=mm&r=g","caption":"inclusivenews2024"},"sameAs":["https:\/\/inclusivenews.com.br"],"url":"https:\/\/inclusivenews.com.br\/?author=1"}]}},"_links":{"self":[{"href":"https:\/\/inclusivenews.com.br\/index.php?rest_route=\/wp\/v2\/posts\/26318","targetHints":{"allow":["GET"]}}],"collection":[{"href":"https:\/\/inclusivenews.com.br\/index.php?rest_route=\/wp\/v2\/posts"}],"about":[{"href":"https:\/\/inclusivenews.com.br\/index.php?rest_route=\/wp\/v2\/types\/post"}],"author":[{"embeddable":true,"href":"https:\/\/inclusivenews.com.br\/index.php?rest_route=\/wp\/v2\/users\/1"}],"replies":[{"embeddable":true,"href":"https:\/\/inclusivenews.com.br\/index.php?rest_route=%2Fwp%2Fv2%2Fcomments&post=26318"}],"version-history":[{"count":0,"href":"https:\/\/inclusivenews.com.br\/index.php?rest_route=\/wp\/v2\/posts\/26318\/revisions"}],"wp:attachment":[{"href":"https:\/\/inclusivenews.com.br\/index.php?rest_route=%2Fwp%2Fv2%2Fmedia&parent=26318"}],"wp:term":[{"taxonomy":"category","embeddable":true,"href":"https:\/\/inclusivenews.com.br\/index.php?rest_route=%2Fwp%2Fv2%2Fcategories&post=26318"},{"taxonomy":"post_tag","embeddable":true,"href":"https:\/\/inclusivenews.com.br\/index.php?rest_route=%2Fwp%2Fv2%2Ftags&post=26318"}],"curies":[{"name":"wp","href":"https:\/\/api.w.org\/{rel}","templated":true}]}}