{"id":26320,"date":"2014-04-09T15:47:12","date_gmt":"2014-04-09T18:47:12","guid":{"rendered":"http:\/\/www.inclusive.org.br\/?p=26320"},"modified":"2014-04-09T15:47:12","modified_gmt":"2014-04-09T18:47:12","slug":"descobrindo-a-audiodescricao","status":"publish","type":"post","link":"https:\/\/inclusivenews.com.br\/?p=26320","title":{"rendered":"Descobrindo a audiodescri\u00e7\u00e3o"},"content":{"rendered":"<p><img loading=\"lazy\" decoding=\"async\" class=\"size-full wp-image-20182 alignnone\" alt=\"S\u00edmbolo da \u00e1udio-descri\u00e7\u00e3o - Letras A e D brancas, em caixa alta, sobre fundo preto, e tr\u00eas par\u00eanteses ap\u00f3s o D.\" src=\"http:\/\/inclusivenews.com.br\/wp-content\/uploads\/audiodescricao.jpg\" width=\"166\" height=\"116\" \/><\/p>\n<p><em>Tecttum e Tagarellas abrem inscri\u00e7\u00f5es para a primeira oficina do projeto Descobrindo a audiodescri\u00e7\u00e3o. Aulas do m\u00f3dulo Introdu\u00e7\u00e3o \u00e0 audiodescri\u00e7\u00e3o ser\u00e3o em cinco encontros em abril, na Casa Duplan, em Porto Alegre\/RS.<\/em><\/p>\n<p>Est\u00e3o abertas as inscri\u00e7\u00f5es para a oficina Introdu\u00e7\u00e3o \u00e0 audiodescri\u00e7\u00e3o, que ocorre em abril, em Porto Alegre\/RS. A atividade \u00e9 promovida pela Tecttum Design e ser\u00e1 ministrada pela equipe da Tagarellas Audiodescri\u00e7\u00e3o ao longo de cinco encontros, nos dias 15, 16, 22, 24 e 29, sempre das 19h \u00e0s 22h, na sede da Tecttum, a Casa Duplan (Rua Professor Duplan, 146 \u2013 Rio Branco \u2013 Porto Alegre). As inscri\u00e7\u00f5es podem ser feitas pelo e-mail <a href=\"mailto: info@tecttumdesign.com.br\">info@tecttumdesign.com.br<\/a> ou fone (51) 9981.3717.<\/p>\n<p>A atividade corresponde ao primeiro m\u00f3dulo do projeto Descobrindo a audiodescri\u00e7\u00e3o, composto por oficinas que dever\u00e3o ministradas durante 2014. Os pr\u00f3ximos m\u00f3dulos ser\u00e3o focados em alguns dos incont\u00e1veis produtos e eventos que podem ser audiodescritos, como publica\u00e7\u00f5es impressas; eventos sociais, acad\u00eamicos e profissionais; espet\u00e1culos de teatro e dan\u00e7a; shows e clipes musicais; filmes e exposi\u00e7\u00f5es de artes visuais.<\/p>\n<p>A oficina Introdu\u00e7\u00e3o \u00e0 audiodescri\u00e7\u00e3o ser\u00e1 uma oportunidade para quem ainda n\u00e3o teve contato com o recurso entender, na pr\u00e1tica, como \u00e9 poss\u00edvel tornar qualquer produto cultural, evento ou servi\u00e7o acess\u00edvel a pessoas cegas ou com baixa vis\u00e3o. Ser\u00e3o apresentadas no\u00e7\u00f5es b\u00e1sicas sobre roteiro, narra\u00e7\u00e3o e consultoria em audiodescri\u00e7\u00e3o, al\u00e9m de exemplos da aplica\u00e7\u00e3o do recurso a produtos culturais.<\/p>\n<p>O p\u00fablico-alvo \u00e9 composto por estudantes, professores, artistas, cineastas, produtores culturais, comunicadores, gestores, profissionais que atuam ou pretendem atuar com acessibilidade e demais interessados. Os ministrantes s\u00e3o Kemi Oshiro (jornalista, mestranda em Cinema pela Universidade Pompeu Fabra, audiodescritora roteirista e narradora), Marcia Caspary (locutora, atriz, audiodescritora roteirista e narradora), Mariana Baierle (jornalista, mestre em Letras pela UFRGS e audiodescritora consultora) e Mimi Arag\u00f3n (publicit\u00e1ria, audiodescritora roteirista e produtora).<\/p>\n<p>SERVI\u00c7O:<br \/>\nO qu\u00ea: Oficina Introdu\u00e7\u00e3o \u00e0 audiodescri\u00e7\u00e3o, primeiro m\u00f3dulo do projeto Descobrindo a audiodescri\u00e7\u00e3o.<\/p>\n<p>Carga hor\u00e1ria: 15 horas\/aula, divididas em cinco encontros.<\/p>\n<p>Datas: 15 (3\u00aaf), 16 (4\u00aaf), 22 (3\u00aaf), 24 (5\u00aaf) e 29 (3\u00aaf) de abril, das 19h \u00e0s 22h.<\/p>\n<p>Local: Casa Duplan (Rua Professor Duplan, 146 \u2013 Bairro Rio Branco \u2013 Porto Alegre\/RS).<\/p>\n<p>Inscri\u00e7\u00f5es: info@tecttumdesign.com.br ou fone (51) 9981.3717.<\/p>\n<p>Investimento: R$ 150,00. Pagamento via dep\u00f3sito banc\u00e1rio (dados fornecidos no momento da inscri\u00e7\u00e3o).<\/p>\n<p>Ministrante: Tagarellas Audiodescri\u00e7\u00e3o (<a href=\"http:\/\/tagasblog.wordpress.com\" target=\"_blank\" rel=\"noopener\">tagasblog.wordpress.com<\/a>)<\/p>\n<p>Promo\u00e7\u00e3o: Tecttum Design (<a href=\"http:\/\/www.tecttumdesign.com.b\" target=\"_blank\" rel=\"noopener\">www.tecttumdesign.com.b<\/a>r)<\/p>\n","protected":false},"excerpt":{"rendered":"<p>Tecttum e Tagarellas abrem inscri\u00e7\u00f5es para a primeira oficina do projeto Descobrindo a audiodescri\u00e7\u00e3o. Aulas do m\u00f3dulo Introdu\u00e7\u00e3o \u00e0 audiodescri\u00e7\u00e3o ser\u00e3o em cinco encontros em abril, na Casa Duplan, em Porto Alegre\/RS. Est\u00e3o abertas as inscri\u00e7\u00f5es para a oficina Introdu\u00e7\u00e3o \u00e0 audiodescri\u00e7\u00e3o, que ocorre em abril, em Porto Alegre\/RS. A atividade \u00e9 promovida pela Tecttum [&hellip;]<\/p>\n","protected":false},"author":1,"featured_media":0,"comment_status":"open","ping_status":"open","sticky":false,"template":"","format":"standard","meta":{"site-container-style":"default","site-container-layout":"default","site-sidebar-layout":"default","disable-article-header":"default","disable-site-header":"default","disable-site-footer":"default","disable-content-area-spacing":"default","footnotes":""},"categories":[38,48],"tags":[],"class_list":["post-26320","post","type-post","status-publish","format-standard","hentry","category-deficiencia","category-inclusao"],"yoast_head":"<!-- This site is optimized with the Yoast SEO plugin v27.4 - https:\/\/yoast.com\/product\/yoast-seo-wordpress\/ -->\n<title>Descobrindo a audiodescri\u00e7\u00e3o -<\/title>\n<meta name=\"robots\" content=\"index, follow, max-snippet:-1, max-image-preview:large, max-video-preview:-1\" \/>\n<link rel=\"canonical\" href=\"https:\/\/inclusivenews.com.br\/?p=26320\" \/>\n<meta property=\"og:locale\" content=\"pt_PT\" \/>\n<meta property=\"og:type\" content=\"article\" \/>\n<meta property=\"og:title\" content=\"Descobrindo a audiodescri\u00e7\u00e3o -\" \/>\n<meta property=\"og:description\" content=\"Tecttum e Tagarellas abrem inscri\u00e7\u00f5es para a primeira oficina do projeto Descobrindo a audiodescri\u00e7\u00e3o. Aulas do m\u00f3dulo Introdu\u00e7\u00e3o \u00e0 audiodescri\u00e7\u00e3o ser\u00e3o em cinco encontros em abril, na Casa Duplan, em Porto Alegre\/RS. Est\u00e3o abertas as inscri\u00e7\u00f5es para a oficina Introdu\u00e7\u00e3o \u00e0 audiodescri\u00e7\u00e3o, que ocorre em abril, em Porto Alegre\/RS. A atividade \u00e9 promovida pela Tecttum [&hellip;]\" \/>\n<meta property=\"og:url\" content=\"https:\/\/inclusivenews.com.br\/?p=26320\" \/>\n<meta property=\"article:publisher\" content=\"https:\/\/www.facebook.com\/agenciainclusive\/\" \/>\n<meta property=\"article:published_time\" content=\"2014-04-09T18:47:12+00:00\" \/>\n<meta property=\"og:image\" content=\"http:\/\/inclusivenews.com.br\/wp-content\/uploads\/audiodescricao.jpg\" \/>\n<meta name=\"author\" content=\"inclusivenews2024\" \/>\n<meta name=\"twitter:card\" content=\"summary_large_image\" \/>\n<meta name=\"twitter:label1\" content=\"Escrito por\" \/>\n\t<meta name=\"twitter:data1\" content=\"inclusivenews2024\" \/>\n\t<meta name=\"twitter:label2\" content=\"Tempo estimado de leitura\" \/>\n\t<meta name=\"twitter:data2\" content=\"2 minutos\" \/>\n<script type=\"application\/ld+json\" class=\"yoast-schema-graph\">{\"@context\":\"https:\\\/\\\/schema.org\",\"@graph\":[{\"@type\":\"Article\",\"@id\":\"https:\\\/\\\/inclusivenews.com.br\\\/?p=26320#article\",\"isPartOf\":{\"@id\":\"https:\\\/\\\/inclusivenews.com.br\\\/?p=26320\"},\"author\":{\"name\":\"inclusivenews2024\",\"@id\":\"https:\\\/\\\/inclusivenews.com.br\\\/#\\\/schema\\\/person\\\/ae4ec7087559b8692fb33b6fffd2273b\"},\"headline\":\"Descobrindo a audiodescri\u00e7\u00e3o\",\"datePublished\":\"2014-04-09T18:47:12+00:00\",\"mainEntityOfPage\":{\"@id\":\"https:\\\/\\\/inclusivenews.com.br\\\/?p=26320\"},\"wordCount\":421,\"commentCount\":0,\"publisher\":{\"@id\":\"https:\\\/\\\/inclusivenews.com.br\\\/#organization\"},\"image\":{\"@id\":\"https:\\\/\\\/inclusivenews.com.br\\\/?p=26320#primaryimage\"},\"thumbnailUrl\":\"http:\\\/\\\/inclusivenews.com.br\\\/wp-content\\\/uploads\\\/audiodescricao.jpg\",\"articleSection\":[\"Defici\u00eancia\",\"INCLUS\u00c3O SOCIAL\"],\"inLanguage\":\"pt-PT\",\"potentialAction\":[{\"@type\":\"CommentAction\",\"name\":\"Comment\",\"target\":[\"https:\\\/\\\/inclusivenews.com.br\\\/?p=26320#respond\"]}]},{\"@type\":\"WebPage\",\"@id\":\"https:\\\/\\\/inclusivenews.com.br\\\/?p=26320\",\"url\":\"https:\\\/\\\/inclusivenews.com.br\\\/?p=26320\",\"name\":\"Descobrindo a audiodescri\u00e7\u00e3o -\",\"isPartOf\":{\"@id\":\"https:\\\/\\\/inclusivenews.com.br\\\/#website\"},\"primaryImageOfPage\":{\"@id\":\"https:\\\/\\\/inclusivenews.com.br\\\/?p=26320#primaryimage\"},\"image\":{\"@id\":\"https:\\\/\\\/inclusivenews.com.br\\\/?p=26320#primaryimage\"},\"thumbnailUrl\":\"http:\\\/\\\/inclusivenews.com.br\\\/wp-content\\\/uploads\\\/audiodescricao.jpg\",\"datePublished\":\"2014-04-09T18:47:12+00:00\",\"breadcrumb\":{\"@id\":\"https:\\\/\\\/inclusivenews.com.br\\\/?p=26320#breadcrumb\"},\"inLanguage\":\"pt-PT\",\"potentialAction\":[{\"@type\":\"ReadAction\",\"target\":[\"https:\\\/\\\/inclusivenews.com.br\\\/?p=26320\"]}]},{\"@type\":\"ImageObject\",\"inLanguage\":\"pt-PT\",\"@id\":\"https:\\\/\\\/inclusivenews.com.br\\\/?p=26320#primaryimage\",\"url\":\"\",\"contentUrl\":\"\"},{\"@type\":\"BreadcrumbList\",\"@id\":\"https:\\\/\\\/inclusivenews.com.br\\\/?p=26320#breadcrumb\",\"itemListElement\":[{\"@type\":\"ListItem\",\"position\":1,\"name\":\"In\u00edcio\",\"item\":\"https:\\\/\\\/inclusivenews.com.br\\\/\"},{\"@type\":\"ListItem\",\"position\":2,\"name\":\"Descobrindo a audiodescri\u00e7\u00e3o\"}]},{\"@type\":\"WebSite\",\"@id\":\"https:\\\/\\\/inclusivenews.com.br\\\/#website\",\"url\":\"https:\\\/\\\/inclusivenews.com.br\\\/\",\"name\":\"Inclusive News\",\"description\":\"Inclusive News\",\"publisher\":{\"@id\":\"https:\\\/\\\/inclusivenews.com.br\\\/#organization\"},\"potentialAction\":[{\"@type\":\"SearchAction\",\"target\":{\"@type\":\"EntryPoint\",\"urlTemplate\":\"https:\\\/\\\/inclusivenews.com.br\\\/?s={search_term_string}\"},\"query-input\":{\"@type\":\"PropertyValueSpecification\",\"valueRequired\":true,\"valueName\":\"search_term_string\"}}],\"inLanguage\":\"pt-PT\"},{\"@type\":\"Organization\",\"@id\":\"https:\\\/\\\/inclusivenews.com.br\\\/#organization\",\"name\":\"Inclusive - inclus\u00e3o e cidadania\",\"url\":\"https:\\\/\\\/inclusivenews.com.br\\\/\",\"logo\":{\"@type\":\"ImageObject\",\"inLanguage\":\"pt-PT\",\"@id\":\"https:\\\/\\\/inclusivenews.com.br\\\/#\\\/schema\\\/logo\\\/image\\\/\",\"url\":\"https:\\\/\\\/inclusivenews.com.br\\\/wp-content\\\/uploads\\\/2024\\\/03\\\/@grandesite.png\",\"contentUrl\":\"https:\\\/\\\/inclusivenews.com.br\\\/wp-content\\\/uploads\\\/2024\\\/03\\\/@grandesite.png\",\"width\":1080,\"height\":1080,\"caption\":\"Inclusive - inclus\u00e3o e cidadania\"},\"image\":{\"@id\":\"https:\\\/\\\/inclusivenews.com.br\\\/#\\\/schema\\\/logo\\\/image\\\/\"},\"sameAs\":[\"https:\\\/\\\/www.facebook.com\\\/agenciainclusive\\\/\",\"https:\\\/\\\/www.instagram.com\\\/newsinclusive\\\/\"]},{\"@type\":\"Person\",\"@id\":\"https:\\\/\\\/inclusivenews.com.br\\\/#\\\/schema\\\/person\\\/ae4ec7087559b8692fb33b6fffd2273b\",\"name\":\"inclusivenews2024\",\"image\":{\"@type\":\"ImageObject\",\"inLanguage\":\"pt-PT\",\"@id\":\"https:\\\/\\\/secure.gravatar.com\\\/avatar\\\/c5a7ef84c66fa914f55bc4f7ce26cfa275a3b9a1c5568b907bd184fb4dde7b40?s=96&d=mm&r=g\",\"url\":\"https:\\\/\\\/secure.gravatar.com\\\/avatar\\\/c5a7ef84c66fa914f55bc4f7ce26cfa275a3b9a1c5568b907bd184fb4dde7b40?s=96&d=mm&r=g\",\"contentUrl\":\"https:\\\/\\\/secure.gravatar.com\\\/avatar\\\/c5a7ef84c66fa914f55bc4f7ce26cfa275a3b9a1c5568b907bd184fb4dde7b40?s=96&d=mm&r=g\",\"caption\":\"inclusivenews2024\"},\"sameAs\":[\"https:\\\/\\\/inclusivenews.com.br\"],\"url\":\"https:\\\/\\\/inclusivenews.com.br\\\/?author=1\"}]}<\/script>\n<!-- \/ Yoast SEO plugin. -->","yoast_head_json":{"title":"Descobrindo a audiodescri\u00e7\u00e3o -","robots":{"index":"index","follow":"follow","max-snippet":"max-snippet:-1","max-image-preview":"max-image-preview:large","max-video-preview":"max-video-preview:-1"},"canonical":"https:\/\/inclusivenews.com.br\/?p=26320","og_locale":"pt_PT","og_type":"article","og_title":"Descobrindo a audiodescri\u00e7\u00e3o -","og_description":"Tecttum e Tagarellas abrem inscri\u00e7\u00f5es para a primeira oficina do projeto Descobrindo a audiodescri\u00e7\u00e3o. Aulas do m\u00f3dulo Introdu\u00e7\u00e3o \u00e0 audiodescri\u00e7\u00e3o ser\u00e3o em cinco encontros em abril, na Casa Duplan, em Porto Alegre\/RS. Est\u00e3o abertas as inscri\u00e7\u00f5es para a oficina Introdu\u00e7\u00e3o \u00e0 audiodescri\u00e7\u00e3o, que ocorre em abril, em Porto Alegre\/RS. A atividade \u00e9 promovida pela Tecttum [&hellip;]","og_url":"https:\/\/inclusivenews.com.br\/?p=26320","article_publisher":"https:\/\/www.facebook.com\/agenciainclusive\/","article_published_time":"2014-04-09T18:47:12+00:00","og_image":[{"url":"http:\/\/inclusivenews.com.br\/wp-content\/uploads\/audiodescricao.jpg","type":"","width":"","height":""}],"author":"inclusivenews2024","twitter_card":"summary_large_image","twitter_misc":{"Escrito por":"inclusivenews2024","Tempo estimado de leitura":"2 minutos"},"schema":{"@context":"https:\/\/schema.org","@graph":[{"@type":"Article","@id":"https:\/\/inclusivenews.com.br\/?p=26320#article","isPartOf":{"@id":"https:\/\/inclusivenews.com.br\/?p=26320"},"author":{"name":"inclusivenews2024","@id":"https:\/\/inclusivenews.com.br\/#\/schema\/person\/ae4ec7087559b8692fb33b6fffd2273b"},"headline":"Descobrindo a audiodescri\u00e7\u00e3o","datePublished":"2014-04-09T18:47:12+00:00","mainEntityOfPage":{"@id":"https:\/\/inclusivenews.com.br\/?p=26320"},"wordCount":421,"commentCount":0,"publisher":{"@id":"https:\/\/inclusivenews.com.br\/#organization"},"image":{"@id":"https:\/\/inclusivenews.com.br\/?p=26320#primaryimage"},"thumbnailUrl":"http:\/\/inclusivenews.com.br\/wp-content\/uploads\/audiodescricao.jpg","articleSection":["Defici\u00eancia","INCLUS\u00c3O SOCIAL"],"inLanguage":"pt-PT","potentialAction":[{"@type":"CommentAction","name":"Comment","target":["https:\/\/inclusivenews.com.br\/?p=26320#respond"]}]},{"@type":"WebPage","@id":"https:\/\/inclusivenews.com.br\/?p=26320","url":"https:\/\/inclusivenews.com.br\/?p=26320","name":"Descobrindo a audiodescri\u00e7\u00e3o -","isPartOf":{"@id":"https:\/\/inclusivenews.com.br\/#website"},"primaryImageOfPage":{"@id":"https:\/\/inclusivenews.com.br\/?p=26320#primaryimage"},"image":{"@id":"https:\/\/inclusivenews.com.br\/?p=26320#primaryimage"},"thumbnailUrl":"http:\/\/inclusivenews.com.br\/wp-content\/uploads\/audiodescricao.jpg","datePublished":"2014-04-09T18:47:12+00:00","breadcrumb":{"@id":"https:\/\/inclusivenews.com.br\/?p=26320#breadcrumb"},"inLanguage":"pt-PT","potentialAction":[{"@type":"ReadAction","target":["https:\/\/inclusivenews.com.br\/?p=26320"]}]},{"@type":"ImageObject","inLanguage":"pt-PT","@id":"https:\/\/inclusivenews.com.br\/?p=26320#primaryimage","url":"","contentUrl":""},{"@type":"BreadcrumbList","@id":"https:\/\/inclusivenews.com.br\/?p=26320#breadcrumb","itemListElement":[{"@type":"ListItem","position":1,"name":"In\u00edcio","item":"https:\/\/inclusivenews.com.br\/"},{"@type":"ListItem","position":2,"name":"Descobrindo a audiodescri\u00e7\u00e3o"}]},{"@type":"WebSite","@id":"https:\/\/inclusivenews.com.br\/#website","url":"https:\/\/inclusivenews.com.br\/","name":"Inclusive News","description":"Inclusive News","publisher":{"@id":"https:\/\/inclusivenews.com.br\/#organization"},"potentialAction":[{"@type":"SearchAction","target":{"@type":"EntryPoint","urlTemplate":"https:\/\/inclusivenews.com.br\/?s={search_term_string}"},"query-input":{"@type":"PropertyValueSpecification","valueRequired":true,"valueName":"search_term_string"}}],"inLanguage":"pt-PT"},{"@type":"Organization","@id":"https:\/\/inclusivenews.com.br\/#organization","name":"Inclusive - inclus\u00e3o e cidadania","url":"https:\/\/inclusivenews.com.br\/","logo":{"@type":"ImageObject","inLanguage":"pt-PT","@id":"https:\/\/inclusivenews.com.br\/#\/schema\/logo\/image\/","url":"https:\/\/inclusivenews.com.br\/wp-content\/uploads\/2024\/03\/@grandesite.png","contentUrl":"https:\/\/inclusivenews.com.br\/wp-content\/uploads\/2024\/03\/@grandesite.png","width":1080,"height":1080,"caption":"Inclusive - inclus\u00e3o e cidadania"},"image":{"@id":"https:\/\/inclusivenews.com.br\/#\/schema\/logo\/image\/"},"sameAs":["https:\/\/www.facebook.com\/agenciainclusive\/","https:\/\/www.instagram.com\/newsinclusive\/"]},{"@type":"Person","@id":"https:\/\/inclusivenews.com.br\/#\/schema\/person\/ae4ec7087559b8692fb33b6fffd2273b","name":"inclusivenews2024","image":{"@type":"ImageObject","inLanguage":"pt-PT","@id":"https:\/\/secure.gravatar.com\/avatar\/c5a7ef84c66fa914f55bc4f7ce26cfa275a3b9a1c5568b907bd184fb4dde7b40?s=96&d=mm&r=g","url":"https:\/\/secure.gravatar.com\/avatar\/c5a7ef84c66fa914f55bc4f7ce26cfa275a3b9a1c5568b907bd184fb4dde7b40?s=96&d=mm&r=g","contentUrl":"https:\/\/secure.gravatar.com\/avatar\/c5a7ef84c66fa914f55bc4f7ce26cfa275a3b9a1c5568b907bd184fb4dde7b40?s=96&d=mm&r=g","caption":"inclusivenews2024"},"sameAs":["https:\/\/inclusivenews.com.br"],"url":"https:\/\/inclusivenews.com.br\/?author=1"}]}},"_links":{"self":[{"href":"https:\/\/inclusivenews.com.br\/index.php?rest_route=\/wp\/v2\/posts\/26320","targetHints":{"allow":["GET"]}}],"collection":[{"href":"https:\/\/inclusivenews.com.br\/index.php?rest_route=\/wp\/v2\/posts"}],"about":[{"href":"https:\/\/inclusivenews.com.br\/index.php?rest_route=\/wp\/v2\/types\/post"}],"author":[{"embeddable":true,"href":"https:\/\/inclusivenews.com.br\/index.php?rest_route=\/wp\/v2\/users\/1"}],"replies":[{"embeddable":true,"href":"https:\/\/inclusivenews.com.br\/index.php?rest_route=%2Fwp%2Fv2%2Fcomments&post=26320"}],"version-history":[{"count":0,"href":"https:\/\/inclusivenews.com.br\/index.php?rest_route=\/wp\/v2\/posts\/26320\/revisions"}],"wp:attachment":[{"href":"https:\/\/inclusivenews.com.br\/index.php?rest_route=%2Fwp%2Fv2%2Fmedia&parent=26320"}],"wp:term":[{"taxonomy":"category","embeddable":true,"href":"https:\/\/inclusivenews.com.br\/index.php?rest_route=%2Fwp%2Fv2%2Fcategories&post=26320"},{"taxonomy":"post_tag","embeddable":true,"href":"https:\/\/inclusivenews.com.br\/index.php?rest_route=%2Fwp%2Fv2%2Ftags&post=26320"}],"curies":[{"name":"wp","href":"https:\/\/api.w.org\/{rel}","templated":true}]}}