{"id":26322,"date":"2014-04-09T15:47:07","date_gmt":"2014-04-09T18:47:07","guid":{"rendered":"http:\/\/www.inclusive.org.br\/?p=26322"},"modified":"2014-04-09T15:47:07","modified_gmt":"2014-04-09T18:47:07","slug":"os-riscos-do-diagnostico-precoce-de-autismo-na-infancia","status":"publish","type":"post","link":"https:\/\/inclusivenews.com.br\/?p=26322","title":{"rendered":"Os riscos do diagn\u00f3stico precoce de autismo na inf\u00e2ncia"},"content":{"rendered":"<p><img loading=\"lazy\" decoding=\"async\" class=\"wp-image-16112 alignleft\" alt=\"Fita feita de quebra-cabe\u00e7as coloridos - s\u00edmbolo do autismo\" src=\"http:\/\/inclusivenews.com.br\/wp-content\/uploads\/2010\/06\/autismo-fita.jpg\" width=\"177\" height=\"310\" \/><\/p>\n<p>Segundo as \u00faltimas estat\u00edsticas do CDC (Centers for Disease Control and Pevention), uma em cada 68 crian\u00e7as apresenta Transtorno do espectro autista. Considerando que este mesmo Centro estimou que entre 2000 e 2002 a estimativa era de uma para 150 crian\u00e7as, houve, em 12 anos, um aumento de 120% da incid\u00eancia desse transtorno. Ou seja, segundo esses dados, estar\u00edamos enfrentando uma epidemia de autismo.<\/p>\n<p>Perplexos, todos se perguntam, sem encontrar uma resposta convincente, o que explicaria um aumento t\u00e3o expressivo desse transtorno. Uma das hip\u00f3teses mais levantadas pelos autores das pesquisas \u00e9 a de que esses n\u00fameros crescem a cada dia porque s\u00f3 agora se sabe diagnosticar o autismo. Bem ao contr\u00e1rio, pensamos que estes n\u00fameros aberrantes s\u00e3o o efeito de uma pr\u00e1tica diagn\u00f3stica hegem\u00f4nica nos dias de hoje, para n\u00f3s bastante question\u00e1vel e perigosa, por dois fatores. Primeiro, porque esta pr\u00e1tica diagn\u00f3stica baseada no DSM V, em que basta listar sintomas e agrup\u00e1-los com sua correspondente etiqueta para se obter um diagn\u00f3stico, n\u00e3o leva em considera\u00e7\u00e3o o contexto psicossocial desses sintomas. Segundo, porque o Transtorno do Espectro autista (categoria classificat\u00f3ria criada pelo DSM V) considera como sinal de autismo, v\u00e1rios comportamentos que s\u00e3o pr\u00f3prios da inf\u00e2ncia e outros que tamb\u00e9m podem ser encontrados nas mais diferentes situa\u00e7\u00f5es ou condi\u00e7\u00f5es ps\u00edquicas das crian\u00e7as. Andar nas pontas dos p\u00e9s, gostar de girar objetos ou seu pr\u00f3prio corpo, falar na terceira pessoa, seletividade alimentar, crises de f\u00faria intensas, por exemplo, s\u00e3o encontrados no desenvolvimento habitual das crian\u00e7as. Mesmo a evita\u00e7\u00e3o do olhar, o embotamento afetivo, o isolamento, baixa toler\u00e2ncia \u00e0 frustra\u00e7\u00e3o, repert\u00f3rio restrito de interesses, podem ser encontrados nas mais diferentes situa\u00e7\u00f5es de dificuldades enfrentadas pela crian\u00e7a. Por si s\u00f3, eles n\u00e3o s\u00e3o, nem indicam, necessariamente, risco de autismo, muito menos, s\u00e3o suficientes para diagnostic\u00e1-lo.<\/p>\n<p>Na contram\u00e3o desse jeito de fazer diagn\u00f3stico, temos, ao longo desses anos alertado para o risco que representa essa pr\u00e1tica diagn\u00f3stica, sobretudo quando se lida com crian\u00e7as muito pequenas. Justo porque a crian\u00e7a em todos os aspectos do seu desenvolvimento encontra-se em pleno devir, o m\u00e1ximo que podemos e devemos dizer sobre esses sinais s\u00e3o um alerta de que algo n\u00e3o est\u00e1 indo bem com essa crian\u00e7a e, portanto, que ela precisa ser cuidada o mais cedo poss\u00edvel.<\/p>\n<p>Da\u00ed gostarmos de dizer no CPPL que prevenir \u00e9 cuidar. Para concluir, poder\u00edamos dizer ent\u00e3o que, se por um lado devemos estar atentos, acolher e cuidar precocemente dos sinais de alerta emitidos pelas crian\u00e7as, por outro, devemos tamb\u00e9m atentar para o grande risco de diagnosticar o Transtorno do espectro autista ou qualquer outro, sobretudo para as crian\u00e7as muito pequenas, porque termina-se por induzir justo o que se quer prevenir e evitar.<\/p>\n<p>Fonte: Inf\u00e2ncia, ano 2, n. 1, abr.\/2014.\/<a href=\"http:\/\/cppl.com.br\/\" target=\"_blank\" rel=\"noopener\">CPPL<\/a><\/p>\n","protected":false},"excerpt":{"rendered":"<p>Poder\u00edamos dizer ent\u00e3o que, se por um lado devemos estar atentos, acolher e cuidar precocemente dos sinais de alerta emitidos pelas crian\u00e7as, por outro, devemos tamb\u00e9m atentar para o grande risco de diagnosticar o Transtorno do espectro autista ou qualquer outro, sobretudo para as crian\u00e7as muito pequenas, porque termina-se por induzir justo o que se quer prevenir e evitar.<\/p>\n","protected":false},"author":1,"featured_media":0,"comment_status":"open","ping_status":"open","sticky":false,"template":"","format":"standard","meta":{"site-container-style":"default","site-container-layout":"default","site-sidebar-layout":"default","disable-article-header":"default","disable-site-header":"default","disable-site-footer":"default","disable-content-area-spacing":"default","footnotes":""},"categories":[4],"tags":[34],"class_list":["post-26322","post","type-post","status-publish","format-standard","hentry","category-noticias","tag-autismo"],"yoast_head":"<!-- This site is optimized with the Yoast SEO plugin v27.4 - https:\/\/yoast.com\/product\/yoast-seo-wordpress\/ -->\n<title>Os riscos do diagn\u00f3stico precoce de autismo na inf\u00e2ncia -<\/title>\n<meta name=\"robots\" content=\"index, follow, max-snippet:-1, max-image-preview:large, max-video-preview:-1\" \/>\n<link rel=\"canonical\" href=\"https:\/\/inclusivenews.com.br\/?p=26322\" \/>\n<meta property=\"og:locale\" content=\"pt_PT\" \/>\n<meta property=\"og:type\" content=\"article\" \/>\n<meta property=\"og:title\" content=\"Os riscos do diagn\u00f3stico precoce de autismo na inf\u00e2ncia -\" \/>\n<meta property=\"og:description\" content=\"Poder\u00edamos dizer ent\u00e3o que, se por um lado devemos estar atentos, acolher e cuidar precocemente dos sinais de alerta emitidos pelas crian\u00e7as, por outro, devemos tamb\u00e9m atentar para o grande risco de diagnosticar o Transtorno do espectro autista ou qualquer outro, sobretudo para as crian\u00e7as muito pequenas, porque termina-se por induzir justo o que se quer prevenir e evitar.\" \/>\n<meta property=\"og:url\" content=\"https:\/\/inclusivenews.com.br\/?p=26322\" \/>\n<meta property=\"article:publisher\" content=\"https:\/\/www.facebook.com\/agenciainclusive\/\" \/>\n<meta property=\"article:published_time\" content=\"2014-04-09T18:47:07+00:00\" \/>\n<meta property=\"og:image\" content=\"http:\/\/inclusivenews.com.br\/wp-content\/uploads\/2010\/06\/autismo-fita.jpg\" \/>\n<meta name=\"author\" content=\"inclusivenews2024\" \/>\n<meta name=\"twitter:card\" content=\"summary_large_image\" \/>\n<meta name=\"twitter:label1\" content=\"Escrito por\" \/>\n\t<meta name=\"twitter:data1\" content=\"inclusivenews2024\" \/>\n\t<meta name=\"twitter:label2\" content=\"Tempo estimado de leitura\" \/>\n\t<meta name=\"twitter:data2\" content=\"3 minutos\" \/>\n<script type=\"application\/ld+json\" class=\"yoast-schema-graph\">{\"@context\":\"https:\\\/\\\/schema.org\",\"@graph\":[{\"@type\":\"Article\",\"@id\":\"https:\\\/\\\/inclusivenews.com.br\\\/?p=26322#article\",\"isPartOf\":{\"@id\":\"https:\\\/\\\/inclusivenews.com.br\\\/?p=26322\"},\"author\":{\"name\":\"inclusivenews2024\",\"@id\":\"https:\\\/\\\/inclusivenews.com.br\\\/#\\\/schema\\\/person\\\/ae4ec7087559b8692fb33b6fffd2273b\"},\"headline\":\"Os riscos do diagn\u00f3stico precoce de autismo na inf\u00e2ncia\",\"datePublished\":\"2014-04-09T18:47:07+00:00\",\"mainEntityOfPage\":{\"@id\":\"https:\\\/\\\/inclusivenews.com.br\\\/?p=26322\"},\"wordCount\":514,\"commentCount\":0,\"publisher\":{\"@id\":\"https:\\\/\\\/inclusivenews.com.br\\\/#organization\"},\"image\":{\"@id\":\"https:\\\/\\\/inclusivenews.com.br\\\/?p=26322#primaryimage\"},\"thumbnailUrl\":\"http:\\\/\\\/inclusivenews.com.br\\\/wp-content\\\/uploads\\\/2010\\\/06\\\/autismo-fita.jpg\",\"keywords\":[\"Autismo\"],\"articleSection\":[\"NOT\u00cdCIAS\"],\"inLanguage\":\"pt-PT\",\"potentialAction\":[{\"@type\":\"CommentAction\",\"name\":\"Comment\",\"target\":[\"https:\\\/\\\/inclusivenews.com.br\\\/?p=26322#respond\"]}]},{\"@type\":\"WebPage\",\"@id\":\"https:\\\/\\\/inclusivenews.com.br\\\/?p=26322\",\"url\":\"https:\\\/\\\/inclusivenews.com.br\\\/?p=26322\",\"name\":\"Os riscos do diagn\u00f3stico precoce de autismo na inf\u00e2ncia -\",\"isPartOf\":{\"@id\":\"https:\\\/\\\/inclusivenews.com.br\\\/#website\"},\"primaryImageOfPage\":{\"@id\":\"https:\\\/\\\/inclusivenews.com.br\\\/?p=26322#primaryimage\"},\"image\":{\"@id\":\"https:\\\/\\\/inclusivenews.com.br\\\/?p=26322#primaryimage\"},\"thumbnailUrl\":\"http:\\\/\\\/inclusivenews.com.br\\\/wp-content\\\/uploads\\\/2010\\\/06\\\/autismo-fita.jpg\",\"datePublished\":\"2014-04-09T18:47:07+00:00\",\"breadcrumb\":{\"@id\":\"https:\\\/\\\/inclusivenews.com.br\\\/?p=26322#breadcrumb\"},\"inLanguage\":\"pt-PT\",\"potentialAction\":[{\"@type\":\"ReadAction\",\"target\":[\"https:\\\/\\\/inclusivenews.com.br\\\/?p=26322\"]}]},{\"@type\":\"ImageObject\",\"inLanguage\":\"pt-PT\",\"@id\":\"https:\\\/\\\/inclusivenews.com.br\\\/?p=26322#primaryimage\",\"url\":\"\",\"contentUrl\":\"\"},{\"@type\":\"BreadcrumbList\",\"@id\":\"https:\\\/\\\/inclusivenews.com.br\\\/?p=26322#breadcrumb\",\"itemListElement\":[{\"@type\":\"ListItem\",\"position\":1,\"name\":\"In\u00edcio\",\"item\":\"https:\\\/\\\/inclusivenews.com.br\\\/\"},{\"@type\":\"ListItem\",\"position\":2,\"name\":\"Os riscos do diagn\u00f3stico precoce de autismo na inf\u00e2ncia\"}]},{\"@type\":\"WebSite\",\"@id\":\"https:\\\/\\\/inclusivenews.com.br\\\/#website\",\"url\":\"https:\\\/\\\/inclusivenews.com.br\\\/\",\"name\":\"Inclusive News\",\"description\":\"Inclusive News\",\"publisher\":{\"@id\":\"https:\\\/\\\/inclusivenews.com.br\\\/#organization\"},\"potentialAction\":[{\"@type\":\"SearchAction\",\"target\":{\"@type\":\"EntryPoint\",\"urlTemplate\":\"https:\\\/\\\/inclusivenews.com.br\\\/?s={search_term_string}\"},\"query-input\":{\"@type\":\"PropertyValueSpecification\",\"valueRequired\":true,\"valueName\":\"search_term_string\"}}],\"inLanguage\":\"pt-PT\"},{\"@type\":\"Organization\",\"@id\":\"https:\\\/\\\/inclusivenews.com.br\\\/#organization\",\"name\":\"Inclusive - inclus\u00e3o e cidadania\",\"url\":\"https:\\\/\\\/inclusivenews.com.br\\\/\",\"logo\":{\"@type\":\"ImageObject\",\"inLanguage\":\"pt-PT\",\"@id\":\"https:\\\/\\\/inclusivenews.com.br\\\/#\\\/schema\\\/logo\\\/image\\\/\",\"url\":\"https:\\\/\\\/inclusivenews.com.br\\\/wp-content\\\/uploads\\\/2024\\\/03\\\/@grandesite.png\",\"contentUrl\":\"https:\\\/\\\/inclusivenews.com.br\\\/wp-content\\\/uploads\\\/2024\\\/03\\\/@grandesite.png\",\"width\":1080,\"height\":1080,\"caption\":\"Inclusive - inclus\u00e3o e cidadania\"},\"image\":{\"@id\":\"https:\\\/\\\/inclusivenews.com.br\\\/#\\\/schema\\\/logo\\\/image\\\/\"},\"sameAs\":[\"https:\\\/\\\/www.facebook.com\\\/agenciainclusive\\\/\",\"https:\\\/\\\/www.instagram.com\\\/newsinclusive\\\/\"]},{\"@type\":\"Person\",\"@id\":\"https:\\\/\\\/inclusivenews.com.br\\\/#\\\/schema\\\/person\\\/ae4ec7087559b8692fb33b6fffd2273b\",\"name\":\"inclusivenews2024\",\"image\":{\"@type\":\"ImageObject\",\"inLanguage\":\"pt-PT\",\"@id\":\"https:\\\/\\\/secure.gravatar.com\\\/avatar\\\/c5a7ef84c66fa914f55bc4f7ce26cfa275a3b9a1c5568b907bd184fb4dde7b40?s=96&d=mm&r=g\",\"url\":\"https:\\\/\\\/secure.gravatar.com\\\/avatar\\\/c5a7ef84c66fa914f55bc4f7ce26cfa275a3b9a1c5568b907bd184fb4dde7b40?s=96&d=mm&r=g\",\"contentUrl\":\"https:\\\/\\\/secure.gravatar.com\\\/avatar\\\/c5a7ef84c66fa914f55bc4f7ce26cfa275a3b9a1c5568b907bd184fb4dde7b40?s=96&d=mm&r=g\",\"caption\":\"inclusivenews2024\"},\"sameAs\":[\"https:\\\/\\\/inclusivenews.com.br\"],\"url\":\"https:\\\/\\\/inclusivenews.com.br\\\/?author=1\"}]}<\/script>\n<!-- \/ Yoast SEO plugin. -->","yoast_head_json":{"title":"Os riscos do diagn\u00f3stico precoce de autismo na inf\u00e2ncia -","robots":{"index":"index","follow":"follow","max-snippet":"max-snippet:-1","max-image-preview":"max-image-preview:large","max-video-preview":"max-video-preview:-1"},"canonical":"https:\/\/inclusivenews.com.br\/?p=26322","og_locale":"pt_PT","og_type":"article","og_title":"Os riscos do diagn\u00f3stico precoce de autismo na inf\u00e2ncia -","og_description":"Poder\u00edamos dizer ent\u00e3o que, se por um lado devemos estar atentos, acolher e cuidar precocemente dos sinais de alerta emitidos pelas crian\u00e7as, por outro, devemos tamb\u00e9m atentar para o grande risco de diagnosticar o Transtorno do espectro autista ou qualquer outro, sobretudo para as crian\u00e7as muito pequenas, porque termina-se por induzir justo o que se quer prevenir e evitar.","og_url":"https:\/\/inclusivenews.com.br\/?p=26322","article_publisher":"https:\/\/www.facebook.com\/agenciainclusive\/","article_published_time":"2014-04-09T18:47:07+00:00","og_image":[{"url":"http:\/\/inclusivenews.com.br\/wp-content\/uploads\/2010\/06\/autismo-fita.jpg","type":"","width":"","height":""}],"author":"inclusivenews2024","twitter_card":"summary_large_image","twitter_misc":{"Escrito por":"inclusivenews2024","Tempo estimado de leitura":"3 minutos"},"schema":{"@context":"https:\/\/schema.org","@graph":[{"@type":"Article","@id":"https:\/\/inclusivenews.com.br\/?p=26322#article","isPartOf":{"@id":"https:\/\/inclusivenews.com.br\/?p=26322"},"author":{"name":"inclusivenews2024","@id":"https:\/\/inclusivenews.com.br\/#\/schema\/person\/ae4ec7087559b8692fb33b6fffd2273b"},"headline":"Os riscos do diagn\u00f3stico precoce de autismo na inf\u00e2ncia","datePublished":"2014-04-09T18:47:07+00:00","mainEntityOfPage":{"@id":"https:\/\/inclusivenews.com.br\/?p=26322"},"wordCount":514,"commentCount":0,"publisher":{"@id":"https:\/\/inclusivenews.com.br\/#organization"},"image":{"@id":"https:\/\/inclusivenews.com.br\/?p=26322#primaryimage"},"thumbnailUrl":"http:\/\/inclusivenews.com.br\/wp-content\/uploads\/2010\/06\/autismo-fita.jpg","keywords":["Autismo"],"articleSection":["NOT\u00cdCIAS"],"inLanguage":"pt-PT","potentialAction":[{"@type":"CommentAction","name":"Comment","target":["https:\/\/inclusivenews.com.br\/?p=26322#respond"]}]},{"@type":"WebPage","@id":"https:\/\/inclusivenews.com.br\/?p=26322","url":"https:\/\/inclusivenews.com.br\/?p=26322","name":"Os riscos do diagn\u00f3stico precoce de autismo na inf\u00e2ncia -","isPartOf":{"@id":"https:\/\/inclusivenews.com.br\/#website"},"primaryImageOfPage":{"@id":"https:\/\/inclusivenews.com.br\/?p=26322#primaryimage"},"image":{"@id":"https:\/\/inclusivenews.com.br\/?p=26322#primaryimage"},"thumbnailUrl":"http:\/\/inclusivenews.com.br\/wp-content\/uploads\/2010\/06\/autismo-fita.jpg","datePublished":"2014-04-09T18:47:07+00:00","breadcrumb":{"@id":"https:\/\/inclusivenews.com.br\/?p=26322#breadcrumb"},"inLanguage":"pt-PT","potentialAction":[{"@type":"ReadAction","target":["https:\/\/inclusivenews.com.br\/?p=26322"]}]},{"@type":"ImageObject","inLanguage":"pt-PT","@id":"https:\/\/inclusivenews.com.br\/?p=26322#primaryimage","url":"","contentUrl":""},{"@type":"BreadcrumbList","@id":"https:\/\/inclusivenews.com.br\/?p=26322#breadcrumb","itemListElement":[{"@type":"ListItem","position":1,"name":"In\u00edcio","item":"https:\/\/inclusivenews.com.br\/"},{"@type":"ListItem","position":2,"name":"Os riscos do diagn\u00f3stico precoce de autismo na inf\u00e2ncia"}]},{"@type":"WebSite","@id":"https:\/\/inclusivenews.com.br\/#website","url":"https:\/\/inclusivenews.com.br\/","name":"Inclusive News","description":"Inclusive News","publisher":{"@id":"https:\/\/inclusivenews.com.br\/#organization"},"potentialAction":[{"@type":"SearchAction","target":{"@type":"EntryPoint","urlTemplate":"https:\/\/inclusivenews.com.br\/?s={search_term_string}"},"query-input":{"@type":"PropertyValueSpecification","valueRequired":true,"valueName":"search_term_string"}}],"inLanguage":"pt-PT"},{"@type":"Organization","@id":"https:\/\/inclusivenews.com.br\/#organization","name":"Inclusive - inclus\u00e3o e cidadania","url":"https:\/\/inclusivenews.com.br\/","logo":{"@type":"ImageObject","inLanguage":"pt-PT","@id":"https:\/\/inclusivenews.com.br\/#\/schema\/logo\/image\/","url":"https:\/\/inclusivenews.com.br\/wp-content\/uploads\/2024\/03\/@grandesite.png","contentUrl":"https:\/\/inclusivenews.com.br\/wp-content\/uploads\/2024\/03\/@grandesite.png","width":1080,"height":1080,"caption":"Inclusive - inclus\u00e3o e cidadania"},"image":{"@id":"https:\/\/inclusivenews.com.br\/#\/schema\/logo\/image\/"},"sameAs":["https:\/\/www.facebook.com\/agenciainclusive\/","https:\/\/www.instagram.com\/newsinclusive\/"]},{"@type":"Person","@id":"https:\/\/inclusivenews.com.br\/#\/schema\/person\/ae4ec7087559b8692fb33b6fffd2273b","name":"inclusivenews2024","image":{"@type":"ImageObject","inLanguage":"pt-PT","@id":"https:\/\/secure.gravatar.com\/avatar\/c5a7ef84c66fa914f55bc4f7ce26cfa275a3b9a1c5568b907bd184fb4dde7b40?s=96&d=mm&r=g","url":"https:\/\/secure.gravatar.com\/avatar\/c5a7ef84c66fa914f55bc4f7ce26cfa275a3b9a1c5568b907bd184fb4dde7b40?s=96&d=mm&r=g","contentUrl":"https:\/\/secure.gravatar.com\/avatar\/c5a7ef84c66fa914f55bc4f7ce26cfa275a3b9a1c5568b907bd184fb4dde7b40?s=96&d=mm&r=g","caption":"inclusivenews2024"},"sameAs":["https:\/\/inclusivenews.com.br"],"url":"https:\/\/inclusivenews.com.br\/?author=1"}]}},"_links":{"self":[{"href":"https:\/\/inclusivenews.com.br\/index.php?rest_route=\/wp\/v2\/posts\/26322","targetHints":{"allow":["GET"]}}],"collection":[{"href":"https:\/\/inclusivenews.com.br\/index.php?rest_route=\/wp\/v2\/posts"}],"about":[{"href":"https:\/\/inclusivenews.com.br\/index.php?rest_route=\/wp\/v2\/types\/post"}],"author":[{"embeddable":true,"href":"https:\/\/inclusivenews.com.br\/index.php?rest_route=\/wp\/v2\/users\/1"}],"replies":[{"embeddable":true,"href":"https:\/\/inclusivenews.com.br\/index.php?rest_route=%2Fwp%2Fv2%2Fcomments&post=26322"}],"version-history":[{"count":0,"href":"https:\/\/inclusivenews.com.br\/index.php?rest_route=\/wp\/v2\/posts\/26322\/revisions"}],"wp:attachment":[{"href":"https:\/\/inclusivenews.com.br\/index.php?rest_route=%2Fwp%2Fv2%2Fmedia&parent=26322"}],"wp:term":[{"taxonomy":"category","embeddable":true,"href":"https:\/\/inclusivenews.com.br\/index.php?rest_route=%2Fwp%2Fv2%2Fcategories&post=26322"},{"taxonomy":"post_tag","embeddable":true,"href":"https:\/\/inclusivenews.com.br\/index.php?rest_route=%2Fwp%2Fv2%2Ftags&post=26322"}],"curies":[{"name":"wp","href":"https:\/\/api.w.org\/{rel}","templated":true}]}}