{"id":26458,"date":"2014-06-07T08:27:59","date_gmt":"2014-06-07T11:27:59","guid":{"rendered":"http:\/\/www.inclusive.org.br\/?p=26458"},"modified":"2014-06-07T08:27:59","modified_gmt":"2014-06-07T11:27:59","slug":"pontape-inicial-em-que-direcao","status":"publish","type":"post","link":"https:\/\/inclusivenews.com.br\/?p=26458","title":{"rendered":"Pontap\u00e9 inicial em que dire\u00e7\u00e3o?"},"content":{"rendered":"<blockquote><p>A visibilidade na abertura da Copa do Mundo centrada em um parapl\u00e9gico \u201crecuperado\u201d n\u00e3o \u00e9 sin\u00f4nimo de qualidade de vida para um bilh\u00e3o de pessoas com defici\u00eancia ao redor do mundo.<\/p><\/blockquote>\n<figure id=\"attachment_26459\" aria-describedby=\"caption-attachment-26459\" style=\"width: 300px\" class=\"wp-caption alignnone\"><img loading=\"lazy\" decoding=\"async\" class=\"size-full wp-image-26459\" alt=\"Uma pessoa levanta de sua cadeira de rodas, com seu exoesqueleto e chuta uma bola de futebol no centro de um gramado\" src=\"http:\/\/inclusivenews.com.br\/wp-content\/uploads\/exo.jpg\" width=\"300\" height=\"168\" \/><figcaption id=\"caption-attachment-26459\" class=\"wp-caption-text\">Foto: Di\u00e1rio do Centro do Mundo<\/figcaption><\/figure>\n<p><em>Por Izabel Maior *<\/em><\/p>\n<p>Absorvidos pelos debates pol\u00edtico e econ\u00f4mico relativos \u00e0s iniciativas para a Copa do Mundo da FIFA de 2014, muito pouco se discutiu sobre o chute inicial do jogo do dia 12 de junho, que acontecer\u00e1 na Arena de S\u00e3o Paulo, entre o Brasil e a Cro\u00e1cia. A m\u00eddia anunciou que uma pesquisa cient\u00edfica inovadora colocar\u00e1 em campo um jovem com defici\u00eancia f\u00edsica instrumentalizado com recursos tecnol\u00f3gicos. Os recursos permitir\u00e3o superar a paralisia de suas pernas. O jovem levantar\u00e1 da cadeira de rodas, caminhar\u00e1 cerca de 30 metros e dar\u00e1 o pontap\u00e9 inaugural, frente a uma audi\u00eancia planet\u00e1ria.<\/p>\n<p>\u00c9 natural que diversos grupos de interesse se mobilizem para divulgar suas ideias e mostrar os resultados de pesquisas para a sociedade. Obter espa\u00e7o de destaque no maior evento internacional da atualidade, com milh\u00f5es de espectadores, \u00e9 um grande feito. No caso da Copa, caber\u00e1 aos estudos da equipe do neurocientista brasileiro Miguel Nicolelis, radicado na Duke University, nos Estados Unidos, expor os avan\u00e7os da intera\u00e7\u00e3o c\u00e9rebro-m\u00e1quina\u00a0 em seres humanos com paraplegia e tetraplegia. De acordo com as informa\u00e7\u00f5es gerais, os estudos se desenvolvem em parceria com institui\u00e7\u00f5es na Su\u00ed\u00e7a, Alemanha e Brasil (Natal e S\u00e3o Paulo).<\/p>\n<p>O convidado parapl\u00e9gico estar\u00e1 vestido com uma armadura chamada exoesqueleto, com eletrodos para estimular m\u00fasculos paralisados devido \u00e0 les\u00e3o medular. Os eletrodos captar\u00e3o a atividade el\u00e9trica cerebral para acionar voluntariamente\u00a0 os grupos musculares envolvidos na atividade de mover a coxa e a perna para impulsionar a bola oficial dos jogos.<\/p>\n<p>Acredita-se que a demonstra\u00e7\u00e3o do estado da arte de uma das linhas de pesquisa para superar a paralisia, assistida por espectadores de 240 pa\u00edses, causar\u00e1 impacto na m\u00eddia, podendo gerar debates e incentivos no mundo acad\u00eamico e fora dele.<\/p>\n<p>A \u201ccura da defici\u00eancia\u201d \u00e9 uma esperan\u00e7a legitima de uma pessoa com paralisia e este desejo se manifesta principalmente na fase inicial das les\u00f5es. Al\u00e9m disso, nas sociedades n\u00e3o inclusivas, que n\u00e3o prov\u00eaem acessibilidade e assumem condutas discriminat\u00f3rias, deixar de ter paralisia \u00e9 basicamente um imperativo. Sabe-se que a situa\u00e7\u00e3o desse segmento \u00e9 marcada pela escassez de sistemas e servi\u00e7os de aten\u00e7\u00e3o \u00e0s suas demandas, apesar da luta historica do movimento civil de pessoas com defici\u00eancia.<\/p>\n<p>O direito \u00e0 sa\u00fade e \u00e0 reabilita\u00e7\u00e3o \u00e9 bem mais amplo e n\u00e3o se restringe a iniciativas como o \u201cWalk Again Project\u201d (Projeto Andar Novamente) e similares. Esse ponto precisar\u00e1 ser bem analisado e explicado, caso contr\u00e1rio, o\u00a0 mundo receber\u00e1 uma imagem distorcida da realidade brasileira e dos outros pa\u00edses. \u00c9 praticamente imposs\u00edvel imaginar, por exemplo, que pessoas com defici\u00eancia em pa\u00edses em desenvolvimento tenham possibilidade de andar novamente a partir de um recurso como este devido principalmente a seu alto custo.<\/p>\n<p>A visibilidade na abertura da Copa do Mundo centrada em um parapl\u00e9gico \u201crecuperado\u201d n\u00e3o \u00e9 sin\u00f4nimo de qualidade de vida para um bilh\u00e3o de pessoas com defici\u00eancia ao redor do mundo.<\/p>\n<p>Deseja-se que o legado da Copa de 2014 atenda de forma integral \u00e0 sociedade, inclu\u00eddas as pessoas com defici\u00eancia. Assim como as avan\u00e7adas pesquisas em neuroci\u00eancia precisam, sem sombra de d\u00favida, prosperar no Brasil e no mundo, a inclus\u00e3o continua a ser o resultado a ser perseguido.<\/p>\n<p>O principal legado dever\u00e1 envolver as a\u00e7\u00f5es de acessibilidade f\u00edsica e comunicacional nos est\u00e1dios, entorno, a mobilidade nas cidades-sede, atendimento ao p\u00fablico, locais de hospedagem, de turismo e lazer de acordo com\u00a0 o desenho universal.<\/p>\n<p>Todos esses pontos merecem igualmente o foco de aten\u00e7\u00e3o dos organizadores, da m\u00eddia nacional e internacional e dos anfitri\u00f5es da festa.<\/p>\n<p>Sem d\u00favida, \u00e9 uma imagem que ficar\u00e1 gravada para sempre nas nossas mem\u00f3rias. Entretanto, quando estiver dispon\u00edvel no mercado um equipamento como o exoesqueleto, ele ser\u00e1 acess\u00edvel apenas a uma \u00ednfima parcela daqueles que n\u00e3o andam. J\u00e1 o investimento em acessibilidade trar\u00e1 benef\u00edcios para muito al\u00e9m do pontap\u00e9 inicial.<\/p>\n<p><i>*Izabel Maior \u00e9 m\u00e9dica e ativista do movimento das pessoas com defici\u00eancia.<\/i><\/p>\n","protected":false},"excerpt":{"rendered":"<p>A visibilidade na abertura da Copa do Mundo centrada em um parapl\u00e9gico \u201crecuperado\u201d n\u00e3o \u00e9 sin\u00f4nimo de qualidade de vida para um bilh\u00e3o de pessoas com defici\u00eancia ao redor do mundo. Artigo \u00e9 de Izabel Maior.<\/p>\n","protected":false},"author":1,"featured_media":0,"comment_status":"open","ping_status":"open","sticky":false,"template":"","format":"standard","meta":{"site-container-style":"default","site-container-layout":"default","site-sidebar-layout":"default","disable-article-header":"default","disable-site-header":"default","disable-site-footer":"default","disable-content-area-spacing":"default","footnotes":""},"categories":[44,38,8],"tags":[247,259],"class_list":["post-26458","post","type-post","status-publish","format-standard","hentry","category-acessibilidade","category-deficiencia","category-textos-e-artigos","tag-copa-2014","tag-exoesqueleto"],"yoast_head":"<!-- This site is optimized with the Yoast SEO plugin v27.4 - https:\/\/yoast.com\/product\/yoast-seo-wordpress\/ -->\n<title>Pontap\u00e9 inicial em que dire\u00e7\u00e3o? -<\/title>\n<meta name=\"robots\" content=\"index, follow, max-snippet:-1, max-image-preview:large, max-video-preview:-1\" \/>\n<link rel=\"canonical\" href=\"https:\/\/inclusivenews.com.br\/?p=26458\" \/>\n<meta property=\"og:locale\" content=\"pt_PT\" \/>\n<meta property=\"og:type\" content=\"article\" \/>\n<meta property=\"og:title\" content=\"Pontap\u00e9 inicial em que dire\u00e7\u00e3o? -\" \/>\n<meta property=\"og:description\" content=\"A visibilidade na abertura da Copa do Mundo centrada em um parapl\u00e9gico \u201crecuperado\u201d n\u00e3o \u00e9 sin\u00f4nimo de qualidade de vida para um bilh\u00e3o de pessoas com defici\u00eancia ao redor do mundo. Artigo \u00e9 de Izabel Maior.\" \/>\n<meta property=\"og:url\" content=\"https:\/\/inclusivenews.com.br\/?p=26458\" \/>\n<meta property=\"article:publisher\" content=\"https:\/\/www.facebook.com\/agenciainclusive\/\" \/>\n<meta property=\"article:published_time\" content=\"2014-06-07T11:27:59+00:00\" \/>\n<meta property=\"og:image\" content=\"http:\/\/inclusivenews.com.br\/wp-content\/uploads\/exo.jpg\" \/>\n<meta name=\"author\" content=\"inclusivenews2024\" \/>\n<meta name=\"twitter:card\" content=\"summary_large_image\" \/>\n<meta name=\"twitter:label1\" content=\"Escrito por\" \/>\n\t<meta name=\"twitter:data1\" content=\"inclusivenews2024\" \/>\n\t<meta name=\"twitter:label2\" content=\"Tempo estimado de leitura\" \/>\n\t<meta name=\"twitter:data2\" content=\"4 minutos\" \/>\n<script type=\"application\/ld+json\" class=\"yoast-schema-graph\">{\"@context\":\"https:\\\/\\\/schema.org\",\"@graph\":[{\"@type\":\"Article\",\"@id\":\"https:\\\/\\\/inclusivenews.com.br\\\/?p=26458#article\",\"isPartOf\":{\"@id\":\"https:\\\/\\\/inclusivenews.com.br\\\/?p=26458\"},\"author\":{\"name\":\"inclusivenews2024\",\"@id\":\"https:\\\/\\\/inclusivenews.com.br\\\/#\\\/schema\\\/person\\\/ae4ec7087559b8692fb33b6fffd2273b\"},\"headline\":\"Pontap\u00e9 inicial em que dire\u00e7\u00e3o?\",\"datePublished\":\"2014-06-07T11:27:59+00:00\",\"mainEntityOfPage\":{\"@id\":\"https:\\\/\\\/inclusivenews.com.br\\\/?p=26458\"},\"wordCount\":753,\"commentCount\":6,\"publisher\":{\"@id\":\"https:\\\/\\\/inclusivenews.com.br\\\/#organization\"},\"image\":{\"@id\":\"https:\\\/\\\/inclusivenews.com.br\\\/?p=26458#primaryimage\"},\"thumbnailUrl\":\"http:\\\/\\\/inclusivenews.com.br\\\/wp-content\\\/uploads\\\/exo.jpg\",\"keywords\":[\"Copa 2014\",\"exoesqueleto\"],\"articleSection\":[\"ACESSIBILIDADE\",\"Defici\u00eancia\",\"OPINI\u00c3O\"],\"inLanguage\":\"pt-PT\",\"potentialAction\":[{\"@type\":\"CommentAction\",\"name\":\"Comment\",\"target\":[\"https:\\\/\\\/inclusivenews.com.br\\\/?p=26458#respond\"]}]},{\"@type\":\"WebPage\",\"@id\":\"https:\\\/\\\/inclusivenews.com.br\\\/?p=26458\",\"url\":\"https:\\\/\\\/inclusivenews.com.br\\\/?p=26458\",\"name\":\"Pontap\u00e9 inicial em que dire\u00e7\u00e3o? -\",\"isPartOf\":{\"@id\":\"https:\\\/\\\/inclusivenews.com.br\\\/#website\"},\"primaryImageOfPage\":{\"@id\":\"https:\\\/\\\/inclusivenews.com.br\\\/?p=26458#primaryimage\"},\"image\":{\"@id\":\"https:\\\/\\\/inclusivenews.com.br\\\/?p=26458#primaryimage\"},\"thumbnailUrl\":\"http:\\\/\\\/inclusivenews.com.br\\\/wp-content\\\/uploads\\\/exo.jpg\",\"datePublished\":\"2014-06-07T11:27:59+00:00\",\"breadcrumb\":{\"@id\":\"https:\\\/\\\/inclusivenews.com.br\\\/?p=26458#breadcrumb\"},\"inLanguage\":\"pt-PT\",\"potentialAction\":[{\"@type\":\"ReadAction\",\"target\":[\"https:\\\/\\\/inclusivenews.com.br\\\/?p=26458\"]}]},{\"@type\":\"ImageObject\",\"inLanguage\":\"pt-PT\",\"@id\":\"https:\\\/\\\/inclusivenews.com.br\\\/?p=26458#primaryimage\",\"url\":\"\",\"contentUrl\":\"\"},{\"@type\":\"BreadcrumbList\",\"@id\":\"https:\\\/\\\/inclusivenews.com.br\\\/?p=26458#breadcrumb\",\"itemListElement\":[{\"@type\":\"ListItem\",\"position\":1,\"name\":\"In\u00edcio\",\"item\":\"https:\\\/\\\/inclusivenews.com.br\\\/\"},{\"@type\":\"ListItem\",\"position\":2,\"name\":\"Pontap\u00e9 inicial em que dire\u00e7\u00e3o?\"}]},{\"@type\":\"WebSite\",\"@id\":\"https:\\\/\\\/inclusivenews.com.br\\\/#website\",\"url\":\"https:\\\/\\\/inclusivenews.com.br\\\/\",\"name\":\"Inclusive News\",\"description\":\"Inclusive News\",\"publisher\":{\"@id\":\"https:\\\/\\\/inclusivenews.com.br\\\/#organization\"},\"potentialAction\":[{\"@type\":\"SearchAction\",\"target\":{\"@type\":\"EntryPoint\",\"urlTemplate\":\"https:\\\/\\\/inclusivenews.com.br\\\/?s={search_term_string}\"},\"query-input\":{\"@type\":\"PropertyValueSpecification\",\"valueRequired\":true,\"valueName\":\"search_term_string\"}}],\"inLanguage\":\"pt-PT\"},{\"@type\":\"Organization\",\"@id\":\"https:\\\/\\\/inclusivenews.com.br\\\/#organization\",\"name\":\"Inclusive - inclus\u00e3o e cidadania\",\"url\":\"https:\\\/\\\/inclusivenews.com.br\\\/\",\"logo\":{\"@type\":\"ImageObject\",\"inLanguage\":\"pt-PT\",\"@id\":\"https:\\\/\\\/inclusivenews.com.br\\\/#\\\/schema\\\/logo\\\/image\\\/\",\"url\":\"https:\\\/\\\/inclusivenews.com.br\\\/wp-content\\\/uploads\\\/2024\\\/03\\\/@grandesite.png\",\"contentUrl\":\"https:\\\/\\\/inclusivenews.com.br\\\/wp-content\\\/uploads\\\/2024\\\/03\\\/@grandesite.png\",\"width\":1080,\"height\":1080,\"caption\":\"Inclusive - inclus\u00e3o e cidadania\"},\"image\":{\"@id\":\"https:\\\/\\\/inclusivenews.com.br\\\/#\\\/schema\\\/logo\\\/image\\\/\"},\"sameAs\":[\"https:\\\/\\\/www.facebook.com\\\/agenciainclusive\\\/\",\"https:\\\/\\\/www.instagram.com\\\/newsinclusive\\\/\"]},{\"@type\":\"Person\",\"@id\":\"https:\\\/\\\/inclusivenews.com.br\\\/#\\\/schema\\\/person\\\/ae4ec7087559b8692fb33b6fffd2273b\",\"name\":\"inclusivenews2024\",\"image\":{\"@type\":\"ImageObject\",\"inLanguage\":\"pt-PT\",\"@id\":\"https:\\\/\\\/secure.gravatar.com\\\/avatar\\\/c5a7ef84c66fa914f55bc4f7ce26cfa275a3b9a1c5568b907bd184fb4dde7b40?s=96&d=mm&r=g\",\"url\":\"https:\\\/\\\/secure.gravatar.com\\\/avatar\\\/c5a7ef84c66fa914f55bc4f7ce26cfa275a3b9a1c5568b907bd184fb4dde7b40?s=96&d=mm&r=g\",\"contentUrl\":\"https:\\\/\\\/secure.gravatar.com\\\/avatar\\\/c5a7ef84c66fa914f55bc4f7ce26cfa275a3b9a1c5568b907bd184fb4dde7b40?s=96&d=mm&r=g\",\"caption\":\"inclusivenews2024\"},\"sameAs\":[\"https:\\\/\\\/inclusivenews.com.br\"],\"url\":\"https:\\\/\\\/inclusivenews.com.br\\\/?author=1\"}]}<\/script>\n<!-- \/ Yoast SEO plugin. -->","yoast_head_json":{"title":"Pontap\u00e9 inicial em que dire\u00e7\u00e3o? -","robots":{"index":"index","follow":"follow","max-snippet":"max-snippet:-1","max-image-preview":"max-image-preview:large","max-video-preview":"max-video-preview:-1"},"canonical":"https:\/\/inclusivenews.com.br\/?p=26458","og_locale":"pt_PT","og_type":"article","og_title":"Pontap\u00e9 inicial em que dire\u00e7\u00e3o? -","og_description":"A visibilidade na abertura da Copa do Mundo centrada em um parapl\u00e9gico \u201crecuperado\u201d n\u00e3o \u00e9 sin\u00f4nimo de qualidade de vida para um bilh\u00e3o de pessoas com defici\u00eancia ao redor do mundo. Artigo \u00e9 de Izabel Maior.","og_url":"https:\/\/inclusivenews.com.br\/?p=26458","article_publisher":"https:\/\/www.facebook.com\/agenciainclusive\/","article_published_time":"2014-06-07T11:27:59+00:00","og_image":[{"url":"http:\/\/inclusivenews.com.br\/wp-content\/uploads\/exo.jpg","type":"","width":"","height":""}],"author":"inclusivenews2024","twitter_card":"summary_large_image","twitter_misc":{"Escrito por":"inclusivenews2024","Tempo estimado de leitura":"4 minutos"},"schema":{"@context":"https:\/\/schema.org","@graph":[{"@type":"Article","@id":"https:\/\/inclusivenews.com.br\/?p=26458#article","isPartOf":{"@id":"https:\/\/inclusivenews.com.br\/?p=26458"},"author":{"name":"inclusivenews2024","@id":"https:\/\/inclusivenews.com.br\/#\/schema\/person\/ae4ec7087559b8692fb33b6fffd2273b"},"headline":"Pontap\u00e9 inicial em que dire\u00e7\u00e3o?","datePublished":"2014-06-07T11:27:59+00:00","mainEntityOfPage":{"@id":"https:\/\/inclusivenews.com.br\/?p=26458"},"wordCount":753,"commentCount":6,"publisher":{"@id":"https:\/\/inclusivenews.com.br\/#organization"},"image":{"@id":"https:\/\/inclusivenews.com.br\/?p=26458#primaryimage"},"thumbnailUrl":"http:\/\/inclusivenews.com.br\/wp-content\/uploads\/exo.jpg","keywords":["Copa 2014","exoesqueleto"],"articleSection":["ACESSIBILIDADE","Defici\u00eancia","OPINI\u00c3O"],"inLanguage":"pt-PT","potentialAction":[{"@type":"CommentAction","name":"Comment","target":["https:\/\/inclusivenews.com.br\/?p=26458#respond"]}]},{"@type":"WebPage","@id":"https:\/\/inclusivenews.com.br\/?p=26458","url":"https:\/\/inclusivenews.com.br\/?p=26458","name":"Pontap\u00e9 inicial em que dire\u00e7\u00e3o? -","isPartOf":{"@id":"https:\/\/inclusivenews.com.br\/#website"},"primaryImageOfPage":{"@id":"https:\/\/inclusivenews.com.br\/?p=26458#primaryimage"},"image":{"@id":"https:\/\/inclusivenews.com.br\/?p=26458#primaryimage"},"thumbnailUrl":"http:\/\/inclusivenews.com.br\/wp-content\/uploads\/exo.jpg","datePublished":"2014-06-07T11:27:59+00:00","breadcrumb":{"@id":"https:\/\/inclusivenews.com.br\/?p=26458#breadcrumb"},"inLanguage":"pt-PT","potentialAction":[{"@type":"ReadAction","target":["https:\/\/inclusivenews.com.br\/?p=26458"]}]},{"@type":"ImageObject","inLanguage":"pt-PT","@id":"https:\/\/inclusivenews.com.br\/?p=26458#primaryimage","url":"","contentUrl":""},{"@type":"BreadcrumbList","@id":"https:\/\/inclusivenews.com.br\/?p=26458#breadcrumb","itemListElement":[{"@type":"ListItem","position":1,"name":"In\u00edcio","item":"https:\/\/inclusivenews.com.br\/"},{"@type":"ListItem","position":2,"name":"Pontap\u00e9 inicial em que dire\u00e7\u00e3o?"}]},{"@type":"WebSite","@id":"https:\/\/inclusivenews.com.br\/#website","url":"https:\/\/inclusivenews.com.br\/","name":"Inclusive News","description":"Inclusive News","publisher":{"@id":"https:\/\/inclusivenews.com.br\/#organization"},"potentialAction":[{"@type":"SearchAction","target":{"@type":"EntryPoint","urlTemplate":"https:\/\/inclusivenews.com.br\/?s={search_term_string}"},"query-input":{"@type":"PropertyValueSpecification","valueRequired":true,"valueName":"search_term_string"}}],"inLanguage":"pt-PT"},{"@type":"Organization","@id":"https:\/\/inclusivenews.com.br\/#organization","name":"Inclusive - inclus\u00e3o e cidadania","url":"https:\/\/inclusivenews.com.br\/","logo":{"@type":"ImageObject","inLanguage":"pt-PT","@id":"https:\/\/inclusivenews.com.br\/#\/schema\/logo\/image\/","url":"https:\/\/inclusivenews.com.br\/wp-content\/uploads\/2024\/03\/@grandesite.png","contentUrl":"https:\/\/inclusivenews.com.br\/wp-content\/uploads\/2024\/03\/@grandesite.png","width":1080,"height":1080,"caption":"Inclusive - inclus\u00e3o e cidadania"},"image":{"@id":"https:\/\/inclusivenews.com.br\/#\/schema\/logo\/image\/"},"sameAs":["https:\/\/www.facebook.com\/agenciainclusive\/","https:\/\/www.instagram.com\/newsinclusive\/"]},{"@type":"Person","@id":"https:\/\/inclusivenews.com.br\/#\/schema\/person\/ae4ec7087559b8692fb33b6fffd2273b","name":"inclusivenews2024","image":{"@type":"ImageObject","inLanguage":"pt-PT","@id":"https:\/\/secure.gravatar.com\/avatar\/c5a7ef84c66fa914f55bc4f7ce26cfa275a3b9a1c5568b907bd184fb4dde7b40?s=96&d=mm&r=g","url":"https:\/\/secure.gravatar.com\/avatar\/c5a7ef84c66fa914f55bc4f7ce26cfa275a3b9a1c5568b907bd184fb4dde7b40?s=96&d=mm&r=g","contentUrl":"https:\/\/secure.gravatar.com\/avatar\/c5a7ef84c66fa914f55bc4f7ce26cfa275a3b9a1c5568b907bd184fb4dde7b40?s=96&d=mm&r=g","caption":"inclusivenews2024"},"sameAs":["https:\/\/inclusivenews.com.br"],"url":"https:\/\/inclusivenews.com.br\/?author=1"}]}},"_links":{"self":[{"href":"https:\/\/inclusivenews.com.br\/index.php?rest_route=\/wp\/v2\/posts\/26458","targetHints":{"allow":["GET"]}}],"collection":[{"href":"https:\/\/inclusivenews.com.br\/index.php?rest_route=\/wp\/v2\/posts"}],"about":[{"href":"https:\/\/inclusivenews.com.br\/index.php?rest_route=\/wp\/v2\/types\/post"}],"author":[{"embeddable":true,"href":"https:\/\/inclusivenews.com.br\/index.php?rest_route=\/wp\/v2\/users\/1"}],"replies":[{"embeddable":true,"href":"https:\/\/inclusivenews.com.br\/index.php?rest_route=%2Fwp%2Fv2%2Fcomments&post=26458"}],"version-history":[{"count":0,"href":"https:\/\/inclusivenews.com.br\/index.php?rest_route=\/wp\/v2\/posts\/26458\/revisions"}],"wp:attachment":[{"href":"https:\/\/inclusivenews.com.br\/index.php?rest_route=%2Fwp%2Fv2%2Fmedia&parent=26458"}],"wp:term":[{"taxonomy":"category","embeddable":true,"href":"https:\/\/inclusivenews.com.br\/index.php?rest_route=%2Fwp%2Fv2%2Fcategories&post=26458"},{"taxonomy":"post_tag","embeddable":true,"href":"https:\/\/inclusivenews.com.br\/index.php?rest_route=%2Fwp%2Fv2%2Ftags&post=26458"}],"curies":[{"name":"wp","href":"https:\/\/api.w.org\/{rel}","templated":true}]}}