{"id":26487,"date":"2014-05-30T07:14:10","date_gmt":"2014-05-30T10:14:10","guid":{"rendered":"http:\/\/www.inclusive.org.br\/?p=26487"},"modified":"2014-05-30T07:14:10","modified_gmt":"2014-05-30T10:14:10","slug":"sala-de-aula-traz-maneiras-de-ensinar-competencias-e-habilidades","status":"publish","type":"post","link":"https:\/\/inclusivenews.com.br\/?p=26487","title":{"rendered":"Sala de aula traz maneiras de ensinar compet\u00eancias e habilidades"},"content":{"rendered":"<blockquote><p><em>Para Walter Mischel, a maioria das crian\u00e7as nasce com curiosidade e motiva\u00e7\u00e3o, mas certas circunst\u00e2ncias podem reduzir esse papel: se crescem no que ele chamou de \u201catmosfera de stress t\u00f3xico\u201d (condi\u00e7\u00f5es prec\u00e1rias de moradia, fr\u00e1geis rela\u00e7\u00f5es familiares, etc.) ou ent\u00e3o em ambientes em que tudo \u00e9 resolvido por eles e n\u00e3o h\u00e1 raz\u00e3o para aprenderem a se planejar ou controlar suas emo\u00e7\u00f5es.\u00a0<\/em><\/p><\/blockquote>\n<p><img loading=\"lazy\" decoding=\"async\" class=\"wp-image-19388 alignleft\" alt=\"V\u00e1rios l\u00e1pis coloridos\" src=\"http:\/\/inclusivenews.com.br\/wp-content\/uploads\/2011\/05\/crayons_Education_72ppi1.jpg\" width=\"368\" height=\"245\" \/><\/p>\n<p><em>Por Mar\u00edlia Rocha, no site Educa\u00e7\u00e3o para o s\u00e9c. XXI<\/em><\/p>\n<p>Algumas estrat\u00e9gias podem ajudar professores a estimular nos alunos caracter\u00edsticas de curiosidade, persist\u00eancia, intelig\u00eancia social, entre outras. Pesquisas indicam que essas compet\u00eancias podem ser desenvolvidas de forma adicional ao conte\u00fado, e s\u00e3o cada vez mais necess\u00e1rias para lidar com as exig\u00eancias do s\u00e9culo 21, para alunos de todas as faixas socioecon\u00f4micas. Alguns dos maiores pesquisadores sobre o tema est\u00e3o contribuindo com li\u00e7\u00f5es para os professores no curso aberto e gratuito da plataforma Coursera.<\/p>\n<p>Segundo Dave Levin, respons\u00e1vel pelo curso que re\u00fane interessados de todo o mundo (EUA, China, Egito, Ucr\u00e2nia e muitos outros s\u00e3o alguns dos pa\u00edses representados), h\u00e1 ao menos 24 caracter\u00edsticas ou compet\u00eancias socioemocionais que cada pessoa pode ter em diferentes n\u00edveis, mas sete delas s\u00e3o consideradas essenciais para gerar um resultado de vida positivo e que podem ser trabalhadas no ambiente escolar: auto-controle, esperan\u00e7a, gratid\u00e3o, perseveran\u00e7a, motiva\u00e7\u00e3o, intelig\u00eancia social e curiosidade.<\/p>\n<p>\u201c\u00c9 poss\u00edvel criar institui\u00e7\u00f5es positivas que ajudem a identificar, usar e desenvolver essas caracter\u00edsticas nos jovens, seja em um jantar de fam\u00edlia, em uma organiza\u00e7\u00e3o comunit\u00e1ria ou na sala de aula. Hoje, nosso trabalho n\u00e3o \u00e9 mais pensar se essas habilidades interessam, mas sim: como posso ensina-las?\u201d, diz Levin.<\/p>\n<p>Com breves entrevistas junto a pesquisadores do assunto em escolas norte-americanas, Levin, que \u00e9 tamb\u00e9m dirigente de escola nos EUA, busca experi\u00eancias que possam ser compartilhadas. Martin Seligman, por exemplo, conta que passou anos ensinando otimismo e obtendo bons resultados com jovens.<\/p>\n<p>\u201cN\u00e3o sabemos ainda se \u00e9 poss\u00edvel incrementar a honestidade ou integridade de algu\u00e9m, mas algumas habilidades podem ser estimuladas na escola, como o otimismo. E jovens mais otimistas se deixam abalar menos por erros, querem continuar tentando aprender e persistindo nas tarefas, ou seja, muitas vezes podem melhorar tamb\u00e9m a aprendizagem\u201d, disse Seligman.<\/p>\n<p>Para a pesquisadora Angela Duckworth, algumas dessas caracter\u00edsticas podem, inclusive, ser inversamente proporcionais ao Q.I. e seu desenvolvimento incrementa as chances de bons resultados na vida. \u201cUma pessoa com alto Q.I. pode ter baixa persist\u00eancia em tarefas e desistir quando comete o primeiro erro, mas se um jovem com baixo Q.I. continuar praticando, de forma consistente e interessada, pode ter resultados positivos\u201d, analisou.<\/p>\n<p>Segundo o diretor escolar Dominic Randolph, esse papel \u00e9 importante para todas as escolas. \u201cMesmo as que s\u00e3o tidas como melhores, com \u00f3tima infraestrutura, ainda n\u00e3o oferecem um elo para conectar as diferentes partes da vida dos alunos, um senso de integridade que realmente os prepare para sobreviver no mundo vol\u00e1til em que vivemos\u201d, afirmou. Segundo ele, nas escolas tidas como mais preparadas tamb\u00e9m podem surgir alunos que sempre v\u00e3o bem nas provas, t\u00eam pouca dificuldade para tirar boas notas e podem achar que a vida \u00e9 algo f\u00e1cil de lidar, mas quando entram no mundo adulto, desistem diante do primeiro erro que cometem.<\/p>\n<p>\u201cPodemos criar sistemas na escola que trabalhem outras caracter\u00edsticas de forma paralela ao conte\u00fado acad\u00eamico, criando um trabalho de efetivo crescimento dos jovens\u201d, disse.<\/p>\n<p>Pesquisador do tema, Walter Mischel tamb\u00e9m falou aos alunos do curso sobre algumas formas de desenvolver compet\u00eancias socioemocionais. Segundo ele, a maioria das crian\u00e7as nasce com curiosidade e motiva\u00e7\u00e3o, mas certas circunst\u00e2ncias podem reduzir esse papel: se crescem no que ele chamou de \u201catmosfera de stress t\u00f3xico\u201d (condi\u00e7\u00f5es prec\u00e1rias de moradia, fr\u00e1geis rela\u00e7\u00f5es familiares, etc.) ou ent\u00e3o em ambientes em que tudo \u00e9 resolvido por eles e n\u00e3o h\u00e1 raz\u00e3o para aprenderem a se planejar ou controlar suas emo\u00e7\u00f5es.<\/p>\n<p>De acordo com Mischel, a idade ideal para estimular o auto-controle (incluindo estabelecimento de metas e perseveran\u00e7a para cumpri-las), \u00e9 at\u00e9 cinco ou seis anos. \u201cE \u00e9 importante que n\u00e3o pare por a\u00ed\u201d, avaliou. \u201cH\u00e1 formas simples de se ter \u00f3timos resultados, como quando ajudamos a crian\u00e7a a ter um plano de implementa\u00e7\u00e3o, ou seja, estabelecer uma meta ou objetivo e determinar quais atitudes ela precisa ter e formas de se motivar e controlar para, a longo prazo, ter sucesso.\u201d<\/p>\n","protected":false},"excerpt":{"rendered":"<p>Para Walter Mischel, a maioria das crian\u00e7as nasce com curiosidade e motiva\u00e7\u00e3o, mas certas circunst\u00e2ncias podem reduzir esse papel: se crescem no que ele chamou de \u201catmosfera de stress t\u00f3xico\u201d (condi\u00e7\u00f5es prec\u00e1rias de moradia, fr\u00e1geis rela\u00e7\u00f5es familiares, etc.) ou ent\u00e3o em ambientes em que tudo \u00e9 resolvido por eles e n\u00e3o h\u00e1 raz\u00e3o para aprenderem a se planejar ou controlar suas emo\u00e7\u00f5es. Por Mar\u00edlia Rocha, no site Educa\u00e7\u00e3o para o s\u00e9c. XXI.<\/p>\n","protected":false},"author":1,"featured_media":0,"comment_status":"open","ping_status":"open","sticky":false,"template":"","format":"standard","meta":{"site-container-style":"default","site-container-layout":"default","site-sidebar-layout":"default","disable-article-header":"default","disable-site-header":"default","disable-site-footer":"default","disable-content-area-spacing":"default","footnotes":""},"categories":[6,33],"tags":[],"class_list":["post-26487","post","type-post","status-publish","format-standard","hentry","category-educacao","category-reportagem"],"yoast_head":"<!-- This site is optimized with the Yoast SEO plugin v27.4 - https:\/\/yoast.com\/product\/yoast-seo-wordpress\/ -->\n<title>Sala de aula traz maneiras de ensinar compet\u00eancias e habilidades -<\/title>\n<meta name=\"robots\" content=\"index, follow, max-snippet:-1, max-image-preview:large, max-video-preview:-1\" \/>\n<link rel=\"canonical\" href=\"https:\/\/inclusivenews.com.br\/?p=26487\" \/>\n<meta property=\"og:locale\" content=\"pt_PT\" \/>\n<meta property=\"og:type\" content=\"article\" \/>\n<meta property=\"og:title\" content=\"Sala de aula traz maneiras de ensinar compet\u00eancias e habilidades -\" \/>\n<meta property=\"og:description\" content=\"Para Walter Mischel, a maioria das crian\u00e7as nasce com curiosidade e motiva\u00e7\u00e3o, mas certas circunst\u00e2ncias podem reduzir esse papel: se crescem no que ele chamou de \u201catmosfera de stress t\u00f3xico\u201d (condi\u00e7\u00f5es prec\u00e1rias de moradia, fr\u00e1geis rela\u00e7\u00f5es familiares, etc.) ou ent\u00e3o em ambientes em que tudo \u00e9 resolvido por eles e n\u00e3o h\u00e1 raz\u00e3o para aprenderem a se planejar ou controlar suas emo\u00e7\u00f5es. Por Mar\u00edlia Rocha, no site Educa\u00e7\u00e3o para o s\u00e9c. XXI.\" \/>\n<meta property=\"og:url\" content=\"https:\/\/inclusivenews.com.br\/?p=26487\" \/>\n<meta property=\"article:publisher\" content=\"https:\/\/www.facebook.com\/agenciainclusive\/\" \/>\n<meta property=\"article:published_time\" content=\"2014-05-30T10:14:10+00:00\" \/>\n<meta property=\"og:image\" content=\"http:\/\/inclusivenews.com.br\/wp-content\/uploads\/2011\/05\/crayons_Education_72ppi1.jpg\" \/>\n<meta name=\"author\" content=\"inclusivenews2024\" \/>\n<meta name=\"twitter:card\" content=\"summary_large_image\" \/>\n<meta name=\"twitter:label1\" content=\"Escrito por\" \/>\n\t<meta name=\"twitter:data1\" content=\"inclusivenews2024\" \/>\n\t<meta name=\"twitter:label2\" content=\"Tempo estimado de leitura\" \/>\n\t<meta name=\"twitter:data2\" content=\"4 minutos\" \/>\n<script type=\"application\/ld+json\" class=\"yoast-schema-graph\">{\"@context\":\"https:\\\/\\\/schema.org\",\"@graph\":[{\"@type\":\"Article\",\"@id\":\"https:\\\/\\\/inclusivenews.com.br\\\/?p=26487#article\",\"isPartOf\":{\"@id\":\"https:\\\/\\\/inclusivenews.com.br\\\/?p=26487\"},\"author\":{\"name\":\"inclusivenews2024\",\"@id\":\"https:\\\/\\\/inclusivenews.com.br\\\/#\\\/schema\\\/person\\\/ae4ec7087559b8692fb33b6fffd2273b\"},\"headline\":\"Sala de aula traz maneiras de ensinar compet\u00eancias e habilidades\",\"datePublished\":\"2014-05-30T10:14:10+00:00\",\"mainEntityOfPage\":{\"@id\":\"https:\\\/\\\/inclusivenews.com.br\\\/?p=26487\"},\"wordCount\":797,\"commentCount\":0,\"publisher\":{\"@id\":\"https:\\\/\\\/inclusivenews.com.br\\\/#organization\"},\"image\":{\"@id\":\"https:\\\/\\\/inclusivenews.com.br\\\/?p=26487#primaryimage\"},\"thumbnailUrl\":\"http:\\\/\\\/inclusivenews.com.br\\\/wp-content\\\/uploads\\\/2011\\\/05\\\/crayons_Education_72ppi1.jpg\",\"articleSection\":[\"EDUCA\u00c7\u00c3O\",\"Reportagem\"],\"inLanguage\":\"pt-PT\",\"potentialAction\":[{\"@type\":\"CommentAction\",\"name\":\"Comment\",\"target\":[\"https:\\\/\\\/inclusivenews.com.br\\\/?p=26487#respond\"]}]},{\"@type\":\"WebPage\",\"@id\":\"https:\\\/\\\/inclusivenews.com.br\\\/?p=26487\",\"url\":\"https:\\\/\\\/inclusivenews.com.br\\\/?p=26487\",\"name\":\"Sala de aula traz maneiras de ensinar compet\u00eancias e habilidades -\",\"isPartOf\":{\"@id\":\"https:\\\/\\\/inclusivenews.com.br\\\/#website\"},\"primaryImageOfPage\":{\"@id\":\"https:\\\/\\\/inclusivenews.com.br\\\/?p=26487#primaryimage\"},\"image\":{\"@id\":\"https:\\\/\\\/inclusivenews.com.br\\\/?p=26487#primaryimage\"},\"thumbnailUrl\":\"http:\\\/\\\/inclusivenews.com.br\\\/wp-content\\\/uploads\\\/2011\\\/05\\\/crayons_Education_72ppi1.jpg\",\"datePublished\":\"2014-05-30T10:14:10+00:00\",\"breadcrumb\":{\"@id\":\"https:\\\/\\\/inclusivenews.com.br\\\/?p=26487#breadcrumb\"},\"inLanguage\":\"pt-PT\",\"potentialAction\":[{\"@type\":\"ReadAction\",\"target\":[\"https:\\\/\\\/inclusivenews.com.br\\\/?p=26487\"]}]},{\"@type\":\"ImageObject\",\"inLanguage\":\"pt-PT\",\"@id\":\"https:\\\/\\\/inclusivenews.com.br\\\/?p=26487#primaryimage\",\"url\":\"\",\"contentUrl\":\"\"},{\"@type\":\"BreadcrumbList\",\"@id\":\"https:\\\/\\\/inclusivenews.com.br\\\/?p=26487#breadcrumb\",\"itemListElement\":[{\"@type\":\"ListItem\",\"position\":1,\"name\":\"In\u00edcio\",\"item\":\"https:\\\/\\\/inclusivenews.com.br\\\/\"},{\"@type\":\"ListItem\",\"position\":2,\"name\":\"Sala de aula traz maneiras de ensinar compet\u00eancias e habilidades\"}]},{\"@type\":\"WebSite\",\"@id\":\"https:\\\/\\\/inclusivenews.com.br\\\/#website\",\"url\":\"https:\\\/\\\/inclusivenews.com.br\\\/\",\"name\":\"Inclusive News\",\"description\":\"Inclusive News\",\"publisher\":{\"@id\":\"https:\\\/\\\/inclusivenews.com.br\\\/#organization\"},\"potentialAction\":[{\"@type\":\"SearchAction\",\"target\":{\"@type\":\"EntryPoint\",\"urlTemplate\":\"https:\\\/\\\/inclusivenews.com.br\\\/?s={search_term_string}\"},\"query-input\":{\"@type\":\"PropertyValueSpecification\",\"valueRequired\":true,\"valueName\":\"search_term_string\"}}],\"inLanguage\":\"pt-PT\"},{\"@type\":\"Organization\",\"@id\":\"https:\\\/\\\/inclusivenews.com.br\\\/#organization\",\"name\":\"Inclusive - inclus\u00e3o e cidadania\",\"url\":\"https:\\\/\\\/inclusivenews.com.br\\\/\",\"logo\":{\"@type\":\"ImageObject\",\"inLanguage\":\"pt-PT\",\"@id\":\"https:\\\/\\\/inclusivenews.com.br\\\/#\\\/schema\\\/logo\\\/image\\\/\",\"url\":\"https:\\\/\\\/inclusivenews.com.br\\\/wp-content\\\/uploads\\\/2024\\\/03\\\/@grandesite.png\",\"contentUrl\":\"https:\\\/\\\/inclusivenews.com.br\\\/wp-content\\\/uploads\\\/2024\\\/03\\\/@grandesite.png\",\"width\":1080,\"height\":1080,\"caption\":\"Inclusive - inclus\u00e3o e cidadania\"},\"image\":{\"@id\":\"https:\\\/\\\/inclusivenews.com.br\\\/#\\\/schema\\\/logo\\\/image\\\/\"},\"sameAs\":[\"https:\\\/\\\/www.facebook.com\\\/agenciainclusive\\\/\",\"https:\\\/\\\/www.instagram.com\\\/newsinclusive\\\/\"]},{\"@type\":\"Person\",\"@id\":\"https:\\\/\\\/inclusivenews.com.br\\\/#\\\/schema\\\/person\\\/ae4ec7087559b8692fb33b6fffd2273b\",\"name\":\"inclusivenews2024\",\"image\":{\"@type\":\"ImageObject\",\"inLanguage\":\"pt-PT\",\"@id\":\"https:\\\/\\\/secure.gravatar.com\\\/avatar\\\/c5a7ef84c66fa914f55bc4f7ce26cfa275a3b9a1c5568b907bd184fb4dde7b40?s=96&d=mm&r=g\",\"url\":\"https:\\\/\\\/secure.gravatar.com\\\/avatar\\\/c5a7ef84c66fa914f55bc4f7ce26cfa275a3b9a1c5568b907bd184fb4dde7b40?s=96&d=mm&r=g\",\"contentUrl\":\"https:\\\/\\\/secure.gravatar.com\\\/avatar\\\/c5a7ef84c66fa914f55bc4f7ce26cfa275a3b9a1c5568b907bd184fb4dde7b40?s=96&d=mm&r=g\",\"caption\":\"inclusivenews2024\"},\"sameAs\":[\"https:\\\/\\\/inclusivenews.com.br\"],\"url\":\"https:\\\/\\\/inclusivenews.com.br\\\/?author=1\"}]}<\/script>\n<!-- \/ Yoast SEO plugin. -->","yoast_head_json":{"title":"Sala de aula traz maneiras de ensinar compet\u00eancias e habilidades -","robots":{"index":"index","follow":"follow","max-snippet":"max-snippet:-1","max-image-preview":"max-image-preview:large","max-video-preview":"max-video-preview:-1"},"canonical":"https:\/\/inclusivenews.com.br\/?p=26487","og_locale":"pt_PT","og_type":"article","og_title":"Sala de aula traz maneiras de ensinar compet\u00eancias e habilidades -","og_description":"Para Walter Mischel, a maioria das crian\u00e7as nasce com curiosidade e motiva\u00e7\u00e3o, mas certas circunst\u00e2ncias podem reduzir esse papel: se crescem no que ele chamou de \u201catmosfera de stress t\u00f3xico\u201d (condi\u00e7\u00f5es prec\u00e1rias de moradia, fr\u00e1geis rela\u00e7\u00f5es familiares, etc.) ou ent\u00e3o em ambientes em que tudo \u00e9 resolvido por eles e n\u00e3o h\u00e1 raz\u00e3o para aprenderem a se planejar ou controlar suas emo\u00e7\u00f5es. Por Mar\u00edlia Rocha, no site Educa\u00e7\u00e3o para o s\u00e9c. XXI.","og_url":"https:\/\/inclusivenews.com.br\/?p=26487","article_publisher":"https:\/\/www.facebook.com\/agenciainclusive\/","article_published_time":"2014-05-30T10:14:10+00:00","og_image":[{"url":"http:\/\/inclusivenews.com.br\/wp-content\/uploads\/2011\/05\/crayons_Education_72ppi1.jpg","type":"","width":"","height":""}],"author":"inclusivenews2024","twitter_card":"summary_large_image","twitter_misc":{"Escrito por":"inclusivenews2024","Tempo estimado de leitura":"4 minutos"},"schema":{"@context":"https:\/\/schema.org","@graph":[{"@type":"Article","@id":"https:\/\/inclusivenews.com.br\/?p=26487#article","isPartOf":{"@id":"https:\/\/inclusivenews.com.br\/?p=26487"},"author":{"name":"inclusivenews2024","@id":"https:\/\/inclusivenews.com.br\/#\/schema\/person\/ae4ec7087559b8692fb33b6fffd2273b"},"headline":"Sala de aula traz maneiras de ensinar compet\u00eancias e habilidades","datePublished":"2014-05-30T10:14:10+00:00","mainEntityOfPage":{"@id":"https:\/\/inclusivenews.com.br\/?p=26487"},"wordCount":797,"commentCount":0,"publisher":{"@id":"https:\/\/inclusivenews.com.br\/#organization"},"image":{"@id":"https:\/\/inclusivenews.com.br\/?p=26487#primaryimage"},"thumbnailUrl":"http:\/\/inclusivenews.com.br\/wp-content\/uploads\/2011\/05\/crayons_Education_72ppi1.jpg","articleSection":["EDUCA\u00c7\u00c3O","Reportagem"],"inLanguage":"pt-PT","potentialAction":[{"@type":"CommentAction","name":"Comment","target":["https:\/\/inclusivenews.com.br\/?p=26487#respond"]}]},{"@type":"WebPage","@id":"https:\/\/inclusivenews.com.br\/?p=26487","url":"https:\/\/inclusivenews.com.br\/?p=26487","name":"Sala de aula traz maneiras de ensinar compet\u00eancias e habilidades -","isPartOf":{"@id":"https:\/\/inclusivenews.com.br\/#website"},"primaryImageOfPage":{"@id":"https:\/\/inclusivenews.com.br\/?p=26487#primaryimage"},"image":{"@id":"https:\/\/inclusivenews.com.br\/?p=26487#primaryimage"},"thumbnailUrl":"http:\/\/inclusivenews.com.br\/wp-content\/uploads\/2011\/05\/crayons_Education_72ppi1.jpg","datePublished":"2014-05-30T10:14:10+00:00","breadcrumb":{"@id":"https:\/\/inclusivenews.com.br\/?p=26487#breadcrumb"},"inLanguage":"pt-PT","potentialAction":[{"@type":"ReadAction","target":["https:\/\/inclusivenews.com.br\/?p=26487"]}]},{"@type":"ImageObject","inLanguage":"pt-PT","@id":"https:\/\/inclusivenews.com.br\/?p=26487#primaryimage","url":"","contentUrl":""},{"@type":"BreadcrumbList","@id":"https:\/\/inclusivenews.com.br\/?p=26487#breadcrumb","itemListElement":[{"@type":"ListItem","position":1,"name":"In\u00edcio","item":"https:\/\/inclusivenews.com.br\/"},{"@type":"ListItem","position":2,"name":"Sala de aula traz maneiras de ensinar compet\u00eancias e habilidades"}]},{"@type":"WebSite","@id":"https:\/\/inclusivenews.com.br\/#website","url":"https:\/\/inclusivenews.com.br\/","name":"Inclusive News","description":"Inclusive News","publisher":{"@id":"https:\/\/inclusivenews.com.br\/#organization"},"potentialAction":[{"@type":"SearchAction","target":{"@type":"EntryPoint","urlTemplate":"https:\/\/inclusivenews.com.br\/?s={search_term_string}"},"query-input":{"@type":"PropertyValueSpecification","valueRequired":true,"valueName":"search_term_string"}}],"inLanguage":"pt-PT"},{"@type":"Organization","@id":"https:\/\/inclusivenews.com.br\/#organization","name":"Inclusive - inclus\u00e3o e cidadania","url":"https:\/\/inclusivenews.com.br\/","logo":{"@type":"ImageObject","inLanguage":"pt-PT","@id":"https:\/\/inclusivenews.com.br\/#\/schema\/logo\/image\/","url":"https:\/\/inclusivenews.com.br\/wp-content\/uploads\/2024\/03\/@grandesite.png","contentUrl":"https:\/\/inclusivenews.com.br\/wp-content\/uploads\/2024\/03\/@grandesite.png","width":1080,"height":1080,"caption":"Inclusive - inclus\u00e3o e cidadania"},"image":{"@id":"https:\/\/inclusivenews.com.br\/#\/schema\/logo\/image\/"},"sameAs":["https:\/\/www.facebook.com\/agenciainclusive\/","https:\/\/www.instagram.com\/newsinclusive\/"]},{"@type":"Person","@id":"https:\/\/inclusivenews.com.br\/#\/schema\/person\/ae4ec7087559b8692fb33b6fffd2273b","name":"inclusivenews2024","image":{"@type":"ImageObject","inLanguage":"pt-PT","@id":"https:\/\/secure.gravatar.com\/avatar\/c5a7ef84c66fa914f55bc4f7ce26cfa275a3b9a1c5568b907bd184fb4dde7b40?s=96&d=mm&r=g","url":"https:\/\/secure.gravatar.com\/avatar\/c5a7ef84c66fa914f55bc4f7ce26cfa275a3b9a1c5568b907bd184fb4dde7b40?s=96&d=mm&r=g","contentUrl":"https:\/\/secure.gravatar.com\/avatar\/c5a7ef84c66fa914f55bc4f7ce26cfa275a3b9a1c5568b907bd184fb4dde7b40?s=96&d=mm&r=g","caption":"inclusivenews2024"},"sameAs":["https:\/\/inclusivenews.com.br"],"url":"https:\/\/inclusivenews.com.br\/?author=1"}]}},"_links":{"self":[{"href":"https:\/\/inclusivenews.com.br\/index.php?rest_route=\/wp\/v2\/posts\/26487","targetHints":{"allow":["GET"]}}],"collection":[{"href":"https:\/\/inclusivenews.com.br\/index.php?rest_route=\/wp\/v2\/posts"}],"about":[{"href":"https:\/\/inclusivenews.com.br\/index.php?rest_route=\/wp\/v2\/types\/post"}],"author":[{"embeddable":true,"href":"https:\/\/inclusivenews.com.br\/index.php?rest_route=\/wp\/v2\/users\/1"}],"replies":[{"embeddable":true,"href":"https:\/\/inclusivenews.com.br\/index.php?rest_route=%2Fwp%2Fv2%2Fcomments&post=26487"}],"version-history":[{"count":0,"href":"https:\/\/inclusivenews.com.br\/index.php?rest_route=\/wp\/v2\/posts\/26487\/revisions"}],"wp:attachment":[{"href":"https:\/\/inclusivenews.com.br\/index.php?rest_route=%2Fwp%2Fv2%2Fmedia&parent=26487"}],"wp:term":[{"taxonomy":"category","embeddable":true,"href":"https:\/\/inclusivenews.com.br\/index.php?rest_route=%2Fwp%2Fv2%2Fcategories&post=26487"},{"taxonomy":"post_tag","embeddable":true,"href":"https:\/\/inclusivenews.com.br\/index.php?rest_route=%2Fwp%2Fv2%2Ftags&post=26487"}],"curies":[{"name":"wp","href":"https:\/\/api.w.org\/{rel}","templated":true}]}}