{"id":26490,"date":"2014-05-30T07:22:00","date_gmt":"2014-05-30T10:22:00","guid":{"rendered":"http:\/\/www.inclusive.org.br\/?p=26490"},"modified":"2014-05-30T07:22:00","modified_gmt":"2014-05-30T10:22:00","slug":"i-simposio-internacional-de-tecnologia-assistiva-do-cnrta","status":"publish","type":"post","link":"https:\/\/inclusivenews.com.br\/?p=26490","title":{"rendered":"I Simp\u00f3sio Internacional de Tecnologia Assistiva do CNRTA"},"content":{"rendered":"<p><img loading=\"lazy\" decoding=\"async\" class=\"alignnone size-full wp-image-17741\" alt=\"Inclusive - Acessibilidade e tecnologia - um teclado cinza com a tecla &quot;Enter&quot; substituida pela tecla &quot;Access&quot;, em azul\" src=\"http:\/\/inclusivenews.com.br\/wp-content\/uploads\/2010\/10\/AccessButton2.jpg\" width=\"200\" height=\"121\" \/><\/p>\n<p>O evento ocorre nos dias 03, 04 e 05 de junho de 2014, das 08h da manh\u00e3 \u00e0s 18h00.Toda a programa\u00e7\u00e3o pode ser conferida abaixo ou, se voc\u00ea preferir, fa\u00e7a o download da programa\u00e7\u00e3o pelo link\u00a0<a href=\"www.simposiocnrta.com.br\/programacao.xls\" target=\"_blank\" rel=\"noopener\">www.simposiocnrta.com.br\/programacao.xls<\/a> No menu \u201cPalestrantes\u201d voc\u00ea encontra informa\u00e7\u00f5es sobre cada um dos especialistas presentes no SITA e suas principais abordagens.<\/p>\n<p>Programa\u00e7\u00e3o<\/p>\n<p>03 de junho de 2014<\/p>\n<p>8h00 \u00e0s 8h30<\/p>\n<p>Recep\u00e7\u00e3o<\/p>\n<p>08h30 \u00e0s 09h30<\/p>\n<p>Cerim\u00f4nia de abertura: Pedro Tourinho (C\u00e2mara de Vereadores\/Campinas), Emmanuelle Alkmin (SMPD\/Campinas), Martinha Clarette (SECADI\/MEC), Fabiana Bonilha (CNRTA\/CTI), Victor Mammana (CTI\/MCTI)<\/p>\n<p>09h30 \u00e0s 10h00<\/p>\n<p>Caf\u00e9 de boas vindas<\/p>\n<p>10h00 \u00e0s 12h00<\/p>\n<p>Palestra Magna: \u201cTecnologia Assistiva: superando barreiras\u201d \u2013 Jutta Treviranus (OCAD\/Canad\u00e1)<\/p>\n<p>12h00 \u00e0s 13h00<\/p>\n<p>Palestra: \u201cTecnologia Assistiva ou Tecnologia de Reabilita\u00e7\u00e3o?\u201d \u2013 Rita Bersch (UFC)<\/p>\n<p>13h00 \u00e0s 14h00<\/p>\n<p>Almo\u00e7o<\/p>\n<p>14h00 \u00e0s 14h30<\/p>\n<p>Palestra: \u201cInova\u00e7\u00f5es em TA para Sa\u00fade\u201d \u2013 Marlene Faria (UEA)<\/p>\n<p>14h30 \u00e0s 15h30<\/p>\n<p>Palestra: \u201cDispensa\u00e7\u00e3o de TA pelo SUS: experi\u00eancia do Par\u00e1\u201d &#8211; Ana Irene Oliveira (UEPA)<\/p>\n<p>15h30 \u00e0s 16h00<\/p>\n<p>Coffee break<\/p>\n<p>16h00 \u00e0s 17h00<\/p>\n<p>Mesa redonda: \u201cTA para Sa\u00fade\u201d<br \/>\nPrescri\u00e7\u00e3o de cadeira de rodas \u2013 Rita de C\u00e1ssia (ProMedida)<br \/>\nCertifica\u00e7\u00e3o de cadeira de rodas \u2013 Marcos Pimentel (CTI\/MCTI)<br \/>\nPrescri\u00e7\u00e3o de aparelhos auditivos \u2013 Ricardo Bento (FM\/USP)<\/p>\n<p>17h00<\/p>\n<p>Apresenta\u00e7\u00e3o cultural<\/p>\n<p>04 de junho de 2014<\/p>\n<p>8h00 \u00e0s 8h30<\/p>\n<p>Recep\u00e7\u00e3o<\/p>\n<p>08h30 \u00e0s 09h30<\/p>\n<p>Palestra: \u201cCIF: a TA com o olhar para a funcionalidade\u201d \u2013 Heloisa Di Nubila (FSP\/USP)<\/p>\n<p>09h30 \u00e0s 10h00<\/p>\n<p>Caf\u00e9 de boas vindas<\/p>\n<p>10h00 \u00e0s 11h00<\/p>\n<p>Palestra: \u201cA TA melhorando o desempenho funcional e a qualidade de vida do idoso\u201d \u2013 Paula Costa Castro (UFSCAR)<\/p>\n<p>11h \u00e0s 11h30<\/p>\n<p>Palestra: \u201cInova\u00e7\u00f5es em TA em dispositivos m\u00f3veis\u201d \u2013 Agebson Fa\u00e7anha (IFCE)<\/p>\n<p>11h30 \u00e0s 12h00<\/p>\n<p>Palestra: \u201cAs bases institucionais do Plano Viver sem Limite e do CNRTA\u201d \u2013 Joelmo Oliveira (MCTI)<\/p>\n<p>12h00 \u00e0s 13h00<\/p>\n<p>Palestra: \u201cTA de baixo custo na vida cotidiana\u201d \u2013 Rodrigo Cubillos (TELET\u00d3N-Universidad de Chile\/Chile)<\/p>\n<p>13h00 \u00e0s 14h00<\/p>\n<p>Almo\u00e7o<\/p>\n<p>14h00 \u00e0s 14h30<\/p>\n<p>Palestra: \u201cInova\u00e7\u00f5es em TA para Educa\u00e7\u00e3o\u201d \u2013 Regina Heidrich (Feevale)<\/p>\n<p>14h30 \u00e0s 15h30<\/p>\n<p>Palestra: \u201cTA nas escolas\u201d \u2013 Martinha Clarette (SECADI\/MEC)<\/p>\n<p>15h30 \u00e0s 16h00<\/p>\n<p>Coffee break<\/p>\n<p>16h00 \u00e0s 17h00<\/p>\n<p>Mesa redonda: \u201cTA na Educa\u00e7\u00e3o\u201d<br \/>\nSistema FM \u2013 Juliana Morales (Phonak)<br \/>\nSala de Recursos Multifuncional \u2013 Rita Bersch (UFC)<br \/>\nAvatar 3D para Libras \u2013 Angelo Benetti (CTI\/MCTI)<\/p>\n<p>17h00<\/p>\n<p>Visita \u00e0s depend\u00eancias do CTI Renato Archer<\/p>\n<p>05 de junho de 2014<\/p>\n<p>8h00 \u00e0s 8h30<\/p>\n<p>Recep\u00e7\u00e3o<\/p>\n<p>8h30 \u00e0s 9h30<\/p>\n<p>Palestra: \u201cTecnologia Assistiva e Acessibilidade\u201d \u2013 Jesus Carlos Garcia (ITS BRASIL)<\/p>\n<p>09h30 \u00e0s 10h00<\/p>\n<p>Caf\u00e9 de boas vindas<\/p>\n<p>10h00 \u00e0s 11h00<\/p>\n<p>Mesa redonda: \u201cTICs: interface de Acessibilidade\u201d<br \/>\nSoftwares de Acessibilidade \u2013 Andr\u00e9a Sonza (IFRS)<br \/>\nDosVox \u2013 Antonio Borges (UFRJ)<br \/>\nSistema Auxilis \u2013 Jos\u00e9 A. R. Beiral (CTI\/MCTI)<\/p>\n<p>11h00 \u00e0s 12h00<\/p>\n<p>Mesa redonda: \u201cO que a TA oferece para minha vida?\u201d \u2013 Tatiana Rolin, Vilma Roberto, Anahi Guedes<\/p>\n<p>12h00 \u00e0s 13h00<\/p>\n<p>Palestra: \u201cA contribui\u00e7\u00e3o da TA no trabalho inclusivo\u201d \u2013 Renata Coelho (MPT)<\/p>\n<p>13h00 \u00e0s 14h00<\/p>\n<p>Almo\u00e7o<\/p>\n<p>14h00 \u00e0s 14h30<\/p>\n<p>Palestra: \u201cInova\u00e7\u00f5es em TA para Acessibilidade\u201d \u2013 Regina Cohen (UFRJ)<\/p>\n<p>14h30 \u00e0s 15h30<\/p>\n<p>Mesa redonda: \u201cTA no trabalho: cases de sucesso\u201d \u2013 Maria Am\u00e9lia (Natura), Juliano Moreno (Synchro)<\/p>\n<p>15h30 \u00e0s 16h00<\/p>\n<p>Coffee break<\/p>\n<p>16h00 \u00e0s 17h00<\/p>\n<p>Mesa redonda: \u201cTA na Acessibilidade\u201d<br \/>\nTransportes acess\u00edveis \u2013 Talita Rossi (UFMG)<br \/>\nAcessibilidade urbana \u2013 Nubia Bernardi (UNICAMP)<br \/>\nImpress\u00e3o 3D e TA \u2013 Jorge Silva (CTI\/MCTI)<\/p>\n<p>17h00<\/p>\n<p>Visita \u00e0s depend\u00eancias do CTI Renato Archer<\/p>\n","protected":false},"excerpt":{"rendered":"<p>O evento ocorre nos dias 03, 04 e 05 de junho de 2014, das 08h da manh\u00e3 \u00e0s 18h00.Toda a programa\u00e7\u00e3o pode ser conferida abaixo ou, se voc\u00ea preferir, fa\u00e7a o download da programa\u00e7\u00e3o pelo link www.simposiocnrta.com.br\/programacao.xls No menu \u201cPalestrantes\u201d voc\u00ea encontra informa\u00e7\u00f5es sobre cada um dos especialistas presentes no SITA e suas principais abordagens.<\/p>\n","protected":false},"author":1,"featured_media":0,"comment_status":"open","ping_status":"open","sticky":false,"template":"","format":"standard","meta":{"site-container-style":"default","site-container-layout":"default","site-sidebar-layout":"default","disable-article-header":"default","disable-site-header":"default","disable-site-footer":"default","disable-content-area-spacing":"default","footnotes":""},"categories":[12,4],"tags":[206],"class_list":["post-26490","post","type-post","status-publish","format-standard","hentry","category-cursos-e-eventos","category-noticias","tag-tecnologia-assistiva"],"yoast_head":"<!-- This site is optimized with the Yoast SEO plugin v27.4 - https:\/\/yoast.com\/product\/yoast-seo-wordpress\/ -->\n<title>I Simp\u00f3sio Internacional de Tecnologia Assistiva do CNRTA -<\/title>\n<meta name=\"robots\" content=\"index, follow, max-snippet:-1, max-image-preview:large, max-video-preview:-1\" \/>\n<link rel=\"canonical\" href=\"https:\/\/inclusivenews.com.br\/?p=26490\" \/>\n<meta property=\"og:locale\" content=\"pt_PT\" \/>\n<meta property=\"og:type\" content=\"article\" \/>\n<meta property=\"og:title\" content=\"I Simp\u00f3sio Internacional de Tecnologia Assistiva do CNRTA -\" \/>\n<meta property=\"og:description\" content=\"O evento ocorre nos dias 03, 04 e 05 de junho de 2014, das 08h da manh\u00e3 \u00e0s 18h00.Toda a programa\u00e7\u00e3o pode ser conferida abaixo ou, se voc\u00ea preferir, fa\u00e7a o download da programa\u00e7\u00e3o pelo link www.simposiocnrta.com.br\/programacao.xls No menu \u201cPalestrantes\u201d voc\u00ea encontra informa\u00e7\u00f5es sobre cada um dos especialistas presentes no SITA e suas principais abordagens.\" \/>\n<meta property=\"og:url\" content=\"https:\/\/inclusivenews.com.br\/?p=26490\" \/>\n<meta property=\"article:publisher\" content=\"https:\/\/www.facebook.com\/agenciainclusive\/\" \/>\n<meta property=\"article:published_time\" content=\"2014-05-30T10:22:00+00:00\" \/>\n<meta property=\"og:image\" content=\"http:\/\/inclusivenews.com.br\/wp-content\/uploads\/2010\/10\/AccessButton2.jpg\" \/>\n<meta name=\"author\" content=\"inclusivenews2024\" \/>\n<meta name=\"twitter:card\" content=\"summary_large_image\" \/>\n<meta name=\"twitter:label1\" content=\"Escrito por\" \/>\n\t<meta name=\"twitter:data1\" content=\"inclusivenews2024\" \/>\n\t<meta name=\"twitter:label2\" content=\"Tempo estimado de leitura\" \/>\n\t<meta name=\"twitter:data2\" content=\"3 minutos\" \/>\n<script type=\"application\/ld+json\" class=\"yoast-schema-graph\">{\"@context\":\"https:\\\/\\\/schema.org\",\"@graph\":[{\"@type\":\"Article\",\"@id\":\"https:\\\/\\\/inclusivenews.com.br\\\/?p=26490#article\",\"isPartOf\":{\"@id\":\"https:\\\/\\\/inclusivenews.com.br\\\/?p=26490\"},\"author\":{\"name\":\"inclusivenews2024\",\"@id\":\"https:\\\/\\\/inclusivenews.com.br\\\/#\\\/schema\\\/person\\\/ae4ec7087559b8692fb33b6fffd2273b\"},\"headline\":\"I Simp\u00f3sio Internacional de Tecnologia Assistiva do CNRTA\",\"datePublished\":\"2014-05-30T10:22:00+00:00\",\"mainEntityOfPage\":{\"@id\":\"https:\\\/\\\/inclusivenews.com.br\\\/?p=26490\"},\"wordCount\":577,\"commentCount\":0,\"publisher\":{\"@id\":\"https:\\\/\\\/inclusivenews.com.br\\\/#organization\"},\"image\":{\"@id\":\"https:\\\/\\\/inclusivenews.com.br\\\/?p=26490#primaryimage\"},\"thumbnailUrl\":\"http:\\\/\\\/inclusivenews.com.br\\\/wp-content\\\/uploads\\\/2010\\\/10\\\/AccessButton2.jpg\",\"keywords\":[\"Tecnologia assistiva\"],\"articleSection\":[\"Cursos e eventos\",\"NOT\u00cdCIAS\"],\"inLanguage\":\"pt-PT\",\"potentialAction\":[{\"@type\":\"CommentAction\",\"name\":\"Comment\",\"target\":[\"https:\\\/\\\/inclusivenews.com.br\\\/?p=26490#respond\"]}]},{\"@type\":\"WebPage\",\"@id\":\"https:\\\/\\\/inclusivenews.com.br\\\/?p=26490\",\"url\":\"https:\\\/\\\/inclusivenews.com.br\\\/?p=26490\",\"name\":\"I Simp\u00f3sio Internacional de Tecnologia Assistiva do CNRTA -\",\"isPartOf\":{\"@id\":\"https:\\\/\\\/inclusivenews.com.br\\\/#website\"},\"primaryImageOfPage\":{\"@id\":\"https:\\\/\\\/inclusivenews.com.br\\\/?p=26490#primaryimage\"},\"image\":{\"@id\":\"https:\\\/\\\/inclusivenews.com.br\\\/?p=26490#primaryimage\"},\"thumbnailUrl\":\"http:\\\/\\\/inclusivenews.com.br\\\/wp-content\\\/uploads\\\/2010\\\/10\\\/AccessButton2.jpg\",\"datePublished\":\"2014-05-30T10:22:00+00:00\",\"breadcrumb\":{\"@id\":\"https:\\\/\\\/inclusivenews.com.br\\\/?p=26490#breadcrumb\"},\"inLanguage\":\"pt-PT\",\"potentialAction\":[{\"@type\":\"ReadAction\",\"target\":[\"https:\\\/\\\/inclusivenews.com.br\\\/?p=26490\"]}]},{\"@type\":\"ImageObject\",\"inLanguage\":\"pt-PT\",\"@id\":\"https:\\\/\\\/inclusivenews.com.br\\\/?p=26490#primaryimage\",\"url\":\"\",\"contentUrl\":\"\"},{\"@type\":\"BreadcrumbList\",\"@id\":\"https:\\\/\\\/inclusivenews.com.br\\\/?p=26490#breadcrumb\",\"itemListElement\":[{\"@type\":\"ListItem\",\"position\":1,\"name\":\"In\u00edcio\",\"item\":\"https:\\\/\\\/inclusivenews.com.br\\\/\"},{\"@type\":\"ListItem\",\"position\":2,\"name\":\"I Simp\u00f3sio Internacional de Tecnologia Assistiva do CNRTA\"}]},{\"@type\":\"WebSite\",\"@id\":\"https:\\\/\\\/inclusivenews.com.br\\\/#website\",\"url\":\"https:\\\/\\\/inclusivenews.com.br\\\/\",\"name\":\"Inclusive News\",\"description\":\"Inclusive News\",\"publisher\":{\"@id\":\"https:\\\/\\\/inclusivenews.com.br\\\/#organization\"},\"potentialAction\":[{\"@type\":\"SearchAction\",\"target\":{\"@type\":\"EntryPoint\",\"urlTemplate\":\"https:\\\/\\\/inclusivenews.com.br\\\/?s={search_term_string}\"},\"query-input\":{\"@type\":\"PropertyValueSpecification\",\"valueRequired\":true,\"valueName\":\"search_term_string\"}}],\"inLanguage\":\"pt-PT\"},{\"@type\":\"Organization\",\"@id\":\"https:\\\/\\\/inclusivenews.com.br\\\/#organization\",\"name\":\"Inclusive - inclus\u00e3o e cidadania\",\"url\":\"https:\\\/\\\/inclusivenews.com.br\\\/\",\"logo\":{\"@type\":\"ImageObject\",\"inLanguage\":\"pt-PT\",\"@id\":\"https:\\\/\\\/inclusivenews.com.br\\\/#\\\/schema\\\/logo\\\/image\\\/\",\"url\":\"https:\\\/\\\/inclusivenews.com.br\\\/wp-content\\\/uploads\\\/2024\\\/03\\\/@grandesite.png\",\"contentUrl\":\"https:\\\/\\\/inclusivenews.com.br\\\/wp-content\\\/uploads\\\/2024\\\/03\\\/@grandesite.png\",\"width\":1080,\"height\":1080,\"caption\":\"Inclusive - inclus\u00e3o e cidadania\"},\"image\":{\"@id\":\"https:\\\/\\\/inclusivenews.com.br\\\/#\\\/schema\\\/logo\\\/image\\\/\"},\"sameAs\":[\"https:\\\/\\\/www.facebook.com\\\/agenciainclusive\\\/\",\"https:\\\/\\\/www.instagram.com\\\/newsinclusive\\\/\"]},{\"@type\":\"Person\",\"@id\":\"https:\\\/\\\/inclusivenews.com.br\\\/#\\\/schema\\\/person\\\/ae4ec7087559b8692fb33b6fffd2273b\",\"name\":\"inclusivenews2024\",\"image\":{\"@type\":\"ImageObject\",\"inLanguage\":\"pt-PT\",\"@id\":\"https:\\\/\\\/secure.gravatar.com\\\/avatar\\\/c5a7ef84c66fa914f55bc4f7ce26cfa275a3b9a1c5568b907bd184fb4dde7b40?s=96&d=mm&r=g\",\"url\":\"https:\\\/\\\/secure.gravatar.com\\\/avatar\\\/c5a7ef84c66fa914f55bc4f7ce26cfa275a3b9a1c5568b907bd184fb4dde7b40?s=96&d=mm&r=g\",\"contentUrl\":\"https:\\\/\\\/secure.gravatar.com\\\/avatar\\\/c5a7ef84c66fa914f55bc4f7ce26cfa275a3b9a1c5568b907bd184fb4dde7b40?s=96&d=mm&r=g\",\"caption\":\"inclusivenews2024\"},\"sameAs\":[\"https:\\\/\\\/inclusivenews.com.br\"],\"url\":\"https:\\\/\\\/inclusivenews.com.br\\\/?author=1\"}]}<\/script>\n<!-- \/ Yoast SEO plugin. -->","yoast_head_json":{"title":"I Simp\u00f3sio Internacional de Tecnologia Assistiva do CNRTA -","robots":{"index":"index","follow":"follow","max-snippet":"max-snippet:-1","max-image-preview":"max-image-preview:large","max-video-preview":"max-video-preview:-1"},"canonical":"https:\/\/inclusivenews.com.br\/?p=26490","og_locale":"pt_PT","og_type":"article","og_title":"I Simp\u00f3sio Internacional de Tecnologia Assistiva do CNRTA -","og_description":"O evento ocorre nos dias 03, 04 e 05 de junho de 2014, das 08h da manh\u00e3 \u00e0s 18h00.Toda a programa\u00e7\u00e3o pode ser conferida abaixo ou, se voc\u00ea preferir, fa\u00e7a o download da programa\u00e7\u00e3o pelo link www.simposiocnrta.com.br\/programacao.xls No menu \u201cPalestrantes\u201d voc\u00ea encontra informa\u00e7\u00f5es sobre cada um dos especialistas presentes no SITA e suas principais abordagens.","og_url":"https:\/\/inclusivenews.com.br\/?p=26490","article_publisher":"https:\/\/www.facebook.com\/agenciainclusive\/","article_published_time":"2014-05-30T10:22:00+00:00","og_image":[{"url":"http:\/\/inclusivenews.com.br\/wp-content\/uploads\/2010\/10\/AccessButton2.jpg","type":"","width":"","height":""}],"author":"inclusivenews2024","twitter_card":"summary_large_image","twitter_misc":{"Escrito por":"inclusivenews2024","Tempo estimado de leitura":"3 minutos"},"schema":{"@context":"https:\/\/schema.org","@graph":[{"@type":"Article","@id":"https:\/\/inclusivenews.com.br\/?p=26490#article","isPartOf":{"@id":"https:\/\/inclusivenews.com.br\/?p=26490"},"author":{"name":"inclusivenews2024","@id":"https:\/\/inclusivenews.com.br\/#\/schema\/person\/ae4ec7087559b8692fb33b6fffd2273b"},"headline":"I Simp\u00f3sio Internacional de Tecnologia Assistiva do CNRTA","datePublished":"2014-05-30T10:22:00+00:00","mainEntityOfPage":{"@id":"https:\/\/inclusivenews.com.br\/?p=26490"},"wordCount":577,"commentCount":0,"publisher":{"@id":"https:\/\/inclusivenews.com.br\/#organization"},"image":{"@id":"https:\/\/inclusivenews.com.br\/?p=26490#primaryimage"},"thumbnailUrl":"http:\/\/inclusivenews.com.br\/wp-content\/uploads\/2010\/10\/AccessButton2.jpg","keywords":["Tecnologia assistiva"],"articleSection":["Cursos e eventos","NOT\u00cdCIAS"],"inLanguage":"pt-PT","potentialAction":[{"@type":"CommentAction","name":"Comment","target":["https:\/\/inclusivenews.com.br\/?p=26490#respond"]}]},{"@type":"WebPage","@id":"https:\/\/inclusivenews.com.br\/?p=26490","url":"https:\/\/inclusivenews.com.br\/?p=26490","name":"I Simp\u00f3sio Internacional de Tecnologia Assistiva do CNRTA -","isPartOf":{"@id":"https:\/\/inclusivenews.com.br\/#website"},"primaryImageOfPage":{"@id":"https:\/\/inclusivenews.com.br\/?p=26490#primaryimage"},"image":{"@id":"https:\/\/inclusivenews.com.br\/?p=26490#primaryimage"},"thumbnailUrl":"http:\/\/inclusivenews.com.br\/wp-content\/uploads\/2010\/10\/AccessButton2.jpg","datePublished":"2014-05-30T10:22:00+00:00","breadcrumb":{"@id":"https:\/\/inclusivenews.com.br\/?p=26490#breadcrumb"},"inLanguage":"pt-PT","potentialAction":[{"@type":"ReadAction","target":["https:\/\/inclusivenews.com.br\/?p=26490"]}]},{"@type":"ImageObject","inLanguage":"pt-PT","@id":"https:\/\/inclusivenews.com.br\/?p=26490#primaryimage","url":"","contentUrl":""},{"@type":"BreadcrumbList","@id":"https:\/\/inclusivenews.com.br\/?p=26490#breadcrumb","itemListElement":[{"@type":"ListItem","position":1,"name":"In\u00edcio","item":"https:\/\/inclusivenews.com.br\/"},{"@type":"ListItem","position":2,"name":"I Simp\u00f3sio Internacional de Tecnologia Assistiva do CNRTA"}]},{"@type":"WebSite","@id":"https:\/\/inclusivenews.com.br\/#website","url":"https:\/\/inclusivenews.com.br\/","name":"Inclusive News","description":"Inclusive News","publisher":{"@id":"https:\/\/inclusivenews.com.br\/#organization"},"potentialAction":[{"@type":"SearchAction","target":{"@type":"EntryPoint","urlTemplate":"https:\/\/inclusivenews.com.br\/?s={search_term_string}"},"query-input":{"@type":"PropertyValueSpecification","valueRequired":true,"valueName":"search_term_string"}}],"inLanguage":"pt-PT"},{"@type":"Organization","@id":"https:\/\/inclusivenews.com.br\/#organization","name":"Inclusive - inclus\u00e3o e cidadania","url":"https:\/\/inclusivenews.com.br\/","logo":{"@type":"ImageObject","inLanguage":"pt-PT","@id":"https:\/\/inclusivenews.com.br\/#\/schema\/logo\/image\/","url":"https:\/\/inclusivenews.com.br\/wp-content\/uploads\/2024\/03\/@grandesite.png","contentUrl":"https:\/\/inclusivenews.com.br\/wp-content\/uploads\/2024\/03\/@grandesite.png","width":1080,"height":1080,"caption":"Inclusive - inclus\u00e3o e cidadania"},"image":{"@id":"https:\/\/inclusivenews.com.br\/#\/schema\/logo\/image\/"},"sameAs":["https:\/\/www.facebook.com\/agenciainclusive\/","https:\/\/www.instagram.com\/newsinclusive\/"]},{"@type":"Person","@id":"https:\/\/inclusivenews.com.br\/#\/schema\/person\/ae4ec7087559b8692fb33b6fffd2273b","name":"inclusivenews2024","image":{"@type":"ImageObject","inLanguage":"pt-PT","@id":"https:\/\/secure.gravatar.com\/avatar\/c5a7ef84c66fa914f55bc4f7ce26cfa275a3b9a1c5568b907bd184fb4dde7b40?s=96&d=mm&r=g","url":"https:\/\/secure.gravatar.com\/avatar\/c5a7ef84c66fa914f55bc4f7ce26cfa275a3b9a1c5568b907bd184fb4dde7b40?s=96&d=mm&r=g","contentUrl":"https:\/\/secure.gravatar.com\/avatar\/c5a7ef84c66fa914f55bc4f7ce26cfa275a3b9a1c5568b907bd184fb4dde7b40?s=96&d=mm&r=g","caption":"inclusivenews2024"},"sameAs":["https:\/\/inclusivenews.com.br"],"url":"https:\/\/inclusivenews.com.br\/?author=1"}]}},"_links":{"self":[{"href":"https:\/\/inclusivenews.com.br\/index.php?rest_route=\/wp\/v2\/posts\/26490","targetHints":{"allow":["GET"]}}],"collection":[{"href":"https:\/\/inclusivenews.com.br\/index.php?rest_route=\/wp\/v2\/posts"}],"about":[{"href":"https:\/\/inclusivenews.com.br\/index.php?rest_route=\/wp\/v2\/types\/post"}],"author":[{"embeddable":true,"href":"https:\/\/inclusivenews.com.br\/index.php?rest_route=\/wp\/v2\/users\/1"}],"replies":[{"embeddable":true,"href":"https:\/\/inclusivenews.com.br\/index.php?rest_route=%2Fwp%2Fv2%2Fcomments&post=26490"}],"version-history":[{"count":0,"href":"https:\/\/inclusivenews.com.br\/index.php?rest_route=\/wp\/v2\/posts\/26490\/revisions"}],"wp:attachment":[{"href":"https:\/\/inclusivenews.com.br\/index.php?rest_route=%2Fwp%2Fv2%2Fmedia&parent=26490"}],"wp:term":[{"taxonomy":"category","embeddable":true,"href":"https:\/\/inclusivenews.com.br\/index.php?rest_route=%2Fwp%2Fv2%2Fcategories&post=26490"},{"taxonomy":"post_tag","embeddable":true,"href":"https:\/\/inclusivenews.com.br\/index.php?rest_route=%2Fwp%2Fv2%2Ftags&post=26490"}],"curies":[{"name":"wp","href":"https:\/\/api.w.org\/{rel}","templated":true}]}}