{"id":26495,"date":"2014-05-31T07:26:15","date_gmt":"2014-05-31T10:26:15","guid":{"rendered":"http:\/\/www.inclusive.org.br\/?p=26495"},"modified":"2014-05-31T07:26:15","modified_gmt":"2014-05-31T10:26:15","slug":"comdef-rio-lanca-nota-de-repudio-dirigido-ao-secretario-de-turismo-do-rio","status":"publish","type":"post","link":"https:\/\/inclusivenews.com.br\/?p=26495","title":{"rendered":"COMDEF-RIO lan\u00e7a nota de rep\u00fadio dirigido ao Secret\u00e1rio de Turismo do Rio"},"content":{"rendered":"<p style=\"text-align: left;\" align=\"center\"><img loading=\"lazy\" decoding=\"async\" class=\"alignnone aligncenter\" alt=\"Conselho Municipal de Defesa dos Direitos da Pessoa com Defici\u00eancia do Rio de Janeiro - COMDEF-RIO\" src=\"http:\/\/1.bp.blogspot.com\/_n0Illm9VpYc\/TN17XgpX0LI\/AAAAAAAAALk\/DMxvGld4Ulc\/s320\/comdef.JPG\" width=\"320\" height=\"102\" \/><\/p>\n<p style=\"text-align: left;\" align=\"center\"><strong>Nota De Rep\u00fadio<br \/>\n<\/strong><\/p>\n<p style=\"text-align: left;\">Senhor Ant\u00f4nio Figueira de Mello,<br \/>\nSecret\u00e1rio de Turismo do Rio,<\/p>\n<p style=\"text-align: left;\">\nPessoas com defici\u00eancia existem desde o come\u00e7o dos tempos, e sua luta tamb\u00e9m existe desde ent\u00e3o, h\u00e1 muito se confundindo com as lutas pela emancipa\u00e7\u00e3o de negros, mulheres e demais exclu\u00eddos. Muito provavelmente, entre seus antepassados se encontrar\u00e3o pessoas com atributos que hoje denominamos como defici\u00eancias.<\/p>\n<p style=\"text-align: left;\">N\u00f3s, pessoas com defici\u00eancia brasileiras, hoje tamb\u00e9m contamos com muitas conquistas emancipat\u00f3rias, que representam grandes avan\u00e7os da civiliza\u00e7\u00e3o, tanto na elimina\u00e7\u00e3o de barreiras f\u00edsicas e comunicacionais como de barreiras atitudinais, com o amparo de uma legisla\u00e7\u00e3o considerada das melhores do mundo.<\/p>\n<p style=\"text-align: left;\">Nesse sentido, este Conselho Municipal de Defesa dos Direitos da Pessoa com Defici\u00eancia do Rio de Janeiro repudia suas declara\u00e7\u00f5es de que pessoas com defici\u00eancia n\u00e3o s\u00e3o o p\u00fablico-alvo do evento da Copa do Mundo de Futebol no Brasil (R\u00e1dio CBN, 27\/05\/2014) e, por considerar que o senhor incorreu em crime de discrimina\u00e7\u00e3o contra as pessoas com defici\u00eancia, resolve tornar p\u00fablico seu rep\u00fadio, assim como oficiar ao senhor, \u00e0 Secretaria Municipal da Pessoa com Defici\u00eancia, ao prefeito e ao Minist\u00e9rio P\u00fablico, para as provid\u00eancias cab\u00edveis. A prop\u00f3sito, de acordo com a Constitui\u00e7\u00e3o, a falta de acessibilidade, de qualquer natureza, \u00e9 discrimina\u00e7\u00e3o e o agente p\u00fablico deve ser responsabilizado.<\/p>\n<p style=\"text-align: left;\">Com votos de que a inclus\u00e3o das pessoas com defici\u00eancia fa\u00e7a parte de suas a\u00e7\u00f5es estrat\u00e9gicas como gestor p\u00fablico e de seu planejamento na Secretaria de Turismo de uma cidade maravilhosa que deve ser acess\u00edvel para todos os seus cidad\u00e3os, a qualquer momento,<\/p>\n<p style=\"text-align: left;\">\nInclusivamente,<\/p>\n<p style=\"text-align: left;\">Andrei Bastos<\/p>\n<p style=\"text-align: left;\" align=\"center\">Presidente do Conselho Municipal de Defesa dos Direitos da Pessoa com Defici\u00eancia do Rio de Janeiro &#8211; <b>COMDEF-RIO<\/b><\/p>\n","protected":false},"excerpt":{"rendered":"<p>Leia a nota de rep\u00fadio que o Conselho Municipal de Defesa dos Direitos da Pessoa com Defici\u00eancia do Rio de Janeiro &#8211; COMDEF-RIO dirigiu ao Secret\u00e1rio de Turismo do Rio.<\/p>\n","protected":false},"author":1,"featured_media":0,"comment_status":"open","ping_status":"open","sticky":false,"template":"","format":"standard","meta":{"site-container-style":"default","site-container-layout":"default","site-sidebar-layout":"default","disable-article-header":"default","disable-site-header":"default","disable-site-footer":"default","disable-content-area-spacing":"default","footnotes":""},"categories":[13],"tags":[],"class_list":["post-26495","post","type-post","status-publish","format-standard","hentry","category-denuncias"],"yoast_head":"<!-- This site is optimized with the Yoast SEO plugin v27.4 - https:\/\/yoast.com\/product\/yoast-seo-wordpress\/ -->\n<title>COMDEF-RIO lan\u00e7a nota de rep\u00fadio dirigido ao Secret\u00e1rio de Turismo do Rio -<\/title>\n<meta name=\"robots\" content=\"index, follow, max-snippet:-1, max-image-preview:large, max-video-preview:-1\" \/>\n<link rel=\"canonical\" href=\"https:\/\/inclusivenews.com.br\/?p=26495\" \/>\n<meta property=\"og:locale\" content=\"pt_PT\" \/>\n<meta property=\"og:type\" content=\"article\" \/>\n<meta property=\"og:title\" content=\"COMDEF-RIO lan\u00e7a nota de rep\u00fadio dirigido ao Secret\u00e1rio de Turismo do Rio -\" \/>\n<meta property=\"og:description\" content=\"Leia a nota de rep\u00fadio que o Conselho Municipal de Defesa dos Direitos da Pessoa com Defici\u00eancia do Rio de Janeiro - COMDEF-RIO dirigiu ao Secret\u00e1rio de Turismo do Rio.\" \/>\n<meta property=\"og:url\" content=\"https:\/\/inclusivenews.com.br\/?p=26495\" \/>\n<meta property=\"article:publisher\" content=\"https:\/\/www.facebook.com\/agenciainclusive\/\" \/>\n<meta property=\"article:published_time\" content=\"2014-05-31T10:26:15+00:00\" \/>\n<meta property=\"og:image\" content=\"http:\/\/1.bp.blogspot.com\/_n0Illm9VpYc\/TN17XgpX0LI\/AAAAAAAAALk\/DMxvGld4Ulc\/s320\/comdef.JPG\" \/>\n<meta name=\"author\" content=\"inclusivenews2024\" \/>\n<meta name=\"twitter:card\" content=\"summary_large_image\" \/>\n<meta name=\"twitter:label1\" content=\"Escrito por\" \/>\n\t<meta name=\"twitter:data1\" content=\"inclusivenews2024\" \/>\n\t<meta name=\"twitter:label2\" content=\"Tempo estimado de leitura\" \/>\n\t<meta name=\"twitter:data2\" content=\"2 minutos\" \/>\n<script type=\"application\/ld+json\" class=\"yoast-schema-graph\">{\"@context\":\"https:\\\/\\\/schema.org\",\"@graph\":[{\"@type\":\"Article\",\"@id\":\"https:\\\/\\\/inclusivenews.com.br\\\/?p=26495#article\",\"isPartOf\":{\"@id\":\"https:\\\/\\\/inclusivenews.com.br\\\/?p=26495\"},\"author\":{\"name\":\"inclusivenews2024\",\"@id\":\"https:\\\/\\\/inclusivenews.com.br\\\/#\\\/schema\\\/person\\\/ae4ec7087559b8692fb33b6fffd2273b\"},\"headline\":\"COMDEF-RIO lan\u00e7a nota de rep\u00fadio dirigido ao Secret\u00e1rio de Turismo do Rio\",\"datePublished\":\"2014-05-31T10:26:15+00:00\",\"mainEntityOfPage\":{\"@id\":\"https:\\\/\\\/inclusivenews.com.br\\\/?p=26495\"},\"wordCount\":333,\"commentCount\":3,\"publisher\":{\"@id\":\"https:\\\/\\\/inclusivenews.com.br\\\/#organization\"},\"image\":{\"@id\":\"https:\\\/\\\/inclusivenews.com.br\\\/?p=26495#primaryimage\"},\"thumbnailUrl\":\"http:\\\/\\\/1.bp.blogspot.com\\\/_n0Illm9VpYc\\\/TN17XgpX0LI\\\/AAAAAAAAALk\\\/DMxvGld4Ulc\\\/s320\\\/comdef.JPG\",\"articleSection\":[\"Den\u00fancias\"],\"inLanguage\":\"pt-PT\",\"potentialAction\":[{\"@type\":\"CommentAction\",\"name\":\"Comment\",\"target\":[\"https:\\\/\\\/inclusivenews.com.br\\\/?p=26495#respond\"]}]},{\"@type\":\"WebPage\",\"@id\":\"https:\\\/\\\/inclusivenews.com.br\\\/?p=26495\",\"url\":\"https:\\\/\\\/inclusivenews.com.br\\\/?p=26495\",\"name\":\"COMDEF-RIO lan\u00e7a nota de rep\u00fadio dirigido ao Secret\u00e1rio de Turismo do Rio -\",\"isPartOf\":{\"@id\":\"https:\\\/\\\/inclusivenews.com.br\\\/#website\"},\"primaryImageOfPage\":{\"@id\":\"https:\\\/\\\/inclusivenews.com.br\\\/?p=26495#primaryimage\"},\"image\":{\"@id\":\"https:\\\/\\\/inclusivenews.com.br\\\/?p=26495#primaryimage\"},\"thumbnailUrl\":\"http:\\\/\\\/1.bp.blogspot.com\\\/_n0Illm9VpYc\\\/TN17XgpX0LI\\\/AAAAAAAAALk\\\/DMxvGld4Ulc\\\/s320\\\/comdef.JPG\",\"datePublished\":\"2014-05-31T10:26:15+00:00\",\"breadcrumb\":{\"@id\":\"https:\\\/\\\/inclusivenews.com.br\\\/?p=26495#breadcrumb\"},\"inLanguage\":\"pt-PT\",\"potentialAction\":[{\"@type\":\"ReadAction\",\"target\":[\"https:\\\/\\\/inclusivenews.com.br\\\/?p=26495\"]}]},{\"@type\":\"ImageObject\",\"inLanguage\":\"pt-PT\",\"@id\":\"https:\\\/\\\/inclusivenews.com.br\\\/?p=26495#primaryimage\",\"url\":\"http:\\\/\\\/1.bp.blogspot.com\\\/_n0Illm9VpYc\\\/TN17XgpX0LI\\\/AAAAAAAAALk\\\/DMxvGld4Ulc\\\/s320\\\/comdef.JPG\",\"contentUrl\":\"http:\\\/\\\/1.bp.blogspot.com\\\/_n0Illm9VpYc\\\/TN17XgpX0LI\\\/AAAAAAAAALk\\\/DMxvGld4Ulc\\\/s320\\\/comdef.JPG\"},{\"@type\":\"BreadcrumbList\",\"@id\":\"https:\\\/\\\/inclusivenews.com.br\\\/?p=26495#breadcrumb\",\"itemListElement\":[{\"@type\":\"ListItem\",\"position\":1,\"name\":\"In\u00edcio\",\"item\":\"https:\\\/\\\/inclusivenews.com.br\\\/\"},{\"@type\":\"ListItem\",\"position\":2,\"name\":\"COMDEF-RIO lan\u00e7a nota de rep\u00fadio dirigido ao Secret\u00e1rio de Turismo do Rio\"}]},{\"@type\":\"WebSite\",\"@id\":\"https:\\\/\\\/inclusivenews.com.br\\\/#website\",\"url\":\"https:\\\/\\\/inclusivenews.com.br\\\/\",\"name\":\"Inclusive News\",\"description\":\"Inclusive News\",\"publisher\":{\"@id\":\"https:\\\/\\\/inclusivenews.com.br\\\/#organization\"},\"potentialAction\":[{\"@type\":\"SearchAction\",\"target\":{\"@type\":\"EntryPoint\",\"urlTemplate\":\"https:\\\/\\\/inclusivenews.com.br\\\/?s={search_term_string}\"},\"query-input\":{\"@type\":\"PropertyValueSpecification\",\"valueRequired\":true,\"valueName\":\"search_term_string\"}}],\"inLanguage\":\"pt-PT\"},{\"@type\":\"Organization\",\"@id\":\"https:\\\/\\\/inclusivenews.com.br\\\/#organization\",\"name\":\"Inclusive - inclus\u00e3o e cidadania\",\"url\":\"https:\\\/\\\/inclusivenews.com.br\\\/\",\"logo\":{\"@type\":\"ImageObject\",\"inLanguage\":\"pt-PT\",\"@id\":\"https:\\\/\\\/inclusivenews.com.br\\\/#\\\/schema\\\/logo\\\/image\\\/\",\"url\":\"https:\\\/\\\/inclusivenews.com.br\\\/wp-content\\\/uploads\\\/2024\\\/03\\\/@grandesite.png\",\"contentUrl\":\"https:\\\/\\\/inclusivenews.com.br\\\/wp-content\\\/uploads\\\/2024\\\/03\\\/@grandesite.png\",\"width\":1080,\"height\":1080,\"caption\":\"Inclusive - inclus\u00e3o e cidadania\"},\"image\":{\"@id\":\"https:\\\/\\\/inclusivenews.com.br\\\/#\\\/schema\\\/logo\\\/image\\\/\"},\"sameAs\":[\"https:\\\/\\\/www.facebook.com\\\/agenciainclusive\\\/\",\"https:\\\/\\\/www.instagram.com\\\/newsinclusive\\\/\"]},{\"@type\":\"Person\",\"@id\":\"https:\\\/\\\/inclusivenews.com.br\\\/#\\\/schema\\\/person\\\/ae4ec7087559b8692fb33b6fffd2273b\",\"name\":\"inclusivenews2024\",\"image\":{\"@type\":\"ImageObject\",\"inLanguage\":\"pt-PT\",\"@id\":\"https:\\\/\\\/secure.gravatar.com\\\/avatar\\\/c5a7ef84c66fa914f55bc4f7ce26cfa275a3b9a1c5568b907bd184fb4dde7b40?s=96&d=mm&r=g\",\"url\":\"https:\\\/\\\/secure.gravatar.com\\\/avatar\\\/c5a7ef84c66fa914f55bc4f7ce26cfa275a3b9a1c5568b907bd184fb4dde7b40?s=96&d=mm&r=g\",\"contentUrl\":\"https:\\\/\\\/secure.gravatar.com\\\/avatar\\\/c5a7ef84c66fa914f55bc4f7ce26cfa275a3b9a1c5568b907bd184fb4dde7b40?s=96&d=mm&r=g\",\"caption\":\"inclusivenews2024\"},\"sameAs\":[\"https:\\\/\\\/inclusivenews.com.br\"],\"url\":\"https:\\\/\\\/inclusivenews.com.br\\\/?author=1\"}]}<\/script>\n<!-- \/ Yoast SEO plugin. -->","yoast_head_json":{"title":"COMDEF-RIO lan\u00e7a nota de rep\u00fadio dirigido ao Secret\u00e1rio de Turismo do Rio -","robots":{"index":"index","follow":"follow","max-snippet":"max-snippet:-1","max-image-preview":"max-image-preview:large","max-video-preview":"max-video-preview:-1"},"canonical":"https:\/\/inclusivenews.com.br\/?p=26495","og_locale":"pt_PT","og_type":"article","og_title":"COMDEF-RIO lan\u00e7a nota de rep\u00fadio dirigido ao Secret\u00e1rio de Turismo do Rio -","og_description":"Leia a nota de rep\u00fadio que o Conselho Municipal de Defesa dos Direitos da Pessoa com Defici\u00eancia do Rio de Janeiro - COMDEF-RIO dirigiu ao Secret\u00e1rio de Turismo do Rio.","og_url":"https:\/\/inclusivenews.com.br\/?p=26495","article_publisher":"https:\/\/www.facebook.com\/agenciainclusive\/","article_published_time":"2014-05-31T10:26:15+00:00","og_image":[{"url":"http:\/\/1.bp.blogspot.com\/_n0Illm9VpYc\/TN17XgpX0LI\/AAAAAAAAALk\/DMxvGld4Ulc\/s320\/comdef.JPG","type":"","width":"","height":""}],"author":"inclusivenews2024","twitter_card":"summary_large_image","twitter_misc":{"Escrito por":"inclusivenews2024","Tempo estimado de leitura":"2 minutos"},"schema":{"@context":"https:\/\/schema.org","@graph":[{"@type":"Article","@id":"https:\/\/inclusivenews.com.br\/?p=26495#article","isPartOf":{"@id":"https:\/\/inclusivenews.com.br\/?p=26495"},"author":{"name":"inclusivenews2024","@id":"https:\/\/inclusivenews.com.br\/#\/schema\/person\/ae4ec7087559b8692fb33b6fffd2273b"},"headline":"COMDEF-RIO lan\u00e7a nota de rep\u00fadio dirigido ao Secret\u00e1rio de Turismo do Rio","datePublished":"2014-05-31T10:26:15+00:00","mainEntityOfPage":{"@id":"https:\/\/inclusivenews.com.br\/?p=26495"},"wordCount":333,"commentCount":3,"publisher":{"@id":"https:\/\/inclusivenews.com.br\/#organization"},"image":{"@id":"https:\/\/inclusivenews.com.br\/?p=26495#primaryimage"},"thumbnailUrl":"http:\/\/1.bp.blogspot.com\/_n0Illm9VpYc\/TN17XgpX0LI\/AAAAAAAAALk\/DMxvGld4Ulc\/s320\/comdef.JPG","articleSection":["Den\u00fancias"],"inLanguage":"pt-PT","potentialAction":[{"@type":"CommentAction","name":"Comment","target":["https:\/\/inclusivenews.com.br\/?p=26495#respond"]}]},{"@type":"WebPage","@id":"https:\/\/inclusivenews.com.br\/?p=26495","url":"https:\/\/inclusivenews.com.br\/?p=26495","name":"COMDEF-RIO lan\u00e7a nota de rep\u00fadio dirigido ao Secret\u00e1rio de Turismo do Rio -","isPartOf":{"@id":"https:\/\/inclusivenews.com.br\/#website"},"primaryImageOfPage":{"@id":"https:\/\/inclusivenews.com.br\/?p=26495#primaryimage"},"image":{"@id":"https:\/\/inclusivenews.com.br\/?p=26495#primaryimage"},"thumbnailUrl":"http:\/\/1.bp.blogspot.com\/_n0Illm9VpYc\/TN17XgpX0LI\/AAAAAAAAALk\/DMxvGld4Ulc\/s320\/comdef.JPG","datePublished":"2014-05-31T10:26:15+00:00","breadcrumb":{"@id":"https:\/\/inclusivenews.com.br\/?p=26495#breadcrumb"},"inLanguage":"pt-PT","potentialAction":[{"@type":"ReadAction","target":["https:\/\/inclusivenews.com.br\/?p=26495"]}]},{"@type":"ImageObject","inLanguage":"pt-PT","@id":"https:\/\/inclusivenews.com.br\/?p=26495#primaryimage","url":"http:\/\/1.bp.blogspot.com\/_n0Illm9VpYc\/TN17XgpX0LI\/AAAAAAAAALk\/DMxvGld4Ulc\/s320\/comdef.JPG","contentUrl":"http:\/\/1.bp.blogspot.com\/_n0Illm9VpYc\/TN17XgpX0LI\/AAAAAAAAALk\/DMxvGld4Ulc\/s320\/comdef.JPG"},{"@type":"BreadcrumbList","@id":"https:\/\/inclusivenews.com.br\/?p=26495#breadcrumb","itemListElement":[{"@type":"ListItem","position":1,"name":"In\u00edcio","item":"https:\/\/inclusivenews.com.br\/"},{"@type":"ListItem","position":2,"name":"COMDEF-RIO lan\u00e7a nota de rep\u00fadio dirigido ao Secret\u00e1rio de Turismo do Rio"}]},{"@type":"WebSite","@id":"https:\/\/inclusivenews.com.br\/#website","url":"https:\/\/inclusivenews.com.br\/","name":"Inclusive News","description":"Inclusive News","publisher":{"@id":"https:\/\/inclusivenews.com.br\/#organization"},"potentialAction":[{"@type":"SearchAction","target":{"@type":"EntryPoint","urlTemplate":"https:\/\/inclusivenews.com.br\/?s={search_term_string}"},"query-input":{"@type":"PropertyValueSpecification","valueRequired":true,"valueName":"search_term_string"}}],"inLanguage":"pt-PT"},{"@type":"Organization","@id":"https:\/\/inclusivenews.com.br\/#organization","name":"Inclusive - inclus\u00e3o e cidadania","url":"https:\/\/inclusivenews.com.br\/","logo":{"@type":"ImageObject","inLanguage":"pt-PT","@id":"https:\/\/inclusivenews.com.br\/#\/schema\/logo\/image\/","url":"https:\/\/inclusivenews.com.br\/wp-content\/uploads\/2024\/03\/@grandesite.png","contentUrl":"https:\/\/inclusivenews.com.br\/wp-content\/uploads\/2024\/03\/@grandesite.png","width":1080,"height":1080,"caption":"Inclusive - inclus\u00e3o e cidadania"},"image":{"@id":"https:\/\/inclusivenews.com.br\/#\/schema\/logo\/image\/"},"sameAs":["https:\/\/www.facebook.com\/agenciainclusive\/","https:\/\/www.instagram.com\/newsinclusive\/"]},{"@type":"Person","@id":"https:\/\/inclusivenews.com.br\/#\/schema\/person\/ae4ec7087559b8692fb33b6fffd2273b","name":"inclusivenews2024","image":{"@type":"ImageObject","inLanguage":"pt-PT","@id":"https:\/\/secure.gravatar.com\/avatar\/c5a7ef84c66fa914f55bc4f7ce26cfa275a3b9a1c5568b907bd184fb4dde7b40?s=96&d=mm&r=g","url":"https:\/\/secure.gravatar.com\/avatar\/c5a7ef84c66fa914f55bc4f7ce26cfa275a3b9a1c5568b907bd184fb4dde7b40?s=96&d=mm&r=g","contentUrl":"https:\/\/secure.gravatar.com\/avatar\/c5a7ef84c66fa914f55bc4f7ce26cfa275a3b9a1c5568b907bd184fb4dde7b40?s=96&d=mm&r=g","caption":"inclusivenews2024"},"sameAs":["https:\/\/inclusivenews.com.br"],"url":"https:\/\/inclusivenews.com.br\/?author=1"}]}},"_links":{"self":[{"href":"https:\/\/inclusivenews.com.br\/index.php?rest_route=\/wp\/v2\/posts\/26495","targetHints":{"allow":["GET"]}}],"collection":[{"href":"https:\/\/inclusivenews.com.br\/index.php?rest_route=\/wp\/v2\/posts"}],"about":[{"href":"https:\/\/inclusivenews.com.br\/index.php?rest_route=\/wp\/v2\/types\/post"}],"author":[{"embeddable":true,"href":"https:\/\/inclusivenews.com.br\/index.php?rest_route=\/wp\/v2\/users\/1"}],"replies":[{"embeddable":true,"href":"https:\/\/inclusivenews.com.br\/index.php?rest_route=%2Fwp%2Fv2%2Fcomments&post=26495"}],"version-history":[{"count":0,"href":"https:\/\/inclusivenews.com.br\/index.php?rest_route=\/wp\/v2\/posts\/26495\/revisions"}],"wp:attachment":[{"href":"https:\/\/inclusivenews.com.br\/index.php?rest_route=%2Fwp%2Fv2%2Fmedia&parent=26495"}],"wp:term":[{"taxonomy":"category","embeddable":true,"href":"https:\/\/inclusivenews.com.br\/index.php?rest_route=%2Fwp%2Fv2%2Fcategories&post=26495"},{"taxonomy":"post_tag","embeddable":true,"href":"https:\/\/inclusivenews.com.br\/index.php?rest_route=%2Fwp%2Fv2%2Ftags&post=26495"}],"curies":[{"name":"wp","href":"https:\/\/api.w.org\/{rel}","templated":true}]}}