{"id":26509,"date":"2014-06-03T20:22:53","date_gmt":"2014-06-03T23:22:53","guid":{"rendered":"http:\/\/www.inclusive.org.br\/?p=26509"},"modified":"2014-06-03T20:22:53","modified_gmt":"2014-06-03T23:22:53","slug":"ambientes-de-aprendizado-precisam-ser-como-o-lar-afirmam-especialistas","status":"publish","type":"post","link":"https:\/\/inclusivenews.com.br\/?p=26509","title":{"rendered":"Ambientes de aprendizado precisam ser como o lar, afirmam especialistas"},"content":{"rendered":"<blockquote><p><em>Disciplina ou democracia? O que pode melhorar a educa\u00e7\u00e3o brasileira?<\/em><\/p><\/blockquote>\n<figure style=\"width: 260px\" class=\"wp-caption alignleft\"><img loading=\"lazy\" decoding=\"async\" alt=\"Imagem a\u00e9rea de quadra esportiva\" src=\"http:\/\/portal.aprendiz.uol.com.br\/wp-content\/uploads\/2014\/05\/ruy-ohtake-jorge-mirandinha1-260x173.jpg\" width=\"260\" height=\"173\" \/><figcaption class=\"wp-caption-text\">Em Heli\u00f3polis, em S\u00e3o Paulo, projeto liga moradia a centro educativo | Cr\u00e9dito: divulga\u00e7\u00e3o<\/figcaption><\/figure>\n<p><em>Por Danilo Mekari, no <a href=\"http:\/\/portal.aprendiz.uol.com.br\/2014\/05\/22\/ambientes-de-aprendizado-precisam-ser-como-o-lar-afirmam-especialistas\/\" target=\"_blank\" rel=\"noopener\">Portal Aprendiz<\/a><\/em><\/p>\n<p>H\u00e1 quem acredite que uma das solu\u00e7\u00f5es para os problemas da educa\u00e7\u00e3o no Brasil esteja no refor\u00e7o da disciplina e na rigidez das regras aplicadas no interior das escolas. Por outro lado, h\u00e1 tamb\u00e9m aqueles que defendem a ideia de uma escola mais democr\u00e1tica, onde as crian\u00e7as possam circular livremente, andar descal\u00e7as, subir em \u00e1rvores e pintar as paredes.<\/p>\n<p>\u00c9 o caso da arquiteta Doris Kowaltowski, professora da Unicamp e autora do livro \u201c<a href=\"http:\/\/issuu.com\/ofitexto\/docs\/arquitetura_escolar\" target=\"_blank\" rel=\"noopener\">Arquitetura escolar \u2013 o projeto do ambiente de ensino<\/a>\u201d. Ela acredita que, al\u00e9m de primar pelos bons professores e alunos e ter uma gest\u00e3o de qualidade, as escolas precisam de pr\u00e9dios bem projetados para se tornarem centros de educa\u00e7\u00e3o de excel\u00eancia.<\/p>\n<p>\u201cSe o espa\u00e7o \u00e9 mal cuidado, o pr\u00e9dio \u00e9 vandalizado mais facilmente. Ao mesmo tempo, se tiver muitas grades, a crian\u00e7a se sente insegura. Os pr\u00e9dios escolares ruins incentivam a timidez entre as crian\u00e7as e a pr\u00e1tica do bullying\u201d, afirma Doris.<\/p>\n<p>Ao lado de Beatriz Goulart, urbanista e coordenadora do projeto <a href=\"http:\/\/www.cenariospedagogicos.com.br\/\" target=\"_blank\" rel=\"noopener\">Cen\u00e1rios Pedag\u00f3gicos<\/a>, e Pedro Barr\u00e1n, arquiteto uruguaio e pesquisador do tema, Doris participou do debate \u201cPr\u00e9dios tamb\u00e9m ensinam \u2013 arquitetura voltada ao desenvolvimento pleno do aluno\u201d, realizado no dia 21\/5, durante a Feira Educar Educador 2014.<\/p>\n<p><strong>Conhecimento no claustro<\/strong><\/p>\n<p>Beatriz lembrou que a requalifica\u00e7\u00e3o dos espa\u00e7os escolares e urbanos deve ser feita em conjunto. \u201cN\u00e3o adianta o espa\u00e7o ser lindo e a gest\u00e3o e o curr\u00edculo continuarem atrasados. Desse jeito, vai ser apenas um pres\u00eddio colorido\u201d, desabafa. \u201cNotas, chamada, arm\u00e1rio trancado, biblioteca fechada. Se o pr\u00e9dio for destinado a ensinar ordem e disciplina, ele estar\u00e1 falido. O edif\u00edcio escolar moderno deve incentivar a conviv\u00eancia e a autonomia.\u201d<\/p>\n<p>Para Barr\u00e1n, as escolas antigas, com arquitetura r\u00edgida e sim\u00e9trica \u2013 um verdadeiro \u201cclaustro\u201d \u2013, s\u00e3o do tempo em que a educa\u00e7\u00e3o era \u201csimplesmente levar aos alunos o conhecimento que j\u00e1 estava dado. Hoje, em uma escola ideal, o protagonismo tem de estar no estudante.\u201d<\/p>\n<div class=\"wp-caption alignleft\" id=\"attachment_113560\" style=\"width: 315px;\">\n<p><a href=\"http:\/\/envolverde.com.br\/portal\/wp-content\/uploads\/2014\/05\/Bala_main_9.jpg\"><img loading=\"lazy\" decoding=\"async\" class=\"size-full wp-image-113560\" title=\"Ambientes de aprendizado precisam ser como o lar, afirmam especialistas\" alt=\"Bala main 9 Ambientes de aprendizado precisam ser como o lar, afirmam especialistas\" src=\"http:\/\/envolverde.com.br\/portal\/wp-content\/uploads\/2014\/05\/Bala_main_9.jpg\" width=\"305\" height=\"119\" \/><\/a><\/p>\n<p class=\"wp-caption-text\">Antes da interven\u00e7\u00e3o da \u201cBuilding as Learning Aid\u201d. Foto: Divulga\u00e7\u00e3o<\/p>\n<\/div>\n<p><strong>Aproveitando espa\u00e7os<\/strong><\/p>\n<p>Doris elencou alguns exemplos que, de maneira educativa, aproveitam os espa\u00e7os, as paredes e at\u00e9 os ch\u00e3os da escola. Na \u00cdndia, o projeto BaLA (Building as Learning Aid) desenhou tabelas peri\u00f3dicas, linhas do tempo com a hist\u00f3ria do pa\u00eds e os \u00e2ngulos que se formam com a abertura das portas \u2013 tudo isso na superf\u00edcie dos edif\u00edcios.<\/p>\n<p>Partindo de uma vis\u00e3o hol\u00edstica de como planejar e usar a infraestrutura da escola, o BaLa trabalha atividades baseadas na aprendizagem, na amizade infantil e na inclus\u00e3o de crian\u00e7as com defici\u00eancia. \u201cNo cerne, assume que a arquitetura da escola pode ser um recurso no processo de ensino e aprendizagem.\u201d<\/p>\n<div class=\"wp-caption alignright\" id=\"attachment_113561\" style=\"width: 315px;\">\n<p><a href=\"http:\/\/envolverde.com.br\/portal\/wp-content\/uploads\/2014\/05\/Bala_main_11.jpg\"><img loading=\"lazy\" decoding=\"async\" class=\"size-full wp-image-113561\" title=\"Ambientes de aprendizado precisam ser como o lar, afirmam especialistas\" alt=\"Bala main 11 Ambientes de aprendizado precisam ser como o lar, afirmam especialistas\" src=\"http:\/\/envolverde.com.br\/portal\/wp-content\/uploads\/2014\/05\/Bala_main_11.jpg\" width=\"305\" height=\"119\" \/><\/a><\/p>\n<p class=\"wp-caption-text\">Depois da interven\u00e7\u00e3o da \u201cBaLa\u201d. Foto: Divulga\u00e7\u00e3o<\/p>\n<\/div>\n<p>A arquiteta tamb\u00e9m citou a import\u00e2ncia da ilumina\u00e7\u00e3o natural e a necessidade de haver variedade espacial para quebrar a monotonia. \u201cAl\u00e9m disso, a crian\u00e7a que fica o dia inteiro na escola precisa de um espa\u00e7o para descansar\u201d, adverte. Lembrou ainda da ac\u00fastica de uma sala de aula: \u201cse ela n\u00e3o funciona, o professor precisa gritar e fica rouco. Desse jeito o barulho vai se instalando aos poucos\u201d.<\/p>\n<p><strong>\u201cN\u00e3o pode\u201d<\/strong><\/p>\n<p>\u201cEm um espa\u00e7o mais calmo e agrad\u00e1vel as pessoas v\u00e3o se sentir em casa. A ideia essencial \u00e9 tornar os ambientes de aprendizados um verdadeiro lar\u201d, reflete Doris. Para ela, como um museu, a escola deveria expor e valorizar o trabalho de seus alunos. \u201cApenas colar com fita crepe n\u00e3o \u00e9 correto.\u201d<\/p>\n<p>\u201cA vida fora da escola \u00e9 t\u00e3o rica, e quando a crian\u00e7a entra no espa\u00e7o escolar \u00e9 uma sucess\u00e3o de \u2018n\u00e3o pode\u2019. N\u00e3o pode brincar, n\u00e3o pode correr, n\u00e3o pode tirar o t\u00eanis, n\u00e3o pode subir na \u00e1rvore\u201d, afirma Beatriz.<\/p>\n<p>Ao longo da discuss\u00e3o, um consenso emergiu entre os participantes: a necessidade de que os projetos arquitet\u00f4nicos das escolas sejam debatidos entre todos os envolvidos com o processo de aprendizagem. \u201cPrincipalmente o aluno\u201d, refor\u00e7a Doris.<\/p>\n","protected":false},"excerpt":{"rendered":"<p>H\u00e1 quem acredite que uma das solu\u00e7\u00f5es para os problemas da educa\u00e7\u00e3o no Brasil esteja no refor\u00e7o da disciplina e na rigidez das regras aplicadas no interior das escolas. Por outro lado, h\u00e1 tamb\u00e9m aqueles que defendem a ideia de uma escola mais democr\u00e1tica, onde as crian\u00e7as possam circular livremente, andar descal\u00e7as, subir em \u00e1rvores e pintar as paredes. No Portal Aprendiz.<\/p>\n","protected":false},"author":1,"featured_media":0,"comment_status":"open","ping_status":"open","sticky":false,"template":"","format":"standard","meta":{"site-container-style":"default","site-container-layout":"default","site-sidebar-layout":"default","disable-article-header":"default","disable-site-header":"default","disable-site-footer":"default","disable-content-area-spacing":"default","footnotes":""},"categories":[6],"tags":[],"class_list":["post-26509","post","type-post","status-publish","format-standard","hentry","category-educacao"],"yoast_head":"<!-- This site is optimized with the Yoast SEO plugin v27.4 - https:\/\/yoast.com\/product\/yoast-seo-wordpress\/ -->\n<title>Ambientes de aprendizado precisam ser como o lar, afirmam especialistas -<\/title>\n<meta name=\"robots\" content=\"index, follow, max-snippet:-1, max-image-preview:large, max-video-preview:-1\" \/>\n<link rel=\"canonical\" href=\"https:\/\/inclusivenews.com.br\/?p=26509\" \/>\n<meta property=\"og:locale\" content=\"pt_PT\" \/>\n<meta property=\"og:type\" content=\"article\" \/>\n<meta property=\"og:title\" content=\"Ambientes de aprendizado precisam ser como o lar, afirmam especialistas -\" \/>\n<meta property=\"og:description\" content=\"H\u00e1 quem acredite que uma das solu\u00e7\u00f5es para os problemas da educa\u00e7\u00e3o no Brasil esteja no refor\u00e7o da disciplina e na rigidez das regras aplicadas no interior das escolas. Por outro lado, h\u00e1 tamb\u00e9m aqueles que defendem a ideia de uma escola mais democr\u00e1tica, onde as crian\u00e7as possam circular livremente, andar descal\u00e7as, subir em \u00e1rvores e pintar as paredes. No Portal Aprendiz.\" \/>\n<meta property=\"og:url\" content=\"https:\/\/inclusivenews.com.br\/?p=26509\" \/>\n<meta property=\"article:publisher\" content=\"https:\/\/www.facebook.com\/agenciainclusive\/\" \/>\n<meta property=\"article:published_time\" content=\"2014-06-03T23:22:53+00:00\" \/>\n<meta property=\"og:image\" content=\"http:\/\/portal.aprendiz.uol.com.br\/wp-content\/uploads\/2014\/05\/ruy-ohtake-jorge-mirandinha1-260x173.jpg\" \/>\n<meta name=\"author\" content=\"inclusivenews2024\" \/>\n<meta name=\"twitter:card\" content=\"summary_large_image\" \/>\n<meta name=\"twitter:label1\" content=\"Escrito por\" \/>\n\t<meta name=\"twitter:data1\" content=\"inclusivenews2024\" \/>\n\t<meta name=\"twitter:label2\" content=\"Tempo estimado de leitura\" \/>\n\t<meta name=\"twitter:data2\" content=\"4 minutos\" \/>\n<script type=\"application\/ld+json\" class=\"yoast-schema-graph\">{\"@context\":\"https:\\\/\\\/schema.org\",\"@graph\":[{\"@type\":\"Article\",\"@id\":\"https:\\\/\\\/inclusivenews.com.br\\\/?p=26509#article\",\"isPartOf\":{\"@id\":\"https:\\\/\\\/inclusivenews.com.br\\\/?p=26509\"},\"author\":{\"name\":\"inclusivenews2024\",\"@id\":\"https:\\\/\\\/inclusivenews.com.br\\\/#\\\/schema\\\/person\\\/ae4ec7087559b8692fb33b6fffd2273b\"},\"headline\":\"Ambientes de aprendizado precisam ser como o lar, afirmam especialistas\",\"datePublished\":\"2014-06-03T23:22:53+00:00\",\"mainEntityOfPage\":{\"@id\":\"https:\\\/\\\/inclusivenews.com.br\\\/?p=26509\"},\"wordCount\":756,\"commentCount\":0,\"publisher\":{\"@id\":\"https:\\\/\\\/inclusivenews.com.br\\\/#organization\"},\"image\":{\"@id\":\"https:\\\/\\\/inclusivenews.com.br\\\/?p=26509#primaryimage\"},\"thumbnailUrl\":\"http:\\\/\\\/portal.aprendiz.uol.com.br\\\/wp-content\\\/uploads\\\/2014\\\/05\\\/ruy-ohtake-jorge-mirandinha1-260x173.jpg\",\"articleSection\":[\"EDUCA\u00c7\u00c3O\"],\"inLanguage\":\"pt-PT\",\"potentialAction\":[{\"@type\":\"CommentAction\",\"name\":\"Comment\",\"target\":[\"https:\\\/\\\/inclusivenews.com.br\\\/?p=26509#respond\"]}]},{\"@type\":\"WebPage\",\"@id\":\"https:\\\/\\\/inclusivenews.com.br\\\/?p=26509\",\"url\":\"https:\\\/\\\/inclusivenews.com.br\\\/?p=26509\",\"name\":\"Ambientes de aprendizado precisam ser como o lar, afirmam especialistas -\",\"isPartOf\":{\"@id\":\"https:\\\/\\\/inclusivenews.com.br\\\/#website\"},\"primaryImageOfPage\":{\"@id\":\"https:\\\/\\\/inclusivenews.com.br\\\/?p=26509#primaryimage\"},\"image\":{\"@id\":\"https:\\\/\\\/inclusivenews.com.br\\\/?p=26509#primaryimage\"},\"thumbnailUrl\":\"http:\\\/\\\/portal.aprendiz.uol.com.br\\\/wp-content\\\/uploads\\\/2014\\\/05\\\/ruy-ohtake-jorge-mirandinha1-260x173.jpg\",\"datePublished\":\"2014-06-03T23:22:53+00:00\",\"breadcrumb\":{\"@id\":\"https:\\\/\\\/inclusivenews.com.br\\\/?p=26509#breadcrumb\"},\"inLanguage\":\"pt-PT\",\"potentialAction\":[{\"@type\":\"ReadAction\",\"target\":[\"https:\\\/\\\/inclusivenews.com.br\\\/?p=26509\"]}]},{\"@type\":\"ImageObject\",\"inLanguage\":\"pt-PT\",\"@id\":\"https:\\\/\\\/inclusivenews.com.br\\\/?p=26509#primaryimage\",\"url\":\"http:\\\/\\\/portal.aprendiz.uol.com.br\\\/wp-content\\\/uploads\\\/2014\\\/05\\\/ruy-ohtake-jorge-mirandinha1-260x173.jpg\",\"contentUrl\":\"http:\\\/\\\/portal.aprendiz.uol.com.br\\\/wp-content\\\/uploads\\\/2014\\\/05\\\/ruy-ohtake-jorge-mirandinha1-260x173.jpg\"},{\"@type\":\"BreadcrumbList\",\"@id\":\"https:\\\/\\\/inclusivenews.com.br\\\/?p=26509#breadcrumb\",\"itemListElement\":[{\"@type\":\"ListItem\",\"position\":1,\"name\":\"In\u00edcio\",\"item\":\"https:\\\/\\\/inclusivenews.com.br\\\/\"},{\"@type\":\"ListItem\",\"position\":2,\"name\":\"Ambientes de aprendizado precisam ser como o lar, afirmam especialistas\"}]},{\"@type\":\"WebSite\",\"@id\":\"https:\\\/\\\/inclusivenews.com.br\\\/#website\",\"url\":\"https:\\\/\\\/inclusivenews.com.br\\\/\",\"name\":\"Inclusive News\",\"description\":\"Inclusive News\",\"publisher\":{\"@id\":\"https:\\\/\\\/inclusivenews.com.br\\\/#organization\"},\"potentialAction\":[{\"@type\":\"SearchAction\",\"target\":{\"@type\":\"EntryPoint\",\"urlTemplate\":\"https:\\\/\\\/inclusivenews.com.br\\\/?s={search_term_string}\"},\"query-input\":{\"@type\":\"PropertyValueSpecification\",\"valueRequired\":true,\"valueName\":\"search_term_string\"}}],\"inLanguage\":\"pt-PT\"},{\"@type\":\"Organization\",\"@id\":\"https:\\\/\\\/inclusivenews.com.br\\\/#organization\",\"name\":\"Inclusive - inclus\u00e3o e cidadania\",\"url\":\"https:\\\/\\\/inclusivenews.com.br\\\/\",\"logo\":{\"@type\":\"ImageObject\",\"inLanguage\":\"pt-PT\",\"@id\":\"https:\\\/\\\/inclusivenews.com.br\\\/#\\\/schema\\\/logo\\\/image\\\/\",\"url\":\"https:\\\/\\\/inclusivenews.com.br\\\/wp-content\\\/uploads\\\/2024\\\/03\\\/@grandesite.png\",\"contentUrl\":\"https:\\\/\\\/inclusivenews.com.br\\\/wp-content\\\/uploads\\\/2024\\\/03\\\/@grandesite.png\",\"width\":1080,\"height\":1080,\"caption\":\"Inclusive - inclus\u00e3o e cidadania\"},\"image\":{\"@id\":\"https:\\\/\\\/inclusivenews.com.br\\\/#\\\/schema\\\/logo\\\/image\\\/\"},\"sameAs\":[\"https:\\\/\\\/www.facebook.com\\\/agenciainclusive\\\/\",\"https:\\\/\\\/www.instagram.com\\\/newsinclusive\\\/\"]},{\"@type\":\"Person\",\"@id\":\"https:\\\/\\\/inclusivenews.com.br\\\/#\\\/schema\\\/person\\\/ae4ec7087559b8692fb33b6fffd2273b\",\"name\":\"inclusivenews2024\",\"image\":{\"@type\":\"ImageObject\",\"inLanguage\":\"pt-PT\",\"@id\":\"https:\\\/\\\/secure.gravatar.com\\\/avatar\\\/c5a7ef84c66fa914f55bc4f7ce26cfa275a3b9a1c5568b907bd184fb4dde7b40?s=96&d=mm&r=g\",\"url\":\"https:\\\/\\\/secure.gravatar.com\\\/avatar\\\/c5a7ef84c66fa914f55bc4f7ce26cfa275a3b9a1c5568b907bd184fb4dde7b40?s=96&d=mm&r=g\",\"contentUrl\":\"https:\\\/\\\/secure.gravatar.com\\\/avatar\\\/c5a7ef84c66fa914f55bc4f7ce26cfa275a3b9a1c5568b907bd184fb4dde7b40?s=96&d=mm&r=g\",\"caption\":\"inclusivenews2024\"},\"sameAs\":[\"https:\\\/\\\/inclusivenews.com.br\"],\"url\":\"https:\\\/\\\/inclusivenews.com.br\\\/?author=1\"}]}<\/script>\n<!-- \/ Yoast SEO plugin. -->","yoast_head_json":{"title":"Ambientes de aprendizado precisam ser como o lar, afirmam especialistas -","robots":{"index":"index","follow":"follow","max-snippet":"max-snippet:-1","max-image-preview":"max-image-preview:large","max-video-preview":"max-video-preview:-1"},"canonical":"https:\/\/inclusivenews.com.br\/?p=26509","og_locale":"pt_PT","og_type":"article","og_title":"Ambientes de aprendizado precisam ser como o lar, afirmam especialistas -","og_description":"H\u00e1 quem acredite que uma das solu\u00e7\u00f5es para os problemas da educa\u00e7\u00e3o no Brasil esteja no refor\u00e7o da disciplina e na rigidez das regras aplicadas no interior das escolas. Por outro lado, h\u00e1 tamb\u00e9m aqueles que defendem a ideia de uma escola mais democr\u00e1tica, onde as crian\u00e7as possam circular livremente, andar descal\u00e7as, subir em \u00e1rvores e pintar as paredes. No Portal Aprendiz.","og_url":"https:\/\/inclusivenews.com.br\/?p=26509","article_publisher":"https:\/\/www.facebook.com\/agenciainclusive\/","article_published_time":"2014-06-03T23:22:53+00:00","og_image":[{"url":"http:\/\/portal.aprendiz.uol.com.br\/wp-content\/uploads\/2014\/05\/ruy-ohtake-jorge-mirandinha1-260x173.jpg","type":"","width":"","height":""}],"author":"inclusivenews2024","twitter_card":"summary_large_image","twitter_misc":{"Escrito por":"inclusivenews2024","Tempo estimado de leitura":"4 minutos"},"schema":{"@context":"https:\/\/schema.org","@graph":[{"@type":"Article","@id":"https:\/\/inclusivenews.com.br\/?p=26509#article","isPartOf":{"@id":"https:\/\/inclusivenews.com.br\/?p=26509"},"author":{"name":"inclusivenews2024","@id":"https:\/\/inclusivenews.com.br\/#\/schema\/person\/ae4ec7087559b8692fb33b6fffd2273b"},"headline":"Ambientes de aprendizado precisam ser como o lar, afirmam especialistas","datePublished":"2014-06-03T23:22:53+00:00","mainEntityOfPage":{"@id":"https:\/\/inclusivenews.com.br\/?p=26509"},"wordCount":756,"commentCount":0,"publisher":{"@id":"https:\/\/inclusivenews.com.br\/#organization"},"image":{"@id":"https:\/\/inclusivenews.com.br\/?p=26509#primaryimage"},"thumbnailUrl":"http:\/\/portal.aprendiz.uol.com.br\/wp-content\/uploads\/2014\/05\/ruy-ohtake-jorge-mirandinha1-260x173.jpg","articleSection":["EDUCA\u00c7\u00c3O"],"inLanguage":"pt-PT","potentialAction":[{"@type":"CommentAction","name":"Comment","target":["https:\/\/inclusivenews.com.br\/?p=26509#respond"]}]},{"@type":"WebPage","@id":"https:\/\/inclusivenews.com.br\/?p=26509","url":"https:\/\/inclusivenews.com.br\/?p=26509","name":"Ambientes de aprendizado precisam ser como o lar, afirmam especialistas -","isPartOf":{"@id":"https:\/\/inclusivenews.com.br\/#website"},"primaryImageOfPage":{"@id":"https:\/\/inclusivenews.com.br\/?p=26509#primaryimage"},"image":{"@id":"https:\/\/inclusivenews.com.br\/?p=26509#primaryimage"},"thumbnailUrl":"http:\/\/portal.aprendiz.uol.com.br\/wp-content\/uploads\/2014\/05\/ruy-ohtake-jorge-mirandinha1-260x173.jpg","datePublished":"2014-06-03T23:22:53+00:00","breadcrumb":{"@id":"https:\/\/inclusivenews.com.br\/?p=26509#breadcrumb"},"inLanguage":"pt-PT","potentialAction":[{"@type":"ReadAction","target":["https:\/\/inclusivenews.com.br\/?p=26509"]}]},{"@type":"ImageObject","inLanguage":"pt-PT","@id":"https:\/\/inclusivenews.com.br\/?p=26509#primaryimage","url":"http:\/\/portal.aprendiz.uol.com.br\/wp-content\/uploads\/2014\/05\/ruy-ohtake-jorge-mirandinha1-260x173.jpg","contentUrl":"http:\/\/portal.aprendiz.uol.com.br\/wp-content\/uploads\/2014\/05\/ruy-ohtake-jorge-mirandinha1-260x173.jpg"},{"@type":"BreadcrumbList","@id":"https:\/\/inclusivenews.com.br\/?p=26509#breadcrumb","itemListElement":[{"@type":"ListItem","position":1,"name":"In\u00edcio","item":"https:\/\/inclusivenews.com.br\/"},{"@type":"ListItem","position":2,"name":"Ambientes de aprendizado precisam ser como o lar, afirmam especialistas"}]},{"@type":"WebSite","@id":"https:\/\/inclusivenews.com.br\/#website","url":"https:\/\/inclusivenews.com.br\/","name":"Inclusive News","description":"Inclusive News","publisher":{"@id":"https:\/\/inclusivenews.com.br\/#organization"},"potentialAction":[{"@type":"SearchAction","target":{"@type":"EntryPoint","urlTemplate":"https:\/\/inclusivenews.com.br\/?s={search_term_string}"},"query-input":{"@type":"PropertyValueSpecification","valueRequired":true,"valueName":"search_term_string"}}],"inLanguage":"pt-PT"},{"@type":"Organization","@id":"https:\/\/inclusivenews.com.br\/#organization","name":"Inclusive - inclus\u00e3o e cidadania","url":"https:\/\/inclusivenews.com.br\/","logo":{"@type":"ImageObject","inLanguage":"pt-PT","@id":"https:\/\/inclusivenews.com.br\/#\/schema\/logo\/image\/","url":"https:\/\/inclusivenews.com.br\/wp-content\/uploads\/2024\/03\/@grandesite.png","contentUrl":"https:\/\/inclusivenews.com.br\/wp-content\/uploads\/2024\/03\/@grandesite.png","width":1080,"height":1080,"caption":"Inclusive - inclus\u00e3o e cidadania"},"image":{"@id":"https:\/\/inclusivenews.com.br\/#\/schema\/logo\/image\/"},"sameAs":["https:\/\/www.facebook.com\/agenciainclusive\/","https:\/\/www.instagram.com\/newsinclusive\/"]},{"@type":"Person","@id":"https:\/\/inclusivenews.com.br\/#\/schema\/person\/ae4ec7087559b8692fb33b6fffd2273b","name":"inclusivenews2024","image":{"@type":"ImageObject","inLanguage":"pt-PT","@id":"https:\/\/secure.gravatar.com\/avatar\/c5a7ef84c66fa914f55bc4f7ce26cfa275a3b9a1c5568b907bd184fb4dde7b40?s=96&d=mm&r=g","url":"https:\/\/secure.gravatar.com\/avatar\/c5a7ef84c66fa914f55bc4f7ce26cfa275a3b9a1c5568b907bd184fb4dde7b40?s=96&d=mm&r=g","contentUrl":"https:\/\/secure.gravatar.com\/avatar\/c5a7ef84c66fa914f55bc4f7ce26cfa275a3b9a1c5568b907bd184fb4dde7b40?s=96&d=mm&r=g","caption":"inclusivenews2024"},"sameAs":["https:\/\/inclusivenews.com.br"],"url":"https:\/\/inclusivenews.com.br\/?author=1"}]}},"_links":{"self":[{"href":"https:\/\/inclusivenews.com.br\/index.php?rest_route=\/wp\/v2\/posts\/26509","targetHints":{"allow":["GET"]}}],"collection":[{"href":"https:\/\/inclusivenews.com.br\/index.php?rest_route=\/wp\/v2\/posts"}],"about":[{"href":"https:\/\/inclusivenews.com.br\/index.php?rest_route=\/wp\/v2\/types\/post"}],"author":[{"embeddable":true,"href":"https:\/\/inclusivenews.com.br\/index.php?rest_route=\/wp\/v2\/users\/1"}],"replies":[{"embeddable":true,"href":"https:\/\/inclusivenews.com.br\/index.php?rest_route=%2Fwp%2Fv2%2Fcomments&post=26509"}],"version-history":[{"count":0,"href":"https:\/\/inclusivenews.com.br\/index.php?rest_route=\/wp\/v2\/posts\/26509\/revisions"}],"wp:attachment":[{"href":"https:\/\/inclusivenews.com.br\/index.php?rest_route=%2Fwp%2Fv2%2Fmedia&parent=26509"}],"wp:term":[{"taxonomy":"category","embeddable":true,"href":"https:\/\/inclusivenews.com.br\/index.php?rest_route=%2Fwp%2Fv2%2Fcategories&post=26509"},{"taxonomy":"post_tag","embeddable":true,"href":"https:\/\/inclusivenews.com.br\/index.php?rest_route=%2Fwp%2Fv2%2Ftags&post=26509"}],"curies":[{"name":"wp","href":"https:\/\/api.w.org\/{rel}","templated":true}]}}