{"id":26539,"date":"2014-06-10T18:46:40","date_gmt":"2014-06-10T21:46:40","guid":{"rendered":"http:\/\/www.inclusive.org.br\/?p=26539"},"modified":"2014-06-10T18:46:40","modified_gmt":"2014-06-10T21:46:40","slug":"spm-premia-iniciativas-escolares-que-promovem-igualdade-de-genero","status":"publish","type":"post","link":"https:\/\/inclusivenews.com.br\/?p=26539","title":{"rendered":"SPM premia iniciativas escolares que promovem igualdade de g\u00eanero"},"content":{"rendered":"<p><img loading=\"lazy\" decoding=\"async\" class=\"alignnone size-full wp-image-17806\" alt=\"Inclusive - g\u00eanero - ilustra\u00e7\u00e3o de cinco mulheres lado a lado\" src=\"http:\/\/inclusivenews.com.br\/wp-content\/uploads\/2010\/10\/mulheres.jpg\" width=\"203\" height=\"185\" \/><\/p>\n<p>Estudantes dos ensinos m\u00e9dio e superior de escolas p\u00fablicas e privadas receberam no \u00faltimom dia 02\/06 o 9\u00ba Pr\u00eamio Construindo a Igualdade de G\u00eanero. A premia\u00e7\u00e3o tem o objetivo de estimular a reflex\u00e3o sobre as desigualdades existentes entre mulheres e homens, com as abordagens de ra\u00e7a, etnia, gera\u00e7\u00e3o, sexualidade e classe social.<\/p>\n<p>Com uma disciplina voltada ao combate ao preconceito em todas as suas formas, o Centro de Ensino Fundamental 01 de Planaltina, regi\u00e3o administrativa do Distrito Federal, foi uma das 10 escolas premiadas. De acordo com o coordenador de diversidade da Coordena\u00e7\u00e3o Regional de Ensino de Planaltina, Alexandre Brito, a disciplina \u201cParte Diversificada\u201d faz parte do curr\u00edculo do DF, por\u00e9m costuma tratar de folclore, \u00e9tica e outros assuntos.<\/p>\n<p>\u201cNosso projeto Diversidade na Escola \u00e9 uma forma de continuarmos a luta pra extirpar a homofobia, o racismo, a misoginia, o sexismo dos nossos alunos\u201d, explicou Brito. \u201cA gente come\u00e7ou a desmitificar algumas quest\u00f5es trabalhando com conceitos relacionados a g\u00eanero: o que \u00e9 g\u00eanero, o que identidade de g\u00eanero, o que \u00e9 sexo biol\u00f3gico, para que a gente pudesse entrar na quest\u00e3o da orienta\u00e7\u00e3o sexual e trabalhar todos os dilemas e as fobias relacionados\u201d, explicou. Mais de mil estudantes da quinta \u00e0 oitava s\u00e9rie j\u00e1 passaram pela disciplina.<\/p>\n<p>O col\u00e9gio Georgete Eluan Kalume, de Rio Branco, tamb\u00e9m est\u00e1 entre os dez premiados. De acordo com o professor H\u00e9lio da Silva, o projeto Vivia e N\u00e3o Via. Agora Vejo, alfabetiza mulheres da comunidade, faz palestras sobre sexualidade e direito da mulher e organizar oficinas, como de bombons e artesanato, para mulheres da comunidade conseguirem informa\u00e7\u00e3o e independ\u00eancia.<br \/>\n\u201cS\u00e3o mulheres sofridas, que j\u00e1 passaram por viol\u00eancia, dependentes do marido. N\u00f3s levamos essas mulheres para a escola para que elas vejam nesse ambiente um amparo\u201d, explicou Silva.<\/p>\n<p>Inicialmente, o projeto era voltado para as m\u00e3es dos alunos, mas depois foi ampliado para as mulheres da comunidade que se interessassem. Com a integra\u00e7\u00e3o entre as m\u00e3es e a escola, foi percebido um aumento do interesse dos alunos pelo col\u00e9gio e consequentemente o aumento do n\u00famero de aprova\u00e7\u00f5es, refletido na nota da escola no \u00cdndice de Desenvolvimento da Educa\u00e7\u00e3o B\u00e1sica (Ideb).<\/p>\n<p>Para a ministra da Secretaria de Pol\u00edticas para as Mulheres da Presid\u00eancia da Rep\u00fablica (SPM), Eleonora Menicucci, as quest\u00f5es relacionadas \u00e0 desigualdade de g\u00eanero \u201ctem vida\u201d, tem hist\u00f3ria que come\u00e7a quando algu\u00e9m determina que azul \u00e9 uma cor de homem e o rosa, de mulher. \u201cO azul \u00e9 de homem quando ele quer, e o rosa de mulher quando ela quer. O verbo fundamental a ser conjugado \u00e9 escolher e cada pessoa s\u00f3 tem capacidade para escolher se tem informa\u00e7\u00e3o, a pessoa que n\u00e3o tem informa\u00e7\u00e3o n\u00e3o tem compet\u00eancia para escolher\u201d, disse a ministra.<\/p>\n<p>O pr\u00eamio, que \u00e9 entregue pela SPM em parceria com o Conselho Nacional de Desenvolvimento Cient\u00edfico e Tecnol\u00f3gico (CNPq), o Minist\u00e9rio da Educa\u00e7\u00e3o e a ONU Mulheres, abriu hoje (2) as inscri\u00e7\u00f5es para a d\u00e9cima edi\u00e7\u00e3o. Escolas, estudantes do ensino m\u00e9dio, gradua\u00e7\u00e3o e p\u00f3s-gradua\u00e7\u00e3o poder\u00e3o inscrever trabalhos at\u00e9 28 de novembro de 2014, no site <a href=\"http:\/\/www.igualdadedegenero.cnpq.br\/igualdade\" target=\"_blank\" rel=\"noopener\">www.igualdadedegenero.cnpq.br\/igualdade<\/a>.<\/p>\n<p>As categorias contempladas s\u00e3o estudante do ensino m\u00e9dio; estudante de gradua\u00e7\u00e3o; graduado, especialista e estudante de eestrado; mestre e estudante de doutorado; e escola promotora de igualdade de g\u00eanero. Os autores recebem valores em dinheiro, bolsas de estudos, equipamentos de inform\u00e1tica e assinaturas de revistas acad\u00eamicas.<\/p>\n","protected":false},"excerpt":{"rendered":"<p>A premia\u00e7\u00e3o tem o objetivo de estimular a reflex\u00e3o sobre as desigualdades existentes entre mulheres e homens, com as abordagens de ra\u00e7a, etnia, gera\u00e7\u00e3o, sexualidade e classe social. Da Ag\u00eancia Brasil.<\/p>\n","protected":false},"author":1,"featured_media":0,"comment_status":"open","ping_status":"open","sticky":false,"template":"","format":"standard","meta":{"site-container-style":"default","site-container-layout":"default","site-sidebar-layout":"default","disable-article-header":"default","disable-site-header":"default","disable-site-footer":"default","disable-content-area-spacing":"default","footnotes":""},"categories":[6,4],"tags":[],"class_list":["post-26539","post","type-post","status-publish","format-standard","hentry","category-educacao","category-noticias"],"yoast_head":"<!-- This site is optimized with the Yoast SEO plugin v27.4 - https:\/\/yoast.com\/product\/yoast-seo-wordpress\/ -->\n<title>SPM premia iniciativas escolares que promovem igualdade de g\u00eanero -<\/title>\n<meta name=\"robots\" content=\"index, follow, max-snippet:-1, max-image-preview:large, max-video-preview:-1\" \/>\n<link rel=\"canonical\" href=\"https:\/\/inclusivenews.com.br\/?p=26539\" \/>\n<meta property=\"og:locale\" content=\"pt_PT\" \/>\n<meta property=\"og:type\" content=\"article\" \/>\n<meta property=\"og:title\" content=\"SPM premia iniciativas escolares que promovem igualdade de g\u00eanero -\" \/>\n<meta property=\"og:description\" content=\"A premia\u00e7\u00e3o tem o objetivo de estimular a reflex\u00e3o sobre as desigualdades existentes entre mulheres e homens, com as abordagens de ra\u00e7a, etnia, gera\u00e7\u00e3o, sexualidade e classe social. Da Ag\u00eancia Brasil.\" \/>\n<meta property=\"og:url\" content=\"https:\/\/inclusivenews.com.br\/?p=26539\" \/>\n<meta property=\"article:publisher\" content=\"https:\/\/www.facebook.com\/agenciainclusive\/\" \/>\n<meta property=\"article:published_time\" content=\"2014-06-10T21:46:40+00:00\" \/>\n<meta property=\"og:image\" content=\"http:\/\/inclusivenews.com.br\/wp-content\/uploads\/2010\/10\/mulheres.jpg\" \/>\n<meta name=\"author\" content=\"inclusivenews2024\" \/>\n<meta name=\"twitter:card\" content=\"summary_large_image\" \/>\n<meta name=\"twitter:label1\" content=\"Escrito por\" \/>\n\t<meta name=\"twitter:data1\" content=\"inclusivenews2024\" \/>\n\t<meta name=\"twitter:label2\" content=\"Tempo estimado de leitura\" \/>\n\t<meta name=\"twitter:data2\" content=\"3 minutos\" \/>\n<script type=\"application\/ld+json\" class=\"yoast-schema-graph\">{\"@context\":\"https:\\\/\\\/schema.org\",\"@graph\":[{\"@type\":\"Article\",\"@id\":\"https:\\\/\\\/inclusivenews.com.br\\\/?p=26539#article\",\"isPartOf\":{\"@id\":\"https:\\\/\\\/inclusivenews.com.br\\\/?p=26539\"},\"author\":{\"name\":\"inclusivenews2024\",\"@id\":\"https:\\\/\\\/inclusivenews.com.br\\\/#\\\/schema\\\/person\\\/ae4ec7087559b8692fb33b6fffd2273b\"},\"headline\":\"SPM premia iniciativas escolares que promovem igualdade de g\u00eanero\",\"datePublished\":\"2014-06-10T21:46:40+00:00\",\"mainEntityOfPage\":{\"@id\":\"https:\\\/\\\/inclusivenews.com.br\\\/?p=26539\"},\"wordCount\":619,\"commentCount\":0,\"publisher\":{\"@id\":\"https:\\\/\\\/inclusivenews.com.br\\\/#organization\"},\"image\":{\"@id\":\"https:\\\/\\\/inclusivenews.com.br\\\/?p=26539#primaryimage\"},\"thumbnailUrl\":\"http:\\\/\\\/inclusivenews.com.br\\\/wp-content\\\/uploads\\\/2010\\\/10\\\/mulheres.jpg\",\"articleSection\":[\"EDUCA\u00c7\u00c3O\",\"NOT\u00cdCIAS\"],\"inLanguage\":\"pt-PT\",\"potentialAction\":[{\"@type\":\"CommentAction\",\"name\":\"Comment\",\"target\":[\"https:\\\/\\\/inclusivenews.com.br\\\/?p=26539#respond\"]}]},{\"@type\":\"WebPage\",\"@id\":\"https:\\\/\\\/inclusivenews.com.br\\\/?p=26539\",\"url\":\"https:\\\/\\\/inclusivenews.com.br\\\/?p=26539\",\"name\":\"SPM premia iniciativas escolares que promovem igualdade de g\u00eanero -\",\"isPartOf\":{\"@id\":\"https:\\\/\\\/inclusivenews.com.br\\\/#website\"},\"primaryImageOfPage\":{\"@id\":\"https:\\\/\\\/inclusivenews.com.br\\\/?p=26539#primaryimage\"},\"image\":{\"@id\":\"https:\\\/\\\/inclusivenews.com.br\\\/?p=26539#primaryimage\"},\"thumbnailUrl\":\"http:\\\/\\\/inclusivenews.com.br\\\/wp-content\\\/uploads\\\/2010\\\/10\\\/mulheres.jpg\",\"datePublished\":\"2014-06-10T21:46:40+00:00\",\"breadcrumb\":{\"@id\":\"https:\\\/\\\/inclusivenews.com.br\\\/?p=26539#breadcrumb\"},\"inLanguage\":\"pt-PT\",\"potentialAction\":[{\"@type\":\"ReadAction\",\"target\":[\"https:\\\/\\\/inclusivenews.com.br\\\/?p=26539\"]}]},{\"@type\":\"ImageObject\",\"inLanguage\":\"pt-PT\",\"@id\":\"https:\\\/\\\/inclusivenews.com.br\\\/?p=26539#primaryimage\",\"url\":\"\",\"contentUrl\":\"\"},{\"@type\":\"BreadcrumbList\",\"@id\":\"https:\\\/\\\/inclusivenews.com.br\\\/?p=26539#breadcrumb\",\"itemListElement\":[{\"@type\":\"ListItem\",\"position\":1,\"name\":\"In\u00edcio\",\"item\":\"https:\\\/\\\/inclusivenews.com.br\\\/\"},{\"@type\":\"ListItem\",\"position\":2,\"name\":\"SPM premia iniciativas escolares que promovem igualdade de g\u00eanero\"}]},{\"@type\":\"WebSite\",\"@id\":\"https:\\\/\\\/inclusivenews.com.br\\\/#website\",\"url\":\"https:\\\/\\\/inclusivenews.com.br\\\/\",\"name\":\"Inclusive News\",\"description\":\"Inclusive News\",\"publisher\":{\"@id\":\"https:\\\/\\\/inclusivenews.com.br\\\/#organization\"},\"potentialAction\":[{\"@type\":\"SearchAction\",\"target\":{\"@type\":\"EntryPoint\",\"urlTemplate\":\"https:\\\/\\\/inclusivenews.com.br\\\/?s={search_term_string}\"},\"query-input\":{\"@type\":\"PropertyValueSpecification\",\"valueRequired\":true,\"valueName\":\"search_term_string\"}}],\"inLanguage\":\"pt-PT\"},{\"@type\":\"Organization\",\"@id\":\"https:\\\/\\\/inclusivenews.com.br\\\/#organization\",\"name\":\"Inclusive - inclus\u00e3o e cidadania\",\"url\":\"https:\\\/\\\/inclusivenews.com.br\\\/\",\"logo\":{\"@type\":\"ImageObject\",\"inLanguage\":\"pt-PT\",\"@id\":\"https:\\\/\\\/inclusivenews.com.br\\\/#\\\/schema\\\/logo\\\/image\\\/\",\"url\":\"https:\\\/\\\/inclusivenews.com.br\\\/wp-content\\\/uploads\\\/2024\\\/03\\\/@grandesite.png\",\"contentUrl\":\"https:\\\/\\\/inclusivenews.com.br\\\/wp-content\\\/uploads\\\/2024\\\/03\\\/@grandesite.png\",\"width\":1080,\"height\":1080,\"caption\":\"Inclusive - inclus\u00e3o e cidadania\"},\"image\":{\"@id\":\"https:\\\/\\\/inclusivenews.com.br\\\/#\\\/schema\\\/logo\\\/image\\\/\"},\"sameAs\":[\"https:\\\/\\\/www.facebook.com\\\/agenciainclusive\\\/\",\"https:\\\/\\\/www.instagram.com\\\/newsinclusive\\\/\"]},{\"@type\":\"Person\",\"@id\":\"https:\\\/\\\/inclusivenews.com.br\\\/#\\\/schema\\\/person\\\/ae4ec7087559b8692fb33b6fffd2273b\",\"name\":\"inclusivenews2024\",\"image\":{\"@type\":\"ImageObject\",\"inLanguage\":\"pt-PT\",\"@id\":\"https:\\\/\\\/secure.gravatar.com\\\/avatar\\\/c5a7ef84c66fa914f55bc4f7ce26cfa275a3b9a1c5568b907bd184fb4dde7b40?s=96&d=mm&r=g\",\"url\":\"https:\\\/\\\/secure.gravatar.com\\\/avatar\\\/c5a7ef84c66fa914f55bc4f7ce26cfa275a3b9a1c5568b907bd184fb4dde7b40?s=96&d=mm&r=g\",\"contentUrl\":\"https:\\\/\\\/secure.gravatar.com\\\/avatar\\\/c5a7ef84c66fa914f55bc4f7ce26cfa275a3b9a1c5568b907bd184fb4dde7b40?s=96&d=mm&r=g\",\"caption\":\"inclusivenews2024\"},\"sameAs\":[\"https:\\\/\\\/inclusivenews.com.br\"],\"url\":\"https:\\\/\\\/inclusivenews.com.br\\\/?author=1\"}]}<\/script>\n<!-- \/ Yoast SEO plugin. -->","yoast_head_json":{"title":"SPM premia iniciativas escolares que promovem igualdade de g\u00eanero -","robots":{"index":"index","follow":"follow","max-snippet":"max-snippet:-1","max-image-preview":"max-image-preview:large","max-video-preview":"max-video-preview:-1"},"canonical":"https:\/\/inclusivenews.com.br\/?p=26539","og_locale":"pt_PT","og_type":"article","og_title":"SPM premia iniciativas escolares que promovem igualdade de g\u00eanero -","og_description":"A premia\u00e7\u00e3o tem o objetivo de estimular a reflex\u00e3o sobre as desigualdades existentes entre mulheres e homens, com as abordagens de ra\u00e7a, etnia, gera\u00e7\u00e3o, sexualidade e classe social. Da Ag\u00eancia Brasil.","og_url":"https:\/\/inclusivenews.com.br\/?p=26539","article_publisher":"https:\/\/www.facebook.com\/agenciainclusive\/","article_published_time":"2014-06-10T21:46:40+00:00","og_image":[{"url":"http:\/\/inclusivenews.com.br\/wp-content\/uploads\/2010\/10\/mulheres.jpg","type":"","width":"","height":""}],"author":"inclusivenews2024","twitter_card":"summary_large_image","twitter_misc":{"Escrito por":"inclusivenews2024","Tempo estimado de leitura":"3 minutos"},"schema":{"@context":"https:\/\/schema.org","@graph":[{"@type":"Article","@id":"https:\/\/inclusivenews.com.br\/?p=26539#article","isPartOf":{"@id":"https:\/\/inclusivenews.com.br\/?p=26539"},"author":{"name":"inclusivenews2024","@id":"https:\/\/inclusivenews.com.br\/#\/schema\/person\/ae4ec7087559b8692fb33b6fffd2273b"},"headline":"SPM premia iniciativas escolares que promovem igualdade de g\u00eanero","datePublished":"2014-06-10T21:46:40+00:00","mainEntityOfPage":{"@id":"https:\/\/inclusivenews.com.br\/?p=26539"},"wordCount":619,"commentCount":0,"publisher":{"@id":"https:\/\/inclusivenews.com.br\/#organization"},"image":{"@id":"https:\/\/inclusivenews.com.br\/?p=26539#primaryimage"},"thumbnailUrl":"http:\/\/inclusivenews.com.br\/wp-content\/uploads\/2010\/10\/mulheres.jpg","articleSection":["EDUCA\u00c7\u00c3O","NOT\u00cdCIAS"],"inLanguage":"pt-PT","potentialAction":[{"@type":"CommentAction","name":"Comment","target":["https:\/\/inclusivenews.com.br\/?p=26539#respond"]}]},{"@type":"WebPage","@id":"https:\/\/inclusivenews.com.br\/?p=26539","url":"https:\/\/inclusivenews.com.br\/?p=26539","name":"SPM premia iniciativas escolares que promovem igualdade de g\u00eanero -","isPartOf":{"@id":"https:\/\/inclusivenews.com.br\/#website"},"primaryImageOfPage":{"@id":"https:\/\/inclusivenews.com.br\/?p=26539#primaryimage"},"image":{"@id":"https:\/\/inclusivenews.com.br\/?p=26539#primaryimage"},"thumbnailUrl":"http:\/\/inclusivenews.com.br\/wp-content\/uploads\/2010\/10\/mulheres.jpg","datePublished":"2014-06-10T21:46:40+00:00","breadcrumb":{"@id":"https:\/\/inclusivenews.com.br\/?p=26539#breadcrumb"},"inLanguage":"pt-PT","potentialAction":[{"@type":"ReadAction","target":["https:\/\/inclusivenews.com.br\/?p=26539"]}]},{"@type":"ImageObject","inLanguage":"pt-PT","@id":"https:\/\/inclusivenews.com.br\/?p=26539#primaryimage","url":"","contentUrl":""},{"@type":"BreadcrumbList","@id":"https:\/\/inclusivenews.com.br\/?p=26539#breadcrumb","itemListElement":[{"@type":"ListItem","position":1,"name":"In\u00edcio","item":"https:\/\/inclusivenews.com.br\/"},{"@type":"ListItem","position":2,"name":"SPM premia iniciativas escolares que promovem igualdade de g\u00eanero"}]},{"@type":"WebSite","@id":"https:\/\/inclusivenews.com.br\/#website","url":"https:\/\/inclusivenews.com.br\/","name":"Inclusive News","description":"Inclusive News","publisher":{"@id":"https:\/\/inclusivenews.com.br\/#organization"},"potentialAction":[{"@type":"SearchAction","target":{"@type":"EntryPoint","urlTemplate":"https:\/\/inclusivenews.com.br\/?s={search_term_string}"},"query-input":{"@type":"PropertyValueSpecification","valueRequired":true,"valueName":"search_term_string"}}],"inLanguage":"pt-PT"},{"@type":"Organization","@id":"https:\/\/inclusivenews.com.br\/#organization","name":"Inclusive - inclus\u00e3o e cidadania","url":"https:\/\/inclusivenews.com.br\/","logo":{"@type":"ImageObject","inLanguage":"pt-PT","@id":"https:\/\/inclusivenews.com.br\/#\/schema\/logo\/image\/","url":"https:\/\/inclusivenews.com.br\/wp-content\/uploads\/2024\/03\/@grandesite.png","contentUrl":"https:\/\/inclusivenews.com.br\/wp-content\/uploads\/2024\/03\/@grandesite.png","width":1080,"height":1080,"caption":"Inclusive - inclus\u00e3o e cidadania"},"image":{"@id":"https:\/\/inclusivenews.com.br\/#\/schema\/logo\/image\/"},"sameAs":["https:\/\/www.facebook.com\/agenciainclusive\/","https:\/\/www.instagram.com\/newsinclusive\/"]},{"@type":"Person","@id":"https:\/\/inclusivenews.com.br\/#\/schema\/person\/ae4ec7087559b8692fb33b6fffd2273b","name":"inclusivenews2024","image":{"@type":"ImageObject","inLanguage":"pt-PT","@id":"https:\/\/secure.gravatar.com\/avatar\/c5a7ef84c66fa914f55bc4f7ce26cfa275a3b9a1c5568b907bd184fb4dde7b40?s=96&d=mm&r=g","url":"https:\/\/secure.gravatar.com\/avatar\/c5a7ef84c66fa914f55bc4f7ce26cfa275a3b9a1c5568b907bd184fb4dde7b40?s=96&d=mm&r=g","contentUrl":"https:\/\/secure.gravatar.com\/avatar\/c5a7ef84c66fa914f55bc4f7ce26cfa275a3b9a1c5568b907bd184fb4dde7b40?s=96&d=mm&r=g","caption":"inclusivenews2024"},"sameAs":["https:\/\/inclusivenews.com.br"],"url":"https:\/\/inclusivenews.com.br\/?author=1"}]}},"_links":{"self":[{"href":"https:\/\/inclusivenews.com.br\/index.php?rest_route=\/wp\/v2\/posts\/26539","targetHints":{"allow":["GET"]}}],"collection":[{"href":"https:\/\/inclusivenews.com.br\/index.php?rest_route=\/wp\/v2\/posts"}],"about":[{"href":"https:\/\/inclusivenews.com.br\/index.php?rest_route=\/wp\/v2\/types\/post"}],"author":[{"embeddable":true,"href":"https:\/\/inclusivenews.com.br\/index.php?rest_route=\/wp\/v2\/users\/1"}],"replies":[{"embeddable":true,"href":"https:\/\/inclusivenews.com.br\/index.php?rest_route=%2Fwp%2Fv2%2Fcomments&post=26539"}],"version-history":[{"count":0,"href":"https:\/\/inclusivenews.com.br\/index.php?rest_route=\/wp\/v2\/posts\/26539\/revisions"}],"wp:attachment":[{"href":"https:\/\/inclusivenews.com.br\/index.php?rest_route=%2Fwp%2Fv2%2Fmedia&parent=26539"}],"wp:term":[{"taxonomy":"category","embeddable":true,"href":"https:\/\/inclusivenews.com.br\/index.php?rest_route=%2Fwp%2Fv2%2Fcategories&post=26539"},{"taxonomy":"post_tag","embeddable":true,"href":"https:\/\/inclusivenews.com.br\/index.php?rest_route=%2Fwp%2Fv2%2Ftags&post=26539"}],"curies":[{"name":"wp","href":"https:\/\/api.w.org\/{rel}","templated":true}]}}