{"id":26551,"date":"2014-06-08T17:20:42","date_gmt":"2014-06-08T20:20:42","guid":{"rendered":"http:\/\/www.inclusive.org.br\/?p=26551"},"modified":"2014-06-08T17:20:42","modified_gmt":"2014-06-08T20:20:42","slug":"jovem-cadeirante-testa-acessibilidade-de-todos-aeroportos-da-copa-e-faz-video","status":"publish","type":"post","link":"https:\/\/inclusivenews.com.br\/?p=26551","title":{"rendered":"Jovem cadeirante testa acessibilidade de todos aeroportos da Copa e faz v\u00eddeo"},"content":{"rendered":"<p><img loading=\"lazy\" decoding=\"async\" src=\"http:\/\/inclusivenews.com.br\/wp-content\/uploads\/size_590_NathaliaBlagevitch.jpg\" alt=\"Nathalia em sua cadeira scooter com flores na cesta.\" width=\"590\" height=\"442\" class=\"alignnone size-full wp-image-26552\" \/><\/p>\n<p>Perto de terminar curso de direito, a estudante Nathalia Fernandez, que tem paralisia cerebral, decidiu por conta pr\u00f3pria testar a acessibilidade de todos os aeroportos da Copa<\/p>\n<p>S\u00e3o Paulo &#8211; \u201cQue pouca vergonha. O senhor \u00e9 comandante!\u201d. \u00c9 assim, com esse esp\u00edrito destemido, que a paulistana e estudante de direito Nathalia Blagevitch Fernandez, 23 anos, interpela um piloto de companhia a\u00e9rea logo ap\u00f3s ele deixar um banheiro para pessoas com defici\u00eancia no Aeroporto de Salvador, onde havia entrado para trocar de roupa.<\/p>\n<p>Ela, que \u00e9 cadeirante &#8211; um termo novo, mas amplamente utilizado &#8211; teve que esperar que ele sa\u00edsse para poder usar o toalete especial.<\/p>\n<p>J\u00e1 em outro aeroporto, Nathalia balan\u00e7a a m\u00e3o e chama diversas vezes pela atendente do check-in que, separada por um elevado balc\u00e3o, mexe distraidamente no cabelo sem v\u00ea-la.<\/p>\n<p>Estas s\u00e3o duas situa\u00e7\u00f5es que poder\u00e3o ser vividas por pessoas com defici\u00eancia que desembarcarem em algum dos aeroportos brasileiros para a Copa do Mundo.<\/p>\n<p>E ambas s\u00e3o cenas do document\u00e1rio \u201cAcessibilidade nos aeroportos da Copa 2014\u201d, mostrado em primeira m\u00e3o por EXAME.com e que pode ser conferido nesta mat\u00e9ria, dividido em duas partes.<\/p>\n<p>Entre julho e agosto do ano passado, Nathalia resolveu sozinha responder a uma indaga\u00e7\u00e3o: como \u201cos deficientes v\u00e3o chegar nessa Copa\u201d em todas as 12 cidades sede?<\/p>\n<p>\u201cEu n\u00e3o consigo nem ir ao supermercado perto da minha casa!\u201d, atesta ela.<\/p>\n<p>Bancando tudo do pr\u00f3prio bolso e com ajuda da fam\u00edlia, ela s\u00f3 contratou um cinegrafista e contou com a presen\u00e7a da m\u00e3e em uma parte da epopeia.<\/p>\n<p>As seis horas de filmagem acabaram virando o filme de cerca de vinte e sete minutos. Veja abaixo a primeira parte.<\/p>\n<p><iframe loading=\"lazy\" width=\"560\" height=\"315\" src=\"\/\/www.youtube.com\/embed\/Chy3i02V508\" frameborder=\"0\" allowfullscreen><\/iframe><\/p>\n<p>Paralisia<br \/>\nPor um erro m\u00e9dico na hora do parto, Nathalia tem paralisia cerebral, o que significa que seu c\u00e9rebro sofreu uma les\u00e3o por falta de oxigena\u00e7\u00e3o.<\/p>\n<p>Como resultado, a parte direita de seu corpo \u201cn\u00e3o funciona bem\u201d, como ela mesma diz. Mas as restri\u00e7\u00f5es s\u00e3o apenas motoras.<\/p>\n<p>Hoje em vias de concluir o curso de direito em S\u00e3o Paulo, Nathalia fez sua inspe\u00e7\u00e3o nos aeroportos com as resolu\u00e7\u00f5es da Ag\u00eancia Nacional de Avia\u00e7\u00e3o Civil (Anac) na ponta da l\u00edngua. Mas a ideia n\u00e3o era ser chata ou detalhista na busca por direitos.<\/p>\n<p>\u201cEu fui pelo o que o povo todo conhece e sabe: banheiro especial, vaga no estacionamento, o primeiro assento do avi\u00e3o, cal\u00e7adas com guia rebaixada, int\u00e9rprete de libras, entre outros\u201d, diz.<\/p>\n<p>Embora ela mesma n\u00e3o seja surda nem precise de algu\u00e9m que se comunique por meio de libras, fez quest\u00e3o de testar se a Infraero e as concession\u00e1rias cumpriam a exig\u00eancia legal de ter algu\u00e9m para se comunicar com os surdos.<\/p>\n<p>\u201cQuis sair para olhar como meus semelhantes \u2013 as gr\u00e1vidas, os idosos, surdos, n\u00e3o s\u00f3 os cadeirantes \u2013 estariam sendo tratados na Copa do Mundo\u201d, afirma.<\/p>\n<p>E conta rindo \u2013 o que n\u00e3o exclui da\u00ed certo componente tr\u00e1gico \u2013 de um atendente que alegou apenas falar \u201cespanhol\u201d quando perguntado pelo int\u00e9rprete de libras. J\u00e1 outro saiu procurando por funcion\u00e1rios que soubessem braille \u2013 que \u00e9 o sistema de leitura para cegos.<\/p>\n<p>Filme<br \/>\nO filme n\u00e3o ter\u00e1 lan\u00e7amento oficial. A ideia \u00e9 divulg\u00e1-lo mesmo na internet.<\/p>\n<p>Ele mostra Nathalia rodando as \u00e1reas de embarque e desembarque com sua scooter, como \u00e9 chamada o veiculo motorizado em que ela se locomove.<\/p>\n<p>E revela ainda as dificuldades enfrentadas pelas pessoas com defici\u00eancia que v\u00e3o muito al\u00e9m do (habitual) uso de banheiros e vagas para aqueles com necessidades especiais.<\/p>\n<p>\u201cTeve alguns lugares que eu reparei que foi um verdadeiro circo para embarcar com a cadeira de rodas. Chama um, que chama o supervisor, e fica todo mundo se reunindo, falando baixo, e eu ficava com minha c\u00e2mera perguntando como ficava\u201d, lembra ela.<\/p>\n<p>Mais do que quest\u00f5es de infraestrutura, o mais emergencial para a estudante de direito &#8211; que neste momento aguarda o resultado da segunda fase do Exame da OAB e que j\u00e1 morou sozinha nos Estados Unidos &#8211; \u00e9 a falta de preparo de funcion\u00e1rios dos aeroportos e das companhias a\u00e9reas.<\/p>\n<p>\u201cO jeitinho brasileiro a gente sempre d\u00e1 e resolve. Mas o que me incomodou foi a falta de traquejo e instru\u00e7\u00e3o. Ser\u00e1 que a pessoa me perguntou se pode me ajudar, se ela pode tocar aqui? Eu me senti com uma coisa rob\u00f3tica (ao ser transportada)\u201d, conta.<\/p>\n<p>Mas faz quest\u00e3o de deixar elogios aos aeroportos de Manaus, Campinas (Viracopos) e Porto Alegre. Neste \u00faltimo, o banheiro tinha at\u00e9 um bot\u00e3o para ser aberto, coisa que ela s\u00f3 havia visto no exterior. E possu\u00eda tamb\u00e9m um int\u00e9rprete de libras.<\/p>\n<p>Se Porto Alegre recebeu a mais alta distin\u00e7\u00e3o, Gale\u00e3o e o de Curitiba foram reprovados.<\/p>\n<p>As grava\u00e7\u00f5es, vale lembrar, ocorreram h\u00e1 quase um ano. Desde l\u00e1, os aeroportos de Bras\u00edlia e Guarulhos, por exemplo, ganharam novos terminais. Natal inclusive ganhou outro aeroporto. V\u00e1rios passaram \u2013 ou ainda passam \u2013 por reformas.<\/p>\n<p>\u201cEspero do fundo do meu cora\u00e7\u00e3o que eles tenham mudado. O que falta para as companhias a\u00e9reas, para a Infraero, para donos de restaurante, \u00e9 enxergar o deficiente como p\u00fablico consumidor, e n\u00e3o como coitado\u201d, defende ela, que pretende militar na causa.<\/p>\n<p>A segunda parte do v\u00eddeo pode ser vista a seguir:<\/p>\n<p><iframe loading=\"lazy\" width=\"560\" height=\"315\" src=\"\/\/www.youtube.com\/embed\/Dsd7X_kXWTU\" frameborder=\"0\" allowfullscreen><\/iframe><\/p>\n<p>Fonte: <a href=\"http:\/\/exame.abril.com.br\/brasil\/noticias\/jovem-cadeirante-testa-todos-aeroportos-da-copa-e-faz-video\">http:\/\/exame.abril.com.br\/brasil\/noticias\/jovem-cadeirante-testa-todos-aeroportos-da-copa-e-faz-video<\/a><\/p>\n","protected":false},"excerpt":{"rendered":"<p>Porto Alegre recebeu a mais alta distin\u00e7\u00e3o, Gale\u00e3o e o de Curitiba foram reprovados.<\/p>\n","protected":false},"author":1,"featured_media":0,"comment_status":"open","ping_status":"open","sticky":false,"template":"","format":"standard","meta":{"site-container-style":"default","site-container-layout":"default","site-sidebar-layout":"default","disable-article-header":"default","disable-site-header":"default","disable-site-footer":"default","disable-content-area-spacing":"default","footnotes":""},"categories":[44,27,57,48],"tags":[],"class_list":["post-26551","post","type-post","status-publish","format-standard","hentry","category-acessibilidade","category-esporte","category-filmes-e-midias","category-inclusao"],"yoast_head":"<!-- This site is optimized with the Yoast SEO plugin v27.4 - https:\/\/yoast.com\/product\/yoast-seo-wordpress\/ -->\n<title>Jovem cadeirante testa acessibilidade de todos aeroportos da Copa e faz v\u00eddeo -<\/title>\n<meta name=\"robots\" content=\"index, follow, max-snippet:-1, max-image-preview:large, max-video-preview:-1\" \/>\n<link rel=\"canonical\" href=\"https:\/\/inclusivenews.com.br\/?p=26551\" \/>\n<meta property=\"og:locale\" content=\"pt_PT\" \/>\n<meta property=\"og:type\" content=\"article\" \/>\n<meta property=\"og:title\" content=\"Jovem cadeirante testa acessibilidade de todos aeroportos da Copa e faz v\u00eddeo -\" \/>\n<meta property=\"og:description\" content=\"Porto Alegre recebeu a mais alta distin\u00e7\u00e3o, Gale\u00e3o e o de Curitiba foram reprovados.\" \/>\n<meta property=\"og:url\" content=\"https:\/\/inclusivenews.com.br\/?p=26551\" \/>\n<meta property=\"article:publisher\" content=\"https:\/\/www.facebook.com\/agenciainclusive\/\" \/>\n<meta property=\"article:published_time\" content=\"2014-06-08T20:20:42+00:00\" \/>\n<meta property=\"og:image\" content=\"http:\/\/inclusivenews.com.br\/wp-content\/uploads\/size_590_NathaliaBlagevitch.jpg\" \/>\n<meta name=\"author\" content=\"inclusivenews2024\" \/>\n<meta name=\"twitter:card\" content=\"summary_large_image\" \/>\n<meta name=\"twitter:label1\" content=\"Escrito por\" \/>\n\t<meta name=\"twitter:data1\" content=\"inclusivenews2024\" \/>\n\t<meta name=\"twitter:label2\" content=\"Tempo estimado de leitura\" \/>\n\t<meta name=\"twitter:data2\" content=\"5 minutos\" \/>\n<script type=\"application\/ld+json\" class=\"yoast-schema-graph\">{\"@context\":\"https:\\\/\\\/schema.org\",\"@graph\":[{\"@type\":\"Article\",\"@id\":\"https:\\\/\\\/inclusivenews.com.br\\\/?p=26551#article\",\"isPartOf\":{\"@id\":\"https:\\\/\\\/inclusivenews.com.br\\\/?p=26551\"},\"author\":{\"name\":\"inclusivenews2024\",\"@id\":\"https:\\\/\\\/inclusivenews.com.br\\\/#\\\/schema\\\/person\\\/ae4ec7087559b8692fb33b6fffd2273b\"},\"headline\":\"Jovem cadeirante testa acessibilidade de todos aeroportos da Copa e faz v\u00eddeo\",\"datePublished\":\"2014-06-08T20:20:42+00:00\",\"mainEntityOfPage\":{\"@id\":\"https:\\\/\\\/inclusivenews.com.br\\\/?p=26551\"},\"wordCount\":944,\"commentCount\":1,\"publisher\":{\"@id\":\"https:\\\/\\\/inclusivenews.com.br\\\/#organization\"},\"image\":{\"@id\":\"https:\\\/\\\/inclusivenews.com.br\\\/?p=26551#primaryimage\"},\"thumbnailUrl\":\"http:\\\/\\\/inclusivenews.com.br\\\/wp-content\\\/uploads\\\/size_590_NathaliaBlagevitch.jpg\",\"articleSection\":[\"ACESSIBILIDADE\",\"Esporte\",\"Filmes e m\u00eddias\",\"INCLUS\u00c3O SOCIAL\"],\"inLanguage\":\"pt-PT\",\"potentialAction\":[{\"@type\":\"CommentAction\",\"name\":\"Comment\",\"target\":[\"https:\\\/\\\/inclusivenews.com.br\\\/?p=26551#respond\"]}]},{\"@type\":\"WebPage\",\"@id\":\"https:\\\/\\\/inclusivenews.com.br\\\/?p=26551\",\"url\":\"https:\\\/\\\/inclusivenews.com.br\\\/?p=26551\",\"name\":\"Jovem cadeirante testa acessibilidade de todos aeroportos da Copa e faz v\u00eddeo -\",\"isPartOf\":{\"@id\":\"https:\\\/\\\/inclusivenews.com.br\\\/#website\"},\"primaryImageOfPage\":{\"@id\":\"https:\\\/\\\/inclusivenews.com.br\\\/?p=26551#primaryimage\"},\"image\":{\"@id\":\"https:\\\/\\\/inclusivenews.com.br\\\/?p=26551#primaryimage\"},\"thumbnailUrl\":\"http:\\\/\\\/inclusivenews.com.br\\\/wp-content\\\/uploads\\\/size_590_NathaliaBlagevitch.jpg\",\"datePublished\":\"2014-06-08T20:20:42+00:00\",\"breadcrumb\":{\"@id\":\"https:\\\/\\\/inclusivenews.com.br\\\/?p=26551#breadcrumb\"},\"inLanguage\":\"pt-PT\",\"potentialAction\":[{\"@type\":\"ReadAction\",\"target\":[\"https:\\\/\\\/inclusivenews.com.br\\\/?p=26551\"]}]},{\"@type\":\"ImageObject\",\"inLanguage\":\"pt-PT\",\"@id\":\"https:\\\/\\\/inclusivenews.com.br\\\/?p=26551#primaryimage\",\"url\":\"\",\"contentUrl\":\"\"},{\"@type\":\"BreadcrumbList\",\"@id\":\"https:\\\/\\\/inclusivenews.com.br\\\/?p=26551#breadcrumb\",\"itemListElement\":[{\"@type\":\"ListItem\",\"position\":1,\"name\":\"In\u00edcio\",\"item\":\"https:\\\/\\\/inclusivenews.com.br\\\/\"},{\"@type\":\"ListItem\",\"position\":2,\"name\":\"Jovem cadeirante testa acessibilidade de todos aeroportos da Copa e faz v\u00eddeo\"}]},{\"@type\":\"WebSite\",\"@id\":\"https:\\\/\\\/inclusivenews.com.br\\\/#website\",\"url\":\"https:\\\/\\\/inclusivenews.com.br\\\/\",\"name\":\"Inclusive News\",\"description\":\"Inclusive News\",\"publisher\":{\"@id\":\"https:\\\/\\\/inclusivenews.com.br\\\/#organization\"},\"potentialAction\":[{\"@type\":\"SearchAction\",\"target\":{\"@type\":\"EntryPoint\",\"urlTemplate\":\"https:\\\/\\\/inclusivenews.com.br\\\/?s={search_term_string}\"},\"query-input\":{\"@type\":\"PropertyValueSpecification\",\"valueRequired\":true,\"valueName\":\"search_term_string\"}}],\"inLanguage\":\"pt-PT\"},{\"@type\":\"Organization\",\"@id\":\"https:\\\/\\\/inclusivenews.com.br\\\/#organization\",\"name\":\"Inclusive - inclus\u00e3o e cidadania\",\"url\":\"https:\\\/\\\/inclusivenews.com.br\\\/\",\"logo\":{\"@type\":\"ImageObject\",\"inLanguage\":\"pt-PT\",\"@id\":\"https:\\\/\\\/inclusivenews.com.br\\\/#\\\/schema\\\/logo\\\/image\\\/\",\"url\":\"https:\\\/\\\/inclusivenews.com.br\\\/wp-content\\\/uploads\\\/2024\\\/03\\\/@grandesite.png\",\"contentUrl\":\"https:\\\/\\\/inclusivenews.com.br\\\/wp-content\\\/uploads\\\/2024\\\/03\\\/@grandesite.png\",\"width\":1080,\"height\":1080,\"caption\":\"Inclusive - inclus\u00e3o e cidadania\"},\"image\":{\"@id\":\"https:\\\/\\\/inclusivenews.com.br\\\/#\\\/schema\\\/logo\\\/image\\\/\"},\"sameAs\":[\"https:\\\/\\\/www.facebook.com\\\/agenciainclusive\\\/\",\"https:\\\/\\\/www.instagram.com\\\/newsinclusive\\\/\"]},{\"@type\":\"Person\",\"@id\":\"https:\\\/\\\/inclusivenews.com.br\\\/#\\\/schema\\\/person\\\/ae4ec7087559b8692fb33b6fffd2273b\",\"name\":\"inclusivenews2024\",\"image\":{\"@type\":\"ImageObject\",\"inLanguage\":\"pt-PT\",\"@id\":\"https:\\\/\\\/secure.gravatar.com\\\/avatar\\\/c5a7ef84c66fa914f55bc4f7ce26cfa275a3b9a1c5568b907bd184fb4dde7b40?s=96&d=mm&r=g\",\"url\":\"https:\\\/\\\/secure.gravatar.com\\\/avatar\\\/c5a7ef84c66fa914f55bc4f7ce26cfa275a3b9a1c5568b907bd184fb4dde7b40?s=96&d=mm&r=g\",\"contentUrl\":\"https:\\\/\\\/secure.gravatar.com\\\/avatar\\\/c5a7ef84c66fa914f55bc4f7ce26cfa275a3b9a1c5568b907bd184fb4dde7b40?s=96&d=mm&r=g\",\"caption\":\"inclusivenews2024\"},\"sameAs\":[\"https:\\\/\\\/inclusivenews.com.br\"],\"url\":\"https:\\\/\\\/inclusivenews.com.br\\\/?author=1\"}]}<\/script>\n<!-- \/ Yoast SEO plugin. -->","yoast_head_json":{"title":"Jovem cadeirante testa acessibilidade de todos aeroportos da Copa e faz v\u00eddeo -","robots":{"index":"index","follow":"follow","max-snippet":"max-snippet:-1","max-image-preview":"max-image-preview:large","max-video-preview":"max-video-preview:-1"},"canonical":"https:\/\/inclusivenews.com.br\/?p=26551","og_locale":"pt_PT","og_type":"article","og_title":"Jovem cadeirante testa acessibilidade de todos aeroportos da Copa e faz v\u00eddeo -","og_description":"Porto Alegre recebeu a mais alta distin\u00e7\u00e3o, Gale\u00e3o e o de Curitiba foram reprovados.","og_url":"https:\/\/inclusivenews.com.br\/?p=26551","article_publisher":"https:\/\/www.facebook.com\/agenciainclusive\/","article_published_time":"2014-06-08T20:20:42+00:00","og_image":[{"url":"http:\/\/inclusivenews.com.br\/wp-content\/uploads\/size_590_NathaliaBlagevitch.jpg","type":"","width":"","height":""}],"author":"inclusivenews2024","twitter_card":"summary_large_image","twitter_misc":{"Escrito por":"inclusivenews2024","Tempo estimado de leitura":"5 minutos"},"schema":{"@context":"https:\/\/schema.org","@graph":[{"@type":"Article","@id":"https:\/\/inclusivenews.com.br\/?p=26551#article","isPartOf":{"@id":"https:\/\/inclusivenews.com.br\/?p=26551"},"author":{"name":"inclusivenews2024","@id":"https:\/\/inclusivenews.com.br\/#\/schema\/person\/ae4ec7087559b8692fb33b6fffd2273b"},"headline":"Jovem cadeirante testa acessibilidade de todos aeroportos da Copa e faz v\u00eddeo","datePublished":"2014-06-08T20:20:42+00:00","mainEntityOfPage":{"@id":"https:\/\/inclusivenews.com.br\/?p=26551"},"wordCount":944,"commentCount":1,"publisher":{"@id":"https:\/\/inclusivenews.com.br\/#organization"},"image":{"@id":"https:\/\/inclusivenews.com.br\/?p=26551#primaryimage"},"thumbnailUrl":"http:\/\/inclusivenews.com.br\/wp-content\/uploads\/size_590_NathaliaBlagevitch.jpg","articleSection":["ACESSIBILIDADE","Esporte","Filmes e m\u00eddias","INCLUS\u00c3O SOCIAL"],"inLanguage":"pt-PT","potentialAction":[{"@type":"CommentAction","name":"Comment","target":["https:\/\/inclusivenews.com.br\/?p=26551#respond"]}]},{"@type":"WebPage","@id":"https:\/\/inclusivenews.com.br\/?p=26551","url":"https:\/\/inclusivenews.com.br\/?p=26551","name":"Jovem cadeirante testa acessibilidade de todos aeroportos da Copa e faz v\u00eddeo -","isPartOf":{"@id":"https:\/\/inclusivenews.com.br\/#website"},"primaryImageOfPage":{"@id":"https:\/\/inclusivenews.com.br\/?p=26551#primaryimage"},"image":{"@id":"https:\/\/inclusivenews.com.br\/?p=26551#primaryimage"},"thumbnailUrl":"http:\/\/inclusivenews.com.br\/wp-content\/uploads\/size_590_NathaliaBlagevitch.jpg","datePublished":"2014-06-08T20:20:42+00:00","breadcrumb":{"@id":"https:\/\/inclusivenews.com.br\/?p=26551#breadcrumb"},"inLanguage":"pt-PT","potentialAction":[{"@type":"ReadAction","target":["https:\/\/inclusivenews.com.br\/?p=26551"]}]},{"@type":"ImageObject","inLanguage":"pt-PT","@id":"https:\/\/inclusivenews.com.br\/?p=26551#primaryimage","url":"","contentUrl":""},{"@type":"BreadcrumbList","@id":"https:\/\/inclusivenews.com.br\/?p=26551#breadcrumb","itemListElement":[{"@type":"ListItem","position":1,"name":"In\u00edcio","item":"https:\/\/inclusivenews.com.br\/"},{"@type":"ListItem","position":2,"name":"Jovem cadeirante testa acessibilidade de todos aeroportos da Copa e faz v\u00eddeo"}]},{"@type":"WebSite","@id":"https:\/\/inclusivenews.com.br\/#website","url":"https:\/\/inclusivenews.com.br\/","name":"Inclusive News","description":"Inclusive News","publisher":{"@id":"https:\/\/inclusivenews.com.br\/#organization"},"potentialAction":[{"@type":"SearchAction","target":{"@type":"EntryPoint","urlTemplate":"https:\/\/inclusivenews.com.br\/?s={search_term_string}"},"query-input":{"@type":"PropertyValueSpecification","valueRequired":true,"valueName":"search_term_string"}}],"inLanguage":"pt-PT"},{"@type":"Organization","@id":"https:\/\/inclusivenews.com.br\/#organization","name":"Inclusive - inclus\u00e3o e cidadania","url":"https:\/\/inclusivenews.com.br\/","logo":{"@type":"ImageObject","inLanguage":"pt-PT","@id":"https:\/\/inclusivenews.com.br\/#\/schema\/logo\/image\/","url":"https:\/\/inclusivenews.com.br\/wp-content\/uploads\/2024\/03\/@grandesite.png","contentUrl":"https:\/\/inclusivenews.com.br\/wp-content\/uploads\/2024\/03\/@grandesite.png","width":1080,"height":1080,"caption":"Inclusive - inclus\u00e3o e cidadania"},"image":{"@id":"https:\/\/inclusivenews.com.br\/#\/schema\/logo\/image\/"},"sameAs":["https:\/\/www.facebook.com\/agenciainclusive\/","https:\/\/www.instagram.com\/newsinclusive\/"]},{"@type":"Person","@id":"https:\/\/inclusivenews.com.br\/#\/schema\/person\/ae4ec7087559b8692fb33b6fffd2273b","name":"inclusivenews2024","image":{"@type":"ImageObject","inLanguage":"pt-PT","@id":"https:\/\/secure.gravatar.com\/avatar\/c5a7ef84c66fa914f55bc4f7ce26cfa275a3b9a1c5568b907bd184fb4dde7b40?s=96&d=mm&r=g","url":"https:\/\/secure.gravatar.com\/avatar\/c5a7ef84c66fa914f55bc4f7ce26cfa275a3b9a1c5568b907bd184fb4dde7b40?s=96&d=mm&r=g","contentUrl":"https:\/\/secure.gravatar.com\/avatar\/c5a7ef84c66fa914f55bc4f7ce26cfa275a3b9a1c5568b907bd184fb4dde7b40?s=96&d=mm&r=g","caption":"inclusivenews2024"},"sameAs":["https:\/\/inclusivenews.com.br"],"url":"https:\/\/inclusivenews.com.br\/?author=1"}]}},"_links":{"self":[{"href":"https:\/\/inclusivenews.com.br\/index.php?rest_route=\/wp\/v2\/posts\/26551","targetHints":{"allow":["GET"]}}],"collection":[{"href":"https:\/\/inclusivenews.com.br\/index.php?rest_route=\/wp\/v2\/posts"}],"about":[{"href":"https:\/\/inclusivenews.com.br\/index.php?rest_route=\/wp\/v2\/types\/post"}],"author":[{"embeddable":true,"href":"https:\/\/inclusivenews.com.br\/index.php?rest_route=\/wp\/v2\/users\/1"}],"replies":[{"embeddable":true,"href":"https:\/\/inclusivenews.com.br\/index.php?rest_route=%2Fwp%2Fv2%2Fcomments&post=26551"}],"version-history":[{"count":0,"href":"https:\/\/inclusivenews.com.br\/index.php?rest_route=\/wp\/v2\/posts\/26551\/revisions"}],"wp:attachment":[{"href":"https:\/\/inclusivenews.com.br\/index.php?rest_route=%2Fwp%2Fv2%2Fmedia&parent=26551"}],"wp:term":[{"taxonomy":"category","embeddable":true,"href":"https:\/\/inclusivenews.com.br\/index.php?rest_route=%2Fwp%2Fv2%2Fcategories&post=26551"},{"taxonomy":"post_tag","embeddable":true,"href":"https:\/\/inclusivenews.com.br\/index.php?rest_route=%2Fwp%2Fv2%2Ftags&post=26551"}],"curies":[{"name":"wp","href":"https:\/\/api.w.org\/{rel}","templated":true}]}}