{"id":26556,"date":"2014-06-10T19:03:21","date_gmt":"2014-06-10T22:03:21","guid":{"rendered":"http:\/\/www.inclusive.org.br\/?p=26556"},"modified":"2014-06-10T19:03:21","modified_gmt":"2014-06-10T22:03:21","slug":"politicas-publicas-para-educacao-inclusiva-e-tema-de-livro-lancado-pelo-neppd","status":"publish","type":"post","link":"https:\/\/inclusivenews.com.br\/?p=26556","title":{"rendered":"Pol\u00edticas p\u00fablicas para educa\u00e7\u00e3o inclusiva \u00e9 tema de livro lan\u00e7ado pelo NEPPD"},"content":{"rendered":"<p><img decoding=\"async\" alt=\"Uma pilha de livros\" src=\"http:\/\/www.ufam.edu.br\/images\/ufam\/2014\/6junho\/neppd%202.JPG\" \/><\/p>\n<p>O livro \u201cEduca\u00e7\u00e3o e Pol\u00edtica: o enfoque da diversidade e defici\u00eancia na Amaz\u00f4nia&#8221;, lan\u00e7ado na \u00faltima quinta (5), no audit\u00f3rio Rio Alala\u00fa da Faculdade da Educa\u00e7\u00e3o, \u00e9 resultado das pesquisas realizadas no \u00e2mbito do N\u00facleo de Estudos e Pesquisa em Psicopedagogia Diferencial (NEPPD), da Faced. \u00c9 a segunda publica\u00e7\u00e3o do grupo de pesquisa criado em 2001 que engloba o corpo discente de gradua\u00e7\u00e3o, mestrado e doutorado de diferentes cursos da Ufam.<\/p>\n<p>\u201cEduca\u00e7\u00e3o e Pol\u00edtica: o enfoque da diversidade e defici\u00eancia na Amaz\u00f4nia&#8221; re\u00fane pesquisas de alunos da gradua\u00e7\u00e3o desenvolvidos a partir do Programa Institucional de Bolsas de Inicia\u00e7\u00e3o Cient\u00edfica (Pibic), professores de outras institui\u00e7\u00f5es como a Universidade Federal Fluminense. Para contextualizar a realidade internacional acerca da inclus\u00e3o social, o livro conta tamb\u00e9m com o relato de uma professora da Espanha. Al\u00e9m de abordar as problem\u00e1ticas de inclus\u00e3o\/exclus\u00e3o das pessoas com defici\u00eancia, principalmente no campo da educa\u00e7\u00e3o, artigos que versam sobre a educa\u00e7\u00e3o em \u00e1reas rurais e ind\u00edgenas (escolhidos por um comit\u00ea formado por docentes da Universidade de S\u00e3o Paulo e da Universidade Federal de Santa Maria que possuem pesquisas reconhecidas sobre o tema) integram a colet\u00e2nea organizada pela professora Maria Arminda Matos. da terceira obra est\u00e1 programa para outubro, durante a realiza\u00e7\u00e3o do IV Semin\u00e1rio de Autismo, tamb\u00e9m organizado pelo n\u00facleo.<\/p>\n<p>A professora Maria Arminda comenta que apesar de ser lei desde 2008 no Brasil, ainda h\u00e1 muita diverg\u00eancia e falta de conhecimento, por isso a import\u00e2ncia do desenvolvimento das pesquisas do N\u00facleo, sobretudo no contexto amaz\u00f4nico. \u201cA inclus\u00e3o \u00e9 um processo Ainda existe muito preconceito, inclusive dentro da pr\u00f3pria academia. Devemos acreditar na potencialidade das pessoas com defici\u00eancia. Deixar essa vis\u00e3o patol\u00f3gica que v\u00ea apenas a defici\u00eancia e n\u00e3o a pessoa. Os espa\u00e7os de educa\u00e7\u00e3o tem que se modificar para aceitar a diversidade\u201d, destaca.<\/p>\n<p>A arrecada\u00e7\u00e3o feita com a venda dos livros \u00e9 revertida para a continuidade da publica\u00e7\u00e3o das pesquisas em futuras obras. O eixo norteador das obras do NEPPD s\u00e3o as politicas p\u00fablicas para educa\u00e7\u00e3o inclusiva. A primeira publica\u00e7\u00e3o do NEPPD foi em 2012. O lan\u00e7amento da terceira obra est\u00e1 programa para outubro, durante a realiza\u00e7\u00e3o do IV Semin\u00e1rio de Autismo, tamb\u00e9m organizado pelo n\u00facleo<\/p>\n","protected":false},"excerpt":{"rendered":"<p>O livro \u201cEduca\u00e7\u00e3o e Pol\u00edtica: o enfoque da diversidade e defici\u00eancia na Amaz\u00f4nia&#8221;, lan\u00e7ado na \u00faltima quinta (5), no audit\u00f3rio Rio Alala\u00fa da Faculdade da Educa\u00e7\u00e3o, \u00e9 resultado das pesquisas realizadas no \u00e2mbito do N\u00facleo de Estudos e Pesquisa em Psicopedagogia Diferencial (NEPPD), da Faced.<\/p>\n","protected":false},"author":1,"featured_media":0,"comment_status":"open","ping_status":"open","sticky":false,"template":"","format":"standard","meta":{"site-container-style":"default","site-container-layout":"default","site-sidebar-layout":"default","disable-article-header":"default","disable-site-header":"default","disable-site-footer":"default","disable-content-area-spacing":"default","footnotes":""},"categories":[50,51,10],"tags":[],"class_list":["post-26556","post","type-post","status-publish","format-standard","hentry","category-lancamentos","category-livros","category-publicacoes"],"yoast_head":"<!-- This site is optimized with the Yoast SEO plugin v27.4 - https:\/\/yoast.com\/product\/yoast-seo-wordpress\/ -->\n<title>Pol\u00edticas p\u00fablicas para educa\u00e7\u00e3o inclusiva \u00e9 tema de livro lan\u00e7ado pelo NEPPD -<\/title>\n<meta name=\"robots\" content=\"index, follow, max-snippet:-1, max-image-preview:large, max-video-preview:-1\" \/>\n<link rel=\"canonical\" href=\"https:\/\/inclusivenews.com.br\/?p=26556\" \/>\n<meta property=\"og:locale\" content=\"pt_PT\" \/>\n<meta property=\"og:type\" content=\"article\" \/>\n<meta property=\"og:title\" content=\"Pol\u00edticas p\u00fablicas para educa\u00e7\u00e3o inclusiva \u00e9 tema de livro lan\u00e7ado pelo NEPPD -\" \/>\n<meta property=\"og:description\" content=\"O livro \u201cEduca\u00e7\u00e3o e Pol\u00edtica: o enfoque da diversidade e defici\u00eancia na Amaz\u00f4nia&quot;, lan\u00e7ado na \u00faltima quinta (5), no audit\u00f3rio Rio Alala\u00fa da Faculdade da Educa\u00e7\u00e3o, \u00e9 resultado das pesquisas realizadas no \u00e2mbito do N\u00facleo de Estudos e Pesquisa em Psicopedagogia Diferencial (NEPPD), da Faced.\" \/>\n<meta property=\"og:url\" content=\"https:\/\/inclusivenews.com.br\/?p=26556\" \/>\n<meta property=\"article:publisher\" content=\"https:\/\/www.facebook.com\/agenciainclusive\/\" \/>\n<meta property=\"article:published_time\" content=\"2014-06-10T22:03:21+00:00\" \/>\n<meta property=\"og:image\" content=\"http:\/\/www.ufam.edu.br\/images\/ufam\/2014\/6junho\/neppd%202.JPG\" \/>\n<meta name=\"author\" content=\"inclusivenews2024\" \/>\n<meta name=\"twitter:card\" content=\"summary_large_image\" \/>\n<meta name=\"twitter:label1\" content=\"Escrito por\" \/>\n\t<meta name=\"twitter:data1\" content=\"inclusivenews2024\" \/>\n\t<meta name=\"twitter:label2\" content=\"Tempo estimado de leitura\" \/>\n\t<meta name=\"twitter:data2\" content=\"2 minutos\" \/>\n<script type=\"application\/ld+json\" class=\"yoast-schema-graph\">{\"@context\":\"https:\\\/\\\/schema.org\",\"@graph\":[{\"@type\":\"Article\",\"@id\":\"https:\\\/\\\/inclusivenews.com.br\\\/?p=26556#article\",\"isPartOf\":{\"@id\":\"https:\\\/\\\/inclusivenews.com.br\\\/?p=26556\"},\"author\":{\"name\":\"inclusivenews2024\",\"@id\":\"https:\\\/\\\/inclusivenews.com.br\\\/#\\\/schema\\\/person\\\/ae4ec7087559b8692fb33b6fffd2273b\"},\"headline\":\"Pol\u00edticas p\u00fablicas para educa\u00e7\u00e3o inclusiva \u00e9 tema de livro lan\u00e7ado pelo NEPPD\",\"datePublished\":\"2014-06-10T22:03:21+00:00\",\"mainEntityOfPage\":{\"@id\":\"https:\\\/\\\/inclusivenews.com.br\\\/?p=26556\"},\"wordCount\":425,\"commentCount\":1,\"publisher\":{\"@id\":\"https:\\\/\\\/inclusivenews.com.br\\\/#organization\"},\"image\":{\"@id\":\"https:\\\/\\\/inclusivenews.com.br\\\/?p=26556#primaryimage\"},\"thumbnailUrl\":\"http:\\\/\\\/www.ufam.edu.br\\\/images\\\/ufam\\\/2014\\\/6junho\\\/neppd%202.JPG\",\"articleSection\":[\"Lan\u00e7amentos\",\"Livros\",\"PUBLICA\u00c7\u00d5ES\"],\"inLanguage\":\"pt-PT\",\"potentialAction\":[{\"@type\":\"CommentAction\",\"name\":\"Comment\",\"target\":[\"https:\\\/\\\/inclusivenews.com.br\\\/?p=26556#respond\"]}]},{\"@type\":\"WebPage\",\"@id\":\"https:\\\/\\\/inclusivenews.com.br\\\/?p=26556\",\"url\":\"https:\\\/\\\/inclusivenews.com.br\\\/?p=26556\",\"name\":\"Pol\u00edticas p\u00fablicas para educa\u00e7\u00e3o inclusiva \u00e9 tema de livro lan\u00e7ado pelo NEPPD -\",\"isPartOf\":{\"@id\":\"https:\\\/\\\/inclusivenews.com.br\\\/#website\"},\"primaryImageOfPage\":{\"@id\":\"https:\\\/\\\/inclusivenews.com.br\\\/?p=26556#primaryimage\"},\"image\":{\"@id\":\"https:\\\/\\\/inclusivenews.com.br\\\/?p=26556#primaryimage\"},\"thumbnailUrl\":\"http:\\\/\\\/www.ufam.edu.br\\\/images\\\/ufam\\\/2014\\\/6junho\\\/neppd%202.JPG\",\"datePublished\":\"2014-06-10T22:03:21+00:00\",\"breadcrumb\":{\"@id\":\"https:\\\/\\\/inclusivenews.com.br\\\/?p=26556#breadcrumb\"},\"inLanguage\":\"pt-PT\",\"potentialAction\":[{\"@type\":\"ReadAction\",\"target\":[\"https:\\\/\\\/inclusivenews.com.br\\\/?p=26556\"]}]},{\"@type\":\"ImageObject\",\"inLanguage\":\"pt-PT\",\"@id\":\"https:\\\/\\\/inclusivenews.com.br\\\/?p=26556#primaryimage\",\"url\":\"http:\\\/\\\/www.ufam.edu.br\\\/images\\\/ufam\\\/2014\\\/6junho\\\/neppd%202.JPG\",\"contentUrl\":\"http:\\\/\\\/www.ufam.edu.br\\\/images\\\/ufam\\\/2014\\\/6junho\\\/neppd%202.JPG\"},{\"@type\":\"BreadcrumbList\",\"@id\":\"https:\\\/\\\/inclusivenews.com.br\\\/?p=26556#breadcrumb\",\"itemListElement\":[{\"@type\":\"ListItem\",\"position\":1,\"name\":\"In\u00edcio\",\"item\":\"https:\\\/\\\/inclusivenews.com.br\\\/\"},{\"@type\":\"ListItem\",\"position\":2,\"name\":\"Pol\u00edticas p\u00fablicas para educa\u00e7\u00e3o inclusiva \u00e9 tema de livro lan\u00e7ado pelo NEPPD\"}]},{\"@type\":\"WebSite\",\"@id\":\"https:\\\/\\\/inclusivenews.com.br\\\/#website\",\"url\":\"https:\\\/\\\/inclusivenews.com.br\\\/\",\"name\":\"Inclusive News\",\"description\":\"Inclusive News\",\"publisher\":{\"@id\":\"https:\\\/\\\/inclusivenews.com.br\\\/#organization\"},\"potentialAction\":[{\"@type\":\"SearchAction\",\"target\":{\"@type\":\"EntryPoint\",\"urlTemplate\":\"https:\\\/\\\/inclusivenews.com.br\\\/?s={search_term_string}\"},\"query-input\":{\"@type\":\"PropertyValueSpecification\",\"valueRequired\":true,\"valueName\":\"search_term_string\"}}],\"inLanguage\":\"pt-PT\"},{\"@type\":\"Organization\",\"@id\":\"https:\\\/\\\/inclusivenews.com.br\\\/#organization\",\"name\":\"Inclusive - inclus\u00e3o e cidadania\",\"url\":\"https:\\\/\\\/inclusivenews.com.br\\\/\",\"logo\":{\"@type\":\"ImageObject\",\"inLanguage\":\"pt-PT\",\"@id\":\"https:\\\/\\\/inclusivenews.com.br\\\/#\\\/schema\\\/logo\\\/image\\\/\",\"url\":\"https:\\\/\\\/inclusivenews.com.br\\\/wp-content\\\/uploads\\\/2024\\\/03\\\/@grandesite.png\",\"contentUrl\":\"https:\\\/\\\/inclusivenews.com.br\\\/wp-content\\\/uploads\\\/2024\\\/03\\\/@grandesite.png\",\"width\":1080,\"height\":1080,\"caption\":\"Inclusive - inclus\u00e3o e cidadania\"},\"image\":{\"@id\":\"https:\\\/\\\/inclusivenews.com.br\\\/#\\\/schema\\\/logo\\\/image\\\/\"},\"sameAs\":[\"https:\\\/\\\/www.facebook.com\\\/agenciainclusive\\\/\",\"https:\\\/\\\/www.instagram.com\\\/newsinclusive\\\/\"]},{\"@type\":\"Person\",\"@id\":\"https:\\\/\\\/inclusivenews.com.br\\\/#\\\/schema\\\/person\\\/ae4ec7087559b8692fb33b6fffd2273b\",\"name\":\"inclusivenews2024\",\"image\":{\"@type\":\"ImageObject\",\"inLanguage\":\"pt-PT\",\"@id\":\"https:\\\/\\\/secure.gravatar.com\\\/avatar\\\/c5a7ef84c66fa914f55bc4f7ce26cfa275a3b9a1c5568b907bd184fb4dde7b40?s=96&d=mm&r=g\",\"url\":\"https:\\\/\\\/secure.gravatar.com\\\/avatar\\\/c5a7ef84c66fa914f55bc4f7ce26cfa275a3b9a1c5568b907bd184fb4dde7b40?s=96&d=mm&r=g\",\"contentUrl\":\"https:\\\/\\\/secure.gravatar.com\\\/avatar\\\/c5a7ef84c66fa914f55bc4f7ce26cfa275a3b9a1c5568b907bd184fb4dde7b40?s=96&d=mm&r=g\",\"caption\":\"inclusivenews2024\"},\"sameAs\":[\"https:\\\/\\\/inclusivenews.com.br\"],\"url\":\"https:\\\/\\\/inclusivenews.com.br\\\/?author=1\"}]}<\/script>\n<!-- \/ Yoast SEO plugin. -->","yoast_head_json":{"title":"Pol\u00edticas p\u00fablicas para educa\u00e7\u00e3o inclusiva \u00e9 tema de livro lan\u00e7ado pelo NEPPD -","robots":{"index":"index","follow":"follow","max-snippet":"max-snippet:-1","max-image-preview":"max-image-preview:large","max-video-preview":"max-video-preview:-1"},"canonical":"https:\/\/inclusivenews.com.br\/?p=26556","og_locale":"pt_PT","og_type":"article","og_title":"Pol\u00edticas p\u00fablicas para educa\u00e7\u00e3o inclusiva \u00e9 tema de livro lan\u00e7ado pelo NEPPD -","og_description":"O livro \u201cEduca\u00e7\u00e3o e Pol\u00edtica: o enfoque da diversidade e defici\u00eancia na Amaz\u00f4nia\", lan\u00e7ado na \u00faltima quinta (5), no audit\u00f3rio Rio Alala\u00fa da Faculdade da Educa\u00e7\u00e3o, \u00e9 resultado das pesquisas realizadas no \u00e2mbito do N\u00facleo de Estudos e Pesquisa em Psicopedagogia Diferencial (NEPPD), da Faced.","og_url":"https:\/\/inclusivenews.com.br\/?p=26556","article_publisher":"https:\/\/www.facebook.com\/agenciainclusive\/","article_published_time":"2014-06-10T22:03:21+00:00","og_image":[{"url":"http:\/\/www.ufam.edu.br\/images\/ufam\/2014\/6junho\/neppd%202.JPG","type":"","width":"","height":""}],"author":"inclusivenews2024","twitter_card":"summary_large_image","twitter_misc":{"Escrito por":"inclusivenews2024","Tempo estimado de leitura":"2 minutos"},"schema":{"@context":"https:\/\/schema.org","@graph":[{"@type":"Article","@id":"https:\/\/inclusivenews.com.br\/?p=26556#article","isPartOf":{"@id":"https:\/\/inclusivenews.com.br\/?p=26556"},"author":{"name":"inclusivenews2024","@id":"https:\/\/inclusivenews.com.br\/#\/schema\/person\/ae4ec7087559b8692fb33b6fffd2273b"},"headline":"Pol\u00edticas p\u00fablicas para educa\u00e7\u00e3o inclusiva \u00e9 tema de livro lan\u00e7ado pelo NEPPD","datePublished":"2014-06-10T22:03:21+00:00","mainEntityOfPage":{"@id":"https:\/\/inclusivenews.com.br\/?p=26556"},"wordCount":425,"commentCount":1,"publisher":{"@id":"https:\/\/inclusivenews.com.br\/#organization"},"image":{"@id":"https:\/\/inclusivenews.com.br\/?p=26556#primaryimage"},"thumbnailUrl":"http:\/\/www.ufam.edu.br\/images\/ufam\/2014\/6junho\/neppd%202.JPG","articleSection":["Lan\u00e7amentos","Livros","PUBLICA\u00c7\u00d5ES"],"inLanguage":"pt-PT","potentialAction":[{"@type":"CommentAction","name":"Comment","target":["https:\/\/inclusivenews.com.br\/?p=26556#respond"]}]},{"@type":"WebPage","@id":"https:\/\/inclusivenews.com.br\/?p=26556","url":"https:\/\/inclusivenews.com.br\/?p=26556","name":"Pol\u00edticas p\u00fablicas para educa\u00e7\u00e3o inclusiva \u00e9 tema de livro lan\u00e7ado pelo NEPPD -","isPartOf":{"@id":"https:\/\/inclusivenews.com.br\/#website"},"primaryImageOfPage":{"@id":"https:\/\/inclusivenews.com.br\/?p=26556#primaryimage"},"image":{"@id":"https:\/\/inclusivenews.com.br\/?p=26556#primaryimage"},"thumbnailUrl":"http:\/\/www.ufam.edu.br\/images\/ufam\/2014\/6junho\/neppd%202.JPG","datePublished":"2014-06-10T22:03:21+00:00","breadcrumb":{"@id":"https:\/\/inclusivenews.com.br\/?p=26556#breadcrumb"},"inLanguage":"pt-PT","potentialAction":[{"@type":"ReadAction","target":["https:\/\/inclusivenews.com.br\/?p=26556"]}]},{"@type":"ImageObject","inLanguage":"pt-PT","@id":"https:\/\/inclusivenews.com.br\/?p=26556#primaryimage","url":"http:\/\/www.ufam.edu.br\/images\/ufam\/2014\/6junho\/neppd%202.JPG","contentUrl":"http:\/\/www.ufam.edu.br\/images\/ufam\/2014\/6junho\/neppd%202.JPG"},{"@type":"BreadcrumbList","@id":"https:\/\/inclusivenews.com.br\/?p=26556#breadcrumb","itemListElement":[{"@type":"ListItem","position":1,"name":"In\u00edcio","item":"https:\/\/inclusivenews.com.br\/"},{"@type":"ListItem","position":2,"name":"Pol\u00edticas p\u00fablicas para educa\u00e7\u00e3o inclusiva \u00e9 tema de livro lan\u00e7ado pelo NEPPD"}]},{"@type":"WebSite","@id":"https:\/\/inclusivenews.com.br\/#website","url":"https:\/\/inclusivenews.com.br\/","name":"Inclusive News","description":"Inclusive News","publisher":{"@id":"https:\/\/inclusivenews.com.br\/#organization"},"potentialAction":[{"@type":"SearchAction","target":{"@type":"EntryPoint","urlTemplate":"https:\/\/inclusivenews.com.br\/?s={search_term_string}"},"query-input":{"@type":"PropertyValueSpecification","valueRequired":true,"valueName":"search_term_string"}}],"inLanguage":"pt-PT"},{"@type":"Organization","@id":"https:\/\/inclusivenews.com.br\/#organization","name":"Inclusive - inclus\u00e3o e cidadania","url":"https:\/\/inclusivenews.com.br\/","logo":{"@type":"ImageObject","inLanguage":"pt-PT","@id":"https:\/\/inclusivenews.com.br\/#\/schema\/logo\/image\/","url":"https:\/\/inclusivenews.com.br\/wp-content\/uploads\/2024\/03\/@grandesite.png","contentUrl":"https:\/\/inclusivenews.com.br\/wp-content\/uploads\/2024\/03\/@grandesite.png","width":1080,"height":1080,"caption":"Inclusive - inclus\u00e3o e cidadania"},"image":{"@id":"https:\/\/inclusivenews.com.br\/#\/schema\/logo\/image\/"},"sameAs":["https:\/\/www.facebook.com\/agenciainclusive\/","https:\/\/www.instagram.com\/newsinclusive\/"]},{"@type":"Person","@id":"https:\/\/inclusivenews.com.br\/#\/schema\/person\/ae4ec7087559b8692fb33b6fffd2273b","name":"inclusivenews2024","image":{"@type":"ImageObject","inLanguage":"pt-PT","@id":"https:\/\/secure.gravatar.com\/avatar\/c5a7ef84c66fa914f55bc4f7ce26cfa275a3b9a1c5568b907bd184fb4dde7b40?s=96&d=mm&r=g","url":"https:\/\/secure.gravatar.com\/avatar\/c5a7ef84c66fa914f55bc4f7ce26cfa275a3b9a1c5568b907bd184fb4dde7b40?s=96&d=mm&r=g","contentUrl":"https:\/\/secure.gravatar.com\/avatar\/c5a7ef84c66fa914f55bc4f7ce26cfa275a3b9a1c5568b907bd184fb4dde7b40?s=96&d=mm&r=g","caption":"inclusivenews2024"},"sameAs":["https:\/\/inclusivenews.com.br"],"url":"https:\/\/inclusivenews.com.br\/?author=1"}]}},"_links":{"self":[{"href":"https:\/\/inclusivenews.com.br\/index.php?rest_route=\/wp\/v2\/posts\/26556","targetHints":{"allow":["GET"]}}],"collection":[{"href":"https:\/\/inclusivenews.com.br\/index.php?rest_route=\/wp\/v2\/posts"}],"about":[{"href":"https:\/\/inclusivenews.com.br\/index.php?rest_route=\/wp\/v2\/types\/post"}],"author":[{"embeddable":true,"href":"https:\/\/inclusivenews.com.br\/index.php?rest_route=\/wp\/v2\/users\/1"}],"replies":[{"embeddable":true,"href":"https:\/\/inclusivenews.com.br\/index.php?rest_route=%2Fwp%2Fv2%2Fcomments&post=26556"}],"version-history":[{"count":0,"href":"https:\/\/inclusivenews.com.br\/index.php?rest_route=\/wp\/v2\/posts\/26556\/revisions"}],"wp:attachment":[{"href":"https:\/\/inclusivenews.com.br\/index.php?rest_route=%2Fwp%2Fv2%2Fmedia&parent=26556"}],"wp:term":[{"taxonomy":"category","embeddable":true,"href":"https:\/\/inclusivenews.com.br\/index.php?rest_route=%2Fwp%2Fv2%2Fcategories&post=26556"},{"taxonomy":"post_tag","embeddable":true,"href":"https:\/\/inclusivenews.com.br\/index.php?rest_route=%2Fwp%2Fv2%2Ftags&post=26556"}],"curies":[{"name":"wp","href":"https:\/\/api.w.org\/{rel}","templated":true}]}}