{"id":26561,"date":"2014-06-10T18:49:17","date_gmt":"2014-06-10T21:49:17","guid":{"rendered":"http:\/\/www.inclusive.org.br\/?p=26561"},"modified":"2014-06-10T18:49:17","modified_gmt":"2014-06-10T21:49:17","slug":"interdicao-de-pessoas-com-deficiencia-e-tema-de-debate","status":"publish","type":"post","link":"https:\/\/inclusivenews.com.br\/?p=26561","title":{"rendered":"Interdi\u00e7\u00e3o de pessoas com defici\u00eancia \u00e9 tema de debate"},"content":{"rendered":"<p><img loading=\"lazy\" decoding=\"async\" class=\"alignnone size-full wp-image-21796\" alt=\"O martelo da justi\u00e7a sobre um livro\" src=\"http:\/\/inclusivenews.com.br\/wp-content\/uploads\/martelo.jpeg\" width=\"304\" height=\"128\" \/><\/p>\n<p>O Minist\u00e9rio P\u00fablico do Rio de Janeiro promoveu debate, no \u00faltimo dia 29, sobre a mudan\u00e7a nas regras para abertura de processos de interdi\u00e7\u00e3o de pessoas com defici\u00eancia.<\/p>\n<p>A interdi\u00e7\u00e3o \u00e9 o instrumento legal para a regulamenta\u00e7\u00e3o judicial da incapacidade civil de uma determinada pessoa visando salvaguardar a administra\u00e7\u00e3o de seus bens e direitos. Um curador ficar\u00e1 respons\u00e1vel por representar ou assistir a pessoa maior na pr\u00e1tica de seus atos civis.<\/p>\n<p>Com o tema central \u201cInterdi\u00e7\u00e3o, uma releitura a partir da Conven\u00e7\u00e3o sobre os Direitos das Pessoas com Defici\u00eancia\u201c, tamb\u00e9m foi lan\u00e7ado no evento um roteiro de atua\u00e7\u00e3o, voltado para promotores de Justi\u00e7a, com a finalidade de orientar sua atua\u00e7\u00e3o nos processos de interdi\u00e7\u00e3o.<\/p>\n<p>Durante as discuss\u00f5es, o evento trouxe como ponto de converg\u00eancia a necessidade da harmoniza\u00e7\u00e3o de princ\u00edpios estabelecidos em diferentes ordenamentos jur\u00eddicos. O objetivo \u00e9 que todos os operadores do direito tratem do tema da interdi\u00e7\u00e3o sob a perspectiva dos princ\u00edpios contidos na Conven\u00e7\u00e3o sobre os Direitos da Pessoa com Defici\u00eancia da ONU, bem como a necessidade de quebrar a l\u00f3gica de pr\u00e1ticas consolidadas h\u00e1 muito tempo e nunca questionadas.<\/p>\n<p>O assessor da Secretaria Nacional de Promo\u00e7\u00e3o dos Direitos da Pessoa com Defici\u00eancia, Fernando Ribeiro, que representou a Secretaria de Direitos Humanos da Presid\u00eancia da Rep\u00fablica (SDH\/PR) na mesa de abertura, falou da necessidade da revis\u00e3o de pr\u00e1ticas e costumes cristalizados que levam \u00e0 suspens\u00e3o autom\u00e1tica de direitos, como o direito ao corpo, \u00e0 sexualidade, ao matrim\u00f4nio, \u00e0 sa\u00fade, ao voto e ao trabalho. \u201cA reflex\u00e3o sobre a pr\u00e1tica jur\u00eddica \u00e9 fundamental diante das mudan\u00e7as de paradigma. Esse evento estabelece um marco na reflex\u00e3o sobre as pr\u00e1ticas culturalmente consolidadas ao longo do tempo, que favorecem a ado\u00e7\u00e3o mec\u00e2nica de medidas para a restri\u00e7\u00e3o da capacidade legal das pessoas com defici\u00eancia\u201d, afirmou.<\/p>\n<p>Ao propor uma releitura da atua\u00e7\u00e3o dos operadores do direito nos processos de interdi\u00e7\u00e3o, o Minist\u00e9rio P\u00fablico do Rio de Janeiro busca harmonizar a normativa jur\u00eddica interna com os princ\u00edpios de direito internacional em direitos humanos, com foco na pessoa com defici\u00eancia, consolidados na Conven\u00e7\u00e3o.<\/p>\n<p>Tamb\u00e9m fizeram parte da mesa de abertura o subprocurador-geral de Justi\u00e7a de Direitos Humanos, Ertulei Laureano Matos; a coordenadora do CAO C\u00edvel, Luciana Maria Vianna Direito; e a subcoordenadora do Centro de Estudos e Aperfei\u00e7oamento Funcional, Patr\u00edcia Pimentel de Oliveira Chambers Ramos. O evento teve o apoio do Conselho Nacional do Minist\u00e9rio P\u00fablico (CNMP) e da AMPID.<\/p>\n<p><a href=\"http:\/\/p-web01.mp.rj.gov.br\/Arquivos\/geral\/2014\/livro_v5_web.pdf\" target=\"_blank\" rel=\"noopener\">Acesse a vers\u00e3o completa do Roteiro de Atua\u00e7\u00e3o na A\u00e7\u00e3o de Interdi\u00e7\u00e3o<\/a>.<\/p>\n","protected":false},"excerpt":{"rendered":"<p>O Minist\u00e9rio P\u00fablico do Rio de Janeiro promoveu debate, no \u00faltimo dia 29, sobre a mudan\u00e7a nas regras para abertura de processos de interdi\u00e7\u00e3o de pessoas com defici\u00eancia.<\/p>\n","protected":false},"author":1,"featured_media":0,"comment_status":"open","ping_status":"open","sticky":false,"template":"","format":"standard","meta":{"site-container-style":"default","site-container-layout":"default","site-sidebar-layout":"default","disable-article-header":"default","disable-site-header":"default","disable-site-footer":"default","disable-content-area-spacing":"default","footnotes":""},"categories":[48,26],"tags":[262],"class_list":["post-26561","post","type-post","status-publish","format-standard","hentry","category-inclusao","category-legislacao","tag-interdicao-judicial"],"yoast_head":"<!-- This site is optimized with the Yoast SEO plugin v27.4 - https:\/\/yoast.com\/product\/yoast-seo-wordpress\/ -->\n<title>Interdi\u00e7\u00e3o de pessoas com defici\u00eancia \u00e9 tema de debate -<\/title>\n<meta name=\"robots\" content=\"index, follow, max-snippet:-1, max-image-preview:large, max-video-preview:-1\" \/>\n<link rel=\"canonical\" href=\"https:\/\/inclusivenews.com.br\/?p=26561\" \/>\n<meta property=\"og:locale\" content=\"pt_PT\" \/>\n<meta property=\"og:type\" content=\"article\" \/>\n<meta property=\"og:title\" content=\"Interdi\u00e7\u00e3o de pessoas com defici\u00eancia \u00e9 tema de debate -\" \/>\n<meta property=\"og:description\" content=\"O Minist\u00e9rio P\u00fablico do Rio de Janeiro promoveu debate, no \u00faltimo dia 29, sobre a mudan\u00e7a nas regras para abertura de processos de interdi\u00e7\u00e3o de pessoas com defici\u00eancia.\" \/>\n<meta property=\"og:url\" content=\"https:\/\/inclusivenews.com.br\/?p=26561\" \/>\n<meta property=\"article:publisher\" content=\"https:\/\/www.facebook.com\/agenciainclusive\/\" \/>\n<meta property=\"article:published_time\" content=\"2014-06-10T21:49:17+00:00\" \/>\n<meta property=\"og:image\" content=\"http:\/\/inclusivenews.com.br\/wp-content\/uploads\/martelo.jpeg\" \/>\n<meta name=\"author\" content=\"inclusivenews2024\" \/>\n<meta name=\"twitter:card\" content=\"summary_large_image\" \/>\n<meta name=\"twitter:label1\" content=\"Escrito por\" \/>\n\t<meta name=\"twitter:data1\" content=\"inclusivenews2024\" \/>\n\t<meta name=\"twitter:label2\" content=\"Tempo estimado de leitura\" \/>\n\t<meta name=\"twitter:data2\" content=\"2 minutos\" \/>\n<script type=\"application\/ld+json\" class=\"yoast-schema-graph\">{\"@context\":\"https:\\\/\\\/schema.org\",\"@graph\":[{\"@type\":\"Article\",\"@id\":\"https:\\\/\\\/inclusivenews.com.br\\\/?p=26561#article\",\"isPartOf\":{\"@id\":\"https:\\\/\\\/inclusivenews.com.br\\\/?p=26561\"},\"author\":{\"name\":\"inclusivenews2024\",\"@id\":\"https:\\\/\\\/inclusivenews.com.br\\\/#\\\/schema\\\/person\\\/ae4ec7087559b8692fb33b6fffd2273b\"},\"headline\":\"Interdi\u00e7\u00e3o de pessoas com defici\u00eancia \u00e9 tema de debate\",\"datePublished\":\"2014-06-10T21:49:17+00:00\",\"mainEntityOfPage\":{\"@id\":\"https:\\\/\\\/inclusivenews.com.br\\\/?p=26561\"},\"wordCount\":481,\"commentCount\":1,\"publisher\":{\"@id\":\"https:\\\/\\\/inclusivenews.com.br\\\/#organization\"},\"image\":{\"@id\":\"https:\\\/\\\/inclusivenews.com.br\\\/?p=26561#primaryimage\"},\"thumbnailUrl\":\"http:\\\/\\\/inclusivenews.com.br\\\/wp-content\\\/uploads\\\/martelo.jpeg\",\"keywords\":[\"interdi\u00e7\u00e3o judicial\"],\"articleSection\":[\"INCLUS\u00c3O SOCIAL\",\"Legisla\u00e7\u00e3o ...\"],\"inLanguage\":\"pt-PT\",\"potentialAction\":[{\"@type\":\"CommentAction\",\"name\":\"Comment\",\"target\":[\"https:\\\/\\\/inclusivenews.com.br\\\/?p=26561#respond\"]}]},{\"@type\":\"WebPage\",\"@id\":\"https:\\\/\\\/inclusivenews.com.br\\\/?p=26561\",\"url\":\"https:\\\/\\\/inclusivenews.com.br\\\/?p=26561\",\"name\":\"Interdi\u00e7\u00e3o de pessoas com defici\u00eancia \u00e9 tema de debate -\",\"isPartOf\":{\"@id\":\"https:\\\/\\\/inclusivenews.com.br\\\/#website\"},\"primaryImageOfPage\":{\"@id\":\"https:\\\/\\\/inclusivenews.com.br\\\/?p=26561#primaryimage\"},\"image\":{\"@id\":\"https:\\\/\\\/inclusivenews.com.br\\\/?p=26561#primaryimage\"},\"thumbnailUrl\":\"http:\\\/\\\/inclusivenews.com.br\\\/wp-content\\\/uploads\\\/martelo.jpeg\",\"datePublished\":\"2014-06-10T21:49:17+00:00\",\"breadcrumb\":{\"@id\":\"https:\\\/\\\/inclusivenews.com.br\\\/?p=26561#breadcrumb\"},\"inLanguage\":\"pt-PT\",\"potentialAction\":[{\"@type\":\"ReadAction\",\"target\":[\"https:\\\/\\\/inclusivenews.com.br\\\/?p=26561\"]}]},{\"@type\":\"ImageObject\",\"inLanguage\":\"pt-PT\",\"@id\":\"https:\\\/\\\/inclusivenews.com.br\\\/?p=26561#primaryimage\",\"url\":\"\",\"contentUrl\":\"\"},{\"@type\":\"BreadcrumbList\",\"@id\":\"https:\\\/\\\/inclusivenews.com.br\\\/?p=26561#breadcrumb\",\"itemListElement\":[{\"@type\":\"ListItem\",\"position\":1,\"name\":\"In\u00edcio\",\"item\":\"https:\\\/\\\/inclusivenews.com.br\\\/\"},{\"@type\":\"ListItem\",\"position\":2,\"name\":\"Interdi\u00e7\u00e3o de pessoas com defici\u00eancia \u00e9 tema de debate\"}]},{\"@type\":\"WebSite\",\"@id\":\"https:\\\/\\\/inclusivenews.com.br\\\/#website\",\"url\":\"https:\\\/\\\/inclusivenews.com.br\\\/\",\"name\":\"Inclusive News\",\"description\":\"Inclusive News\",\"publisher\":{\"@id\":\"https:\\\/\\\/inclusivenews.com.br\\\/#organization\"},\"potentialAction\":[{\"@type\":\"SearchAction\",\"target\":{\"@type\":\"EntryPoint\",\"urlTemplate\":\"https:\\\/\\\/inclusivenews.com.br\\\/?s={search_term_string}\"},\"query-input\":{\"@type\":\"PropertyValueSpecification\",\"valueRequired\":true,\"valueName\":\"search_term_string\"}}],\"inLanguage\":\"pt-PT\"},{\"@type\":\"Organization\",\"@id\":\"https:\\\/\\\/inclusivenews.com.br\\\/#organization\",\"name\":\"Inclusive - inclus\u00e3o e cidadania\",\"url\":\"https:\\\/\\\/inclusivenews.com.br\\\/\",\"logo\":{\"@type\":\"ImageObject\",\"inLanguage\":\"pt-PT\",\"@id\":\"https:\\\/\\\/inclusivenews.com.br\\\/#\\\/schema\\\/logo\\\/image\\\/\",\"url\":\"https:\\\/\\\/inclusivenews.com.br\\\/wp-content\\\/uploads\\\/2024\\\/03\\\/@grandesite.png\",\"contentUrl\":\"https:\\\/\\\/inclusivenews.com.br\\\/wp-content\\\/uploads\\\/2024\\\/03\\\/@grandesite.png\",\"width\":1080,\"height\":1080,\"caption\":\"Inclusive - inclus\u00e3o e cidadania\"},\"image\":{\"@id\":\"https:\\\/\\\/inclusivenews.com.br\\\/#\\\/schema\\\/logo\\\/image\\\/\"},\"sameAs\":[\"https:\\\/\\\/www.facebook.com\\\/agenciainclusive\\\/\",\"https:\\\/\\\/www.instagram.com\\\/newsinclusive\\\/\"]},{\"@type\":\"Person\",\"@id\":\"https:\\\/\\\/inclusivenews.com.br\\\/#\\\/schema\\\/person\\\/ae4ec7087559b8692fb33b6fffd2273b\",\"name\":\"inclusivenews2024\",\"image\":{\"@type\":\"ImageObject\",\"inLanguage\":\"pt-PT\",\"@id\":\"https:\\\/\\\/secure.gravatar.com\\\/avatar\\\/c5a7ef84c66fa914f55bc4f7ce26cfa275a3b9a1c5568b907bd184fb4dde7b40?s=96&d=mm&r=g\",\"url\":\"https:\\\/\\\/secure.gravatar.com\\\/avatar\\\/c5a7ef84c66fa914f55bc4f7ce26cfa275a3b9a1c5568b907bd184fb4dde7b40?s=96&d=mm&r=g\",\"contentUrl\":\"https:\\\/\\\/secure.gravatar.com\\\/avatar\\\/c5a7ef84c66fa914f55bc4f7ce26cfa275a3b9a1c5568b907bd184fb4dde7b40?s=96&d=mm&r=g\",\"caption\":\"inclusivenews2024\"},\"sameAs\":[\"https:\\\/\\\/inclusivenews.com.br\"],\"url\":\"https:\\\/\\\/inclusivenews.com.br\\\/?author=1\"}]}<\/script>\n<!-- \/ Yoast SEO plugin. -->","yoast_head_json":{"title":"Interdi\u00e7\u00e3o de pessoas com defici\u00eancia \u00e9 tema de debate -","robots":{"index":"index","follow":"follow","max-snippet":"max-snippet:-1","max-image-preview":"max-image-preview:large","max-video-preview":"max-video-preview:-1"},"canonical":"https:\/\/inclusivenews.com.br\/?p=26561","og_locale":"pt_PT","og_type":"article","og_title":"Interdi\u00e7\u00e3o de pessoas com defici\u00eancia \u00e9 tema de debate -","og_description":"O Minist\u00e9rio P\u00fablico do Rio de Janeiro promoveu debate, no \u00faltimo dia 29, sobre a mudan\u00e7a nas regras para abertura de processos de interdi\u00e7\u00e3o de pessoas com defici\u00eancia.","og_url":"https:\/\/inclusivenews.com.br\/?p=26561","article_publisher":"https:\/\/www.facebook.com\/agenciainclusive\/","article_published_time":"2014-06-10T21:49:17+00:00","og_image":[{"url":"http:\/\/inclusivenews.com.br\/wp-content\/uploads\/martelo.jpeg","type":"","width":"","height":""}],"author":"inclusivenews2024","twitter_card":"summary_large_image","twitter_misc":{"Escrito por":"inclusivenews2024","Tempo estimado de leitura":"2 minutos"},"schema":{"@context":"https:\/\/schema.org","@graph":[{"@type":"Article","@id":"https:\/\/inclusivenews.com.br\/?p=26561#article","isPartOf":{"@id":"https:\/\/inclusivenews.com.br\/?p=26561"},"author":{"name":"inclusivenews2024","@id":"https:\/\/inclusivenews.com.br\/#\/schema\/person\/ae4ec7087559b8692fb33b6fffd2273b"},"headline":"Interdi\u00e7\u00e3o de pessoas com defici\u00eancia \u00e9 tema de debate","datePublished":"2014-06-10T21:49:17+00:00","mainEntityOfPage":{"@id":"https:\/\/inclusivenews.com.br\/?p=26561"},"wordCount":481,"commentCount":1,"publisher":{"@id":"https:\/\/inclusivenews.com.br\/#organization"},"image":{"@id":"https:\/\/inclusivenews.com.br\/?p=26561#primaryimage"},"thumbnailUrl":"http:\/\/inclusivenews.com.br\/wp-content\/uploads\/martelo.jpeg","keywords":["interdi\u00e7\u00e3o judicial"],"articleSection":["INCLUS\u00c3O SOCIAL","Legisla\u00e7\u00e3o ..."],"inLanguage":"pt-PT","potentialAction":[{"@type":"CommentAction","name":"Comment","target":["https:\/\/inclusivenews.com.br\/?p=26561#respond"]}]},{"@type":"WebPage","@id":"https:\/\/inclusivenews.com.br\/?p=26561","url":"https:\/\/inclusivenews.com.br\/?p=26561","name":"Interdi\u00e7\u00e3o de pessoas com defici\u00eancia \u00e9 tema de debate -","isPartOf":{"@id":"https:\/\/inclusivenews.com.br\/#website"},"primaryImageOfPage":{"@id":"https:\/\/inclusivenews.com.br\/?p=26561#primaryimage"},"image":{"@id":"https:\/\/inclusivenews.com.br\/?p=26561#primaryimage"},"thumbnailUrl":"http:\/\/inclusivenews.com.br\/wp-content\/uploads\/martelo.jpeg","datePublished":"2014-06-10T21:49:17+00:00","breadcrumb":{"@id":"https:\/\/inclusivenews.com.br\/?p=26561#breadcrumb"},"inLanguage":"pt-PT","potentialAction":[{"@type":"ReadAction","target":["https:\/\/inclusivenews.com.br\/?p=26561"]}]},{"@type":"ImageObject","inLanguage":"pt-PT","@id":"https:\/\/inclusivenews.com.br\/?p=26561#primaryimage","url":"","contentUrl":""},{"@type":"BreadcrumbList","@id":"https:\/\/inclusivenews.com.br\/?p=26561#breadcrumb","itemListElement":[{"@type":"ListItem","position":1,"name":"In\u00edcio","item":"https:\/\/inclusivenews.com.br\/"},{"@type":"ListItem","position":2,"name":"Interdi\u00e7\u00e3o de pessoas com defici\u00eancia \u00e9 tema de debate"}]},{"@type":"WebSite","@id":"https:\/\/inclusivenews.com.br\/#website","url":"https:\/\/inclusivenews.com.br\/","name":"Inclusive News","description":"Inclusive News","publisher":{"@id":"https:\/\/inclusivenews.com.br\/#organization"},"potentialAction":[{"@type":"SearchAction","target":{"@type":"EntryPoint","urlTemplate":"https:\/\/inclusivenews.com.br\/?s={search_term_string}"},"query-input":{"@type":"PropertyValueSpecification","valueRequired":true,"valueName":"search_term_string"}}],"inLanguage":"pt-PT"},{"@type":"Organization","@id":"https:\/\/inclusivenews.com.br\/#organization","name":"Inclusive - inclus\u00e3o e cidadania","url":"https:\/\/inclusivenews.com.br\/","logo":{"@type":"ImageObject","inLanguage":"pt-PT","@id":"https:\/\/inclusivenews.com.br\/#\/schema\/logo\/image\/","url":"https:\/\/inclusivenews.com.br\/wp-content\/uploads\/2024\/03\/@grandesite.png","contentUrl":"https:\/\/inclusivenews.com.br\/wp-content\/uploads\/2024\/03\/@grandesite.png","width":1080,"height":1080,"caption":"Inclusive - inclus\u00e3o e cidadania"},"image":{"@id":"https:\/\/inclusivenews.com.br\/#\/schema\/logo\/image\/"},"sameAs":["https:\/\/www.facebook.com\/agenciainclusive\/","https:\/\/www.instagram.com\/newsinclusive\/"]},{"@type":"Person","@id":"https:\/\/inclusivenews.com.br\/#\/schema\/person\/ae4ec7087559b8692fb33b6fffd2273b","name":"inclusivenews2024","image":{"@type":"ImageObject","inLanguage":"pt-PT","@id":"https:\/\/secure.gravatar.com\/avatar\/c5a7ef84c66fa914f55bc4f7ce26cfa275a3b9a1c5568b907bd184fb4dde7b40?s=96&d=mm&r=g","url":"https:\/\/secure.gravatar.com\/avatar\/c5a7ef84c66fa914f55bc4f7ce26cfa275a3b9a1c5568b907bd184fb4dde7b40?s=96&d=mm&r=g","contentUrl":"https:\/\/secure.gravatar.com\/avatar\/c5a7ef84c66fa914f55bc4f7ce26cfa275a3b9a1c5568b907bd184fb4dde7b40?s=96&d=mm&r=g","caption":"inclusivenews2024"},"sameAs":["https:\/\/inclusivenews.com.br"],"url":"https:\/\/inclusivenews.com.br\/?author=1"}]}},"_links":{"self":[{"href":"https:\/\/inclusivenews.com.br\/index.php?rest_route=\/wp\/v2\/posts\/26561","targetHints":{"allow":["GET"]}}],"collection":[{"href":"https:\/\/inclusivenews.com.br\/index.php?rest_route=\/wp\/v2\/posts"}],"about":[{"href":"https:\/\/inclusivenews.com.br\/index.php?rest_route=\/wp\/v2\/types\/post"}],"author":[{"embeddable":true,"href":"https:\/\/inclusivenews.com.br\/index.php?rest_route=\/wp\/v2\/users\/1"}],"replies":[{"embeddable":true,"href":"https:\/\/inclusivenews.com.br\/index.php?rest_route=%2Fwp%2Fv2%2Fcomments&post=26561"}],"version-history":[{"count":0,"href":"https:\/\/inclusivenews.com.br\/index.php?rest_route=\/wp\/v2\/posts\/26561\/revisions"}],"wp:attachment":[{"href":"https:\/\/inclusivenews.com.br\/index.php?rest_route=%2Fwp%2Fv2%2Fmedia&parent=26561"}],"wp:term":[{"taxonomy":"category","embeddable":true,"href":"https:\/\/inclusivenews.com.br\/index.php?rest_route=%2Fwp%2Fv2%2Fcategories&post=26561"},{"taxonomy":"post_tag","embeddable":true,"href":"https:\/\/inclusivenews.com.br\/index.php?rest_route=%2Fwp%2Fv2%2Ftags&post=26561"}],"curies":[{"name":"wp","href":"https:\/\/api.w.org\/{rel}","templated":true}]}}