{"id":26585,"date":"2014-06-17T14:24:42","date_gmt":"2014-06-17T17:24:42","guid":{"rendered":"http:\/\/www.inclusive.org.br\/?p=26585"},"modified":"2014-06-17T14:24:42","modified_gmt":"2014-06-17T17:24:42","slug":"ajuda-para-educacao-teve-10-de-reducao-desde-2010-alerta-unesco","status":"publish","type":"post","link":"https:\/\/inclusivenews.com.br\/?p=26585","title":{"rendered":"Ajuda para educa\u00e7\u00e3o teve 10% de redu\u00e7\u00e3o desde 2010, alerta UNESCO"},"content":{"rendered":"<p><img loading=\"lazy\" decoding=\"async\" class=\"alignnone size-full wp-image-17819\" alt=\"Inclusive - l\u00e1pis coloridos\" src=\"http:\/\/inclusivenews.com.br\/wp-content\/uploads\/2010\/10\/lapiscoloridos.jpg\" width=\"250\" height=\"240\" \/><\/p>\n<p>A ajuda para a educa\u00e7\u00e3o est\u00e1 se reduzindo drasticamente: caiu 6% entre 2010 e 2011, e mais 3% em 2012. Agora, a educa\u00e7\u00e3o b\u00e1sica \u2013 que possibilita as crian\u00e7as a adquirir as habilidades fundamentais e os conhecimentos essenciais \u2013 recebe o mesmo montante de ajuda que recebia em 2008.<\/p>\n<p>Com os financiamentos diminuindo, e a apenas um ano do prazo para se atingir as metas mundiais da educa\u00e7\u00e3o para todos, 57 milh\u00f5es de crian\u00e7as e 69 milh\u00f5es de adolescentes ainda est\u00e3o fora da escola.<\/p>\n<p>Esses s\u00e3o os novos dados publicados pelo Relat\u00f3rio de Monitoramento Global em Educa\u00e7\u00e3o para Todos (EPT) da UNESCO, antes da Confer\u00eancia em Bruxelas da Global \u201cPartnership for Education\u2019s Replenishment Pledging\u201d (25 e 26 de junho), na qual ser\u00e1 solicitado aos doadores que ajudem a levantar o montante necess\u00e1rio de 3,5 bilh\u00f5es de d\u00f3lares para a educa\u00e7\u00e3o nos pa\u00edses mais pobres.<\/p>\n<p>\u201cCom tantas meninas e meninos ainda fora da escolar e sem aprender, a redu\u00e7\u00e3o cont\u00ednua de fundos para a educa\u00e7\u00e3o \u00e9 motivo de grande preocupa\u00e7\u00e3o\u201d, disse Irina Bokova, diretora-geral da UNESCO. \u201cO aumento do apoio externo para a educa\u00e7\u00e3o \u00e9 um imperativo \u00e9tico e de desenvolvimento. N\u00f3s sabemos a diferen\u00e7a que pode fazer a ajuda com alvos bem definidos para colocar a educa\u00e7\u00e3o de qualidade em primeiro lugar nos pa\u00edses.\u201d<\/p>\n<p>Julia Gillard, presidente do Conselho da Parceria Mundial para a Educa\u00e7\u00e3o, afirmou que a \u201ceduca\u00e7\u00e3o \u00e9 um investimento de longo prazo \u2013 n\u00e3o uma despesa. N\u00f3s devemos isso \u00e0s crian\u00e7as do mundo \u2013 sobretudo \u00e0s mais pobres e mais marginalizadas \u2013, de que tanto os doadores internacionais quanto os governos dos pa\u00edses em desenvolvimento se manifestem e se comprometam a doar mais fundos para a educa\u00e7\u00e3o\u201d.<\/p>\n<p>O relat\u00f3rio mostra que a ajuda ainda \u00e9 vital para muitos pa\u00edses, correspondendo a mais de um quarto das despesas da educa\u00e7\u00e3o p\u00fablica em 12 pa\u00edses. Al\u00e9m disso, o fluxo de ajuda ao setor se reduziu em 10% \u2013 muito mais do que o 1% de redu\u00e7\u00e3o em todos os n\u00edveis de ajuda. Segundo a UNESCO, os doadores est\u00e3o \u201cclaramente afastando a educa\u00e7\u00e3o como uma prioridade de desenvolvimento\u201d.<\/p>\n<p>Metas de educa\u00e7\u00e3o universal em risco<\/p>\n<p>\u201cEssa queda preocupante na ajuda est\u00e1 no contexto da falta de financiamento anual para a educa\u00e7\u00e3o, no valor de 26 bilh\u00f5es de d\u00f3lares. Se essa tend\u00eancia negativa n\u00e3o se reverter, \u00e9 prov\u00e1vel que esteja em grande risco o cumprimento das metas de educa\u00e7\u00e3o universal \u2013 e h\u00e1 ainda mais risco se novas metas de educa\u00e7\u00e3o forem definidas para 2030\u201d, disse Aaron Benavot, diretor do Relat\u00f3rio de Monitoramento Global de EPT.<\/p>\n<p>\u201cCom a ajuda mostrando ser t\u00e3o vol\u00e1til, os governos devem melhorar urgentemente seus financiamentos dom\u00e9sticos, incluindo melhor gerenciamento de seus sistemas de impostos, de modo a n\u00e3o causar danos para o desenvolvimento de seus pa\u00edses.\u201d<\/p>\n<p>Os cortes atingem de forma mais dura os pa\u00edses que est\u00e3o mais longe de atingir as metas da educa\u00e7\u00e3o universal. Na \u00c1frica Subsaariana, onde se encontra mais da metade das crian\u00e7as do mundo que est\u00e3o fora da escola, a ajuda para a educa\u00e7\u00e3o b\u00e1sica foi reduzida entre 2010 e 2011, e se estagnou entre 2011 e 2012. Desde 2010, 12 pa\u00edses africanos sofreram cortes em suas ajudas para a educa\u00e7\u00e3o b\u00e1sica, no valor de 10 milh\u00f5es de d\u00f3lares ou mais.<\/p>\n<p>Os dois pa\u00edses com os maiores cortes na ajuda para a educa\u00e7\u00e3o b\u00e1sica, de 2010 a 2012, foram a \u00cdndia e o Paquist\u00e3o, apesar de ambos estarem entre os cinco pa\u00edses do mundo com o maior n\u00famero de crian\u00e7as fora da escola.<\/p>\n<p>A ajuda para a educa\u00e7\u00e3o b\u00e1sica para pa\u00edses de baixa renda se recuperou levemente em 2012, comparada \u00e0s redu\u00e7\u00f5es sentidas em 2011, mas os n\u00edveis ainda est\u00e3o abaixo dos encontrados em 2010. Vinte e dois pa\u00edses de baixa renda receberam menos ajuda para a educa\u00e7\u00e3o b\u00e1sica do que dois anos antes.<\/p>\n<p>O Relat\u00f3rio de Monitoramento Global de EPT continua a mostrar que, apesar de a metade das crian\u00e7as do mundo que est\u00e3o fora da escolar viverem em pa\u00edses afetados por conflitos, os apelos de ajuda humanit\u00e1ria negligenciam as necessidades educacionais: a educa\u00e7\u00e3o recebeu somente 2% dos apelos humanit\u00e1rios em 2013 \u2013 apenas metade dos modestos 4% definidos pelas Na\u00e7\u00f5es Unidas no ano passado.<\/p>\n<p>Como um setor, a educa\u00e7\u00e3o est\u00e1 sofrendo uma desvantagem dupla: n\u00e3o somente ela est\u00e1 recebendo a menor propor\u00e7\u00e3o dos apelos humanit\u00e1rios, como tamb\u00e9m est\u00e1 recebendo uma das menores propor\u00e7\u00f5es dos pedidos que o setor faz por financiamento: em 2013, a educa\u00e7\u00e3o recebeu 40% dos fundos que pediu de ajuda humanit\u00e1ria.<\/p>\n<p><a href=\"http:\/\/bit.ly\/1pnLoc9\" target=\"_blank\" rel=\"noopener\">Acesse o relat\u00f3rio neste link.<\/a><\/p>\n","protected":false},"excerpt":{"rendered":"<p>A ajuda para a educa\u00e7\u00e3o est\u00e1 se reduzindo drasticamente: caiu 6% entre 2010 e 2011, e mais 3% em 2012. Agora, a educa\u00e7\u00e3o b\u00e1sica \u2013 que possibilita as crian\u00e7as a adquirir as habilidades fundamentais e os conhecimentos essenciais \u2013 recebe o mesmo montante de ajuda que recebia em 2008. Da UNESCO.<\/p>\n","protected":false},"author":1,"featured_media":0,"comment_status":"open","ping_status":"open","sticky":false,"template":"","format":"standard","meta":{"site-container-style":"default","site-container-layout":"default","site-sidebar-layout":"default","disable-article-header":"default","disable-site-header":"default","disable-site-footer":"default","disable-content-area-spacing":"default","footnotes":""},"categories":[52,6,117],"tags":[],"class_list":["post-26585","post","type-post","status-publish","format-standard","hentry","category-downloadables","category-educacao","category-relatorios"],"yoast_head":"<!-- This site is optimized with the Yoast SEO plugin v27.4 - https:\/\/yoast.com\/product\/yoast-seo-wordpress\/ -->\n<title>Ajuda para educa\u00e7\u00e3o teve 10% de redu\u00e7\u00e3o desde 2010, alerta UNESCO -<\/title>\n<meta name=\"robots\" content=\"index, follow, max-snippet:-1, max-image-preview:large, max-video-preview:-1\" \/>\n<link rel=\"canonical\" href=\"https:\/\/inclusivenews.com.br\/?p=26585\" \/>\n<meta property=\"og:locale\" content=\"pt_PT\" \/>\n<meta property=\"og:type\" content=\"article\" \/>\n<meta property=\"og:title\" content=\"Ajuda para educa\u00e7\u00e3o teve 10% de redu\u00e7\u00e3o desde 2010, alerta UNESCO -\" \/>\n<meta property=\"og:description\" content=\"A ajuda para a educa\u00e7\u00e3o est\u00e1 se reduzindo drasticamente: caiu 6% entre 2010 e 2011, e mais 3% em 2012. Agora, a educa\u00e7\u00e3o b\u00e1sica \u2013 que possibilita as crian\u00e7as a adquirir as habilidades fundamentais e os conhecimentos essenciais \u2013 recebe o mesmo montante de ajuda que recebia em 2008. Da UNESCO.\" \/>\n<meta property=\"og:url\" content=\"https:\/\/inclusivenews.com.br\/?p=26585\" \/>\n<meta property=\"article:publisher\" content=\"https:\/\/www.facebook.com\/agenciainclusive\/\" \/>\n<meta property=\"article:published_time\" content=\"2014-06-17T17:24:42+00:00\" \/>\n<meta property=\"og:image\" content=\"http:\/\/inclusivenews.com.br\/wp-content\/uploads\/2010\/10\/lapiscoloridos.jpg\" \/>\n<meta name=\"author\" content=\"inclusivenews2024\" \/>\n<meta name=\"twitter:card\" content=\"summary_large_image\" \/>\n<meta name=\"twitter:label1\" content=\"Escrito por\" \/>\n\t<meta name=\"twitter:data1\" content=\"inclusivenews2024\" \/>\n\t<meta name=\"twitter:label2\" content=\"Tempo estimado de leitura\" \/>\n\t<meta name=\"twitter:data2\" content=\"4 minutos\" \/>\n<script type=\"application\/ld+json\" class=\"yoast-schema-graph\">{\"@context\":\"https:\\\/\\\/schema.org\",\"@graph\":[{\"@type\":\"Article\",\"@id\":\"https:\\\/\\\/inclusivenews.com.br\\\/?p=26585#article\",\"isPartOf\":{\"@id\":\"https:\\\/\\\/inclusivenews.com.br\\\/?p=26585\"},\"author\":{\"name\":\"inclusivenews2024\",\"@id\":\"https:\\\/\\\/inclusivenews.com.br\\\/#\\\/schema\\\/person\\\/ae4ec7087559b8692fb33b6fffd2273b\"},\"headline\":\"Ajuda para educa\u00e7\u00e3o teve 10% de redu\u00e7\u00e3o desde 2010, alerta UNESCO\",\"datePublished\":\"2014-06-17T17:24:42+00:00\",\"mainEntityOfPage\":{\"@id\":\"https:\\\/\\\/inclusivenews.com.br\\\/?p=26585\"},\"wordCount\":819,\"commentCount\":0,\"publisher\":{\"@id\":\"https:\\\/\\\/inclusivenews.com.br\\\/#organization\"},\"image\":{\"@id\":\"https:\\\/\\\/inclusivenews.com.br\\\/?p=26585#primaryimage\"},\"thumbnailUrl\":\"http:\\\/\\\/inclusivenews.com.br\\\/wp-content\\\/uploads\\\/2010\\\/10\\\/lapiscoloridos.jpg\",\"articleSection\":[\"Downloadables\",\"EDUCA\u00c7\u00c3O\",\"Relat\u00f3rios\"],\"inLanguage\":\"pt-PT\",\"potentialAction\":[{\"@type\":\"CommentAction\",\"name\":\"Comment\",\"target\":[\"https:\\\/\\\/inclusivenews.com.br\\\/?p=26585#respond\"]}]},{\"@type\":\"WebPage\",\"@id\":\"https:\\\/\\\/inclusivenews.com.br\\\/?p=26585\",\"url\":\"https:\\\/\\\/inclusivenews.com.br\\\/?p=26585\",\"name\":\"Ajuda para educa\u00e7\u00e3o teve 10% de redu\u00e7\u00e3o desde 2010, alerta UNESCO -\",\"isPartOf\":{\"@id\":\"https:\\\/\\\/inclusivenews.com.br\\\/#website\"},\"primaryImageOfPage\":{\"@id\":\"https:\\\/\\\/inclusivenews.com.br\\\/?p=26585#primaryimage\"},\"image\":{\"@id\":\"https:\\\/\\\/inclusivenews.com.br\\\/?p=26585#primaryimage\"},\"thumbnailUrl\":\"http:\\\/\\\/inclusivenews.com.br\\\/wp-content\\\/uploads\\\/2010\\\/10\\\/lapiscoloridos.jpg\",\"datePublished\":\"2014-06-17T17:24:42+00:00\",\"breadcrumb\":{\"@id\":\"https:\\\/\\\/inclusivenews.com.br\\\/?p=26585#breadcrumb\"},\"inLanguage\":\"pt-PT\",\"potentialAction\":[{\"@type\":\"ReadAction\",\"target\":[\"https:\\\/\\\/inclusivenews.com.br\\\/?p=26585\"]}]},{\"@type\":\"ImageObject\",\"inLanguage\":\"pt-PT\",\"@id\":\"https:\\\/\\\/inclusivenews.com.br\\\/?p=26585#primaryimage\",\"url\":\"\",\"contentUrl\":\"\"},{\"@type\":\"BreadcrumbList\",\"@id\":\"https:\\\/\\\/inclusivenews.com.br\\\/?p=26585#breadcrumb\",\"itemListElement\":[{\"@type\":\"ListItem\",\"position\":1,\"name\":\"In\u00edcio\",\"item\":\"https:\\\/\\\/inclusivenews.com.br\\\/\"},{\"@type\":\"ListItem\",\"position\":2,\"name\":\"Ajuda para educa\u00e7\u00e3o teve 10% de redu\u00e7\u00e3o desde 2010, alerta UNESCO\"}]},{\"@type\":\"WebSite\",\"@id\":\"https:\\\/\\\/inclusivenews.com.br\\\/#website\",\"url\":\"https:\\\/\\\/inclusivenews.com.br\\\/\",\"name\":\"Inclusive News\",\"description\":\"Inclusive News\",\"publisher\":{\"@id\":\"https:\\\/\\\/inclusivenews.com.br\\\/#organization\"},\"potentialAction\":[{\"@type\":\"SearchAction\",\"target\":{\"@type\":\"EntryPoint\",\"urlTemplate\":\"https:\\\/\\\/inclusivenews.com.br\\\/?s={search_term_string}\"},\"query-input\":{\"@type\":\"PropertyValueSpecification\",\"valueRequired\":true,\"valueName\":\"search_term_string\"}}],\"inLanguage\":\"pt-PT\"},{\"@type\":\"Organization\",\"@id\":\"https:\\\/\\\/inclusivenews.com.br\\\/#organization\",\"name\":\"Inclusive - inclus\u00e3o e cidadania\",\"url\":\"https:\\\/\\\/inclusivenews.com.br\\\/\",\"logo\":{\"@type\":\"ImageObject\",\"inLanguage\":\"pt-PT\",\"@id\":\"https:\\\/\\\/inclusivenews.com.br\\\/#\\\/schema\\\/logo\\\/image\\\/\",\"url\":\"https:\\\/\\\/inclusivenews.com.br\\\/wp-content\\\/uploads\\\/2024\\\/03\\\/@grandesite.png\",\"contentUrl\":\"https:\\\/\\\/inclusivenews.com.br\\\/wp-content\\\/uploads\\\/2024\\\/03\\\/@grandesite.png\",\"width\":1080,\"height\":1080,\"caption\":\"Inclusive - inclus\u00e3o e cidadania\"},\"image\":{\"@id\":\"https:\\\/\\\/inclusivenews.com.br\\\/#\\\/schema\\\/logo\\\/image\\\/\"},\"sameAs\":[\"https:\\\/\\\/www.facebook.com\\\/agenciainclusive\\\/\",\"https:\\\/\\\/www.instagram.com\\\/newsinclusive\\\/\"]},{\"@type\":\"Person\",\"@id\":\"https:\\\/\\\/inclusivenews.com.br\\\/#\\\/schema\\\/person\\\/ae4ec7087559b8692fb33b6fffd2273b\",\"name\":\"inclusivenews2024\",\"image\":{\"@type\":\"ImageObject\",\"inLanguage\":\"pt-PT\",\"@id\":\"https:\\\/\\\/secure.gravatar.com\\\/avatar\\\/c5a7ef84c66fa914f55bc4f7ce26cfa275a3b9a1c5568b907bd184fb4dde7b40?s=96&d=mm&r=g\",\"url\":\"https:\\\/\\\/secure.gravatar.com\\\/avatar\\\/c5a7ef84c66fa914f55bc4f7ce26cfa275a3b9a1c5568b907bd184fb4dde7b40?s=96&d=mm&r=g\",\"contentUrl\":\"https:\\\/\\\/secure.gravatar.com\\\/avatar\\\/c5a7ef84c66fa914f55bc4f7ce26cfa275a3b9a1c5568b907bd184fb4dde7b40?s=96&d=mm&r=g\",\"caption\":\"inclusivenews2024\"},\"sameAs\":[\"https:\\\/\\\/inclusivenews.com.br\"],\"url\":\"https:\\\/\\\/inclusivenews.com.br\\\/?author=1\"}]}<\/script>\n<!-- \/ Yoast SEO plugin. -->","yoast_head_json":{"title":"Ajuda para educa\u00e7\u00e3o teve 10% de redu\u00e7\u00e3o desde 2010, alerta UNESCO -","robots":{"index":"index","follow":"follow","max-snippet":"max-snippet:-1","max-image-preview":"max-image-preview:large","max-video-preview":"max-video-preview:-1"},"canonical":"https:\/\/inclusivenews.com.br\/?p=26585","og_locale":"pt_PT","og_type":"article","og_title":"Ajuda para educa\u00e7\u00e3o teve 10% de redu\u00e7\u00e3o desde 2010, alerta UNESCO -","og_description":"A ajuda para a educa\u00e7\u00e3o est\u00e1 se reduzindo drasticamente: caiu 6% entre 2010 e 2011, e mais 3% em 2012. Agora, a educa\u00e7\u00e3o b\u00e1sica \u2013 que possibilita as crian\u00e7as a adquirir as habilidades fundamentais e os conhecimentos essenciais \u2013 recebe o mesmo montante de ajuda que recebia em 2008. Da UNESCO.","og_url":"https:\/\/inclusivenews.com.br\/?p=26585","article_publisher":"https:\/\/www.facebook.com\/agenciainclusive\/","article_published_time":"2014-06-17T17:24:42+00:00","og_image":[{"url":"http:\/\/inclusivenews.com.br\/wp-content\/uploads\/2010\/10\/lapiscoloridos.jpg","type":"","width":"","height":""}],"author":"inclusivenews2024","twitter_card":"summary_large_image","twitter_misc":{"Escrito por":"inclusivenews2024","Tempo estimado de leitura":"4 minutos"},"schema":{"@context":"https:\/\/schema.org","@graph":[{"@type":"Article","@id":"https:\/\/inclusivenews.com.br\/?p=26585#article","isPartOf":{"@id":"https:\/\/inclusivenews.com.br\/?p=26585"},"author":{"name":"inclusivenews2024","@id":"https:\/\/inclusivenews.com.br\/#\/schema\/person\/ae4ec7087559b8692fb33b6fffd2273b"},"headline":"Ajuda para educa\u00e7\u00e3o teve 10% de redu\u00e7\u00e3o desde 2010, alerta UNESCO","datePublished":"2014-06-17T17:24:42+00:00","mainEntityOfPage":{"@id":"https:\/\/inclusivenews.com.br\/?p=26585"},"wordCount":819,"commentCount":0,"publisher":{"@id":"https:\/\/inclusivenews.com.br\/#organization"},"image":{"@id":"https:\/\/inclusivenews.com.br\/?p=26585#primaryimage"},"thumbnailUrl":"http:\/\/inclusivenews.com.br\/wp-content\/uploads\/2010\/10\/lapiscoloridos.jpg","articleSection":["Downloadables","EDUCA\u00c7\u00c3O","Relat\u00f3rios"],"inLanguage":"pt-PT","potentialAction":[{"@type":"CommentAction","name":"Comment","target":["https:\/\/inclusivenews.com.br\/?p=26585#respond"]}]},{"@type":"WebPage","@id":"https:\/\/inclusivenews.com.br\/?p=26585","url":"https:\/\/inclusivenews.com.br\/?p=26585","name":"Ajuda para educa\u00e7\u00e3o teve 10% de redu\u00e7\u00e3o desde 2010, alerta UNESCO -","isPartOf":{"@id":"https:\/\/inclusivenews.com.br\/#website"},"primaryImageOfPage":{"@id":"https:\/\/inclusivenews.com.br\/?p=26585#primaryimage"},"image":{"@id":"https:\/\/inclusivenews.com.br\/?p=26585#primaryimage"},"thumbnailUrl":"http:\/\/inclusivenews.com.br\/wp-content\/uploads\/2010\/10\/lapiscoloridos.jpg","datePublished":"2014-06-17T17:24:42+00:00","breadcrumb":{"@id":"https:\/\/inclusivenews.com.br\/?p=26585#breadcrumb"},"inLanguage":"pt-PT","potentialAction":[{"@type":"ReadAction","target":["https:\/\/inclusivenews.com.br\/?p=26585"]}]},{"@type":"ImageObject","inLanguage":"pt-PT","@id":"https:\/\/inclusivenews.com.br\/?p=26585#primaryimage","url":"","contentUrl":""},{"@type":"BreadcrumbList","@id":"https:\/\/inclusivenews.com.br\/?p=26585#breadcrumb","itemListElement":[{"@type":"ListItem","position":1,"name":"In\u00edcio","item":"https:\/\/inclusivenews.com.br\/"},{"@type":"ListItem","position":2,"name":"Ajuda para educa\u00e7\u00e3o teve 10% de redu\u00e7\u00e3o desde 2010, alerta UNESCO"}]},{"@type":"WebSite","@id":"https:\/\/inclusivenews.com.br\/#website","url":"https:\/\/inclusivenews.com.br\/","name":"Inclusive News","description":"Inclusive News","publisher":{"@id":"https:\/\/inclusivenews.com.br\/#organization"},"potentialAction":[{"@type":"SearchAction","target":{"@type":"EntryPoint","urlTemplate":"https:\/\/inclusivenews.com.br\/?s={search_term_string}"},"query-input":{"@type":"PropertyValueSpecification","valueRequired":true,"valueName":"search_term_string"}}],"inLanguage":"pt-PT"},{"@type":"Organization","@id":"https:\/\/inclusivenews.com.br\/#organization","name":"Inclusive - inclus\u00e3o e cidadania","url":"https:\/\/inclusivenews.com.br\/","logo":{"@type":"ImageObject","inLanguage":"pt-PT","@id":"https:\/\/inclusivenews.com.br\/#\/schema\/logo\/image\/","url":"https:\/\/inclusivenews.com.br\/wp-content\/uploads\/2024\/03\/@grandesite.png","contentUrl":"https:\/\/inclusivenews.com.br\/wp-content\/uploads\/2024\/03\/@grandesite.png","width":1080,"height":1080,"caption":"Inclusive - inclus\u00e3o e cidadania"},"image":{"@id":"https:\/\/inclusivenews.com.br\/#\/schema\/logo\/image\/"},"sameAs":["https:\/\/www.facebook.com\/agenciainclusive\/","https:\/\/www.instagram.com\/newsinclusive\/"]},{"@type":"Person","@id":"https:\/\/inclusivenews.com.br\/#\/schema\/person\/ae4ec7087559b8692fb33b6fffd2273b","name":"inclusivenews2024","image":{"@type":"ImageObject","inLanguage":"pt-PT","@id":"https:\/\/secure.gravatar.com\/avatar\/c5a7ef84c66fa914f55bc4f7ce26cfa275a3b9a1c5568b907bd184fb4dde7b40?s=96&d=mm&r=g","url":"https:\/\/secure.gravatar.com\/avatar\/c5a7ef84c66fa914f55bc4f7ce26cfa275a3b9a1c5568b907bd184fb4dde7b40?s=96&d=mm&r=g","contentUrl":"https:\/\/secure.gravatar.com\/avatar\/c5a7ef84c66fa914f55bc4f7ce26cfa275a3b9a1c5568b907bd184fb4dde7b40?s=96&d=mm&r=g","caption":"inclusivenews2024"},"sameAs":["https:\/\/inclusivenews.com.br"],"url":"https:\/\/inclusivenews.com.br\/?author=1"}]}},"_links":{"self":[{"href":"https:\/\/inclusivenews.com.br\/index.php?rest_route=\/wp\/v2\/posts\/26585","targetHints":{"allow":["GET"]}}],"collection":[{"href":"https:\/\/inclusivenews.com.br\/index.php?rest_route=\/wp\/v2\/posts"}],"about":[{"href":"https:\/\/inclusivenews.com.br\/index.php?rest_route=\/wp\/v2\/types\/post"}],"author":[{"embeddable":true,"href":"https:\/\/inclusivenews.com.br\/index.php?rest_route=\/wp\/v2\/users\/1"}],"replies":[{"embeddable":true,"href":"https:\/\/inclusivenews.com.br\/index.php?rest_route=%2Fwp%2Fv2%2Fcomments&post=26585"}],"version-history":[{"count":0,"href":"https:\/\/inclusivenews.com.br\/index.php?rest_route=\/wp\/v2\/posts\/26585\/revisions"}],"wp:attachment":[{"href":"https:\/\/inclusivenews.com.br\/index.php?rest_route=%2Fwp%2Fv2%2Fmedia&parent=26585"}],"wp:term":[{"taxonomy":"category","embeddable":true,"href":"https:\/\/inclusivenews.com.br\/index.php?rest_route=%2Fwp%2Fv2%2Fcategories&post=26585"},{"taxonomy":"post_tag","embeddable":true,"href":"https:\/\/inclusivenews.com.br\/index.php?rest_route=%2Fwp%2Fv2%2Ftags&post=26585"}],"curies":[{"name":"wp","href":"https:\/\/api.w.org\/{rel}","templated":true}]}}