{"id":26587,"date":"2014-06-17T14:28:07","date_gmt":"2014-06-17T17:28:07","guid":{"rendered":"http:\/\/www.inclusive.org.br\/?p=26587"},"modified":"2014-06-17T14:28:07","modified_gmt":"2014-06-17T17:28:07","slug":"espocc-abre-vagas-para-curso-de-publicidade-afirmativa","status":"publish","type":"post","link":"https:\/\/inclusivenews.com.br\/?p=26587","title":{"rendered":"ESPOCC abre vagas para curso de Publicidade Afirmativa"},"content":{"rendered":"<p><img loading=\"lazy\" decoding=\"async\" class=\"alignnone  wp-image-17834\" alt=\"Imagem de uma TV fora de sintonia\" src=\"http:\/\/inclusivenews.com.br\/wp-content\/uploads\/2010\/10\/teve.jpg\" width=\"270\" height=\"236\" \/><\/p>\n<p>Est\u00e3o abertas at\u00e9 o dia 22 de junho as inscri\u00e7\u00f5es para o processo seletivo do curso de Publicidade Afirmativa da Escola Popular de Comunica\u00e7\u00e3o Cr\u00edtica (ESPOCC). Para participar \u00e9 preciso estar cursando o ensino m\u00e9dio, ter no\u00e7\u00f5es b\u00e1sicas de inform\u00e1tica e preencher o formul\u00e1rio de inscri\u00e7\u00e3o dispon\u00edvel no site <a href=\"www.espocc.org.br\/espocc2014\" target=\"_blank\" rel=\"noopener\">www.espocc.org.br\/espocc2014<\/a>.<\/p>\n<p>O processo \u00e9 simples e dividido em duas etapas. Na primeira, as fichas preenchidas e enviadas ser\u00e3o analisadas e selecionadas pela coordena\u00e7\u00e3o do curso. Em seguida, acontecer\u00e3o entrevistas presenciais com os aprovados na primeira etapa. Os dias e hor\u00e1rios ser\u00e3o definidos pela equipe de sele\u00e7\u00e3o e comunicado por e-mail.<\/p>\n<p>Os aprovados e futuros discentes da ESPOCC 2014 ser\u00e3o divulgados no dia 18 de julho, \u00e0s 17h. Os resultados estar\u00e3o dispon\u00edveis no site da ESPOCC e do Observat\u00f3rio de Favelas.<\/p>\n<p>A ESPOCC \u00e9 uma iniciativa do Observat\u00f3rio de Favelas em parceria com a Universidade Federal do Rio de Janeiro (UFRJ) e patroc\u00ednio da Petrobras. Neste ano, a Escola vai formar 90 jovens em Publicidade Afirmativa, divididos em duas turmas com habilita\u00e7\u00e3o em Audiovisual e Cria\u00e7\u00e3o Digital. As aulas come\u00e7am no dia 22 de julho e ser\u00e3o \u00e0 tarde para os alunos de Audiovisual e \u00e0 noite para aqueles que optarem por Cria\u00e7\u00e3o Digital, sempre de ter\u00e7a \u00e0 quinta-feira, at\u00e9 junho de 2015.<\/p>\n<p>A Publicidade Afirmativa apresenta um conceito distinto da publicidade tradicional, mas parte das mesmas ferramentas. Ao inv\u00e9s de priorizar o lucro, a Publicidade Afirmativa promove valores de sociabilidade, no intuito de transformar a cultura do consumismo e incentivar o empreendedorismo cultural, comunit\u00e1rio e socioambiental. Na ESPOCC o participante aprende, de forma criativa e participativa, a adaptar metodologias e ferramentas da publicidade visando \u00e0 transforma\u00e7\u00e3o do seu bairro, da cidade e da sua pr\u00f3pria vida.<\/p>\n<p>Servi\u00e7o<br \/>\nInscri\u00e7\u00f5es ESPOCC 2014: De 9 a 22 de junho.<br \/>\n<a href=\"http:\/\/www.espocc.org.br\/wp-content\/uploads\/2014\/06\/editalturmaespocc2014.pdf\" target=\"_blank\" rel=\"noopener\">Edital<\/a><br \/>\nFormul\u00e1rio de inscri\u00e7\u00e3o: <a href=\"http:\/\/www.espocc.org.br\/inscricoes\/inscricao.php\" target=\"_blank\" rel=\"noopener\">http:\/\/www.espocc.org.br\/inscricoes\/inscricao.php<\/a><br \/>\nContato: <a href=\"mailto:selecao.espocc@observatoriodefavelas.org.br\" target=\"_blank\" rel=\"noopener\">selecao.espocc@observatoriodefavelas.org.br<\/a><br \/>\nTelefone: (21) 3104-4057<br \/>\nSite: <a href=\"www.espocc.org.br\/espocc2014\" target=\"_blank\" rel=\"noopener\">www.espocc.org.br\/espocc2014<\/a><br \/>\nFacebook: <a href=\"https:\/\/www.facebook.com\/espocc\" target=\"_blank\" rel=\"noopener\">https:\/\/www.facebook.com\/espocc<\/a><\/p>\n","protected":false},"excerpt":{"rendered":"<p>A Publicidade Afirmativa apresenta um conceito distinto da publicidade tradicional, mas parte das mesmas ferramentas. Ao inv\u00e9s de priorizar o lucro, a Publicidade Afirmativa promove valores de sociabilidade, no intuito de transformar a cultura do consumismo e incentivar o empreendedorismo cultural, comunit\u00e1rio e socioambiental. Na ESPOCC o participante aprende, de forma criativa e participativa, a adaptar metodologias e ferramentas da publicidade visando \u00e0 transforma\u00e7\u00e3o do seu bairro, da cidade e da sua pr\u00f3pria vida.<\/p>\n","protected":false},"author":1,"featured_media":0,"comment_status":"open","ping_status":"open","sticky":false,"template":"","format":"standard","meta":{"site-container-style":"default","site-container-layout":"default","site-sidebar-layout":"default","disable-article-header":"default","disable-site-header":"default","disable-site-footer":"default","disable-content-area-spacing":"default","footnotes":""},"categories":[56,11],"tags":[],"class_list":["post-26587","post","type-post","status-publish","format-standard","hentry","category-acoes-afirmativas","category-direitos-humanos"],"yoast_head":"<!-- This site is optimized with the Yoast SEO plugin v27.4 - https:\/\/yoast.com\/product\/yoast-seo-wordpress\/ -->\n<title>ESPOCC abre vagas para curso de Publicidade Afirmativa -<\/title>\n<meta name=\"robots\" content=\"index, follow, max-snippet:-1, max-image-preview:large, max-video-preview:-1\" \/>\n<link rel=\"canonical\" href=\"https:\/\/inclusivenews.com.br\/?p=26587\" \/>\n<meta property=\"og:locale\" content=\"pt_PT\" \/>\n<meta property=\"og:type\" content=\"article\" \/>\n<meta property=\"og:title\" content=\"ESPOCC abre vagas para curso de Publicidade Afirmativa -\" \/>\n<meta property=\"og:description\" content=\"A Publicidade Afirmativa apresenta um conceito distinto da publicidade tradicional, mas parte das mesmas ferramentas. Ao inv\u00e9s de priorizar o lucro, a Publicidade Afirmativa promove valores de sociabilidade, no intuito de transformar a cultura do consumismo e incentivar o empreendedorismo cultural, comunit\u00e1rio e socioambiental. Na ESPOCC o participante aprende, de forma criativa e participativa, a adaptar metodologias e ferramentas da publicidade visando \u00e0 transforma\u00e7\u00e3o do seu bairro, da cidade e da sua pr\u00f3pria vida.\" \/>\n<meta property=\"og:url\" content=\"https:\/\/inclusivenews.com.br\/?p=26587\" \/>\n<meta property=\"article:publisher\" content=\"https:\/\/www.facebook.com\/agenciainclusive\/\" \/>\n<meta property=\"article:published_time\" content=\"2014-06-17T17:28:07+00:00\" \/>\n<meta property=\"og:image\" content=\"http:\/\/inclusivenews.com.br\/wp-content\/uploads\/2010\/10\/teve.jpg\" \/>\n<meta name=\"author\" content=\"inclusivenews2024\" \/>\n<meta name=\"twitter:card\" content=\"summary_large_image\" \/>\n<meta name=\"twitter:label1\" content=\"Escrito por\" \/>\n\t<meta name=\"twitter:data1\" content=\"inclusivenews2024\" \/>\n\t<meta name=\"twitter:label2\" content=\"Tempo estimado de leitura\" \/>\n\t<meta name=\"twitter:data2\" content=\"2 minutos\" \/>\n<script type=\"application\/ld+json\" class=\"yoast-schema-graph\">{\"@context\":\"https:\\\/\\\/schema.org\",\"@graph\":[{\"@type\":\"Article\",\"@id\":\"https:\\\/\\\/inclusivenews.com.br\\\/?p=26587#article\",\"isPartOf\":{\"@id\":\"https:\\\/\\\/inclusivenews.com.br\\\/?p=26587\"},\"author\":{\"name\":\"inclusivenews2024\",\"@id\":\"https:\\\/\\\/inclusivenews.com.br\\\/#\\\/schema\\\/person\\\/ae4ec7087559b8692fb33b6fffd2273b\"},\"headline\":\"ESPOCC abre vagas para curso de Publicidade Afirmativa\",\"datePublished\":\"2014-06-17T17:28:07+00:00\",\"mainEntityOfPage\":{\"@id\":\"https:\\\/\\\/inclusivenews.com.br\\\/?p=26587\"},\"wordCount\":360,\"commentCount\":0,\"publisher\":{\"@id\":\"https:\\\/\\\/inclusivenews.com.br\\\/#organization\"},\"image\":{\"@id\":\"https:\\\/\\\/inclusivenews.com.br\\\/?p=26587#primaryimage\"},\"thumbnailUrl\":\"http:\\\/\\\/inclusivenews.com.br\\\/wp-content\\\/uploads\\\/2010\\\/10\\\/teve.jpg\",\"articleSection\":[\"A\u00e7\u00f5es afirmativas\",\"DIREITOS HUMANOS\"],\"inLanguage\":\"pt-PT\",\"potentialAction\":[{\"@type\":\"CommentAction\",\"name\":\"Comment\",\"target\":[\"https:\\\/\\\/inclusivenews.com.br\\\/?p=26587#respond\"]}]},{\"@type\":\"WebPage\",\"@id\":\"https:\\\/\\\/inclusivenews.com.br\\\/?p=26587\",\"url\":\"https:\\\/\\\/inclusivenews.com.br\\\/?p=26587\",\"name\":\"ESPOCC abre vagas para curso de Publicidade Afirmativa -\",\"isPartOf\":{\"@id\":\"https:\\\/\\\/inclusivenews.com.br\\\/#website\"},\"primaryImageOfPage\":{\"@id\":\"https:\\\/\\\/inclusivenews.com.br\\\/?p=26587#primaryimage\"},\"image\":{\"@id\":\"https:\\\/\\\/inclusivenews.com.br\\\/?p=26587#primaryimage\"},\"thumbnailUrl\":\"http:\\\/\\\/inclusivenews.com.br\\\/wp-content\\\/uploads\\\/2010\\\/10\\\/teve.jpg\",\"datePublished\":\"2014-06-17T17:28:07+00:00\",\"breadcrumb\":{\"@id\":\"https:\\\/\\\/inclusivenews.com.br\\\/?p=26587#breadcrumb\"},\"inLanguage\":\"pt-PT\",\"potentialAction\":[{\"@type\":\"ReadAction\",\"target\":[\"https:\\\/\\\/inclusivenews.com.br\\\/?p=26587\"]}]},{\"@type\":\"ImageObject\",\"inLanguage\":\"pt-PT\",\"@id\":\"https:\\\/\\\/inclusivenews.com.br\\\/?p=26587#primaryimage\",\"url\":\"\",\"contentUrl\":\"\"},{\"@type\":\"BreadcrumbList\",\"@id\":\"https:\\\/\\\/inclusivenews.com.br\\\/?p=26587#breadcrumb\",\"itemListElement\":[{\"@type\":\"ListItem\",\"position\":1,\"name\":\"In\u00edcio\",\"item\":\"https:\\\/\\\/inclusivenews.com.br\\\/\"},{\"@type\":\"ListItem\",\"position\":2,\"name\":\"ESPOCC abre vagas para curso de Publicidade Afirmativa\"}]},{\"@type\":\"WebSite\",\"@id\":\"https:\\\/\\\/inclusivenews.com.br\\\/#website\",\"url\":\"https:\\\/\\\/inclusivenews.com.br\\\/\",\"name\":\"Inclusive News\",\"description\":\"Inclusive News\",\"publisher\":{\"@id\":\"https:\\\/\\\/inclusivenews.com.br\\\/#organization\"},\"potentialAction\":[{\"@type\":\"SearchAction\",\"target\":{\"@type\":\"EntryPoint\",\"urlTemplate\":\"https:\\\/\\\/inclusivenews.com.br\\\/?s={search_term_string}\"},\"query-input\":{\"@type\":\"PropertyValueSpecification\",\"valueRequired\":true,\"valueName\":\"search_term_string\"}}],\"inLanguage\":\"pt-PT\"},{\"@type\":\"Organization\",\"@id\":\"https:\\\/\\\/inclusivenews.com.br\\\/#organization\",\"name\":\"Inclusive - inclus\u00e3o e cidadania\",\"url\":\"https:\\\/\\\/inclusivenews.com.br\\\/\",\"logo\":{\"@type\":\"ImageObject\",\"inLanguage\":\"pt-PT\",\"@id\":\"https:\\\/\\\/inclusivenews.com.br\\\/#\\\/schema\\\/logo\\\/image\\\/\",\"url\":\"https:\\\/\\\/inclusivenews.com.br\\\/wp-content\\\/uploads\\\/2024\\\/03\\\/@grandesite.png\",\"contentUrl\":\"https:\\\/\\\/inclusivenews.com.br\\\/wp-content\\\/uploads\\\/2024\\\/03\\\/@grandesite.png\",\"width\":1080,\"height\":1080,\"caption\":\"Inclusive - inclus\u00e3o e cidadania\"},\"image\":{\"@id\":\"https:\\\/\\\/inclusivenews.com.br\\\/#\\\/schema\\\/logo\\\/image\\\/\"},\"sameAs\":[\"https:\\\/\\\/www.facebook.com\\\/agenciainclusive\\\/\",\"https:\\\/\\\/www.instagram.com\\\/newsinclusive\\\/\"]},{\"@type\":\"Person\",\"@id\":\"https:\\\/\\\/inclusivenews.com.br\\\/#\\\/schema\\\/person\\\/ae4ec7087559b8692fb33b6fffd2273b\",\"name\":\"inclusivenews2024\",\"image\":{\"@type\":\"ImageObject\",\"inLanguage\":\"pt-PT\",\"@id\":\"https:\\\/\\\/secure.gravatar.com\\\/avatar\\\/c5a7ef84c66fa914f55bc4f7ce26cfa275a3b9a1c5568b907bd184fb4dde7b40?s=96&d=mm&r=g\",\"url\":\"https:\\\/\\\/secure.gravatar.com\\\/avatar\\\/c5a7ef84c66fa914f55bc4f7ce26cfa275a3b9a1c5568b907bd184fb4dde7b40?s=96&d=mm&r=g\",\"contentUrl\":\"https:\\\/\\\/secure.gravatar.com\\\/avatar\\\/c5a7ef84c66fa914f55bc4f7ce26cfa275a3b9a1c5568b907bd184fb4dde7b40?s=96&d=mm&r=g\",\"caption\":\"inclusivenews2024\"},\"sameAs\":[\"https:\\\/\\\/inclusivenews.com.br\"],\"url\":\"https:\\\/\\\/inclusivenews.com.br\\\/?author=1\"}]}<\/script>\n<!-- \/ Yoast SEO plugin. -->","yoast_head_json":{"title":"ESPOCC abre vagas para curso de Publicidade Afirmativa -","robots":{"index":"index","follow":"follow","max-snippet":"max-snippet:-1","max-image-preview":"max-image-preview:large","max-video-preview":"max-video-preview:-1"},"canonical":"https:\/\/inclusivenews.com.br\/?p=26587","og_locale":"pt_PT","og_type":"article","og_title":"ESPOCC abre vagas para curso de Publicidade Afirmativa -","og_description":"A Publicidade Afirmativa apresenta um conceito distinto da publicidade tradicional, mas parte das mesmas ferramentas. Ao inv\u00e9s de priorizar o lucro, a Publicidade Afirmativa promove valores de sociabilidade, no intuito de transformar a cultura do consumismo e incentivar o empreendedorismo cultural, comunit\u00e1rio e socioambiental. Na ESPOCC o participante aprende, de forma criativa e participativa, a adaptar metodologias e ferramentas da publicidade visando \u00e0 transforma\u00e7\u00e3o do seu bairro, da cidade e da sua pr\u00f3pria vida.","og_url":"https:\/\/inclusivenews.com.br\/?p=26587","article_publisher":"https:\/\/www.facebook.com\/agenciainclusive\/","article_published_time":"2014-06-17T17:28:07+00:00","og_image":[{"url":"http:\/\/inclusivenews.com.br\/wp-content\/uploads\/2010\/10\/teve.jpg","type":"","width":"","height":""}],"author":"inclusivenews2024","twitter_card":"summary_large_image","twitter_misc":{"Escrito por":"inclusivenews2024","Tempo estimado de leitura":"2 minutos"},"schema":{"@context":"https:\/\/schema.org","@graph":[{"@type":"Article","@id":"https:\/\/inclusivenews.com.br\/?p=26587#article","isPartOf":{"@id":"https:\/\/inclusivenews.com.br\/?p=26587"},"author":{"name":"inclusivenews2024","@id":"https:\/\/inclusivenews.com.br\/#\/schema\/person\/ae4ec7087559b8692fb33b6fffd2273b"},"headline":"ESPOCC abre vagas para curso de Publicidade Afirmativa","datePublished":"2014-06-17T17:28:07+00:00","mainEntityOfPage":{"@id":"https:\/\/inclusivenews.com.br\/?p=26587"},"wordCount":360,"commentCount":0,"publisher":{"@id":"https:\/\/inclusivenews.com.br\/#organization"},"image":{"@id":"https:\/\/inclusivenews.com.br\/?p=26587#primaryimage"},"thumbnailUrl":"http:\/\/inclusivenews.com.br\/wp-content\/uploads\/2010\/10\/teve.jpg","articleSection":["A\u00e7\u00f5es afirmativas","DIREITOS HUMANOS"],"inLanguage":"pt-PT","potentialAction":[{"@type":"CommentAction","name":"Comment","target":["https:\/\/inclusivenews.com.br\/?p=26587#respond"]}]},{"@type":"WebPage","@id":"https:\/\/inclusivenews.com.br\/?p=26587","url":"https:\/\/inclusivenews.com.br\/?p=26587","name":"ESPOCC abre vagas para curso de Publicidade Afirmativa -","isPartOf":{"@id":"https:\/\/inclusivenews.com.br\/#website"},"primaryImageOfPage":{"@id":"https:\/\/inclusivenews.com.br\/?p=26587#primaryimage"},"image":{"@id":"https:\/\/inclusivenews.com.br\/?p=26587#primaryimage"},"thumbnailUrl":"http:\/\/inclusivenews.com.br\/wp-content\/uploads\/2010\/10\/teve.jpg","datePublished":"2014-06-17T17:28:07+00:00","breadcrumb":{"@id":"https:\/\/inclusivenews.com.br\/?p=26587#breadcrumb"},"inLanguage":"pt-PT","potentialAction":[{"@type":"ReadAction","target":["https:\/\/inclusivenews.com.br\/?p=26587"]}]},{"@type":"ImageObject","inLanguage":"pt-PT","@id":"https:\/\/inclusivenews.com.br\/?p=26587#primaryimage","url":"","contentUrl":""},{"@type":"BreadcrumbList","@id":"https:\/\/inclusivenews.com.br\/?p=26587#breadcrumb","itemListElement":[{"@type":"ListItem","position":1,"name":"In\u00edcio","item":"https:\/\/inclusivenews.com.br\/"},{"@type":"ListItem","position":2,"name":"ESPOCC abre vagas para curso de Publicidade Afirmativa"}]},{"@type":"WebSite","@id":"https:\/\/inclusivenews.com.br\/#website","url":"https:\/\/inclusivenews.com.br\/","name":"Inclusive News","description":"Inclusive News","publisher":{"@id":"https:\/\/inclusivenews.com.br\/#organization"},"potentialAction":[{"@type":"SearchAction","target":{"@type":"EntryPoint","urlTemplate":"https:\/\/inclusivenews.com.br\/?s={search_term_string}"},"query-input":{"@type":"PropertyValueSpecification","valueRequired":true,"valueName":"search_term_string"}}],"inLanguage":"pt-PT"},{"@type":"Organization","@id":"https:\/\/inclusivenews.com.br\/#organization","name":"Inclusive - inclus\u00e3o e cidadania","url":"https:\/\/inclusivenews.com.br\/","logo":{"@type":"ImageObject","inLanguage":"pt-PT","@id":"https:\/\/inclusivenews.com.br\/#\/schema\/logo\/image\/","url":"https:\/\/inclusivenews.com.br\/wp-content\/uploads\/2024\/03\/@grandesite.png","contentUrl":"https:\/\/inclusivenews.com.br\/wp-content\/uploads\/2024\/03\/@grandesite.png","width":1080,"height":1080,"caption":"Inclusive - inclus\u00e3o e cidadania"},"image":{"@id":"https:\/\/inclusivenews.com.br\/#\/schema\/logo\/image\/"},"sameAs":["https:\/\/www.facebook.com\/agenciainclusive\/","https:\/\/www.instagram.com\/newsinclusive\/"]},{"@type":"Person","@id":"https:\/\/inclusivenews.com.br\/#\/schema\/person\/ae4ec7087559b8692fb33b6fffd2273b","name":"inclusivenews2024","image":{"@type":"ImageObject","inLanguage":"pt-PT","@id":"https:\/\/secure.gravatar.com\/avatar\/c5a7ef84c66fa914f55bc4f7ce26cfa275a3b9a1c5568b907bd184fb4dde7b40?s=96&d=mm&r=g","url":"https:\/\/secure.gravatar.com\/avatar\/c5a7ef84c66fa914f55bc4f7ce26cfa275a3b9a1c5568b907bd184fb4dde7b40?s=96&d=mm&r=g","contentUrl":"https:\/\/secure.gravatar.com\/avatar\/c5a7ef84c66fa914f55bc4f7ce26cfa275a3b9a1c5568b907bd184fb4dde7b40?s=96&d=mm&r=g","caption":"inclusivenews2024"},"sameAs":["https:\/\/inclusivenews.com.br"],"url":"https:\/\/inclusivenews.com.br\/?author=1"}]}},"_links":{"self":[{"href":"https:\/\/inclusivenews.com.br\/index.php?rest_route=\/wp\/v2\/posts\/26587","targetHints":{"allow":["GET"]}}],"collection":[{"href":"https:\/\/inclusivenews.com.br\/index.php?rest_route=\/wp\/v2\/posts"}],"about":[{"href":"https:\/\/inclusivenews.com.br\/index.php?rest_route=\/wp\/v2\/types\/post"}],"author":[{"embeddable":true,"href":"https:\/\/inclusivenews.com.br\/index.php?rest_route=\/wp\/v2\/users\/1"}],"replies":[{"embeddable":true,"href":"https:\/\/inclusivenews.com.br\/index.php?rest_route=%2Fwp%2Fv2%2Fcomments&post=26587"}],"version-history":[{"count":0,"href":"https:\/\/inclusivenews.com.br\/index.php?rest_route=\/wp\/v2\/posts\/26587\/revisions"}],"wp:attachment":[{"href":"https:\/\/inclusivenews.com.br\/index.php?rest_route=%2Fwp%2Fv2%2Fmedia&parent=26587"}],"wp:term":[{"taxonomy":"category","embeddable":true,"href":"https:\/\/inclusivenews.com.br\/index.php?rest_route=%2Fwp%2Fv2%2Fcategories&post=26587"},{"taxonomy":"post_tag","embeddable":true,"href":"https:\/\/inclusivenews.com.br\/index.php?rest_route=%2Fwp%2Fv2%2Ftags&post=26587"}],"curies":[{"name":"wp","href":"https:\/\/api.w.org\/{rel}","templated":true}]}}