{"id":26595,"date":"2014-06-17T14:49:58","date_gmt":"2014-06-17T17:49:58","guid":{"rendered":"http:\/\/www.inclusive.org.br\/?p=26595"},"modified":"2014-06-17T14:49:58","modified_gmt":"2014-06-17T17:49:58","slug":"livro-da-politica-nacional-de-humanizacao-e-lancado","status":"publish","type":"post","link":"https:\/\/inclusivenews.com.br\/?p=26595","title":{"rendered":"Livro da Pol\u00edtica Nacional de Humaniza\u00e7\u00e3o \u00e9 lan\u00e7ado"},"content":{"rendered":"<p><img loading=\"lazy\" decoding=\"async\" class=\"alignnone\" alt=\"Humaniza SUS\" src=\"http:\/\/1.bp.blogspot.com\/-rCMjG03Waqs\/URQzeCtUq0I\/AAAAAAAAJYc\/VPdc9p-U27M\/s1600\/humaniza-sus-21.jpg\" width=\"400\" height=\"126\" \/><\/p>\n<p>J\u00e1 est\u00e1 dispon\u00edvel online o quarto volume da colet\u00e2nea <a href=\"http:\/\/www.redehumanizasus.net\/59383-cadernos-humanizasus\" target=\"_blank\" rel=\"noopener\">Cadernos HumanizaSUS<\/a>.<\/p>\n<p>O novo livro da Pol\u00edtica Nacional de Humaniza\u00e7\u00e3o possui mais de 450 p\u00e1ginas e traz conte\u00fado diversificado e discuss\u00f5es atuais sobre temas que envolvem a humaniza\u00e7\u00e3o do parto e nascimento no Brasil. Com 16 artigos cient\u00edficos, sete relatos de experi\u00eancias exitosas e quatro reportagens, os assuntos apresentam desde o hist\u00f3rico do modelo de aten\u00e7\u00e3o ao parto e nascimento , a import\u00e2ncia do apoio institucional nas maternidades, o papel dos movimentos sociais na garantia dos direitos das mulheres e beb\u00eas, o olhar do homem na cena do parto, a experi\u00eancia do parto domiciliar, an\u00e1lises sobre a presen\u00e7a das doulas e o direito ao acompanhante, os diferenciais das parteiras, projetos inovadores na aten\u00e7\u00e3o b\u00e1sica, entre outros temas.<\/p>\n<p>A publica\u00e7\u00e3o conta ainda com entrevistas exclusivas do diretor do Departamento de A\u00e7\u00f5es Program\u00e1ticas Estrat\u00e9gicas D\u00e1rio Pasche e a coordenadora da \u00c1rea T\u00e9cnica de Sa\u00fade da Mulher Esther Vilela, sobre as estrat\u00e9gias governamentais para garantir a dignidade das pessoas antes, durante e ap\u00f3s o nascimento.<\/p>\n<p>A Pol\u00edtica Nacional de Humaniza\u00e7\u00e3o (PNH), respons\u00e1vel pela publica\u00e7\u00e3o, distribuir\u00e1 mil exemplares do livro na rede SUS, em bibliotecas e servi\u00e7os de refer\u00eancia mas j\u00e1 \u00e9 poss\u00edvel acessar a sua vers\u00e3o completa online, na Rede HumanizaSUS.<\/p>\n<p>Para uma das organizadoras da publica\u00e7\u00e3o, a servidora da PNH Renata Adjuto, a iniciativa d\u00e1 visibilidade a experi\u00eancias e conhecimento te\u00f3rico sobre o parto e nascimento humanizados. \u201cOs textos ressaltam a import\u00e2ncia das pr\u00e1ticas de aten\u00e7\u00e3o humanizada \u00e0 mulher e ao rec\u00e9m nascido, e os direitos de ambos como usu\u00e1rios do SUS. H\u00e1 relatos importantes escritos por quem j\u00e1 vivenciou as mudan\u00e7as no modo de nascer no Brasil por meio da Rede Cegonha e do Plano de Qualifica\u00e7\u00e3o das Maternidades\u201d, afirma ela, que trabalha desde 2012 na organiza\u00e7\u00e3o do livro, juntamente com as apoiadoras C\u00e1tia Paranhos, C\u00e9lia Nicollotti, Michele Vasconcelos e Vera Figueiredo. Os Cadernos foram produzidos e impressos pela Editora do Minist\u00e9rio da Sa\u00fade em parceria com a Editora da Universidade Estadual do Cear\u00e1.<\/p>\n","protected":false},"excerpt":{"rendered":"<p>O novo livro da Pol\u00edtica Nacional de Humaniza\u00e7\u00e3o possui mais de 450 p\u00e1ginas e traz conte\u00fado diversificado e discuss\u00f5es atuais sobre temas que envolvem a humaniza\u00e7\u00e3o do parto e nascimento no Brasil. Com 16 artigos cient\u00edficos, sete relatos de experi\u00eancias exitosas e quatro reportagens, os assuntos apresentam desde o hist\u00f3rico do modelo de aten\u00e7\u00e3o ao parto e nascimento , a import\u00e2ncia do apoio institucional nas maternidades, o papel dos movimentos sociais na garantia dos direitos das mulheres e beb\u00eas, o olhar do homem na cena do parto, a experi\u00eancia do parto domiciliar, an\u00e1lises sobre a presen\u00e7a das doulas e o direito ao acompanhante, os diferenciais das parteiras, projetos inovadores na aten\u00e7\u00e3o b\u00e1sica, entre outros temas.<\/p>\n","protected":false},"author":1,"featured_media":0,"comment_status":"open","ping_status":"open","sticky":false,"template":"","format":"standard","meta":{"site-container-style":"default","site-container-layout":"default","site-sidebar-layout":"default","disable-article-header":"default","disable-site-header":"default","disable-site-footer":"default","disable-content-area-spacing":"default","footnotes":""},"categories":[53,11,52,37],"tags":[],"class_list":["post-26595","post","type-post","status-publish","format-standard","hentry","category-cartilhas-e-manuais","category-direitos-humanos","category-downloadables","category-saude"],"yoast_head":"<!-- This site is optimized with the Yoast SEO plugin v27.4 - https:\/\/yoast.com\/product\/yoast-seo-wordpress\/ -->\n<title>Livro da Pol\u00edtica Nacional de Humaniza\u00e7\u00e3o \u00e9 lan\u00e7ado -<\/title>\n<meta name=\"robots\" content=\"index, follow, max-snippet:-1, max-image-preview:large, max-video-preview:-1\" \/>\n<link rel=\"canonical\" href=\"https:\/\/inclusivenews.com.br\/?p=26595\" \/>\n<meta property=\"og:locale\" content=\"pt_PT\" \/>\n<meta property=\"og:type\" content=\"article\" \/>\n<meta property=\"og:title\" content=\"Livro da Pol\u00edtica Nacional de Humaniza\u00e7\u00e3o \u00e9 lan\u00e7ado -\" \/>\n<meta property=\"og:description\" content=\"O novo livro da Pol\u00edtica Nacional de Humaniza\u00e7\u00e3o possui mais de 450 p\u00e1ginas e traz conte\u00fado diversificado e discuss\u00f5es atuais sobre temas que envolvem a humaniza\u00e7\u00e3o do parto e nascimento no Brasil. Com 16 artigos cient\u00edficos, sete relatos de experi\u00eancias exitosas e quatro reportagens, os assuntos apresentam desde o hist\u00f3rico do modelo de aten\u00e7\u00e3o ao parto e nascimento , a import\u00e2ncia do apoio institucional nas maternidades, o papel dos movimentos sociais na garantia dos direitos das mulheres e beb\u00eas, o olhar do homem na cena do parto, a experi\u00eancia do parto domiciliar, an\u00e1lises sobre a presen\u00e7a das doulas e o direito ao acompanhante, os diferenciais das parteiras, projetos inovadores na aten\u00e7\u00e3o b\u00e1sica, entre outros temas.\" \/>\n<meta property=\"og:url\" content=\"https:\/\/inclusivenews.com.br\/?p=26595\" \/>\n<meta property=\"article:publisher\" content=\"https:\/\/www.facebook.com\/agenciainclusive\/\" \/>\n<meta property=\"article:published_time\" content=\"2014-06-17T17:49:58+00:00\" \/>\n<meta property=\"og:image\" content=\"http:\/\/1.bp.blogspot.com\/-rCMjG03Waqs\/URQzeCtUq0I\/AAAAAAAAJYc\/VPdc9p-U27M\/s1600\/humaniza-sus-21.jpg\" \/>\n<meta name=\"author\" content=\"inclusivenews2024\" \/>\n<meta name=\"twitter:card\" content=\"summary_large_image\" \/>\n<meta name=\"twitter:label1\" content=\"Escrito por\" \/>\n\t<meta name=\"twitter:data1\" content=\"inclusivenews2024\" \/>\n\t<meta name=\"twitter:label2\" content=\"Tempo estimado de leitura\" \/>\n\t<meta name=\"twitter:data2\" content=\"2 minutos\" \/>\n<script type=\"application\/ld+json\" class=\"yoast-schema-graph\">{\"@context\":\"https:\\\/\\\/schema.org\",\"@graph\":[{\"@type\":\"Article\",\"@id\":\"https:\\\/\\\/inclusivenews.com.br\\\/?p=26595#article\",\"isPartOf\":{\"@id\":\"https:\\\/\\\/inclusivenews.com.br\\\/?p=26595\"},\"author\":{\"name\":\"inclusivenews2024\",\"@id\":\"https:\\\/\\\/inclusivenews.com.br\\\/#\\\/schema\\\/person\\\/ae4ec7087559b8692fb33b6fffd2273b\"},\"headline\":\"Livro da Pol\u00edtica Nacional de Humaniza\u00e7\u00e3o \u00e9 lan\u00e7ado\",\"datePublished\":\"2014-06-17T17:49:58+00:00\",\"mainEntityOfPage\":{\"@id\":\"https:\\\/\\\/inclusivenews.com.br\\\/?p=26595\"},\"wordCount\":387,\"commentCount\":0,\"publisher\":{\"@id\":\"https:\\\/\\\/inclusivenews.com.br\\\/#organization\"},\"image\":{\"@id\":\"https:\\\/\\\/inclusivenews.com.br\\\/?p=26595#primaryimage\"},\"thumbnailUrl\":\"http:\\\/\\\/1.bp.blogspot.com\\\/-rCMjG03Waqs\\\/URQzeCtUq0I\\\/AAAAAAAAJYc\\\/VPdc9p-U27M\\\/s1600\\\/humaniza-sus-21.jpg\",\"articleSection\":[\"Cartilhas e manuais\",\"DIREITOS HUMANOS\",\"Downloadables\",\"Sa\u00fade\"],\"inLanguage\":\"pt-PT\",\"potentialAction\":[{\"@type\":\"CommentAction\",\"name\":\"Comment\",\"target\":[\"https:\\\/\\\/inclusivenews.com.br\\\/?p=26595#respond\"]}]},{\"@type\":\"WebPage\",\"@id\":\"https:\\\/\\\/inclusivenews.com.br\\\/?p=26595\",\"url\":\"https:\\\/\\\/inclusivenews.com.br\\\/?p=26595\",\"name\":\"Livro da Pol\u00edtica Nacional de Humaniza\u00e7\u00e3o \u00e9 lan\u00e7ado -\",\"isPartOf\":{\"@id\":\"https:\\\/\\\/inclusivenews.com.br\\\/#website\"},\"primaryImageOfPage\":{\"@id\":\"https:\\\/\\\/inclusivenews.com.br\\\/?p=26595#primaryimage\"},\"image\":{\"@id\":\"https:\\\/\\\/inclusivenews.com.br\\\/?p=26595#primaryimage\"},\"thumbnailUrl\":\"http:\\\/\\\/1.bp.blogspot.com\\\/-rCMjG03Waqs\\\/URQzeCtUq0I\\\/AAAAAAAAJYc\\\/VPdc9p-U27M\\\/s1600\\\/humaniza-sus-21.jpg\",\"datePublished\":\"2014-06-17T17:49:58+00:00\",\"breadcrumb\":{\"@id\":\"https:\\\/\\\/inclusivenews.com.br\\\/?p=26595#breadcrumb\"},\"inLanguage\":\"pt-PT\",\"potentialAction\":[{\"@type\":\"ReadAction\",\"target\":[\"https:\\\/\\\/inclusivenews.com.br\\\/?p=26595\"]}]},{\"@type\":\"ImageObject\",\"inLanguage\":\"pt-PT\",\"@id\":\"https:\\\/\\\/inclusivenews.com.br\\\/?p=26595#primaryimage\",\"url\":\"http:\\\/\\\/1.bp.blogspot.com\\\/-rCMjG03Waqs\\\/URQzeCtUq0I\\\/AAAAAAAAJYc\\\/VPdc9p-U27M\\\/s1600\\\/humaniza-sus-21.jpg\",\"contentUrl\":\"http:\\\/\\\/1.bp.blogspot.com\\\/-rCMjG03Waqs\\\/URQzeCtUq0I\\\/AAAAAAAAJYc\\\/VPdc9p-U27M\\\/s1600\\\/humaniza-sus-21.jpg\"},{\"@type\":\"BreadcrumbList\",\"@id\":\"https:\\\/\\\/inclusivenews.com.br\\\/?p=26595#breadcrumb\",\"itemListElement\":[{\"@type\":\"ListItem\",\"position\":1,\"name\":\"In\u00edcio\",\"item\":\"https:\\\/\\\/inclusivenews.com.br\\\/\"},{\"@type\":\"ListItem\",\"position\":2,\"name\":\"Livro da Pol\u00edtica Nacional de Humaniza\u00e7\u00e3o \u00e9 lan\u00e7ado\"}]},{\"@type\":\"WebSite\",\"@id\":\"https:\\\/\\\/inclusivenews.com.br\\\/#website\",\"url\":\"https:\\\/\\\/inclusivenews.com.br\\\/\",\"name\":\"Inclusive News\",\"description\":\"Inclusive News\",\"publisher\":{\"@id\":\"https:\\\/\\\/inclusivenews.com.br\\\/#organization\"},\"potentialAction\":[{\"@type\":\"SearchAction\",\"target\":{\"@type\":\"EntryPoint\",\"urlTemplate\":\"https:\\\/\\\/inclusivenews.com.br\\\/?s={search_term_string}\"},\"query-input\":{\"@type\":\"PropertyValueSpecification\",\"valueRequired\":true,\"valueName\":\"search_term_string\"}}],\"inLanguage\":\"pt-PT\"},{\"@type\":\"Organization\",\"@id\":\"https:\\\/\\\/inclusivenews.com.br\\\/#organization\",\"name\":\"Inclusive - inclus\u00e3o e cidadania\",\"url\":\"https:\\\/\\\/inclusivenews.com.br\\\/\",\"logo\":{\"@type\":\"ImageObject\",\"inLanguage\":\"pt-PT\",\"@id\":\"https:\\\/\\\/inclusivenews.com.br\\\/#\\\/schema\\\/logo\\\/image\\\/\",\"url\":\"https:\\\/\\\/inclusivenews.com.br\\\/wp-content\\\/uploads\\\/2024\\\/03\\\/@grandesite.png\",\"contentUrl\":\"https:\\\/\\\/inclusivenews.com.br\\\/wp-content\\\/uploads\\\/2024\\\/03\\\/@grandesite.png\",\"width\":1080,\"height\":1080,\"caption\":\"Inclusive - inclus\u00e3o e cidadania\"},\"image\":{\"@id\":\"https:\\\/\\\/inclusivenews.com.br\\\/#\\\/schema\\\/logo\\\/image\\\/\"},\"sameAs\":[\"https:\\\/\\\/www.facebook.com\\\/agenciainclusive\\\/\",\"https:\\\/\\\/www.instagram.com\\\/newsinclusive\\\/\"]},{\"@type\":\"Person\",\"@id\":\"https:\\\/\\\/inclusivenews.com.br\\\/#\\\/schema\\\/person\\\/ae4ec7087559b8692fb33b6fffd2273b\",\"name\":\"inclusivenews2024\",\"image\":{\"@type\":\"ImageObject\",\"inLanguage\":\"pt-PT\",\"@id\":\"https:\\\/\\\/secure.gravatar.com\\\/avatar\\\/c5a7ef84c66fa914f55bc4f7ce26cfa275a3b9a1c5568b907bd184fb4dde7b40?s=96&d=mm&r=g\",\"url\":\"https:\\\/\\\/secure.gravatar.com\\\/avatar\\\/c5a7ef84c66fa914f55bc4f7ce26cfa275a3b9a1c5568b907bd184fb4dde7b40?s=96&d=mm&r=g\",\"contentUrl\":\"https:\\\/\\\/secure.gravatar.com\\\/avatar\\\/c5a7ef84c66fa914f55bc4f7ce26cfa275a3b9a1c5568b907bd184fb4dde7b40?s=96&d=mm&r=g\",\"caption\":\"inclusivenews2024\"},\"sameAs\":[\"https:\\\/\\\/inclusivenews.com.br\"],\"url\":\"https:\\\/\\\/inclusivenews.com.br\\\/?author=1\"}]}<\/script>\n<!-- \/ Yoast SEO plugin. -->","yoast_head_json":{"title":"Livro da Pol\u00edtica Nacional de Humaniza\u00e7\u00e3o \u00e9 lan\u00e7ado -","robots":{"index":"index","follow":"follow","max-snippet":"max-snippet:-1","max-image-preview":"max-image-preview:large","max-video-preview":"max-video-preview:-1"},"canonical":"https:\/\/inclusivenews.com.br\/?p=26595","og_locale":"pt_PT","og_type":"article","og_title":"Livro da Pol\u00edtica Nacional de Humaniza\u00e7\u00e3o \u00e9 lan\u00e7ado -","og_description":"O novo livro da Pol\u00edtica Nacional de Humaniza\u00e7\u00e3o possui mais de 450 p\u00e1ginas e traz conte\u00fado diversificado e discuss\u00f5es atuais sobre temas que envolvem a humaniza\u00e7\u00e3o do parto e nascimento no Brasil. Com 16 artigos cient\u00edficos, sete relatos de experi\u00eancias exitosas e quatro reportagens, os assuntos apresentam desde o hist\u00f3rico do modelo de aten\u00e7\u00e3o ao parto e nascimento , a import\u00e2ncia do apoio institucional nas maternidades, o papel dos movimentos sociais na garantia dos direitos das mulheres e beb\u00eas, o olhar do homem na cena do parto, a experi\u00eancia do parto domiciliar, an\u00e1lises sobre a presen\u00e7a das doulas e o direito ao acompanhante, os diferenciais das parteiras, projetos inovadores na aten\u00e7\u00e3o b\u00e1sica, entre outros temas.","og_url":"https:\/\/inclusivenews.com.br\/?p=26595","article_publisher":"https:\/\/www.facebook.com\/agenciainclusive\/","article_published_time":"2014-06-17T17:49:58+00:00","og_image":[{"url":"http:\/\/1.bp.blogspot.com\/-rCMjG03Waqs\/URQzeCtUq0I\/AAAAAAAAJYc\/VPdc9p-U27M\/s1600\/humaniza-sus-21.jpg","type":"","width":"","height":""}],"author":"inclusivenews2024","twitter_card":"summary_large_image","twitter_misc":{"Escrito por":"inclusivenews2024","Tempo estimado de leitura":"2 minutos"},"schema":{"@context":"https:\/\/schema.org","@graph":[{"@type":"Article","@id":"https:\/\/inclusivenews.com.br\/?p=26595#article","isPartOf":{"@id":"https:\/\/inclusivenews.com.br\/?p=26595"},"author":{"name":"inclusivenews2024","@id":"https:\/\/inclusivenews.com.br\/#\/schema\/person\/ae4ec7087559b8692fb33b6fffd2273b"},"headline":"Livro da Pol\u00edtica Nacional de Humaniza\u00e7\u00e3o \u00e9 lan\u00e7ado","datePublished":"2014-06-17T17:49:58+00:00","mainEntityOfPage":{"@id":"https:\/\/inclusivenews.com.br\/?p=26595"},"wordCount":387,"commentCount":0,"publisher":{"@id":"https:\/\/inclusivenews.com.br\/#organization"},"image":{"@id":"https:\/\/inclusivenews.com.br\/?p=26595#primaryimage"},"thumbnailUrl":"http:\/\/1.bp.blogspot.com\/-rCMjG03Waqs\/URQzeCtUq0I\/AAAAAAAAJYc\/VPdc9p-U27M\/s1600\/humaniza-sus-21.jpg","articleSection":["Cartilhas e manuais","DIREITOS HUMANOS","Downloadables","Sa\u00fade"],"inLanguage":"pt-PT","potentialAction":[{"@type":"CommentAction","name":"Comment","target":["https:\/\/inclusivenews.com.br\/?p=26595#respond"]}]},{"@type":"WebPage","@id":"https:\/\/inclusivenews.com.br\/?p=26595","url":"https:\/\/inclusivenews.com.br\/?p=26595","name":"Livro da Pol\u00edtica Nacional de Humaniza\u00e7\u00e3o \u00e9 lan\u00e7ado -","isPartOf":{"@id":"https:\/\/inclusivenews.com.br\/#website"},"primaryImageOfPage":{"@id":"https:\/\/inclusivenews.com.br\/?p=26595#primaryimage"},"image":{"@id":"https:\/\/inclusivenews.com.br\/?p=26595#primaryimage"},"thumbnailUrl":"http:\/\/1.bp.blogspot.com\/-rCMjG03Waqs\/URQzeCtUq0I\/AAAAAAAAJYc\/VPdc9p-U27M\/s1600\/humaniza-sus-21.jpg","datePublished":"2014-06-17T17:49:58+00:00","breadcrumb":{"@id":"https:\/\/inclusivenews.com.br\/?p=26595#breadcrumb"},"inLanguage":"pt-PT","potentialAction":[{"@type":"ReadAction","target":["https:\/\/inclusivenews.com.br\/?p=26595"]}]},{"@type":"ImageObject","inLanguage":"pt-PT","@id":"https:\/\/inclusivenews.com.br\/?p=26595#primaryimage","url":"http:\/\/1.bp.blogspot.com\/-rCMjG03Waqs\/URQzeCtUq0I\/AAAAAAAAJYc\/VPdc9p-U27M\/s1600\/humaniza-sus-21.jpg","contentUrl":"http:\/\/1.bp.blogspot.com\/-rCMjG03Waqs\/URQzeCtUq0I\/AAAAAAAAJYc\/VPdc9p-U27M\/s1600\/humaniza-sus-21.jpg"},{"@type":"BreadcrumbList","@id":"https:\/\/inclusivenews.com.br\/?p=26595#breadcrumb","itemListElement":[{"@type":"ListItem","position":1,"name":"In\u00edcio","item":"https:\/\/inclusivenews.com.br\/"},{"@type":"ListItem","position":2,"name":"Livro da Pol\u00edtica Nacional de Humaniza\u00e7\u00e3o \u00e9 lan\u00e7ado"}]},{"@type":"WebSite","@id":"https:\/\/inclusivenews.com.br\/#website","url":"https:\/\/inclusivenews.com.br\/","name":"Inclusive News","description":"Inclusive News","publisher":{"@id":"https:\/\/inclusivenews.com.br\/#organization"},"potentialAction":[{"@type":"SearchAction","target":{"@type":"EntryPoint","urlTemplate":"https:\/\/inclusivenews.com.br\/?s={search_term_string}"},"query-input":{"@type":"PropertyValueSpecification","valueRequired":true,"valueName":"search_term_string"}}],"inLanguage":"pt-PT"},{"@type":"Organization","@id":"https:\/\/inclusivenews.com.br\/#organization","name":"Inclusive - inclus\u00e3o e cidadania","url":"https:\/\/inclusivenews.com.br\/","logo":{"@type":"ImageObject","inLanguage":"pt-PT","@id":"https:\/\/inclusivenews.com.br\/#\/schema\/logo\/image\/","url":"https:\/\/inclusivenews.com.br\/wp-content\/uploads\/2024\/03\/@grandesite.png","contentUrl":"https:\/\/inclusivenews.com.br\/wp-content\/uploads\/2024\/03\/@grandesite.png","width":1080,"height":1080,"caption":"Inclusive - inclus\u00e3o e cidadania"},"image":{"@id":"https:\/\/inclusivenews.com.br\/#\/schema\/logo\/image\/"},"sameAs":["https:\/\/www.facebook.com\/agenciainclusive\/","https:\/\/www.instagram.com\/newsinclusive\/"]},{"@type":"Person","@id":"https:\/\/inclusivenews.com.br\/#\/schema\/person\/ae4ec7087559b8692fb33b6fffd2273b","name":"inclusivenews2024","image":{"@type":"ImageObject","inLanguage":"pt-PT","@id":"https:\/\/secure.gravatar.com\/avatar\/c5a7ef84c66fa914f55bc4f7ce26cfa275a3b9a1c5568b907bd184fb4dde7b40?s=96&d=mm&r=g","url":"https:\/\/secure.gravatar.com\/avatar\/c5a7ef84c66fa914f55bc4f7ce26cfa275a3b9a1c5568b907bd184fb4dde7b40?s=96&d=mm&r=g","contentUrl":"https:\/\/secure.gravatar.com\/avatar\/c5a7ef84c66fa914f55bc4f7ce26cfa275a3b9a1c5568b907bd184fb4dde7b40?s=96&d=mm&r=g","caption":"inclusivenews2024"},"sameAs":["https:\/\/inclusivenews.com.br"],"url":"https:\/\/inclusivenews.com.br\/?author=1"}]}},"_links":{"self":[{"href":"https:\/\/inclusivenews.com.br\/index.php?rest_route=\/wp\/v2\/posts\/26595","targetHints":{"allow":["GET"]}}],"collection":[{"href":"https:\/\/inclusivenews.com.br\/index.php?rest_route=\/wp\/v2\/posts"}],"about":[{"href":"https:\/\/inclusivenews.com.br\/index.php?rest_route=\/wp\/v2\/types\/post"}],"author":[{"embeddable":true,"href":"https:\/\/inclusivenews.com.br\/index.php?rest_route=\/wp\/v2\/users\/1"}],"replies":[{"embeddable":true,"href":"https:\/\/inclusivenews.com.br\/index.php?rest_route=%2Fwp%2Fv2%2Fcomments&post=26595"}],"version-history":[{"count":0,"href":"https:\/\/inclusivenews.com.br\/index.php?rest_route=\/wp\/v2\/posts\/26595\/revisions"}],"wp:attachment":[{"href":"https:\/\/inclusivenews.com.br\/index.php?rest_route=%2Fwp%2Fv2%2Fmedia&parent=26595"}],"wp:term":[{"taxonomy":"category","embeddable":true,"href":"https:\/\/inclusivenews.com.br\/index.php?rest_route=%2Fwp%2Fv2%2Fcategories&post=26595"},{"taxonomy":"post_tag","embeddable":true,"href":"https:\/\/inclusivenews.com.br\/index.php?rest_route=%2Fwp%2Fv2%2Ftags&post=26595"}],"curies":[{"name":"wp","href":"https:\/\/api.w.org\/{rel}","templated":true}]}}