{"id":26613,"date":"2014-06-25T10:13:12","date_gmt":"2014-06-25T13:13:12","guid":{"rendered":"http:\/\/www.inclusive.org.br\/?p=26613"},"modified":"2014-06-25T10:13:12","modified_gmt":"2014-06-25T13:13:12","slug":"em-israel-a-escola-democratica-de-hadera-ve-o-respeito-a-liberdade-como-elemento-pedagogico-estruturante","status":"publish","type":"post","link":"https:\/\/inclusivenews.com.br\/?p=26613","title":{"rendered":"Em Israel, a Escola Democr\u00e1tica de Hadera v\u00ea o respeito \u00e0 liberdade como elemento pedag\u00f3gico estruturante"},"content":{"rendered":"<figure style=\"width: 368px\" class=\"wp-caption alignnone\"><img loading=\"lazy\" decoding=\"async\" class=\"  \" alt=\"\" src=\"http:\/\/educacaointegral.org.br\/wp-content\/uploads\/2014\/06\/hadera-14-naamanus-1024x683.jpg\" width=\"368\" height=\"246\" \/><figcaption class=\"wp-caption-text\">Estudantes em atividade na escola. Foto: Naan Stavy\/ Flickr<\/figcaption><\/figure>\n<p><a href=\"http:\/\/educacaointegral.org.br\/experiencias-internacionais\/em-israel-escola-democratica-de-hadera-ve-respeito-a-liberdade-como-elemento-pedagogico-estruturante\/\" target=\"_blank\" rel=\"noopener\"><em>Do Centro de Refer\u00eancias em Educa\u00e7\u00e3o Integral<\/em><\/a><\/p>\n<p>&nbsp;<\/p>\n<p>\u201cA escola n\u00e3o confere liberdade aos seus estudantes, ao contr\u00e1rio, ela n\u00e3o nega a liberdade que nasce junto com cada pessoa. Assim, liberdade n\u00e3o \u00e9 uma aquisi\u00e7\u00e3o e ela n\u00e3o tem pr\u00e9-requisitos a n\u00e3o ser o respeito pelo pr\u00f3ximo e o acordo das regras elaboradas coletivamente.\u201d<\/p>\n<p>Foi a partir deste pressuposto que, em 1987, um grupo de pais e educadores criou uma escola democr\u00e1tica em Hadera, municipalidade do distrito de Haifa, em Israel. A proposta era organizar um espa\u00e7o de ensino que garantisse o direito de escolha do estudante no que e em como aprender, bem como na experi\u00eancia cotidiana de um coletivo democr\u00e1tico. Em funcionamento desde ent\u00e3o, a escola hoje pertence ao sistema educacional israelense e atende crian\u00e7as e jovens de quatro a 18 anos de idade; algumas delas com dificuldades de aprendizagem e com defici\u00eancia e necessidades espec\u00edficas.<\/p>\n<p>A Escola Democr\u00e1tica de Hadera, segundo Yaacov Hecht, um de seus fundadores, deve fazer com que a crian\u00e7a se sinta capaz, sinta que alcan\u00e7ou seus objetivos. E que se ela passa a acreditar em si mesma, ela pode aprender o que quiser, ela sempre abra\u00e7ar\u00e1 o conhecimento. Por isso, todo o sistema \u00e9 organizado de forma a gerar o entusiasmo do aluno pela aprendizagem, acreditando que ele \u00e9 livre em suas escolhas e que os professores est\u00e3o l\u00e1 para apoi\u00e1-lo a concretizar seus desejos.<\/p>\n<p>Liberdade e decis\u00e3o coletiva<\/p>\n<p>Baseada na teoria de pensadores como Jean-Jacques Rousseau, Martin Buber, Carl Rogers, e Janush Korczak, a iniciativa \u00e9 estruturada de forma a garantir que n\u00e3o exista uma cis\u00e3o entre a vida na cidade, em comunidade e a vida escolar. Para isso, todas as decis\u00f5es s\u00e3o tomadas em uma esp\u00e9cie de parlamento, em que pais, educadores e estudantes t\u00eam a mesma voz e o mesmo poder de voto.<\/p>\n<p>Dividida em comit\u00eas, a comunidade escolar \u00e9 respons\u00e1vel pela organiza\u00e7\u00e3o di\u00e1ria de todo o funcionamento da escola, dispondo, inclusive, sobre o or\u00e7amento da institui\u00e7\u00e3o. Juntos, todos decidem como e onde investir, respeitando os projetos individuais de cada estudante e as necessidades do grupo como um todo. Ao mesmo tempo, h\u00e1 um comit\u00ea disciplinar que re\u00fane todos os atores da escola e que tem a responsabilidade de \u201cjulgar\u201d os casos que desrespeitam as normas constru\u00eddas pelo coletivo. Na ideia de promover a justi\u00e7a social como um valor estruturante da aprendizagem, a escola trabalha com estrat\u00e9gias de media\u00e7\u00e3o, buscando que todos participem de processos conciliat\u00f3rios e respons\u00e1veis.<\/p>\n<p>Fortalecida pela Declara\u00e7\u00e3o dos Direitos do Homem, a escola de Hadera respeita o que chama de soberania dos estudantes, apoiando-os a agir de forma aut\u00f4noma. Para isso constr\u00f3i um ambiente colaborativo em que todos s\u00e3o co-respons\u00e1veis e co-part\u00edcipes da vida do outro. Para permitir que os estudantes possam participar ativamente desse processo, a escola desenvolve um curr\u00edculo baseado na autonomia do indiv\u00edduo, convidando-o a agir de forma cr\u00edtica e a tomar decis\u00f5es.<\/p>\n<p>Leia + Yaacov Hecht: \u201cAs crian\u00e7as podem aprender em qualquer lugar da cidade\u201d<\/p>\n<p>Aprendizagem<\/p>\n<p>A exist\u00eancia de disciplinas, classes e turmas \u00e9 substitu\u00edda pela proposta de que o ensino e aprendizagem acontecem em todos os espa\u00e7os da escola, individual e coletivamente. Desde que entram na escola, na etapa equivalente \u00e0 educa\u00e7\u00e3o infantil, os estudantes, em di\u00e1logo com seus educadores, escolhem em quais aulas participam, quais atividades ir\u00e3o realizar e quais espa\u00e7os ir\u00e3o frequentar.<\/p>\n<p>Compreendendo as especificidades de cada fase do desenvolvimento do estudante, as crian\u00e7as e adolescentes s\u00e3o divididas em pr\u00e9-escola e elementar I (de quatro a oito anos de idade), elementar II (de oito a 12 anos) e col\u00e9gio (de 12 a 18 anos). Paralelamente, as crian\u00e7as com necessidades espec\u00edficas e s\u00edndrome de down participam tanto das turmas de sua faixa et\u00e1ria, quanto de segmento complementar, chamado Yahad.<\/p>\n<p>Cada estudante tem um mentor, um professor designado da escola que ir\u00e1 acompanhar seu desenvolvimento, acompanh\u00e1-lo em suas escolhas, motiva\u00e7\u00f5es de aprendizagem e processo avaliativo. Em todo o processo, o aprender fazendo, a aprendizagem por projetos individuais e coletivos e o aprender \u201cerrando\u201d s\u00e3o motiva\u00e7\u00f5es pedag\u00f3gicas constantes.<\/p>\n<p>Assim, da pr\u00e9-escola ao 3\u00ba ano (equivalente ao 2\u00ba brasileiro), as crian\u00e7as transitam livremente pelo pr\u00e9dio respectivo a sua faixa et\u00e1ria e podem escolher entre o espa\u00e7o do brincar, o espa\u00e7o da criatividade (onde podem produzir arte, leitura, opera\u00e7\u00f5es matem\u00e1ticas, etc livremente), o espa\u00e7o do aprender (repleto de livros para que possam estudar sozinhos) e o espa\u00e7o das aulas oferecidas a eles. As aulas, baseadas nos conhecimentos necess\u00e1rios para a leitura, escrita, matem\u00e1tica, humanidades e ci\u00eancias, s\u00e3o organizadas de acordo com as necessidades do grupo e de cada crian\u00e7a. Assim, cada atividade tem um tema espec\u00edfico e contempla um assunto dentro do determinado campo do conhecimento.<\/p>\n<p>Os adultos s\u00e3o os respons\u00e1veis n\u00e3o apenas por pensar e estruturar as aulas oferecidas, mas tamb\u00e9m por articular agentes da comunidade (pais e educadores volunt\u00e1rios) que possam apoiar as necessidades das crian\u00e7as. Todo o processo \u00e9 negociado e a crian\u00e7a se desenvolve em seu pr\u00f3prio ritmo, de acordo com a motiva\u00e7\u00e3o que tem em aprender determinado conhecimento. Por exemplo, quando um estudante quer ler uma hist\u00f3ria, ele precisa, conseguir compreender as letras, as s\u00edlabas, as palavras. Portanto, ele, a partir do seu desejo, ir\u00e1 participar das aulas e atividades que o apoiem nesse processo.<\/p>\n<p>Na etapa elementar, as crian\u00e7as podem escolher entre espa\u00e7os de criatividade e costumiza\u00e7\u00e3o (para artes e performances), \u00e1reas de descanso e conversa\u00e7\u00e3o, al\u00e9m das aulas de conte\u00fados e espa\u00e7os de estudo independente e de encontro com seus mentores. Al\u00e9m disso, eles s\u00e3o convidados a participar da cozinha escolar, e junto aos educadores organizam a alimenta\u00e7\u00e3o de todos os estudantes da escola.<\/p>\n<p>No col\u00e9gio, equivalente aos ensinos fundamental II e m\u00e9dio no Brasil, os estudantes s\u00e3o convidados a participar de diferentes \u201cespa\u00e7os de viv\u00eancia\u201d, como espa\u00e7o de constru\u00e7\u00e3o colaborativa, espa\u00e7os de comit\u00eas (gest\u00e3o escolar), parlamento, campo de esportes, centros de aprendizagem e o \u201cp\u00e1tio escolar\u201d, onde, segundo a escola, as maiores aprendizagens acontecem. L\u00e1 os estudantes podem ensinar seus colegas, conversar, escutar m\u00fasica, discutir a pol\u00edtica local, ler um livro, \u2026, experimentar a vida com todos os conhecimentos integrados.<\/p>\n<p>Nas aulas da turma Yahad, que atende jovens dos 18 aos 21 anos de idade, os estudantes participam de todas as atividades da turma, e ainda de atividades espec\u00edficas, com aulas com curr\u00edculo adaptado \u00e0s necessidades espec\u00edficas que apresentam, com foco em apoi\u00e1-los a ter uma vida independente, com especial aten\u00e7\u00e3o \u00e0 vida social, familiar, al\u00e9m de aspectos do mundo do trabalho e sexualidade. Uma vez por semana, os estudantes participam de atividades pr\u00e1ticas trabalhando em um Kibbutz da regi\u00e3o.<\/p>\n<p>Al\u00e9m dos espa\u00e7os destinados \u00e0s turmas, a escola conta com um Centro de Projetos, Iniciativas e Aprendizagem que apoia os estudantes para que suas ideias \u2013 pr\u00e1ticas ou te\u00f3ricas \u2013 possam ser concretizadas. Neste espa\u00e7o, os alunos aprendem e discutem como colocar em pr\u00e1tica suas propostas, que muitas vezes contam tamb\u00e9m com apoio e interlocu\u00e7\u00e3o de pessoas de fora da comunidade escolar.<\/p>\n<p>H\u00e1 tamb\u00e9m um centro de artes, para que os estudantes possam consolidar seus conhecimentos em artes sozinhos ou em grupo, um centro de fotografia, para que os interessados possam aprimorar a linguagem ou se familiarizar com ela, um centro de m\u00fasica, para que os estudantes conhe\u00e7am as ferramentas necess\u00e1rias para se aproximar do tema, tocar um instrumento ou ainda montar uma banda, uma biblioteca, um centro de carpintaria, e um centro de ci\u00eancias, com laborat\u00f3rios, duas salas de aula, um centro de leitura, uma estufa e um pequeno zool\u00f3gico.<\/p>\n<p>Em todos os ambientes especiais, os estudantes de diferentes idades transitam livremente e s\u00e3o convidados a colaborar juntos, ora participando de aulas espec\u00edficas, estudando, desenvolvendo projetos ou simplesmente estudando.<\/p>\n<p>Avalia\u00e7\u00e3o<\/p>\n<p>E, novamente seguindo a perspectiva da autonomia, todos os processos s\u00e3o avaliados continuamente em uma constru\u00e7\u00e3o dial\u00f3gica entre o educando e seu mentor, professor de refer\u00eancia. O estudante se autoavalia e objetiva novas metas para alcan\u00e7ar ou objetivos para rever.<\/p>\n<p>Principais resultados<\/p>\n<p>Todas essas atividades foram constru\u00eddas ao longo do tempo e sistematizadas com o objetivo de alcan\u00e7ar novas escolas, e viabilizar outros modelos educacionais. Dada a solidez da proposta, a Escola Democr\u00e1tica de Hadera se tornou um exemplo nacional e internacional pela reformula\u00e7\u00e3o da estrutura escolar e foi, inclusive, em 1993, palco da primeira confer\u00eancia internacional sobre o tema. A atividade acontece anualmente, sediada cada vez por um pa\u00eds diferente.<\/p>\n<p>Com o passar dos anos, a escola foi reconhecida pelo governo e passou a integrar o sistema nacional de educa\u00e7\u00e3o, dando espa\u00e7o para outras escolas ao seu molde, respeitando as especificidades de cada comunidade. Yaacov Hecht, um dos respons\u00e1veis pela iniciativa, hoje, coordena uma rede de 26 escolas, em 12 cidades de Israel. A proposta ainda avan\u00e7ou para a concep\u00e7\u00e3o de cidades educadoras, mobilizando a rela\u00e7\u00e3o entre as unidades e a comunidade do entorno.<\/p>\n<p>Em Hadera, por exemplo, foram constru\u00eddos centros de aprendizado que atuavam junto ao poder p\u00fablico, seguindo as metas estipuladas pelo prefeito da cidade. Essas metas foram levadas at\u00e9 os estudantes, mostrando quais espa\u00e7os seriam constru\u00eddos pela prefeitura e quais j\u00e1 existiam e poderiam ser utilizados pelas crian\u00e7as e jovens. Como um dos resultados, na mesma cidade h\u00e1 hoje uma usina el\u00e9trica onde funciona um centro de aprendizagem no qual todos que desejam aprender eletricidade \u201cverde\u201d podem recorrer a ela.<\/p>\n<p>Veja o v\u00eddeo com a explica\u00e7\u00e3o de Yaacov Hecht sobre educa\u00e7\u00e3o democr\u00e1tica:<\/p>\n<p><iframe loading=\"lazy\" src=\"\/\/www.youtube.com\/embed\/OX3fgx2ASGg?feature=player_embedded\" height=\"180\" width=\"320\" allowfullscreen=\"\" frameborder=\"0\"><\/iframe><\/p>\n","protected":false},"excerpt":{"rendered":"<p>Reportagem do Centro de Refer\u00eancia em Educa\u00e7\u00e3o Integral mostra a experi\u00eancia de educa\u00e7\u00e3o democr\u00e1tica da Escola Democr\u00e1tica de Hadera, em Israel.<\/p>\n","protected":false},"author":1,"featured_media":0,"comment_status":"open","ping_status":"open","sticky":false,"template":"","format":"standard","meta":{"site-container-style":"default","site-container-layout":"default","site-sidebar-layout":"default","disable-article-header":"default","disable-site-header":"default","disable-site-footer":"default","disable-content-area-spacing":"default","footnotes":""},"categories":[6,33],"tags":[],"class_list":["post-26613","post","type-post","status-publish","format-standard","hentry","category-educacao","category-reportagem"],"yoast_head":"<!-- This site is optimized with the Yoast SEO plugin v27.4 - https:\/\/yoast.com\/product\/yoast-seo-wordpress\/ -->\n<title>Em Israel, a Escola Democr\u00e1tica de Hadera v\u00ea o respeito \u00e0 liberdade como elemento pedag\u00f3gico estruturante -<\/title>\n<meta name=\"robots\" content=\"index, follow, max-snippet:-1, max-image-preview:large, max-video-preview:-1\" \/>\n<link rel=\"canonical\" href=\"https:\/\/inclusivenews.com.br\/?p=26613\" \/>\n<meta property=\"og:locale\" content=\"pt_PT\" \/>\n<meta property=\"og:type\" content=\"article\" \/>\n<meta property=\"og:title\" content=\"Em Israel, a Escola Democr\u00e1tica de Hadera v\u00ea o respeito \u00e0 liberdade como elemento pedag\u00f3gico estruturante -\" \/>\n<meta property=\"og:description\" content=\"Reportagem do Centro de Refer\u00eancia em Educa\u00e7\u00e3o Integral mostra a experi\u00eancia de educa\u00e7\u00e3o democr\u00e1tica da Escola Democr\u00e1tica de Hadera, em Israel.\" \/>\n<meta property=\"og:url\" content=\"https:\/\/inclusivenews.com.br\/?p=26613\" \/>\n<meta property=\"article:publisher\" content=\"https:\/\/www.facebook.com\/agenciainclusive\/\" \/>\n<meta property=\"article:published_time\" content=\"2014-06-25T13:13:12+00:00\" \/>\n<meta property=\"og:image\" content=\"http:\/\/educacaointegral.org.br\/wp-content\/uploads\/2014\/06\/hadera-14-naamanus-1024x683.jpg\" \/>\n<meta name=\"author\" content=\"inclusivenews2024\" \/>\n<meta name=\"twitter:card\" content=\"summary_large_image\" \/>\n<meta name=\"twitter:label1\" content=\"Escrito por\" \/>\n\t<meta name=\"twitter:data1\" content=\"inclusivenews2024\" \/>\n\t<meta name=\"twitter:label2\" content=\"Tempo estimado de leitura\" \/>\n\t<meta name=\"twitter:data2\" content=\"9 minutos\" \/>\n<script type=\"application\/ld+json\" class=\"yoast-schema-graph\">{\"@context\":\"https:\\\/\\\/schema.org\",\"@graph\":[{\"@type\":\"Article\",\"@id\":\"https:\\\/\\\/inclusivenews.com.br\\\/?p=26613#article\",\"isPartOf\":{\"@id\":\"https:\\\/\\\/inclusivenews.com.br\\\/?p=26613\"},\"author\":{\"name\":\"inclusivenews2024\",\"@id\":\"https:\\\/\\\/inclusivenews.com.br\\\/#\\\/schema\\\/person\\\/ae4ec7087559b8692fb33b6fffd2273b\"},\"headline\":\"Em Israel, a Escola Democr\u00e1tica de Hadera v\u00ea o respeito \u00e0 liberdade como elemento pedag\u00f3gico estruturante\",\"datePublished\":\"2014-06-25T13:13:12+00:00\",\"mainEntityOfPage\":{\"@id\":\"https:\\\/\\\/inclusivenews.com.br\\\/?p=26613\"},\"wordCount\":1728,\"commentCount\":0,\"publisher\":{\"@id\":\"https:\\\/\\\/inclusivenews.com.br\\\/#organization\"},\"image\":{\"@id\":\"https:\\\/\\\/inclusivenews.com.br\\\/?p=26613#primaryimage\"},\"thumbnailUrl\":\"http:\\\/\\\/educacaointegral.org.br\\\/wp-content\\\/uploads\\\/2014\\\/06\\\/hadera-14-naamanus-1024x683.jpg\",\"articleSection\":[\"EDUCA\u00c7\u00c3O\",\"Reportagem\"],\"inLanguage\":\"pt-PT\",\"potentialAction\":[{\"@type\":\"CommentAction\",\"name\":\"Comment\",\"target\":[\"https:\\\/\\\/inclusivenews.com.br\\\/?p=26613#respond\"]}]},{\"@type\":\"WebPage\",\"@id\":\"https:\\\/\\\/inclusivenews.com.br\\\/?p=26613\",\"url\":\"https:\\\/\\\/inclusivenews.com.br\\\/?p=26613\",\"name\":\"Em Israel, a Escola Democr\u00e1tica de Hadera v\u00ea o respeito \u00e0 liberdade como elemento pedag\u00f3gico estruturante -\",\"isPartOf\":{\"@id\":\"https:\\\/\\\/inclusivenews.com.br\\\/#website\"},\"primaryImageOfPage\":{\"@id\":\"https:\\\/\\\/inclusivenews.com.br\\\/?p=26613#primaryimage\"},\"image\":{\"@id\":\"https:\\\/\\\/inclusivenews.com.br\\\/?p=26613#primaryimage\"},\"thumbnailUrl\":\"http:\\\/\\\/educacaointegral.org.br\\\/wp-content\\\/uploads\\\/2014\\\/06\\\/hadera-14-naamanus-1024x683.jpg\",\"datePublished\":\"2014-06-25T13:13:12+00:00\",\"breadcrumb\":{\"@id\":\"https:\\\/\\\/inclusivenews.com.br\\\/?p=26613#breadcrumb\"},\"inLanguage\":\"pt-PT\",\"potentialAction\":[{\"@type\":\"ReadAction\",\"target\":[\"https:\\\/\\\/inclusivenews.com.br\\\/?p=26613\"]}]},{\"@type\":\"ImageObject\",\"inLanguage\":\"pt-PT\",\"@id\":\"https:\\\/\\\/inclusivenews.com.br\\\/?p=26613#primaryimage\",\"url\":\"http:\\\/\\\/educacaointegral.org.br\\\/wp-content\\\/uploads\\\/2014\\\/06\\\/hadera-14-naamanus-1024x683.jpg\",\"contentUrl\":\"http:\\\/\\\/educacaointegral.org.br\\\/wp-content\\\/uploads\\\/2014\\\/06\\\/hadera-14-naamanus-1024x683.jpg\"},{\"@type\":\"BreadcrumbList\",\"@id\":\"https:\\\/\\\/inclusivenews.com.br\\\/?p=26613#breadcrumb\",\"itemListElement\":[{\"@type\":\"ListItem\",\"position\":1,\"name\":\"In\u00edcio\",\"item\":\"https:\\\/\\\/inclusivenews.com.br\\\/\"},{\"@type\":\"ListItem\",\"position\":2,\"name\":\"Em Israel, a Escola Democr\u00e1tica de Hadera v\u00ea o respeito \u00e0 liberdade como elemento pedag\u00f3gico estruturante\"}]},{\"@type\":\"WebSite\",\"@id\":\"https:\\\/\\\/inclusivenews.com.br\\\/#website\",\"url\":\"https:\\\/\\\/inclusivenews.com.br\\\/\",\"name\":\"Inclusive News\",\"description\":\"Inclusive News\",\"publisher\":{\"@id\":\"https:\\\/\\\/inclusivenews.com.br\\\/#organization\"},\"potentialAction\":[{\"@type\":\"SearchAction\",\"target\":{\"@type\":\"EntryPoint\",\"urlTemplate\":\"https:\\\/\\\/inclusivenews.com.br\\\/?s={search_term_string}\"},\"query-input\":{\"@type\":\"PropertyValueSpecification\",\"valueRequired\":true,\"valueName\":\"search_term_string\"}}],\"inLanguage\":\"pt-PT\"},{\"@type\":\"Organization\",\"@id\":\"https:\\\/\\\/inclusivenews.com.br\\\/#organization\",\"name\":\"Inclusive - inclus\u00e3o e cidadania\",\"url\":\"https:\\\/\\\/inclusivenews.com.br\\\/\",\"logo\":{\"@type\":\"ImageObject\",\"inLanguage\":\"pt-PT\",\"@id\":\"https:\\\/\\\/inclusivenews.com.br\\\/#\\\/schema\\\/logo\\\/image\\\/\",\"url\":\"https:\\\/\\\/inclusivenews.com.br\\\/wp-content\\\/uploads\\\/2024\\\/03\\\/@grandesite.png\",\"contentUrl\":\"https:\\\/\\\/inclusivenews.com.br\\\/wp-content\\\/uploads\\\/2024\\\/03\\\/@grandesite.png\",\"width\":1080,\"height\":1080,\"caption\":\"Inclusive - inclus\u00e3o e cidadania\"},\"image\":{\"@id\":\"https:\\\/\\\/inclusivenews.com.br\\\/#\\\/schema\\\/logo\\\/image\\\/\"},\"sameAs\":[\"https:\\\/\\\/www.facebook.com\\\/agenciainclusive\\\/\",\"https:\\\/\\\/www.instagram.com\\\/newsinclusive\\\/\"]},{\"@type\":\"Person\",\"@id\":\"https:\\\/\\\/inclusivenews.com.br\\\/#\\\/schema\\\/person\\\/ae4ec7087559b8692fb33b6fffd2273b\",\"name\":\"inclusivenews2024\",\"image\":{\"@type\":\"ImageObject\",\"inLanguage\":\"pt-PT\",\"@id\":\"https:\\\/\\\/secure.gravatar.com\\\/avatar\\\/c5a7ef84c66fa914f55bc4f7ce26cfa275a3b9a1c5568b907bd184fb4dde7b40?s=96&d=mm&r=g\",\"url\":\"https:\\\/\\\/secure.gravatar.com\\\/avatar\\\/c5a7ef84c66fa914f55bc4f7ce26cfa275a3b9a1c5568b907bd184fb4dde7b40?s=96&d=mm&r=g\",\"contentUrl\":\"https:\\\/\\\/secure.gravatar.com\\\/avatar\\\/c5a7ef84c66fa914f55bc4f7ce26cfa275a3b9a1c5568b907bd184fb4dde7b40?s=96&d=mm&r=g\",\"caption\":\"inclusivenews2024\"},\"sameAs\":[\"https:\\\/\\\/inclusivenews.com.br\"],\"url\":\"https:\\\/\\\/inclusivenews.com.br\\\/?author=1\"}]}<\/script>\n<!-- \/ Yoast SEO plugin. -->","yoast_head_json":{"title":"Em Israel, a Escola Democr\u00e1tica de Hadera v\u00ea o respeito \u00e0 liberdade como elemento pedag\u00f3gico estruturante -","robots":{"index":"index","follow":"follow","max-snippet":"max-snippet:-1","max-image-preview":"max-image-preview:large","max-video-preview":"max-video-preview:-1"},"canonical":"https:\/\/inclusivenews.com.br\/?p=26613","og_locale":"pt_PT","og_type":"article","og_title":"Em Israel, a Escola Democr\u00e1tica de Hadera v\u00ea o respeito \u00e0 liberdade como elemento pedag\u00f3gico estruturante -","og_description":"Reportagem do Centro de Refer\u00eancia em Educa\u00e7\u00e3o Integral mostra a experi\u00eancia de educa\u00e7\u00e3o democr\u00e1tica da Escola Democr\u00e1tica de Hadera, em Israel.","og_url":"https:\/\/inclusivenews.com.br\/?p=26613","article_publisher":"https:\/\/www.facebook.com\/agenciainclusive\/","article_published_time":"2014-06-25T13:13:12+00:00","og_image":[{"url":"http:\/\/educacaointegral.org.br\/wp-content\/uploads\/2014\/06\/hadera-14-naamanus-1024x683.jpg","type":"","width":"","height":""}],"author":"inclusivenews2024","twitter_card":"summary_large_image","twitter_misc":{"Escrito por":"inclusivenews2024","Tempo estimado de leitura":"9 minutos"},"schema":{"@context":"https:\/\/schema.org","@graph":[{"@type":"Article","@id":"https:\/\/inclusivenews.com.br\/?p=26613#article","isPartOf":{"@id":"https:\/\/inclusivenews.com.br\/?p=26613"},"author":{"name":"inclusivenews2024","@id":"https:\/\/inclusivenews.com.br\/#\/schema\/person\/ae4ec7087559b8692fb33b6fffd2273b"},"headline":"Em Israel, a Escola Democr\u00e1tica de Hadera v\u00ea o respeito \u00e0 liberdade como elemento pedag\u00f3gico estruturante","datePublished":"2014-06-25T13:13:12+00:00","mainEntityOfPage":{"@id":"https:\/\/inclusivenews.com.br\/?p=26613"},"wordCount":1728,"commentCount":0,"publisher":{"@id":"https:\/\/inclusivenews.com.br\/#organization"},"image":{"@id":"https:\/\/inclusivenews.com.br\/?p=26613#primaryimage"},"thumbnailUrl":"http:\/\/educacaointegral.org.br\/wp-content\/uploads\/2014\/06\/hadera-14-naamanus-1024x683.jpg","articleSection":["EDUCA\u00c7\u00c3O","Reportagem"],"inLanguage":"pt-PT","potentialAction":[{"@type":"CommentAction","name":"Comment","target":["https:\/\/inclusivenews.com.br\/?p=26613#respond"]}]},{"@type":"WebPage","@id":"https:\/\/inclusivenews.com.br\/?p=26613","url":"https:\/\/inclusivenews.com.br\/?p=26613","name":"Em Israel, a Escola Democr\u00e1tica de Hadera v\u00ea o respeito \u00e0 liberdade como elemento pedag\u00f3gico estruturante -","isPartOf":{"@id":"https:\/\/inclusivenews.com.br\/#website"},"primaryImageOfPage":{"@id":"https:\/\/inclusivenews.com.br\/?p=26613#primaryimage"},"image":{"@id":"https:\/\/inclusivenews.com.br\/?p=26613#primaryimage"},"thumbnailUrl":"http:\/\/educacaointegral.org.br\/wp-content\/uploads\/2014\/06\/hadera-14-naamanus-1024x683.jpg","datePublished":"2014-06-25T13:13:12+00:00","breadcrumb":{"@id":"https:\/\/inclusivenews.com.br\/?p=26613#breadcrumb"},"inLanguage":"pt-PT","potentialAction":[{"@type":"ReadAction","target":["https:\/\/inclusivenews.com.br\/?p=26613"]}]},{"@type":"ImageObject","inLanguage":"pt-PT","@id":"https:\/\/inclusivenews.com.br\/?p=26613#primaryimage","url":"http:\/\/educacaointegral.org.br\/wp-content\/uploads\/2014\/06\/hadera-14-naamanus-1024x683.jpg","contentUrl":"http:\/\/educacaointegral.org.br\/wp-content\/uploads\/2014\/06\/hadera-14-naamanus-1024x683.jpg"},{"@type":"BreadcrumbList","@id":"https:\/\/inclusivenews.com.br\/?p=26613#breadcrumb","itemListElement":[{"@type":"ListItem","position":1,"name":"In\u00edcio","item":"https:\/\/inclusivenews.com.br\/"},{"@type":"ListItem","position":2,"name":"Em Israel, a Escola Democr\u00e1tica de Hadera v\u00ea o respeito \u00e0 liberdade como elemento pedag\u00f3gico estruturante"}]},{"@type":"WebSite","@id":"https:\/\/inclusivenews.com.br\/#website","url":"https:\/\/inclusivenews.com.br\/","name":"Inclusive News","description":"Inclusive News","publisher":{"@id":"https:\/\/inclusivenews.com.br\/#organization"},"potentialAction":[{"@type":"SearchAction","target":{"@type":"EntryPoint","urlTemplate":"https:\/\/inclusivenews.com.br\/?s={search_term_string}"},"query-input":{"@type":"PropertyValueSpecification","valueRequired":true,"valueName":"search_term_string"}}],"inLanguage":"pt-PT"},{"@type":"Organization","@id":"https:\/\/inclusivenews.com.br\/#organization","name":"Inclusive - inclus\u00e3o e cidadania","url":"https:\/\/inclusivenews.com.br\/","logo":{"@type":"ImageObject","inLanguage":"pt-PT","@id":"https:\/\/inclusivenews.com.br\/#\/schema\/logo\/image\/","url":"https:\/\/inclusivenews.com.br\/wp-content\/uploads\/2024\/03\/@grandesite.png","contentUrl":"https:\/\/inclusivenews.com.br\/wp-content\/uploads\/2024\/03\/@grandesite.png","width":1080,"height":1080,"caption":"Inclusive - inclus\u00e3o e cidadania"},"image":{"@id":"https:\/\/inclusivenews.com.br\/#\/schema\/logo\/image\/"},"sameAs":["https:\/\/www.facebook.com\/agenciainclusive\/","https:\/\/www.instagram.com\/newsinclusive\/"]},{"@type":"Person","@id":"https:\/\/inclusivenews.com.br\/#\/schema\/person\/ae4ec7087559b8692fb33b6fffd2273b","name":"inclusivenews2024","image":{"@type":"ImageObject","inLanguage":"pt-PT","@id":"https:\/\/secure.gravatar.com\/avatar\/c5a7ef84c66fa914f55bc4f7ce26cfa275a3b9a1c5568b907bd184fb4dde7b40?s=96&d=mm&r=g","url":"https:\/\/secure.gravatar.com\/avatar\/c5a7ef84c66fa914f55bc4f7ce26cfa275a3b9a1c5568b907bd184fb4dde7b40?s=96&d=mm&r=g","contentUrl":"https:\/\/secure.gravatar.com\/avatar\/c5a7ef84c66fa914f55bc4f7ce26cfa275a3b9a1c5568b907bd184fb4dde7b40?s=96&d=mm&r=g","caption":"inclusivenews2024"},"sameAs":["https:\/\/inclusivenews.com.br"],"url":"https:\/\/inclusivenews.com.br\/?author=1"}]}},"_links":{"self":[{"href":"https:\/\/inclusivenews.com.br\/index.php?rest_route=\/wp\/v2\/posts\/26613","targetHints":{"allow":["GET"]}}],"collection":[{"href":"https:\/\/inclusivenews.com.br\/index.php?rest_route=\/wp\/v2\/posts"}],"about":[{"href":"https:\/\/inclusivenews.com.br\/index.php?rest_route=\/wp\/v2\/types\/post"}],"author":[{"embeddable":true,"href":"https:\/\/inclusivenews.com.br\/index.php?rest_route=\/wp\/v2\/users\/1"}],"replies":[{"embeddable":true,"href":"https:\/\/inclusivenews.com.br\/index.php?rest_route=%2Fwp%2Fv2%2Fcomments&post=26613"}],"version-history":[{"count":0,"href":"https:\/\/inclusivenews.com.br\/index.php?rest_route=\/wp\/v2\/posts\/26613\/revisions"}],"wp:attachment":[{"href":"https:\/\/inclusivenews.com.br\/index.php?rest_route=%2Fwp%2Fv2%2Fmedia&parent=26613"}],"wp:term":[{"taxonomy":"category","embeddable":true,"href":"https:\/\/inclusivenews.com.br\/index.php?rest_route=%2Fwp%2Fv2%2Fcategories&post=26613"},{"taxonomy":"post_tag","embeddable":true,"href":"https:\/\/inclusivenews.com.br\/index.php?rest_route=%2Fwp%2Fv2%2Ftags&post=26613"}],"curies":[{"name":"wp","href":"https:\/\/api.w.org\/{rel}","templated":true}]}}