{"id":26616,"date":"2014-06-25T10:15:26","date_gmt":"2014-06-25T13:15:26","guid":{"rendered":"http:\/\/www.inclusive.org.br\/?p=26616"},"modified":"2014-06-25T10:15:26","modified_gmt":"2014-06-25T13:15:26","slug":"o-que-e-educacao-de-qualidade","status":"publish","type":"post","link":"https:\/\/inclusivenews.com.br\/?p=26616","title":{"rendered":"O que \u00e9 educa\u00e7\u00e3o de qualidade?"},"content":{"rendered":"<blockquote><p><em>Qualidade, associada \u00e0 educa\u00e7\u00e3o, \u00e9 entendida e trabalhada de muitas maneiras. Texto traduzido pelo Portal Aprendiz discute (com muita qualidade) estas quest\u00f5es.<\/em><\/p><\/blockquote>\n<p><img loading=\"lazy\" decoding=\"async\" class=\"alignnone\" alt=\"R\u00e9gua\" src=\"https:\/\/encrypted-tbn1.gstatic.com\/images?q=tbn:ANd9GcR5oJgBNeV85Ka0LK5NPGemrzZtcV2eIGa4hPlNcgBrufBG5O79fA\" width=\"331\" height=\"152\" \/><\/p>\n<p><em>Por\u00a0Rosa Maria Torres, no <a href=\"http:\/\/portal.aprendiz.uol.com.br\/2014\/06\/18\/o-que-e-educacao-de-qualidade\/\" target=\"_blank\" rel=\"noopener\">Portal Aprendiz<\/a><\/em><\/p>\n<p>Qualidade, associada \u00e0 educa\u00e7\u00e3o, \u00e9 entendida e trabalhada de muitas maneiras. A maior parte da popula\u00e7\u00e3o opina (muitas vezes induzida pelo governo, empresa privada ou por opini\u00f5es alheias) desconhecendo a abundante pesquisa e os acalorados debates s\u00e9rios que acontecem h\u00e1 v\u00e1rias d\u00e9cadas na Am\u00e9rica Latina e no mundo.<\/p>\n<p>As fam\u00edlias e os pol\u00edticos tendem a se ater ao que est\u00e1 logo \u00e0 vista: a infraestrutura. Assumem \u2013 equivocadamente \u2013 que se o pr\u00e9dio \u00e9 moderno, a educa\u00e7\u00e3o no seu interior \u00e9 boa. E, ao contr\u00e1rio: se o lugar \u00e9 prec\u00e1rio ou a educa\u00e7\u00e3o se faz ao ar livre, presumem \u2013 erroneamente \u2013 que a educa\u00e7\u00e3o \u00e9 m\u00e1.<\/p>\n<p>Ultimamente, as tecnologias s\u00e3o cobi\u00e7adas: ter computadores e internet na escola \u00e9 sin\u00f4nimo de modernidade (ainda que usem pouco ou mal) e de emprego no futuro. N\u00e3o obstante, se pode fazer uma educa\u00e7\u00e3o p\u00e9ssima em meio aos aparatos eletr\u00f4nicos e uma educa\u00e7\u00e3o excelente sem cabos, mais pr\u00f3xima das pessoas e da natureza. A Finl\u00e2ndia \u00e9 um exemplo de um modelo escolar com um perfil tecnol\u00f3gico baixo.<\/p>\n<p>A avalia\u00e7\u00e3o est\u00e1 na moda. Muitos creem que quanto mais avalia\u00e7\u00e3o \u2013 de alunos, docentes, estabelecimentos etc. \u2013 melhor. Isso n\u00e3o \u00e9 necessariamente assim. Existem muitas avalia\u00e7\u00f5es mal pensadas e mal feitas, cujos resultados n\u00e3o revelam nada de significativo e nem levam a reparos. A culpa sempre \u00e9 colocada nos avaliados, nunca nos avaliadores. A avalia\u00e7\u00e3o distrai do importante: a aprendizagem. Ao tirar o prazer da leitura e do estudo, p\u00f5e uma tens\u00e3o enorme nos alunos, professores e escolas, fomenta a competi\u00e7\u00e3o e o engano. Estudar para uma prova n\u00e3o \u00e9 aprender.<\/p>\n<p>Tamb\u00e9m \u00e9 difundida a ideia de que a educa\u00e7\u00e3o p\u00fablica \u00e9 ruim e a privada boa. H\u00e1, no entanto, p\u00e9ssima educa\u00e7\u00e3o privada (mesmo se \u00e9 muito cara) e boa educa\u00e7\u00e3o p\u00fablica. Muitos \u2013 pobres e ricos \u2013 dizem que \u00e9 boa a escola que oferece uma segunda l\u00edngua prestigiosa. Ainda assim, o importante \u00e9 que os alunos aprendam primeiro em sua pr\u00f3pria l\u00edngua. Isso \u00e9 um direito e elemento essencial de uma educa\u00e7\u00e3o de qualidade.<\/p>\n<p>Para os pobres, muitas vezes, a qualidade da escola passa simplesmente por uma comida segura por dia, um professor ou uma professora que n\u00e3o falte, que n\u00e3o maltrate muito e que, oxal\u00e1, ao menos entenda a l\u00edngua dos alunos.<\/p>\n<p>Costuma haver grande dist\u00e2ncia entre realidades e percep\u00e7\u00f5es: na Am\u00e9rica Latina essa dist\u00e2ncia \u00e9 enorme. H\u00e1 excessiva satisfa\u00e7\u00e3o com uma educa\u00e7\u00e3o de m\u00e1 qualidade e baixos resultados de aprendizagem. Quanto menor o n\u00edvel educacional, mais satisfeitas e mais conformadas as pessoas estar\u00e3o com o sistema escolar. Por isso, n\u00e3o cabe confiar na opini\u00e3o como crit\u00e9rio para identificar a qualidade da educa\u00e7\u00e3o.<\/p>\n<p>Muitos poucos se preocupam e se ocupam do mais importante que \u00e9 como se ensina; o que e como se aprende; o que, como e para que se avalia. O afeto, o interesse, o amor pela leitura, o gosto de aprender e a aus\u00eancia de medo s\u00e3o ingredientes indispens\u00e1veis para uma educa\u00e7\u00e3o de qualidade em qualquer idade.<\/p>\n<p>Avan\u00e7ar na dire\u00e7\u00e3o de uma educa\u00e7\u00e3o de qualidade implica, justamente, que a cidadania se informe melhor a fim de saber por que e como reivindic\u00e1-la.<\/p>\n<p><a href=\"http:\/\/otra-educacion.blogspot.com.br\/2014\/03\/que-es-una-educacion-de-calidad.html\">Leia o artigo na \u00edntegra.<\/a><\/p>\n<p>&nbsp;<\/p>\n<p>*\u00a0Rosa Maria Torres \u00e9 pedagoga, linguista, ativista social e assessora internacional em temas ligados \u00e0 educa\u00e7\u00e3o. Foi ministra da Educa\u00e7\u00e3o e Culturas do Equador. Escreve periodicamente no blog Otra Educaci\u00f3n. Siga no Twitter: @rosamariatorres<\/p>\n","protected":false},"excerpt":{"rendered":"<p>Qualidade, associada \u00e0 educa\u00e7\u00e3o, \u00e9 entendida e trabalhada de muitas maneiras. A maior parte da popula\u00e7\u00e3o opina (muitas vezes induzida pelo governo, empresa privada ou por opini\u00f5es alheias) desconhecendo a abundante pesquisa e os acalorados debates s\u00e9rios que acontecem h\u00e1 v\u00e1rias d\u00e9cadas na Am\u00e9rica Latina e no mundo. Texto traduzido pelo Portal Aprendiz.<\/p>\n","protected":false},"author":1,"featured_media":0,"comment_status":"open","ping_status":"open","sticky":false,"template":"","format":"standard","meta":{"site-container-style":"default","site-container-layout":"default","site-sidebar-layout":"default","disable-article-header":"default","disable-site-header":"default","disable-site-footer":"default","disable-content-area-spacing":"default","footnotes":""},"categories":[4],"tags":[],"class_list":["post-26616","post","type-post","status-publish","format-standard","hentry","category-noticias"],"yoast_head":"<!-- This site is optimized with the Yoast SEO plugin v27.4 - https:\/\/yoast.com\/product\/yoast-seo-wordpress\/ -->\n<title>O que \u00e9 educa\u00e7\u00e3o de qualidade? -<\/title>\n<meta name=\"robots\" content=\"index, follow, max-snippet:-1, max-image-preview:large, max-video-preview:-1\" \/>\n<link rel=\"canonical\" href=\"https:\/\/inclusivenews.com.br\/?p=26616\" \/>\n<meta property=\"og:locale\" content=\"pt_PT\" \/>\n<meta property=\"og:type\" content=\"article\" \/>\n<meta property=\"og:title\" content=\"O que \u00e9 educa\u00e7\u00e3o de qualidade? -\" \/>\n<meta property=\"og:description\" content=\"Qualidade, associada \u00e0 educa\u00e7\u00e3o, \u00e9 entendida e trabalhada de muitas maneiras. A maior parte da popula\u00e7\u00e3o opina (muitas vezes induzida pelo governo, empresa privada ou por opini\u00f5es alheias) desconhecendo a abundante pesquisa e os acalorados debates s\u00e9rios que acontecem h\u00e1 v\u00e1rias d\u00e9cadas na Am\u00e9rica Latina e no mundo. Texto traduzido pelo Portal Aprendiz.\" \/>\n<meta property=\"og:url\" content=\"https:\/\/inclusivenews.com.br\/?p=26616\" \/>\n<meta property=\"article:publisher\" content=\"https:\/\/www.facebook.com\/agenciainclusive\/\" \/>\n<meta property=\"article:published_time\" content=\"2014-06-25T13:15:26+00:00\" \/>\n<meta property=\"og:image\" content=\"https:\/\/encrypted-tbn1.gstatic.com\/images?q=tbn:ANd9GcR5oJgBNeV85Ka0LK5NPGemrzZtcV2eIGa4hPlNcgBrufBG5O79fA\" \/>\n<meta name=\"author\" content=\"inclusivenews2024\" \/>\n<meta name=\"twitter:card\" content=\"summary_large_image\" \/>\n<meta name=\"twitter:label1\" content=\"Escrito por\" \/>\n\t<meta name=\"twitter:data1\" content=\"inclusivenews2024\" \/>\n\t<meta name=\"twitter:label2\" content=\"Tempo estimado de leitura\" \/>\n\t<meta name=\"twitter:data2\" content=\"3 minutos\" \/>\n<script type=\"application\/ld+json\" class=\"yoast-schema-graph\">{\"@context\":\"https:\\\/\\\/schema.org\",\"@graph\":[{\"@type\":\"Article\",\"@id\":\"https:\\\/\\\/inclusivenews.com.br\\\/?p=26616#article\",\"isPartOf\":{\"@id\":\"https:\\\/\\\/inclusivenews.com.br\\\/?p=26616\"},\"author\":{\"name\":\"inclusivenews2024\",\"@id\":\"https:\\\/\\\/inclusivenews.com.br\\\/#\\\/schema\\\/person\\\/ae4ec7087559b8692fb33b6fffd2273b\"},\"headline\":\"O que \u00e9 educa\u00e7\u00e3o de qualidade?\",\"datePublished\":\"2014-06-25T13:15:26+00:00\",\"mainEntityOfPage\":{\"@id\":\"https:\\\/\\\/inclusivenews.com.br\\\/?p=26616\"},\"wordCount\":640,\"commentCount\":0,\"publisher\":{\"@id\":\"https:\\\/\\\/inclusivenews.com.br\\\/#organization\"},\"image\":{\"@id\":\"https:\\\/\\\/inclusivenews.com.br\\\/?p=26616#primaryimage\"},\"thumbnailUrl\":\"https:\\\/\\\/encrypted-tbn1.gstatic.com\\\/images?q=tbn:ANd9GcR5oJgBNeV85Ka0LK5NPGemrzZtcV2eIGa4hPlNcgBrufBG5O79fA\",\"articleSection\":[\"NOT\u00cdCIAS\"],\"inLanguage\":\"pt-PT\",\"potentialAction\":[{\"@type\":\"CommentAction\",\"name\":\"Comment\",\"target\":[\"https:\\\/\\\/inclusivenews.com.br\\\/?p=26616#respond\"]}]},{\"@type\":\"WebPage\",\"@id\":\"https:\\\/\\\/inclusivenews.com.br\\\/?p=26616\",\"url\":\"https:\\\/\\\/inclusivenews.com.br\\\/?p=26616\",\"name\":\"O que \u00e9 educa\u00e7\u00e3o de qualidade? -\",\"isPartOf\":{\"@id\":\"https:\\\/\\\/inclusivenews.com.br\\\/#website\"},\"primaryImageOfPage\":{\"@id\":\"https:\\\/\\\/inclusivenews.com.br\\\/?p=26616#primaryimage\"},\"image\":{\"@id\":\"https:\\\/\\\/inclusivenews.com.br\\\/?p=26616#primaryimage\"},\"thumbnailUrl\":\"https:\\\/\\\/encrypted-tbn1.gstatic.com\\\/images?q=tbn:ANd9GcR5oJgBNeV85Ka0LK5NPGemrzZtcV2eIGa4hPlNcgBrufBG5O79fA\",\"datePublished\":\"2014-06-25T13:15:26+00:00\",\"breadcrumb\":{\"@id\":\"https:\\\/\\\/inclusivenews.com.br\\\/?p=26616#breadcrumb\"},\"inLanguage\":\"pt-PT\",\"potentialAction\":[{\"@type\":\"ReadAction\",\"target\":[\"https:\\\/\\\/inclusivenews.com.br\\\/?p=26616\"]}]},{\"@type\":\"ImageObject\",\"inLanguage\":\"pt-PT\",\"@id\":\"https:\\\/\\\/inclusivenews.com.br\\\/?p=26616#primaryimage\",\"url\":\"https:\\\/\\\/encrypted-tbn1.gstatic.com\\\/images?q=tbn:ANd9GcR5oJgBNeV85Ka0LK5NPGemrzZtcV2eIGa4hPlNcgBrufBG5O79fA\",\"contentUrl\":\"https:\\\/\\\/encrypted-tbn1.gstatic.com\\\/images?q=tbn:ANd9GcR5oJgBNeV85Ka0LK5NPGemrzZtcV2eIGa4hPlNcgBrufBG5O79fA\"},{\"@type\":\"BreadcrumbList\",\"@id\":\"https:\\\/\\\/inclusivenews.com.br\\\/?p=26616#breadcrumb\",\"itemListElement\":[{\"@type\":\"ListItem\",\"position\":1,\"name\":\"In\u00edcio\",\"item\":\"https:\\\/\\\/inclusivenews.com.br\\\/\"},{\"@type\":\"ListItem\",\"position\":2,\"name\":\"O que \u00e9 educa\u00e7\u00e3o de qualidade?\"}]},{\"@type\":\"WebSite\",\"@id\":\"https:\\\/\\\/inclusivenews.com.br\\\/#website\",\"url\":\"https:\\\/\\\/inclusivenews.com.br\\\/\",\"name\":\"Inclusive News\",\"description\":\"Inclusive News\",\"publisher\":{\"@id\":\"https:\\\/\\\/inclusivenews.com.br\\\/#organization\"},\"potentialAction\":[{\"@type\":\"SearchAction\",\"target\":{\"@type\":\"EntryPoint\",\"urlTemplate\":\"https:\\\/\\\/inclusivenews.com.br\\\/?s={search_term_string}\"},\"query-input\":{\"@type\":\"PropertyValueSpecification\",\"valueRequired\":true,\"valueName\":\"search_term_string\"}}],\"inLanguage\":\"pt-PT\"},{\"@type\":\"Organization\",\"@id\":\"https:\\\/\\\/inclusivenews.com.br\\\/#organization\",\"name\":\"Inclusive - inclus\u00e3o e cidadania\",\"url\":\"https:\\\/\\\/inclusivenews.com.br\\\/\",\"logo\":{\"@type\":\"ImageObject\",\"inLanguage\":\"pt-PT\",\"@id\":\"https:\\\/\\\/inclusivenews.com.br\\\/#\\\/schema\\\/logo\\\/image\\\/\",\"url\":\"https:\\\/\\\/inclusivenews.com.br\\\/wp-content\\\/uploads\\\/2024\\\/03\\\/@grandesite.png\",\"contentUrl\":\"https:\\\/\\\/inclusivenews.com.br\\\/wp-content\\\/uploads\\\/2024\\\/03\\\/@grandesite.png\",\"width\":1080,\"height\":1080,\"caption\":\"Inclusive - inclus\u00e3o e cidadania\"},\"image\":{\"@id\":\"https:\\\/\\\/inclusivenews.com.br\\\/#\\\/schema\\\/logo\\\/image\\\/\"},\"sameAs\":[\"https:\\\/\\\/www.facebook.com\\\/agenciainclusive\\\/\",\"https:\\\/\\\/www.instagram.com\\\/newsinclusive\\\/\"]},{\"@type\":\"Person\",\"@id\":\"https:\\\/\\\/inclusivenews.com.br\\\/#\\\/schema\\\/person\\\/ae4ec7087559b8692fb33b6fffd2273b\",\"name\":\"inclusivenews2024\",\"image\":{\"@type\":\"ImageObject\",\"inLanguage\":\"pt-PT\",\"@id\":\"https:\\\/\\\/secure.gravatar.com\\\/avatar\\\/c5a7ef84c66fa914f55bc4f7ce26cfa275a3b9a1c5568b907bd184fb4dde7b40?s=96&d=mm&r=g\",\"url\":\"https:\\\/\\\/secure.gravatar.com\\\/avatar\\\/c5a7ef84c66fa914f55bc4f7ce26cfa275a3b9a1c5568b907bd184fb4dde7b40?s=96&d=mm&r=g\",\"contentUrl\":\"https:\\\/\\\/secure.gravatar.com\\\/avatar\\\/c5a7ef84c66fa914f55bc4f7ce26cfa275a3b9a1c5568b907bd184fb4dde7b40?s=96&d=mm&r=g\",\"caption\":\"inclusivenews2024\"},\"sameAs\":[\"https:\\\/\\\/inclusivenews.com.br\"],\"url\":\"https:\\\/\\\/inclusivenews.com.br\\\/?author=1\"}]}<\/script>\n<!-- \/ Yoast SEO plugin. -->","yoast_head_json":{"title":"O que \u00e9 educa\u00e7\u00e3o de qualidade? -","robots":{"index":"index","follow":"follow","max-snippet":"max-snippet:-1","max-image-preview":"max-image-preview:large","max-video-preview":"max-video-preview:-1"},"canonical":"https:\/\/inclusivenews.com.br\/?p=26616","og_locale":"pt_PT","og_type":"article","og_title":"O que \u00e9 educa\u00e7\u00e3o de qualidade? -","og_description":"Qualidade, associada \u00e0 educa\u00e7\u00e3o, \u00e9 entendida e trabalhada de muitas maneiras. A maior parte da popula\u00e7\u00e3o opina (muitas vezes induzida pelo governo, empresa privada ou por opini\u00f5es alheias) desconhecendo a abundante pesquisa e os acalorados debates s\u00e9rios que acontecem h\u00e1 v\u00e1rias d\u00e9cadas na Am\u00e9rica Latina e no mundo. Texto traduzido pelo Portal Aprendiz.","og_url":"https:\/\/inclusivenews.com.br\/?p=26616","article_publisher":"https:\/\/www.facebook.com\/agenciainclusive\/","article_published_time":"2014-06-25T13:15:26+00:00","og_image":[{"url":"https:\/\/encrypted-tbn1.gstatic.com\/images?q=tbn:ANd9GcR5oJgBNeV85Ka0LK5NPGemrzZtcV2eIGa4hPlNcgBrufBG5O79fA","type":"","width":"","height":""}],"author":"inclusivenews2024","twitter_card":"summary_large_image","twitter_misc":{"Escrito por":"inclusivenews2024","Tempo estimado de leitura":"3 minutos"},"schema":{"@context":"https:\/\/schema.org","@graph":[{"@type":"Article","@id":"https:\/\/inclusivenews.com.br\/?p=26616#article","isPartOf":{"@id":"https:\/\/inclusivenews.com.br\/?p=26616"},"author":{"name":"inclusivenews2024","@id":"https:\/\/inclusivenews.com.br\/#\/schema\/person\/ae4ec7087559b8692fb33b6fffd2273b"},"headline":"O que \u00e9 educa\u00e7\u00e3o de qualidade?","datePublished":"2014-06-25T13:15:26+00:00","mainEntityOfPage":{"@id":"https:\/\/inclusivenews.com.br\/?p=26616"},"wordCount":640,"commentCount":0,"publisher":{"@id":"https:\/\/inclusivenews.com.br\/#organization"},"image":{"@id":"https:\/\/inclusivenews.com.br\/?p=26616#primaryimage"},"thumbnailUrl":"https:\/\/encrypted-tbn1.gstatic.com\/images?q=tbn:ANd9GcR5oJgBNeV85Ka0LK5NPGemrzZtcV2eIGa4hPlNcgBrufBG5O79fA","articleSection":["NOT\u00cdCIAS"],"inLanguage":"pt-PT","potentialAction":[{"@type":"CommentAction","name":"Comment","target":["https:\/\/inclusivenews.com.br\/?p=26616#respond"]}]},{"@type":"WebPage","@id":"https:\/\/inclusivenews.com.br\/?p=26616","url":"https:\/\/inclusivenews.com.br\/?p=26616","name":"O que \u00e9 educa\u00e7\u00e3o de qualidade? -","isPartOf":{"@id":"https:\/\/inclusivenews.com.br\/#website"},"primaryImageOfPage":{"@id":"https:\/\/inclusivenews.com.br\/?p=26616#primaryimage"},"image":{"@id":"https:\/\/inclusivenews.com.br\/?p=26616#primaryimage"},"thumbnailUrl":"https:\/\/encrypted-tbn1.gstatic.com\/images?q=tbn:ANd9GcR5oJgBNeV85Ka0LK5NPGemrzZtcV2eIGa4hPlNcgBrufBG5O79fA","datePublished":"2014-06-25T13:15:26+00:00","breadcrumb":{"@id":"https:\/\/inclusivenews.com.br\/?p=26616#breadcrumb"},"inLanguage":"pt-PT","potentialAction":[{"@type":"ReadAction","target":["https:\/\/inclusivenews.com.br\/?p=26616"]}]},{"@type":"ImageObject","inLanguage":"pt-PT","@id":"https:\/\/inclusivenews.com.br\/?p=26616#primaryimage","url":"https:\/\/encrypted-tbn1.gstatic.com\/images?q=tbn:ANd9GcR5oJgBNeV85Ka0LK5NPGemrzZtcV2eIGa4hPlNcgBrufBG5O79fA","contentUrl":"https:\/\/encrypted-tbn1.gstatic.com\/images?q=tbn:ANd9GcR5oJgBNeV85Ka0LK5NPGemrzZtcV2eIGa4hPlNcgBrufBG5O79fA"},{"@type":"BreadcrumbList","@id":"https:\/\/inclusivenews.com.br\/?p=26616#breadcrumb","itemListElement":[{"@type":"ListItem","position":1,"name":"In\u00edcio","item":"https:\/\/inclusivenews.com.br\/"},{"@type":"ListItem","position":2,"name":"O que \u00e9 educa\u00e7\u00e3o de qualidade?"}]},{"@type":"WebSite","@id":"https:\/\/inclusivenews.com.br\/#website","url":"https:\/\/inclusivenews.com.br\/","name":"Inclusive News","description":"Inclusive News","publisher":{"@id":"https:\/\/inclusivenews.com.br\/#organization"},"potentialAction":[{"@type":"SearchAction","target":{"@type":"EntryPoint","urlTemplate":"https:\/\/inclusivenews.com.br\/?s={search_term_string}"},"query-input":{"@type":"PropertyValueSpecification","valueRequired":true,"valueName":"search_term_string"}}],"inLanguage":"pt-PT"},{"@type":"Organization","@id":"https:\/\/inclusivenews.com.br\/#organization","name":"Inclusive - inclus\u00e3o e cidadania","url":"https:\/\/inclusivenews.com.br\/","logo":{"@type":"ImageObject","inLanguage":"pt-PT","@id":"https:\/\/inclusivenews.com.br\/#\/schema\/logo\/image\/","url":"https:\/\/inclusivenews.com.br\/wp-content\/uploads\/2024\/03\/@grandesite.png","contentUrl":"https:\/\/inclusivenews.com.br\/wp-content\/uploads\/2024\/03\/@grandesite.png","width":1080,"height":1080,"caption":"Inclusive - inclus\u00e3o e cidadania"},"image":{"@id":"https:\/\/inclusivenews.com.br\/#\/schema\/logo\/image\/"},"sameAs":["https:\/\/www.facebook.com\/agenciainclusive\/","https:\/\/www.instagram.com\/newsinclusive\/"]},{"@type":"Person","@id":"https:\/\/inclusivenews.com.br\/#\/schema\/person\/ae4ec7087559b8692fb33b6fffd2273b","name":"inclusivenews2024","image":{"@type":"ImageObject","inLanguage":"pt-PT","@id":"https:\/\/secure.gravatar.com\/avatar\/c5a7ef84c66fa914f55bc4f7ce26cfa275a3b9a1c5568b907bd184fb4dde7b40?s=96&d=mm&r=g","url":"https:\/\/secure.gravatar.com\/avatar\/c5a7ef84c66fa914f55bc4f7ce26cfa275a3b9a1c5568b907bd184fb4dde7b40?s=96&d=mm&r=g","contentUrl":"https:\/\/secure.gravatar.com\/avatar\/c5a7ef84c66fa914f55bc4f7ce26cfa275a3b9a1c5568b907bd184fb4dde7b40?s=96&d=mm&r=g","caption":"inclusivenews2024"},"sameAs":["https:\/\/inclusivenews.com.br"],"url":"https:\/\/inclusivenews.com.br\/?author=1"}]}},"_links":{"self":[{"href":"https:\/\/inclusivenews.com.br\/index.php?rest_route=\/wp\/v2\/posts\/26616","targetHints":{"allow":["GET"]}}],"collection":[{"href":"https:\/\/inclusivenews.com.br\/index.php?rest_route=\/wp\/v2\/posts"}],"about":[{"href":"https:\/\/inclusivenews.com.br\/index.php?rest_route=\/wp\/v2\/types\/post"}],"author":[{"embeddable":true,"href":"https:\/\/inclusivenews.com.br\/index.php?rest_route=\/wp\/v2\/users\/1"}],"replies":[{"embeddable":true,"href":"https:\/\/inclusivenews.com.br\/index.php?rest_route=%2Fwp%2Fv2%2Fcomments&post=26616"}],"version-history":[{"count":0,"href":"https:\/\/inclusivenews.com.br\/index.php?rest_route=\/wp\/v2\/posts\/26616\/revisions"}],"wp:attachment":[{"href":"https:\/\/inclusivenews.com.br\/index.php?rest_route=%2Fwp%2Fv2%2Fmedia&parent=26616"}],"wp:term":[{"taxonomy":"category","embeddable":true,"href":"https:\/\/inclusivenews.com.br\/index.php?rest_route=%2Fwp%2Fv2%2Fcategories&post=26616"},{"taxonomy":"post_tag","embeddable":true,"href":"https:\/\/inclusivenews.com.br\/index.php?rest_route=%2Fwp%2Fv2%2Ftags&post=26616"}],"curies":[{"name":"wp","href":"https:\/\/api.w.org\/{rel}","templated":true}]}}