{"id":26618,"date":"2014-06-25T09:50:50","date_gmt":"2014-06-25T12:50:50","guid":{"rendered":"http:\/\/www.inclusive.org.br\/?p=26618"},"modified":"2014-06-25T09:50:50","modified_gmt":"2014-06-25T12:50:50","slug":"abertas-inscricoes-para-o-premio-nacional-de-educacao-em-direitos-humanos","status":"publish","type":"post","link":"https:\/\/inclusivenews.com.br\/?p=26618","title":{"rendered":"Abertas inscri\u00e7\u00f5es para o Pr\u00eamio Nacional de Educa\u00e7\u00e3o em Direitos Humanos"},"content":{"rendered":"<p><img loading=\"lazy\" decoding=\"async\" class=\"alignnone\" alt=\"Pr\u00eamio Nacional de Educa\u00e7\u00e3o em Direitos Humanos 2014 - a logomarca do pr\u00eamio, a palavra \" src=\"http:\/\/undime.org.br\/wp-content\/uploads\/2014\/06\/21.jpg\" width=\"489\" height=\"139\" \/><\/p>\n<p>Institui\u00e7\u00f5es com atua\u00e7\u00e3o destacada na \u00e1rea de educa\u00e7\u00e3o em direitos humanos t\u00eam at\u00e9 27 de agosto pr\u00f3ximo para fazer a inscri\u00e7\u00e3o no Pr\u00eamio Nacional de Educa\u00e7\u00e3o em Direitos Humanos. Podem participar institui\u00e7\u00f5es p\u00fablicas e particulares de educa\u00e7\u00e3o b\u00e1sica e superior, secretarias estaduais e municipais de educa\u00e7\u00e3o e institui\u00e7\u00f5es de educa\u00e7\u00e3o n\u00e3o formal.<\/p>\n<p>Essas institui\u00e7\u00f5es podem inscrever trabalhos desenvolvidos em parceria com outras entidades ou organiza\u00e7\u00f5es da sociedade civil, como associa\u00e7\u00f5es de pais e mestres, gr\u00eamios estudantis, diret\u00f3rios acad\u00eamicos, conselhos escolares, municipais e estaduais de educa\u00e7\u00e3o, sindicatos, igrejas e demais entidades vinculadas \u00e0 educa\u00e7\u00e3o e \u00e0 cultura.<\/p>\n<p>Quatro categorias ser\u00e3o premiadas:<\/p>\n<p>\u2022 As Secretarias de Educa\u00e7\u00e3o na Constru\u00e7\u00e3o da Educa\u00e7\u00e3o em Direitos Humanos.<br \/>\n\u2022 A Educa\u00e7\u00e3o em Direitos Humanos na Escola.<br \/>\n\u2022 A Forma\u00e7\u00e3o, a Pesquisa e a Extens\u00e3o em Educa\u00e7\u00e3o em Direitos Humanos<br \/>\n\u2022 A Sociedade na Educa\u00e7\u00e3o em Direitos Humanos.<\/p>\n<p>Os primeiros colocados em cada categoria receber\u00e3o pr\u00eamio de R$ 15 mil; os segundos colocados, R$ 5 mil. H\u00e1 tamb\u00e9m men\u00e7\u00e3o honrosa para experi\u00eancias referentes a tem\u00e1ticas espec\u00edficas. Este ano, o tema ser\u00e1 a educa\u00e7\u00e3o ind\u00edgena.<\/p>\n<p>A quarta edi\u00e7\u00e3o do pr\u00eamio, que \u00e9 bienal, foi lan\u00e7ada em maio, no F\u00f3rum Nacional da Uni\u00e3o Nacional dos Dirigentes Municipais de Educa\u00e7\u00e3o (Undime). Ela \u00e9 promovida pela Secretaria de Direitos Humanos da Presid\u00eancia da Rep\u00fablica e pelo Minist\u00e9rio da Educa\u00e7\u00e3o. As inscri\u00e7\u00f5es, gratuitas, podem ser feitas na <a href=\"http:\/\/www.educacaoemdireitoshumanos.sdh.gov.br\/inscricao\" target=\"_blank\" rel=\"noopener\">p\u00e1gina do pr\u00eamio na internet<\/a> ou pelos Correios, como carta registrada ou Sedex, com aviso de recebimento.<\/p>\n","protected":false},"excerpt":{"rendered":"<p>Institui\u00e7\u00f5es com atua\u00e7\u00e3o destacada na \u00e1rea de educa\u00e7\u00e3o em direitos humanos t\u00eam at\u00e9 27 de agosto pr\u00f3ximo para fazer a inscri\u00e7\u00e3o no Pr\u00eamio Nacional de Educa\u00e7\u00e3o em Direitos Humanos. Podem participar institui\u00e7\u00f5es p\u00fablicas e particulares de educa\u00e7\u00e3o b\u00e1sica e superior, secretarias estaduais e municipais de educa\u00e7\u00e3o e institui\u00e7\u00f5es de educa\u00e7\u00e3o n\u00e3o formal.<\/p>\n","protected":false},"author":1,"featured_media":0,"comment_status":"open","ping_status":"open","sticky":false,"template":"","format":"standard","meta":{"site-container-style":"default","site-container-layout":"default","site-sidebar-layout":"default","disable-article-header":"default","disable-site-header":"default","disable-site-footer":"default","disable-content-area-spacing":"default","footnotes":""},"categories":[11,4],"tags":[264],"class_list":["post-26618","post","type-post","status-publish","format-standard","hentry","category-direitos-humanos","category-noticias","tag-educacao-em-direitos-humanos"],"yoast_head":"<!-- This site is optimized with the Yoast SEO plugin v27.4 - https:\/\/yoast.com\/product\/yoast-seo-wordpress\/ -->\n<title>Abertas inscri\u00e7\u00f5es para o Pr\u00eamio Nacional de Educa\u00e7\u00e3o em Direitos Humanos -<\/title>\n<meta name=\"robots\" content=\"index, follow, max-snippet:-1, max-image-preview:large, max-video-preview:-1\" \/>\n<link rel=\"canonical\" href=\"https:\/\/inclusivenews.com.br\/?p=26618\" \/>\n<meta property=\"og:locale\" content=\"pt_PT\" \/>\n<meta property=\"og:type\" content=\"article\" \/>\n<meta property=\"og:title\" content=\"Abertas inscri\u00e7\u00f5es para o Pr\u00eamio Nacional de Educa\u00e7\u00e3o em Direitos Humanos -\" \/>\n<meta property=\"og:description\" content=\"Institui\u00e7\u00f5es com atua\u00e7\u00e3o destacada na \u00e1rea de educa\u00e7\u00e3o em direitos humanos t\u00eam at\u00e9 27 de agosto pr\u00f3ximo para fazer a inscri\u00e7\u00e3o no Pr\u00eamio Nacional de Educa\u00e7\u00e3o em Direitos Humanos. Podem participar institui\u00e7\u00f5es p\u00fablicas e particulares de educa\u00e7\u00e3o b\u00e1sica e superior, secretarias estaduais e municipais de educa\u00e7\u00e3o e institui\u00e7\u00f5es de educa\u00e7\u00e3o n\u00e3o formal.\" \/>\n<meta property=\"og:url\" content=\"https:\/\/inclusivenews.com.br\/?p=26618\" \/>\n<meta property=\"article:publisher\" content=\"https:\/\/www.facebook.com\/agenciainclusive\/\" \/>\n<meta property=\"article:published_time\" content=\"2014-06-25T12:50:50+00:00\" \/>\n<meta property=\"og:image\" content=\"http:\/\/undime.org.br\/wp-content\/uploads\/2014\/06\/21.jpg\" \/>\n<meta name=\"author\" content=\"inclusivenews2024\" \/>\n<meta name=\"twitter:card\" content=\"summary_large_image\" \/>\n<meta name=\"twitter:label1\" content=\"Escrito por\" \/>\n\t<meta name=\"twitter:data1\" content=\"inclusivenews2024\" \/>\n\t<meta name=\"twitter:label2\" content=\"Tempo estimado de leitura\" \/>\n\t<meta name=\"twitter:data2\" content=\"1 minuto\" \/>\n<script type=\"application\/ld+json\" class=\"yoast-schema-graph\">{\"@context\":\"https:\\\/\\\/schema.org\",\"@graph\":[{\"@type\":\"Article\",\"@id\":\"https:\\\/\\\/inclusivenews.com.br\\\/?p=26618#article\",\"isPartOf\":{\"@id\":\"https:\\\/\\\/inclusivenews.com.br\\\/?p=26618\"},\"author\":{\"name\":\"inclusivenews2024\",\"@id\":\"https:\\\/\\\/inclusivenews.com.br\\\/#\\\/schema\\\/person\\\/ae4ec7087559b8692fb33b6fffd2273b\"},\"headline\":\"Abertas inscri\u00e7\u00f5es para o Pr\u00eamio Nacional de Educa\u00e7\u00e3o em Direitos Humanos\",\"datePublished\":\"2014-06-25T12:50:50+00:00\",\"mainEntityOfPage\":{\"@id\":\"https:\\\/\\\/inclusivenews.com.br\\\/?p=26618\"},\"wordCount\":300,\"commentCount\":0,\"publisher\":{\"@id\":\"https:\\\/\\\/inclusivenews.com.br\\\/#organization\"},\"image\":{\"@id\":\"https:\\\/\\\/inclusivenews.com.br\\\/?p=26618#primaryimage\"},\"thumbnailUrl\":\"http:\\\/\\\/undime.org.br\\\/wp-content\\\/uploads\\\/2014\\\/06\\\/21.jpg\",\"keywords\":[\"educa\u00e7\u00e3o em direitos humanos\"],\"articleSection\":[\"DIREITOS HUMANOS\",\"NOT\u00cdCIAS\"],\"inLanguage\":\"pt-PT\",\"potentialAction\":[{\"@type\":\"CommentAction\",\"name\":\"Comment\",\"target\":[\"https:\\\/\\\/inclusivenews.com.br\\\/?p=26618#respond\"]}]},{\"@type\":\"WebPage\",\"@id\":\"https:\\\/\\\/inclusivenews.com.br\\\/?p=26618\",\"url\":\"https:\\\/\\\/inclusivenews.com.br\\\/?p=26618\",\"name\":\"Abertas inscri\u00e7\u00f5es para o Pr\u00eamio Nacional de Educa\u00e7\u00e3o em Direitos Humanos -\",\"isPartOf\":{\"@id\":\"https:\\\/\\\/inclusivenews.com.br\\\/#website\"},\"primaryImageOfPage\":{\"@id\":\"https:\\\/\\\/inclusivenews.com.br\\\/?p=26618#primaryimage\"},\"image\":{\"@id\":\"https:\\\/\\\/inclusivenews.com.br\\\/?p=26618#primaryimage\"},\"thumbnailUrl\":\"http:\\\/\\\/undime.org.br\\\/wp-content\\\/uploads\\\/2014\\\/06\\\/21.jpg\",\"datePublished\":\"2014-06-25T12:50:50+00:00\",\"breadcrumb\":{\"@id\":\"https:\\\/\\\/inclusivenews.com.br\\\/?p=26618#breadcrumb\"},\"inLanguage\":\"pt-PT\",\"potentialAction\":[{\"@type\":\"ReadAction\",\"target\":[\"https:\\\/\\\/inclusivenews.com.br\\\/?p=26618\"]}]},{\"@type\":\"ImageObject\",\"inLanguage\":\"pt-PT\",\"@id\":\"https:\\\/\\\/inclusivenews.com.br\\\/?p=26618#primaryimage\",\"url\":\"http:\\\/\\\/undime.org.br\\\/wp-content\\\/uploads\\\/2014\\\/06\\\/21.jpg\",\"contentUrl\":\"http:\\\/\\\/undime.org.br\\\/wp-content\\\/uploads\\\/2014\\\/06\\\/21.jpg\"},{\"@type\":\"BreadcrumbList\",\"@id\":\"https:\\\/\\\/inclusivenews.com.br\\\/?p=26618#breadcrumb\",\"itemListElement\":[{\"@type\":\"ListItem\",\"position\":1,\"name\":\"In\u00edcio\",\"item\":\"https:\\\/\\\/inclusivenews.com.br\\\/\"},{\"@type\":\"ListItem\",\"position\":2,\"name\":\"Abertas inscri\u00e7\u00f5es para o Pr\u00eamio Nacional de Educa\u00e7\u00e3o em Direitos Humanos\"}]},{\"@type\":\"WebSite\",\"@id\":\"https:\\\/\\\/inclusivenews.com.br\\\/#website\",\"url\":\"https:\\\/\\\/inclusivenews.com.br\\\/\",\"name\":\"Inclusive News\",\"description\":\"Inclusive News\",\"publisher\":{\"@id\":\"https:\\\/\\\/inclusivenews.com.br\\\/#organization\"},\"potentialAction\":[{\"@type\":\"SearchAction\",\"target\":{\"@type\":\"EntryPoint\",\"urlTemplate\":\"https:\\\/\\\/inclusivenews.com.br\\\/?s={search_term_string}\"},\"query-input\":{\"@type\":\"PropertyValueSpecification\",\"valueRequired\":true,\"valueName\":\"search_term_string\"}}],\"inLanguage\":\"pt-PT\"},{\"@type\":\"Organization\",\"@id\":\"https:\\\/\\\/inclusivenews.com.br\\\/#organization\",\"name\":\"Inclusive - inclus\u00e3o e cidadania\",\"url\":\"https:\\\/\\\/inclusivenews.com.br\\\/\",\"logo\":{\"@type\":\"ImageObject\",\"inLanguage\":\"pt-PT\",\"@id\":\"https:\\\/\\\/inclusivenews.com.br\\\/#\\\/schema\\\/logo\\\/image\\\/\",\"url\":\"https:\\\/\\\/inclusivenews.com.br\\\/wp-content\\\/uploads\\\/2024\\\/03\\\/@grandesite.png\",\"contentUrl\":\"https:\\\/\\\/inclusivenews.com.br\\\/wp-content\\\/uploads\\\/2024\\\/03\\\/@grandesite.png\",\"width\":1080,\"height\":1080,\"caption\":\"Inclusive - inclus\u00e3o e cidadania\"},\"image\":{\"@id\":\"https:\\\/\\\/inclusivenews.com.br\\\/#\\\/schema\\\/logo\\\/image\\\/\"},\"sameAs\":[\"https:\\\/\\\/www.facebook.com\\\/agenciainclusive\\\/\",\"https:\\\/\\\/www.instagram.com\\\/newsinclusive\\\/\"]},{\"@type\":\"Person\",\"@id\":\"https:\\\/\\\/inclusivenews.com.br\\\/#\\\/schema\\\/person\\\/ae4ec7087559b8692fb33b6fffd2273b\",\"name\":\"inclusivenews2024\",\"image\":{\"@type\":\"ImageObject\",\"inLanguage\":\"pt-PT\",\"@id\":\"https:\\\/\\\/secure.gravatar.com\\\/avatar\\\/c5a7ef84c66fa914f55bc4f7ce26cfa275a3b9a1c5568b907bd184fb4dde7b40?s=96&d=mm&r=g\",\"url\":\"https:\\\/\\\/secure.gravatar.com\\\/avatar\\\/c5a7ef84c66fa914f55bc4f7ce26cfa275a3b9a1c5568b907bd184fb4dde7b40?s=96&d=mm&r=g\",\"contentUrl\":\"https:\\\/\\\/secure.gravatar.com\\\/avatar\\\/c5a7ef84c66fa914f55bc4f7ce26cfa275a3b9a1c5568b907bd184fb4dde7b40?s=96&d=mm&r=g\",\"caption\":\"inclusivenews2024\"},\"sameAs\":[\"https:\\\/\\\/inclusivenews.com.br\"],\"url\":\"https:\\\/\\\/inclusivenews.com.br\\\/?author=1\"}]}<\/script>\n<!-- \/ Yoast SEO plugin. -->","yoast_head_json":{"title":"Abertas inscri\u00e7\u00f5es para o Pr\u00eamio Nacional de Educa\u00e7\u00e3o em Direitos Humanos -","robots":{"index":"index","follow":"follow","max-snippet":"max-snippet:-1","max-image-preview":"max-image-preview:large","max-video-preview":"max-video-preview:-1"},"canonical":"https:\/\/inclusivenews.com.br\/?p=26618","og_locale":"pt_PT","og_type":"article","og_title":"Abertas inscri\u00e7\u00f5es para o Pr\u00eamio Nacional de Educa\u00e7\u00e3o em Direitos Humanos -","og_description":"Institui\u00e7\u00f5es com atua\u00e7\u00e3o destacada na \u00e1rea de educa\u00e7\u00e3o em direitos humanos t\u00eam at\u00e9 27 de agosto pr\u00f3ximo para fazer a inscri\u00e7\u00e3o no Pr\u00eamio Nacional de Educa\u00e7\u00e3o em Direitos Humanos. Podem participar institui\u00e7\u00f5es p\u00fablicas e particulares de educa\u00e7\u00e3o b\u00e1sica e superior, secretarias estaduais e municipais de educa\u00e7\u00e3o e institui\u00e7\u00f5es de educa\u00e7\u00e3o n\u00e3o formal.","og_url":"https:\/\/inclusivenews.com.br\/?p=26618","article_publisher":"https:\/\/www.facebook.com\/agenciainclusive\/","article_published_time":"2014-06-25T12:50:50+00:00","og_image":[{"url":"http:\/\/undime.org.br\/wp-content\/uploads\/2014\/06\/21.jpg","type":"","width":"","height":""}],"author":"inclusivenews2024","twitter_card":"summary_large_image","twitter_misc":{"Escrito por":"inclusivenews2024","Tempo estimado de leitura":"1 minuto"},"schema":{"@context":"https:\/\/schema.org","@graph":[{"@type":"Article","@id":"https:\/\/inclusivenews.com.br\/?p=26618#article","isPartOf":{"@id":"https:\/\/inclusivenews.com.br\/?p=26618"},"author":{"name":"inclusivenews2024","@id":"https:\/\/inclusivenews.com.br\/#\/schema\/person\/ae4ec7087559b8692fb33b6fffd2273b"},"headline":"Abertas inscri\u00e7\u00f5es para o Pr\u00eamio Nacional de Educa\u00e7\u00e3o em Direitos Humanos","datePublished":"2014-06-25T12:50:50+00:00","mainEntityOfPage":{"@id":"https:\/\/inclusivenews.com.br\/?p=26618"},"wordCount":300,"commentCount":0,"publisher":{"@id":"https:\/\/inclusivenews.com.br\/#organization"},"image":{"@id":"https:\/\/inclusivenews.com.br\/?p=26618#primaryimage"},"thumbnailUrl":"http:\/\/undime.org.br\/wp-content\/uploads\/2014\/06\/21.jpg","keywords":["educa\u00e7\u00e3o em direitos humanos"],"articleSection":["DIREITOS HUMANOS","NOT\u00cdCIAS"],"inLanguage":"pt-PT","potentialAction":[{"@type":"CommentAction","name":"Comment","target":["https:\/\/inclusivenews.com.br\/?p=26618#respond"]}]},{"@type":"WebPage","@id":"https:\/\/inclusivenews.com.br\/?p=26618","url":"https:\/\/inclusivenews.com.br\/?p=26618","name":"Abertas inscri\u00e7\u00f5es para o Pr\u00eamio Nacional de Educa\u00e7\u00e3o em Direitos Humanos -","isPartOf":{"@id":"https:\/\/inclusivenews.com.br\/#website"},"primaryImageOfPage":{"@id":"https:\/\/inclusivenews.com.br\/?p=26618#primaryimage"},"image":{"@id":"https:\/\/inclusivenews.com.br\/?p=26618#primaryimage"},"thumbnailUrl":"http:\/\/undime.org.br\/wp-content\/uploads\/2014\/06\/21.jpg","datePublished":"2014-06-25T12:50:50+00:00","breadcrumb":{"@id":"https:\/\/inclusivenews.com.br\/?p=26618#breadcrumb"},"inLanguage":"pt-PT","potentialAction":[{"@type":"ReadAction","target":["https:\/\/inclusivenews.com.br\/?p=26618"]}]},{"@type":"ImageObject","inLanguage":"pt-PT","@id":"https:\/\/inclusivenews.com.br\/?p=26618#primaryimage","url":"http:\/\/undime.org.br\/wp-content\/uploads\/2014\/06\/21.jpg","contentUrl":"http:\/\/undime.org.br\/wp-content\/uploads\/2014\/06\/21.jpg"},{"@type":"BreadcrumbList","@id":"https:\/\/inclusivenews.com.br\/?p=26618#breadcrumb","itemListElement":[{"@type":"ListItem","position":1,"name":"In\u00edcio","item":"https:\/\/inclusivenews.com.br\/"},{"@type":"ListItem","position":2,"name":"Abertas inscri\u00e7\u00f5es para o Pr\u00eamio Nacional de Educa\u00e7\u00e3o em Direitos Humanos"}]},{"@type":"WebSite","@id":"https:\/\/inclusivenews.com.br\/#website","url":"https:\/\/inclusivenews.com.br\/","name":"Inclusive News","description":"Inclusive News","publisher":{"@id":"https:\/\/inclusivenews.com.br\/#organization"},"potentialAction":[{"@type":"SearchAction","target":{"@type":"EntryPoint","urlTemplate":"https:\/\/inclusivenews.com.br\/?s={search_term_string}"},"query-input":{"@type":"PropertyValueSpecification","valueRequired":true,"valueName":"search_term_string"}}],"inLanguage":"pt-PT"},{"@type":"Organization","@id":"https:\/\/inclusivenews.com.br\/#organization","name":"Inclusive - inclus\u00e3o e cidadania","url":"https:\/\/inclusivenews.com.br\/","logo":{"@type":"ImageObject","inLanguage":"pt-PT","@id":"https:\/\/inclusivenews.com.br\/#\/schema\/logo\/image\/","url":"https:\/\/inclusivenews.com.br\/wp-content\/uploads\/2024\/03\/@grandesite.png","contentUrl":"https:\/\/inclusivenews.com.br\/wp-content\/uploads\/2024\/03\/@grandesite.png","width":1080,"height":1080,"caption":"Inclusive - inclus\u00e3o e cidadania"},"image":{"@id":"https:\/\/inclusivenews.com.br\/#\/schema\/logo\/image\/"},"sameAs":["https:\/\/www.facebook.com\/agenciainclusive\/","https:\/\/www.instagram.com\/newsinclusive\/"]},{"@type":"Person","@id":"https:\/\/inclusivenews.com.br\/#\/schema\/person\/ae4ec7087559b8692fb33b6fffd2273b","name":"inclusivenews2024","image":{"@type":"ImageObject","inLanguage":"pt-PT","@id":"https:\/\/secure.gravatar.com\/avatar\/c5a7ef84c66fa914f55bc4f7ce26cfa275a3b9a1c5568b907bd184fb4dde7b40?s=96&d=mm&r=g","url":"https:\/\/secure.gravatar.com\/avatar\/c5a7ef84c66fa914f55bc4f7ce26cfa275a3b9a1c5568b907bd184fb4dde7b40?s=96&d=mm&r=g","contentUrl":"https:\/\/secure.gravatar.com\/avatar\/c5a7ef84c66fa914f55bc4f7ce26cfa275a3b9a1c5568b907bd184fb4dde7b40?s=96&d=mm&r=g","caption":"inclusivenews2024"},"sameAs":["https:\/\/inclusivenews.com.br"],"url":"https:\/\/inclusivenews.com.br\/?author=1"}]}},"_links":{"self":[{"href":"https:\/\/inclusivenews.com.br\/index.php?rest_route=\/wp\/v2\/posts\/26618","targetHints":{"allow":["GET"]}}],"collection":[{"href":"https:\/\/inclusivenews.com.br\/index.php?rest_route=\/wp\/v2\/posts"}],"about":[{"href":"https:\/\/inclusivenews.com.br\/index.php?rest_route=\/wp\/v2\/types\/post"}],"author":[{"embeddable":true,"href":"https:\/\/inclusivenews.com.br\/index.php?rest_route=\/wp\/v2\/users\/1"}],"replies":[{"embeddable":true,"href":"https:\/\/inclusivenews.com.br\/index.php?rest_route=%2Fwp%2Fv2%2Fcomments&post=26618"}],"version-history":[{"count":0,"href":"https:\/\/inclusivenews.com.br\/index.php?rest_route=\/wp\/v2\/posts\/26618\/revisions"}],"wp:attachment":[{"href":"https:\/\/inclusivenews.com.br\/index.php?rest_route=%2Fwp%2Fv2%2Fmedia&parent=26618"}],"wp:term":[{"taxonomy":"category","embeddable":true,"href":"https:\/\/inclusivenews.com.br\/index.php?rest_route=%2Fwp%2Fv2%2Fcategories&post=26618"},{"taxonomy":"post_tag","embeddable":true,"href":"https:\/\/inclusivenews.com.br\/index.php?rest_route=%2Fwp%2Fv2%2Ftags&post=26618"}],"curies":[{"name":"wp","href":"https:\/\/api.w.org\/{rel}","templated":true}]}}