{"id":26620,"date":"2014-06-25T09:56:35","date_gmt":"2014-06-25T12:56:35","guid":{"rendered":"http:\/\/www.inclusive.org.br\/?p=26620"},"modified":"2014-06-25T09:56:35","modified_gmt":"2014-06-25T12:56:35","slug":"entidades-pedem-dois-vetos-no-pne","status":"publish","type":"post","link":"https:\/\/inclusivenews.com.br\/?p=26620","title":{"rendered":"Entidades pedem dois vetos no PNE"},"content":{"rendered":"<p><img loading=\"lazy\" decoding=\"async\" class=\"size-full wp-image-25594 alignnone\" alt=\"Logotipo do PNE, sob fundo azul, degrad\u00ea, as letras P, em verde, N, em amarelo, e E, em azul, abaixo escrito Plano Nacional de Educa\u00e7\u00e3o.\" src=\"http:\/\/inclusivenews.com.br\/wp-content\/uploads\/pne.jpg\" width=\"308\" height=\"198\" \/><\/p>\n<p><em>Da Ag\u00eancia Brasil<\/em><\/p>\n<p>Entidades que atuam no setor educacional reivindicam o veto de dois trechos do Plano Nacional de Educa\u00e7\u00e3o (PNE). Em carta \u00e0 presidenta Dilma Rousseff, pedem que seja exclu\u00edda do PNE a destina\u00e7\u00e3o de parte dos 10% do Produto Interno Bruto (PIB) para programas desenvolvidos em parceria com institui\u00e7\u00f5es privadas e a bonifica\u00e7\u00e3o \u00e0s escolas que melhorarem o \u00cdndice de Desenvolvimento da Educa\u00e7\u00e3o B\u00e1sica (Ideb).<\/p>\n<p>O PNE tem prazo at\u00e9 hoje (25) para ser sancionado pela presidenta Dilma Rousseff. O plano estabelece 20 metas para serem cumpridas ao longo dos pr\u00f3ximos dez anos. As metas v\u00e3o desde a educa\u00e7\u00e3o infantil at\u00e9 o ensino superior, passam pela gest\u00e3o e pelo financiamento do setor, assim como pela forma\u00e7\u00e3o dos profissionais. Entre as metas est\u00e1 a destina\u00e7\u00e3o anual de no m\u00ednimo 10% do Produto Interno Bruto (PIB) para a educa\u00e7\u00e3o, no prazo de uma d\u00e9cada. Atualmente s\u00e3o investidos 6,4%.<\/p>\n<p>As entidades pedem o veto ao Par\u00e1grafo 4\u00ba do Artigo 5\u00ba, que inclui na conta dos 10% programas como o Universidade para Todos (ProUni) e o Ci\u00eancia sem Fronteiras, o Fundo de Financiamento Estudantil (Fies) e o Programa Nacional de Acesso ao Ensino T\u00e9cnico e Emprego (Pronatec). As entidades defendem que o investimento seja feito em escolas e universidades p\u00fablicas. Pelas contas apresentadas na C\u00e2mara dos Deputados durante a tramita\u00e7\u00e3o do PNE, esses programas equivalem a 0,5% do PIB. A estimativa \u00e9 que em dez anos alcancem 2% em financiamentos e isen\u00e7\u00f5es.<\/p>\n<p>Tamb\u00e9m pedem a retirada da estrat\u00e9gia 7.36, inclu\u00edda pelo Senado Federal, que estabelece pol\u00edticas de est\u00edmulo \u00e0s escolas que melhorarem o desempenho no Ideb, \u201cde modo a valorizar o m\u00e9rito do corpo docente, da dire\u00e7\u00e3o e da comunidade escolar\u201d, como consta no texto encaminhado para san\u00e7\u00e3o.<\/p>\n<p>Segundo a carta \u00e0 Presid\u00eancia, \u201ctal medida tende a agravar a situa\u00e7\u00e3o dos estudantes que necessitam de mais investimentos do Estado, bem como dos profissionais que ser\u00e3o alvo de pol\u00edticas de bonifica\u00e7\u00e3o, contrariando a perspectiva de valoriza\u00e7\u00e3o dos planos de carreira com base no piso salarial nacional\u201d.<\/p>\n<p>A secret\u00e1ria-geral da Confedera\u00e7\u00e3o Nacional dos Trabalhadores em Educa\u00e7\u00e3o (CNTE), Marta Vanelli, diz que essa medida \u00e9 \u201cmuito ruim para qualquer processo educacional\u201d. \u201cTem que ter boas condi\u00e7\u00f5es no processo ensino-aprendizado em todas as escolas, seja as de centros urbanos ou \u00e1reas agr\u00edcolas. Quando h\u00e1 condi\u00e7\u00f5es iguais para todas as escolas, n\u00e3o precisa de ranqueamento, o que se tem que perseguir cada vez mais \u00e9 a qualidade\u201d, lembra.<\/p>\n<p>A campanha \u201cVeta, Dilma!\u201d \u00e9 coordenada pela CNTE e apoiada por entidades como a A\u00e7\u00e3o Educativa, a Campanha Nacional pelo Direito \u00e0 Educa\u00e7\u00e3o e a Central \u00danica dos Trabalhadores.<\/p>\n","protected":false},"excerpt":{"rendered":"<p>As entidades pedem o veto ao Par\u00e1grafo 4\u00ba do Artigo 5\u00ba, que inclui na conta dos 10% programas como o Universidade para Todos (ProUni) e o Ci\u00eancia sem Fronteiras, o Fundo de Financiamento Estudantil (Fies) e o Programa Nacional de Acesso ao Ensino T\u00e9cnico e Emprego (Pronatec). As entidades defendem que o investimento seja feito em escolas e universidades p\u00fablicas. Da Ag\u00eancia Brasil.<\/p>\n","protected":false},"author":1,"featured_media":0,"comment_status":"open","ping_status":"open","sticky":false,"template":"","format":"standard","meta":{"site-container-style":"default","site-container-layout":"default","site-sidebar-layout":"default","disable-article-header":"default","disable-site-header":"default","disable-site-footer":"default","disable-content-area-spacing":"default","footnotes":""},"categories":[6],"tags":[222],"class_list":["post-26620","post","type-post","status-publish","format-standard","hentry","category-educacao","tag-pne"],"yoast_head":"<!-- This site is optimized with the Yoast SEO plugin v27.4 - https:\/\/yoast.com\/product\/yoast-seo-wordpress\/ -->\n<title>Entidades pedem dois vetos no PNE -<\/title>\n<meta name=\"robots\" content=\"index, follow, max-snippet:-1, max-image-preview:large, max-video-preview:-1\" \/>\n<link rel=\"canonical\" href=\"https:\/\/inclusivenews.com.br\/?p=26620\" \/>\n<meta property=\"og:locale\" content=\"pt_PT\" \/>\n<meta property=\"og:type\" content=\"article\" \/>\n<meta property=\"og:title\" content=\"Entidades pedem dois vetos no PNE -\" \/>\n<meta property=\"og:description\" content=\"As entidades pedem o veto ao Par\u00e1grafo 4\u00ba do Artigo 5\u00ba, que inclui na conta dos 10% programas como o Universidade para Todos (ProUni) e o Ci\u00eancia sem Fronteiras, o Fundo de Financiamento Estudantil (Fies) e o Programa Nacional de Acesso ao Ensino T\u00e9cnico e Emprego (Pronatec). As entidades defendem que o investimento seja feito em escolas e universidades p\u00fablicas. Da Ag\u00eancia Brasil.\" \/>\n<meta property=\"og:url\" content=\"https:\/\/inclusivenews.com.br\/?p=26620\" \/>\n<meta property=\"article:publisher\" content=\"https:\/\/www.facebook.com\/agenciainclusive\/\" \/>\n<meta property=\"article:published_time\" content=\"2014-06-25T12:56:35+00:00\" \/>\n<meta property=\"og:image\" content=\"http:\/\/inclusivenews.com.br\/wp-content\/uploads\/pne.jpg\" \/>\n<meta name=\"author\" content=\"inclusivenews2024\" \/>\n<meta name=\"twitter:card\" content=\"summary_large_image\" \/>\n<meta name=\"twitter:label1\" content=\"Escrito por\" \/>\n\t<meta name=\"twitter:data1\" content=\"inclusivenews2024\" \/>\n\t<meta name=\"twitter:label2\" content=\"Tempo estimado de leitura\" \/>\n\t<meta name=\"twitter:data2\" content=\"2 minutos\" \/>\n<script type=\"application\/ld+json\" class=\"yoast-schema-graph\">{\"@context\":\"https:\\\/\\\/schema.org\",\"@graph\":[{\"@type\":\"Article\",\"@id\":\"https:\\\/\\\/inclusivenews.com.br\\\/?p=26620#article\",\"isPartOf\":{\"@id\":\"https:\\\/\\\/inclusivenews.com.br\\\/?p=26620\"},\"author\":{\"name\":\"inclusivenews2024\",\"@id\":\"https:\\\/\\\/inclusivenews.com.br\\\/#\\\/schema\\\/person\\\/ae4ec7087559b8692fb33b6fffd2273b\"},\"headline\":\"Entidades pedem dois vetos no PNE\",\"datePublished\":\"2014-06-25T12:56:35+00:00\",\"mainEntityOfPage\":{\"@id\":\"https:\\\/\\\/inclusivenews.com.br\\\/?p=26620\"},\"wordCount\":466,\"commentCount\":0,\"publisher\":{\"@id\":\"https:\\\/\\\/inclusivenews.com.br\\\/#organization\"},\"image\":{\"@id\":\"https:\\\/\\\/inclusivenews.com.br\\\/?p=26620#primaryimage\"},\"thumbnailUrl\":\"http:\\\/\\\/inclusivenews.com.br\\\/wp-content\\\/uploads\\\/pne.jpg\",\"keywords\":[\"PNE\"],\"articleSection\":[\"EDUCA\u00c7\u00c3O\"],\"inLanguage\":\"pt-PT\",\"potentialAction\":[{\"@type\":\"CommentAction\",\"name\":\"Comment\",\"target\":[\"https:\\\/\\\/inclusivenews.com.br\\\/?p=26620#respond\"]}]},{\"@type\":\"WebPage\",\"@id\":\"https:\\\/\\\/inclusivenews.com.br\\\/?p=26620\",\"url\":\"https:\\\/\\\/inclusivenews.com.br\\\/?p=26620\",\"name\":\"Entidades pedem dois vetos no PNE -\",\"isPartOf\":{\"@id\":\"https:\\\/\\\/inclusivenews.com.br\\\/#website\"},\"primaryImageOfPage\":{\"@id\":\"https:\\\/\\\/inclusivenews.com.br\\\/?p=26620#primaryimage\"},\"image\":{\"@id\":\"https:\\\/\\\/inclusivenews.com.br\\\/?p=26620#primaryimage\"},\"thumbnailUrl\":\"http:\\\/\\\/inclusivenews.com.br\\\/wp-content\\\/uploads\\\/pne.jpg\",\"datePublished\":\"2014-06-25T12:56:35+00:00\",\"breadcrumb\":{\"@id\":\"https:\\\/\\\/inclusivenews.com.br\\\/?p=26620#breadcrumb\"},\"inLanguage\":\"pt-PT\",\"potentialAction\":[{\"@type\":\"ReadAction\",\"target\":[\"https:\\\/\\\/inclusivenews.com.br\\\/?p=26620\"]}]},{\"@type\":\"ImageObject\",\"inLanguage\":\"pt-PT\",\"@id\":\"https:\\\/\\\/inclusivenews.com.br\\\/?p=26620#primaryimage\",\"url\":\"\",\"contentUrl\":\"\"},{\"@type\":\"BreadcrumbList\",\"@id\":\"https:\\\/\\\/inclusivenews.com.br\\\/?p=26620#breadcrumb\",\"itemListElement\":[{\"@type\":\"ListItem\",\"position\":1,\"name\":\"In\u00edcio\",\"item\":\"https:\\\/\\\/inclusivenews.com.br\\\/\"},{\"@type\":\"ListItem\",\"position\":2,\"name\":\"Entidades pedem dois vetos no PNE\"}]},{\"@type\":\"WebSite\",\"@id\":\"https:\\\/\\\/inclusivenews.com.br\\\/#website\",\"url\":\"https:\\\/\\\/inclusivenews.com.br\\\/\",\"name\":\"Inclusive News\",\"description\":\"Inclusive News\",\"publisher\":{\"@id\":\"https:\\\/\\\/inclusivenews.com.br\\\/#organization\"},\"potentialAction\":[{\"@type\":\"SearchAction\",\"target\":{\"@type\":\"EntryPoint\",\"urlTemplate\":\"https:\\\/\\\/inclusivenews.com.br\\\/?s={search_term_string}\"},\"query-input\":{\"@type\":\"PropertyValueSpecification\",\"valueRequired\":true,\"valueName\":\"search_term_string\"}}],\"inLanguage\":\"pt-PT\"},{\"@type\":\"Organization\",\"@id\":\"https:\\\/\\\/inclusivenews.com.br\\\/#organization\",\"name\":\"Inclusive - inclus\u00e3o e cidadania\",\"url\":\"https:\\\/\\\/inclusivenews.com.br\\\/\",\"logo\":{\"@type\":\"ImageObject\",\"inLanguage\":\"pt-PT\",\"@id\":\"https:\\\/\\\/inclusivenews.com.br\\\/#\\\/schema\\\/logo\\\/image\\\/\",\"url\":\"https:\\\/\\\/inclusivenews.com.br\\\/wp-content\\\/uploads\\\/2024\\\/03\\\/@grandesite.png\",\"contentUrl\":\"https:\\\/\\\/inclusivenews.com.br\\\/wp-content\\\/uploads\\\/2024\\\/03\\\/@grandesite.png\",\"width\":1080,\"height\":1080,\"caption\":\"Inclusive - inclus\u00e3o e cidadania\"},\"image\":{\"@id\":\"https:\\\/\\\/inclusivenews.com.br\\\/#\\\/schema\\\/logo\\\/image\\\/\"},\"sameAs\":[\"https:\\\/\\\/www.facebook.com\\\/agenciainclusive\\\/\",\"https:\\\/\\\/www.instagram.com\\\/newsinclusive\\\/\"]},{\"@type\":\"Person\",\"@id\":\"https:\\\/\\\/inclusivenews.com.br\\\/#\\\/schema\\\/person\\\/ae4ec7087559b8692fb33b6fffd2273b\",\"name\":\"inclusivenews2024\",\"image\":{\"@type\":\"ImageObject\",\"inLanguage\":\"pt-PT\",\"@id\":\"https:\\\/\\\/secure.gravatar.com\\\/avatar\\\/c5a7ef84c66fa914f55bc4f7ce26cfa275a3b9a1c5568b907bd184fb4dde7b40?s=96&d=mm&r=g\",\"url\":\"https:\\\/\\\/secure.gravatar.com\\\/avatar\\\/c5a7ef84c66fa914f55bc4f7ce26cfa275a3b9a1c5568b907bd184fb4dde7b40?s=96&d=mm&r=g\",\"contentUrl\":\"https:\\\/\\\/secure.gravatar.com\\\/avatar\\\/c5a7ef84c66fa914f55bc4f7ce26cfa275a3b9a1c5568b907bd184fb4dde7b40?s=96&d=mm&r=g\",\"caption\":\"inclusivenews2024\"},\"sameAs\":[\"https:\\\/\\\/inclusivenews.com.br\"],\"url\":\"https:\\\/\\\/inclusivenews.com.br\\\/?author=1\"}]}<\/script>\n<!-- \/ Yoast SEO plugin. -->","yoast_head_json":{"title":"Entidades pedem dois vetos no PNE -","robots":{"index":"index","follow":"follow","max-snippet":"max-snippet:-1","max-image-preview":"max-image-preview:large","max-video-preview":"max-video-preview:-1"},"canonical":"https:\/\/inclusivenews.com.br\/?p=26620","og_locale":"pt_PT","og_type":"article","og_title":"Entidades pedem dois vetos no PNE -","og_description":"As entidades pedem o veto ao Par\u00e1grafo 4\u00ba do Artigo 5\u00ba, que inclui na conta dos 10% programas como o Universidade para Todos (ProUni) e o Ci\u00eancia sem Fronteiras, o Fundo de Financiamento Estudantil (Fies) e o Programa Nacional de Acesso ao Ensino T\u00e9cnico e Emprego (Pronatec). As entidades defendem que o investimento seja feito em escolas e universidades p\u00fablicas. Da Ag\u00eancia Brasil.","og_url":"https:\/\/inclusivenews.com.br\/?p=26620","article_publisher":"https:\/\/www.facebook.com\/agenciainclusive\/","article_published_time":"2014-06-25T12:56:35+00:00","og_image":[{"url":"http:\/\/inclusivenews.com.br\/wp-content\/uploads\/pne.jpg","type":"","width":"","height":""}],"author":"inclusivenews2024","twitter_card":"summary_large_image","twitter_misc":{"Escrito por":"inclusivenews2024","Tempo estimado de leitura":"2 minutos"},"schema":{"@context":"https:\/\/schema.org","@graph":[{"@type":"Article","@id":"https:\/\/inclusivenews.com.br\/?p=26620#article","isPartOf":{"@id":"https:\/\/inclusivenews.com.br\/?p=26620"},"author":{"name":"inclusivenews2024","@id":"https:\/\/inclusivenews.com.br\/#\/schema\/person\/ae4ec7087559b8692fb33b6fffd2273b"},"headline":"Entidades pedem dois vetos no PNE","datePublished":"2014-06-25T12:56:35+00:00","mainEntityOfPage":{"@id":"https:\/\/inclusivenews.com.br\/?p=26620"},"wordCount":466,"commentCount":0,"publisher":{"@id":"https:\/\/inclusivenews.com.br\/#organization"},"image":{"@id":"https:\/\/inclusivenews.com.br\/?p=26620#primaryimage"},"thumbnailUrl":"http:\/\/inclusivenews.com.br\/wp-content\/uploads\/pne.jpg","keywords":["PNE"],"articleSection":["EDUCA\u00c7\u00c3O"],"inLanguage":"pt-PT","potentialAction":[{"@type":"CommentAction","name":"Comment","target":["https:\/\/inclusivenews.com.br\/?p=26620#respond"]}]},{"@type":"WebPage","@id":"https:\/\/inclusivenews.com.br\/?p=26620","url":"https:\/\/inclusivenews.com.br\/?p=26620","name":"Entidades pedem dois vetos no PNE -","isPartOf":{"@id":"https:\/\/inclusivenews.com.br\/#website"},"primaryImageOfPage":{"@id":"https:\/\/inclusivenews.com.br\/?p=26620#primaryimage"},"image":{"@id":"https:\/\/inclusivenews.com.br\/?p=26620#primaryimage"},"thumbnailUrl":"http:\/\/inclusivenews.com.br\/wp-content\/uploads\/pne.jpg","datePublished":"2014-06-25T12:56:35+00:00","breadcrumb":{"@id":"https:\/\/inclusivenews.com.br\/?p=26620#breadcrumb"},"inLanguage":"pt-PT","potentialAction":[{"@type":"ReadAction","target":["https:\/\/inclusivenews.com.br\/?p=26620"]}]},{"@type":"ImageObject","inLanguage":"pt-PT","@id":"https:\/\/inclusivenews.com.br\/?p=26620#primaryimage","url":"","contentUrl":""},{"@type":"BreadcrumbList","@id":"https:\/\/inclusivenews.com.br\/?p=26620#breadcrumb","itemListElement":[{"@type":"ListItem","position":1,"name":"In\u00edcio","item":"https:\/\/inclusivenews.com.br\/"},{"@type":"ListItem","position":2,"name":"Entidades pedem dois vetos no PNE"}]},{"@type":"WebSite","@id":"https:\/\/inclusivenews.com.br\/#website","url":"https:\/\/inclusivenews.com.br\/","name":"Inclusive News","description":"Inclusive News","publisher":{"@id":"https:\/\/inclusivenews.com.br\/#organization"},"potentialAction":[{"@type":"SearchAction","target":{"@type":"EntryPoint","urlTemplate":"https:\/\/inclusivenews.com.br\/?s={search_term_string}"},"query-input":{"@type":"PropertyValueSpecification","valueRequired":true,"valueName":"search_term_string"}}],"inLanguage":"pt-PT"},{"@type":"Organization","@id":"https:\/\/inclusivenews.com.br\/#organization","name":"Inclusive - inclus\u00e3o e cidadania","url":"https:\/\/inclusivenews.com.br\/","logo":{"@type":"ImageObject","inLanguage":"pt-PT","@id":"https:\/\/inclusivenews.com.br\/#\/schema\/logo\/image\/","url":"https:\/\/inclusivenews.com.br\/wp-content\/uploads\/2024\/03\/@grandesite.png","contentUrl":"https:\/\/inclusivenews.com.br\/wp-content\/uploads\/2024\/03\/@grandesite.png","width":1080,"height":1080,"caption":"Inclusive - inclus\u00e3o e cidadania"},"image":{"@id":"https:\/\/inclusivenews.com.br\/#\/schema\/logo\/image\/"},"sameAs":["https:\/\/www.facebook.com\/agenciainclusive\/","https:\/\/www.instagram.com\/newsinclusive\/"]},{"@type":"Person","@id":"https:\/\/inclusivenews.com.br\/#\/schema\/person\/ae4ec7087559b8692fb33b6fffd2273b","name":"inclusivenews2024","image":{"@type":"ImageObject","inLanguage":"pt-PT","@id":"https:\/\/secure.gravatar.com\/avatar\/c5a7ef84c66fa914f55bc4f7ce26cfa275a3b9a1c5568b907bd184fb4dde7b40?s=96&d=mm&r=g","url":"https:\/\/secure.gravatar.com\/avatar\/c5a7ef84c66fa914f55bc4f7ce26cfa275a3b9a1c5568b907bd184fb4dde7b40?s=96&d=mm&r=g","contentUrl":"https:\/\/secure.gravatar.com\/avatar\/c5a7ef84c66fa914f55bc4f7ce26cfa275a3b9a1c5568b907bd184fb4dde7b40?s=96&d=mm&r=g","caption":"inclusivenews2024"},"sameAs":["https:\/\/inclusivenews.com.br"],"url":"https:\/\/inclusivenews.com.br\/?author=1"}]}},"_links":{"self":[{"href":"https:\/\/inclusivenews.com.br\/index.php?rest_route=\/wp\/v2\/posts\/26620","targetHints":{"allow":["GET"]}}],"collection":[{"href":"https:\/\/inclusivenews.com.br\/index.php?rest_route=\/wp\/v2\/posts"}],"about":[{"href":"https:\/\/inclusivenews.com.br\/index.php?rest_route=\/wp\/v2\/types\/post"}],"author":[{"embeddable":true,"href":"https:\/\/inclusivenews.com.br\/index.php?rest_route=\/wp\/v2\/users\/1"}],"replies":[{"embeddable":true,"href":"https:\/\/inclusivenews.com.br\/index.php?rest_route=%2Fwp%2Fv2%2Fcomments&post=26620"}],"version-history":[{"count":0,"href":"https:\/\/inclusivenews.com.br\/index.php?rest_route=\/wp\/v2\/posts\/26620\/revisions"}],"wp:attachment":[{"href":"https:\/\/inclusivenews.com.br\/index.php?rest_route=%2Fwp%2Fv2%2Fmedia&parent=26620"}],"wp:term":[{"taxonomy":"category","embeddable":true,"href":"https:\/\/inclusivenews.com.br\/index.php?rest_route=%2Fwp%2Fv2%2Fcategories&post=26620"},{"taxonomy":"post_tag","embeddable":true,"href":"https:\/\/inclusivenews.com.br\/index.php?rest_route=%2Fwp%2Fv2%2Ftags&post=26620"}],"curies":[{"name":"wp","href":"https:\/\/api.w.org\/{rel}","templated":true}]}}