{"id":26640,"date":"2014-06-27T11:09:38","date_gmt":"2014-06-27T14:09:38","guid":{"rendered":"http:\/\/www.inclusive.org.br\/?p=26640"},"modified":"2014-06-27T11:09:38","modified_gmt":"2014-06-27T14:09:38","slug":"dilma-sanciona-plano-nacional-de-educacao-sem-vetos","status":"publish","type":"post","link":"https:\/\/inclusivenews.com.br\/?p=26640","title":{"rendered":"Dilma sanciona Plano Nacional de Educa\u00e7\u00e3o sem vetos"},"content":{"rendered":"<p><img decoding=\"async\" alt=\"PNE\" src=\"http:\/\/inclusivenews.com.br\/wp-content\/uploads\/pne.jpg\" \/><\/p>\n<p><em>Com informa\u00e7\u00f5es da Ag\u00eancia Brasil<\/em><\/p>\n<p>A presidenta Dilma Rousseff sancionou, sem vetos, o Plano Nacional de Educa\u00e7\u00e3o (PNE). O plano tramitou por quase quatro anos no Congresso at\u00e9 a aprova\u00e7\u00e3o e estabelece 20 metas para serem cumpridas ao longo dos pr\u00f3ximos dez anos. As metas v\u00e3o desde a educa\u00e7\u00e3o infantil at\u00e9 o ensino superior, passam pela gest\u00e3o e pelo financiamento do setor e pela forma\u00e7\u00e3o dos profissionais. O texto sancionado pela presidenta j\u00e1 foi publicado em edi\u00e7\u00e3o extra do<a href=\"http:\/\/pesquisa.in.gov.br\/imprensa\/jsp\/visualiza\/index.jsp?data=26\/06\/2014&amp;jornal=1000&amp;pagina=1&amp;totalArquivos=8\" target=\"_blank\" rel=\"noopener\"> <em>Di\u00e1rio Oficial da Uni\u00e3o<\/em><\/a> do dia (26).<\/p>\n<p>O PNE estabelece meta m\u00ednima de investimento em educa\u00e7\u00e3o de 7% do Produto Interno Bruto (PIB) no quinto ano de vig\u00eancia e de 10% no d\u00e9cimo ano. Atualmente, s\u00e3o investidos 6,4% do PIB, segundo o Minist\u00e9rio da Educa\u00e7\u00e3o.<\/p>\n<p>O ministro da pasta, Henrique Paim, disse que est\u00e1 contando com os recursos dos <em>royalties<\/em> do petr\u00f3leo e do Fundo Social do pr\u00e9-sal para cumprir as metas estabelecidas, mas reconheceu que o governo ter\u00e1 que fazer um grande esfor\u00e7o. \u201cComo temos dez anos, precisamos fazer uma grande discuss\u00e3o, verificar exatamente as fontes que n\u00f3s temos e ver no que \u00e9 preciso avan\u00e7ar. \u00c9 \u00f3bvio que a Uni\u00e3o ter\u00e1 que fazer um grande esfor\u00e7o, mas sabemos tamb\u00e9m que os estados e munic\u00edpios ter\u00e3o que fazer tamb\u00e9m um grande esfor\u00e7o, um esfor\u00e7o conjunto tanto no cumprimento das metas como no financiamento&#8221;, disse hoje (26) em entrevista coletiva sobre a san\u00e7\u00e3o do PNE.<\/p>\n<p>Um ponto que desagradou o governo durante as discuss\u00f5es no Congresso e que foi mantido no texto foi a obrigatoriedade de a Uni\u00e3o complementar recursos de estados e munic\u00edpios, se estes n\u00e3o investirem o suficiente para cumprir padr\u00f5es de qualidade determinados no Custo Aluno Qualidade (CAQ). Sobre o CAQ, o ministro ponderou que primeiro ser\u00e1 preciso fazer um grande debate com a participa\u00e7\u00e3o de governo, estados, munic\u00edpios e entidades da \u00e1rea de educa\u00e7\u00e3o para definir como calcular o \u00edndice.<\/p>\n<p>Entidades que atuam no setor educacional <a href=\"http:\/\/agenciabrasil.ebc.com.br\/educacao\/noticia\/2014-06\/entidades-pedem-dois-vetos-no-pne\" target=\"_blank\" rel=\"noopener\">reivindicavam o veto de dois trechos do PNE<\/a>. Em carta \u00e0 presidenta Dilma Rousseff, pediram que fosse exclu\u00edda a bonifica\u00e7\u00e3o \u00e0s escolas que melhorarem o \u00cdndice de Desenvolvimento da Educa\u00e7\u00e3o B\u00e1sica (Ideb) e a destina\u00e7\u00e3o de parte dos 10% do Produto Interno Bruto (PIB) para programas desenvolvidos em parceria com institui\u00e7\u00f5es privadas.<\/p>\n<p>Com a possibilidade de destina\u00e7\u00e3o dos recursos tamb\u00e9m para parcerias com institui\u00e7\u00f5es privadas, entram na conta programas como o Fundo de Financiamento Estudantil (Fies) e o Programa Universidade para Todos (ProUni). O texto originalmente aprovado pela C\u00e2mara previa que a parcela do PIB fosse destinada apenas para a educa\u00e7\u00e3o p\u00fablica.<\/p>\n<p>O ministro defendeu esse ponto e disse que, se n\u00e3o houver parceria com institui\u00e7\u00f5es privadas, ser\u00e1 dif\u00edcil avan\u00e7ar. Paim acrescentou que \u00e9 tamb\u00e9m uma forma de garantir gratuidade a todos. \u201cS\u00e3o recursos p\u00fablicos investidos e devemos ter garantia de acesso a todos. Se forne\u00e7o ProUni, Fies e Ci\u00eancia sem Fronteiras &#8211; a\u00e7\u00f5es que tem subs\u00eddio ou gratuidade envolvidos &#8211; ent\u00e3o, estamos gerando oportunidades educacionais\u201d, disse.<\/p>\n<p>Al\u00e9m do financiamento, o plano assegura a forma\u00e7\u00e3o, remunera\u00e7\u00e3o e carreira dos professores, consideradas quest\u00f5es centrais para o cumprimento das demais metas. Pelo texto, at\u00e9 o sexto ano de vig\u00eancia, os sal\u00e1rios dos professores da educa\u00e7\u00e3o b\u00e1sica dever\u00e1 ser equiparado ao rendimento m\u00e9dio dos demais profissionais com escolaridade equivalente. Al\u00e9m disso, em dez anos, 50% desses professores dever\u00e3o ter p\u00f3s-gradua\u00e7\u00e3o. Todos dever\u00e3o ter acesso \u00e0 forma\u00e7\u00e3o continuada.<\/p>\n<p>O texto ainda institui avalia\u00e7\u00f5es a cada dois anos para acompanhamento da implementa\u00e7\u00e3o das metas dos PNE. O ministro Paim, disse que o MEC vai anunciar, em breve, um sistema para acompanhamento do plano e tamb\u00e9m de medidas para dar suporte aos estados e munic\u00edpios na constru\u00e7\u00e3o dos planos de educa\u00e7\u00e3o.<\/p>\n","protected":false},"excerpt":{"rendered":"<p>Um ponto que desagradou o governo durante as discuss\u00f5es no Congresso e que foi mantido no texto foi a obrigatoriedade de a Uni\u00e3o complementar recursos de estados e munic\u00edpios, se estes n\u00e3o investirem o suficiente para cumprir padr\u00f5es de qualidade determinados no Custo Aluno Qualidade (CAQ). Sobre o CAQ, o ministro ponderou que primeiro ser\u00e1 preciso fazer um grande debate com a participa\u00e7\u00e3o de governo, estados, munic\u00edpios e entidades da \u00e1rea de educa\u00e7\u00e3o para definir como calcular o \u00edndice.<\/p>\n<p>Entidades que atuam no setor educacional reivindicavam o veto de dois trechos do PNE. Em carta \u00e0 presidenta Dilma Rousseff, pediram que fosse exclu\u00edda a bonifica\u00e7\u00e3o \u00e0s escolas que melhorarem o \u00cdndice de Desenvolvimento da Educa\u00e7\u00e3o B\u00e1sica (Ideb) e a destina\u00e7\u00e3o de parte dos 10% do Produto Interno Bruto (PIB) para programas desenvolvidos em parceria com institui\u00e7\u00f5es privadas.<\/p>\n<p>Com a possibilidade de destina\u00e7\u00e3o dos recursos tamb\u00e9m para parcerias com institui\u00e7\u00f5es privadas, entram na conta programas como o Fundo de Financiamento Estudantil (Fies) e o Programa Universidade para Todos (ProUni). O texto originalmente aprovado pela C\u00e2mara previa que a parcela do PIB fosse destinada apenas para a educa\u00e7\u00e3o p\u00fablica.<\/p>\n<p>O ministro defendeu esse ponto e disse que, se n\u00e3o houver parceria com institui\u00e7\u00f5es privadas, ser\u00e1 dif\u00edcil avan\u00e7ar. Paim acrescentou que \u00e9 tamb\u00e9m uma forma de garantir gratuidade a todos. \u201cS\u00e3o recursos p\u00fablicos investidos e devemos ter garantia de acesso a todos. Se forne\u00e7o ProUni, Fies e Ci\u00eancia sem Fronteiras &#8211; a\u00e7\u00f5es que tem subs\u00eddio ou gratuidade envolvidos &#8211; ent\u00e3o, estamos gerando oportunidades educacionais\u201d, disse.<\/p>\n<p>Al\u00e9m do financiamento, o plano assegura a forma\u00e7\u00e3o, remunera\u00e7\u00e3o e carreira dos professores, consideradas quest\u00f5es centrais para o cumprimento das demais metas. Pelo texto, at\u00e9 o sexto ano de vig\u00eancia, os sal\u00e1rios dos professores da educa\u00e7\u00e3o b\u00e1sica dever\u00e1 ser equiparado ao rendimento m\u00e9dio dos demais profissionais com escolaridade equivalente. Al\u00e9m disso, em dez anos, 50% desses professores dever\u00e3o ter p\u00f3s-gradua\u00e7\u00e3o. Todos dever\u00e3o ter acesso \u00e0 forma\u00e7\u00e3o continuada.<\/p>\n<p>O texto ainda institui avalia\u00e7\u00f5es a cada dois anos para acompanhamento da implementa\u00e7\u00e3o das metas dos PNE. O ministro Paim, disse que o MEC vai anunciar, em breve, um sistema para acompanhamento do plano e tamb\u00e9m de medidas para dar suporte aos estados e munic\u00edpios na constru\u00e7\u00e3o dos planos de educa\u00e7\u00e3o. Da Ag\u00eancia Brasil.<\/p>\n","protected":false},"author":1,"featured_media":0,"comment_status":"open","ping_status":"open","sticky":false,"template":"","format":"standard","meta":{"site-container-style":"default","site-container-layout":"default","site-sidebar-layout":"default","disable-article-header":"default","disable-site-header":"default","disable-site-footer":"default","disable-content-area-spacing":"default","footnotes":""},"categories":[6],"tags":[222],"class_list":["post-26640","post","type-post","status-publish","format-standard","hentry","category-educacao","tag-pne"],"yoast_head":"<!-- This site is optimized with the Yoast SEO plugin v27.4 - https:\/\/yoast.com\/product\/yoast-seo-wordpress\/ -->\n<title>Dilma sanciona Plano Nacional de Educa\u00e7\u00e3o sem vetos -<\/title>\n<meta name=\"robots\" content=\"index, follow, max-snippet:-1, max-image-preview:large, max-video-preview:-1\" \/>\n<link rel=\"canonical\" href=\"https:\/\/inclusivenews.com.br\/?p=26640\" \/>\n<meta property=\"og:locale\" content=\"pt_PT\" \/>\n<meta property=\"og:type\" content=\"article\" \/>\n<meta property=\"og:title\" content=\"Dilma sanciona Plano Nacional de Educa\u00e7\u00e3o sem vetos -\" \/>\n<meta property=\"og:description\" content=\"Um ponto que desagradou o governo durante as discuss\u00f5es no Congresso e que foi mantido no texto foi a obrigatoriedade de a Uni\u00e3o complementar recursos de estados e munic\u00edpios, se estes n\u00e3o investirem o suficiente para cumprir padr\u00f5es de qualidade determinados no Custo Aluno Qualidade (CAQ). Sobre o CAQ, o ministro ponderou que primeiro ser\u00e1 preciso fazer um grande debate com a participa\u00e7\u00e3o de governo, estados, munic\u00edpios e entidades da \u00e1rea de educa\u00e7\u00e3o para definir como calcular o \u00edndice. Entidades que atuam no setor educacional reivindicavam o veto de dois trechos do PNE. Em carta \u00e0 presidenta Dilma Rousseff, pediram que fosse exclu\u00edda a bonifica\u00e7\u00e3o \u00e0s escolas que melhorarem o \u00cdndice de Desenvolvimento da Educa\u00e7\u00e3o B\u00e1sica (Ideb) e a destina\u00e7\u00e3o de parte dos 10% do Produto Interno Bruto (PIB) para programas desenvolvidos em parceria com institui\u00e7\u00f5es privadas. Com a possibilidade de destina\u00e7\u00e3o dos recursos tamb\u00e9m para parcerias com institui\u00e7\u00f5es privadas, entram na conta programas como o Fundo de Financiamento Estudantil (Fies) e o Programa Universidade para Todos (ProUni). O texto originalmente aprovado pela C\u00e2mara previa que a parcela do PIB fosse destinada apenas para a educa\u00e7\u00e3o p\u00fablica. O ministro defendeu esse ponto e disse que, se n\u00e3o houver parceria com institui\u00e7\u00f5es privadas, ser\u00e1 dif\u00edcil avan\u00e7ar. Paim acrescentou que \u00e9 tamb\u00e9m uma forma de garantir gratuidade a todos. \u201cS\u00e3o recursos p\u00fablicos investidos e devemos ter garantia de acesso a todos. Se forne\u00e7o ProUni, Fies e Ci\u00eancia sem Fronteiras - a\u00e7\u00f5es que tem subs\u00eddio ou gratuidade envolvidos - ent\u00e3o, estamos gerando oportunidades educacionais\u201d, disse. Al\u00e9m do financiamento, o plano assegura a forma\u00e7\u00e3o, remunera\u00e7\u00e3o e carreira dos professores, consideradas quest\u00f5es centrais para o cumprimento das demais metas. Pelo texto, at\u00e9 o sexto ano de vig\u00eancia, os sal\u00e1rios dos professores da educa\u00e7\u00e3o b\u00e1sica dever\u00e1 ser equiparado ao rendimento m\u00e9dio dos demais profissionais com escolaridade equivalente. Al\u00e9m disso, em dez anos, 50% desses professores dever\u00e3o ter p\u00f3s-gradua\u00e7\u00e3o. Todos dever\u00e3o ter acesso \u00e0 forma\u00e7\u00e3o continuada. O texto ainda institui avalia\u00e7\u00f5es a cada dois anos para acompanhamento da implementa\u00e7\u00e3o das metas dos PNE. O ministro Paim, disse que o MEC vai anunciar, em breve, um sistema para acompanhamento do plano e tamb\u00e9m de medidas para dar suporte aos estados e munic\u00edpios na constru\u00e7\u00e3o dos planos de educa\u00e7\u00e3o. Da Ag\u00eancia Brasil.\" \/>\n<meta property=\"og:url\" content=\"https:\/\/inclusivenews.com.br\/?p=26640\" \/>\n<meta property=\"article:publisher\" content=\"https:\/\/www.facebook.com\/agenciainclusive\/\" \/>\n<meta property=\"article:published_time\" content=\"2014-06-27T14:09:38+00:00\" \/>\n<meta property=\"og:image\" content=\"http:\/\/inclusivenews.com.br\/wp-content\/uploads\/pne.jpg\" \/>\n<meta name=\"author\" content=\"inclusivenews2024\" \/>\n<meta name=\"twitter:card\" content=\"summary_large_image\" \/>\n<meta name=\"twitter:label1\" content=\"Escrito por\" \/>\n\t<meta name=\"twitter:data1\" content=\"inclusivenews2024\" \/>\n\t<meta name=\"twitter:label2\" content=\"Tempo estimado de leitura\" \/>\n\t<meta name=\"twitter:data2\" content=\"3 minutos\" \/>\n<script type=\"application\/ld+json\" class=\"yoast-schema-graph\">{\"@context\":\"https:\\\/\\\/schema.org\",\"@graph\":[{\"@type\":\"Article\",\"@id\":\"https:\\\/\\\/inclusivenews.com.br\\\/?p=26640#article\",\"isPartOf\":{\"@id\":\"https:\\\/\\\/inclusivenews.com.br\\\/?p=26640\"},\"author\":{\"name\":\"inclusivenews2024\",\"@id\":\"https:\\\/\\\/inclusivenews.com.br\\\/#\\\/schema\\\/person\\\/ae4ec7087559b8692fb33b6fffd2273b\"},\"headline\":\"Dilma sanciona Plano Nacional de Educa\u00e7\u00e3o sem vetos\",\"datePublished\":\"2014-06-27T14:09:38+00:00\",\"mainEntityOfPage\":{\"@id\":\"https:\\\/\\\/inclusivenews.com.br\\\/?p=26640\"},\"wordCount\":687,\"commentCount\":0,\"publisher\":{\"@id\":\"https:\\\/\\\/inclusivenews.com.br\\\/#organization\"},\"image\":{\"@id\":\"https:\\\/\\\/inclusivenews.com.br\\\/?p=26640#primaryimage\"},\"thumbnailUrl\":\"http:\\\/\\\/inclusivenews.com.br\\\/wp-content\\\/uploads\\\/pne.jpg\",\"keywords\":[\"PNE\"],\"articleSection\":[\"EDUCA\u00c7\u00c3O\"],\"inLanguage\":\"pt-PT\",\"potentialAction\":[{\"@type\":\"CommentAction\",\"name\":\"Comment\",\"target\":[\"https:\\\/\\\/inclusivenews.com.br\\\/?p=26640#respond\"]}]},{\"@type\":\"WebPage\",\"@id\":\"https:\\\/\\\/inclusivenews.com.br\\\/?p=26640\",\"url\":\"https:\\\/\\\/inclusivenews.com.br\\\/?p=26640\",\"name\":\"Dilma sanciona Plano Nacional de Educa\u00e7\u00e3o sem vetos -\",\"isPartOf\":{\"@id\":\"https:\\\/\\\/inclusivenews.com.br\\\/#website\"},\"primaryImageOfPage\":{\"@id\":\"https:\\\/\\\/inclusivenews.com.br\\\/?p=26640#primaryimage\"},\"image\":{\"@id\":\"https:\\\/\\\/inclusivenews.com.br\\\/?p=26640#primaryimage\"},\"thumbnailUrl\":\"http:\\\/\\\/inclusivenews.com.br\\\/wp-content\\\/uploads\\\/pne.jpg\",\"datePublished\":\"2014-06-27T14:09:38+00:00\",\"breadcrumb\":{\"@id\":\"https:\\\/\\\/inclusivenews.com.br\\\/?p=26640#breadcrumb\"},\"inLanguage\":\"pt-PT\",\"potentialAction\":[{\"@type\":\"ReadAction\",\"target\":[\"https:\\\/\\\/inclusivenews.com.br\\\/?p=26640\"]}]},{\"@type\":\"ImageObject\",\"inLanguage\":\"pt-PT\",\"@id\":\"https:\\\/\\\/inclusivenews.com.br\\\/?p=26640#primaryimage\",\"url\":\"\",\"contentUrl\":\"\"},{\"@type\":\"BreadcrumbList\",\"@id\":\"https:\\\/\\\/inclusivenews.com.br\\\/?p=26640#breadcrumb\",\"itemListElement\":[{\"@type\":\"ListItem\",\"position\":1,\"name\":\"In\u00edcio\",\"item\":\"https:\\\/\\\/inclusivenews.com.br\\\/\"},{\"@type\":\"ListItem\",\"position\":2,\"name\":\"Dilma sanciona Plano Nacional de Educa\u00e7\u00e3o sem vetos\"}]},{\"@type\":\"WebSite\",\"@id\":\"https:\\\/\\\/inclusivenews.com.br\\\/#website\",\"url\":\"https:\\\/\\\/inclusivenews.com.br\\\/\",\"name\":\"Inclusive News\",\"description\":\"Inclusive News\",\"publisher\":{\"@id\":\"https:\\\/\\\/inclusivenews.com.br\\\/#organization\"},\"potentialAction\":[{\"@type\":\"SearchAction\",\"target\":{\"@type\":\"EntryPoint\",\"urlTemplate\":\"https:\\\/\\\/inclusivenews.com.br\\\/?s={search_term_string}\"},\"query-input\":{\"@type\":\"PropertyValueSpecification\",\"valueRequired\":true,\"valueName\":\"search_term_string\"}}],\"inLanguage\":\"pt-PT\"},{\"@type\":\"Organization\",\"@id\":\"https:\\\/\\\/inclusivenews.com.br\\\/#organization\",\"name\":\"Inclusive - inclus\u00e3o e cidadania\",\"url\":\"https:\\\/\\\/inclusivenews.com.br\\\/\",\"logo\":{\"@type\":\"ImageObject\",\"inLanguage\":\"pt-PT\",\"@id\":\"https:\\\/\\\/inclusivenews.com.br\\\/#\\\/schema\\\/logo\\\/image\\\/\",\"url\":\"https:\\\/\\\/inclusivenews.com.br\\\/wp-content\\\/uploads\\\/2024\\\/03\\\/@grandesite.png\",\"contentUrl\":\"https:\\\/\\\/inclusivenews.com.br\\\/wp-content\\\/uploads\\\/2024\\\/03\\\/@grandesite.png\",\"width\":1080,\"height\":1080,\"caption\":\"Inclusive - inclus\u00e3o e cidadania\"},\"image\":{\"@id\":\"https:\\\/\\\/inclusivenews.com.br\\\/#\\\/schema\\\/logo\\\/image\\\/\"},\"sameAs\":[\"https:\\\/\\\/www.facebook.com\\\/agenciainclusive\\\/\",\"https:\\\/\\\/www.instagram.com\\\/newsinclusive\\\/\"]},{\"@type\":\"Person\",\"@id\":\"https:\\\/\\\/inclusivenews.com.br\\\/#\\\/schema\\\/person\\\/ae4ec7087559b8692fb33b6fffd2273b\",\"name\":\"inclusivenews2024\",\"image\":{\"@type\":\"ImageObject\",\"inLanguage\":\"pt-PT\",\"@id\":\"https:\\\/\\\/secure.gravatar.com\\\/avatar\\\/c5a7ef84c66fa914f55bc4f7ce26cfa275a3b9a1c5568b907bd184fb4dde7b40?s=96&d=mm&r=g\",\"url\":\"https:\\\/\\\/secure.gravatar.com\\\/avatar\\\/c5a7ef84c66fa914f55bc4f7ce26cfa275a3b9a1c5568b907bd184fb4dde7b40?s=96&d=mm&r=g\",\"contentUrl\":\"https:\\\/\\\/secure.gravatar.com\\\/avatar\\\/c5a7ef84c66fa914f55bc4f7ce26cfa275a3b9a1c5568b907bd184fb4dde7b40?s=96&d=mm&r=g\",\"caption\":\"inclusivenews2024\"},\"sameAs\":[\"https:\\\/\\\/inclusivenews.com.br\"],\"url\":\"https:\\\/\\\/inclusivenews.com.br\\\/?author=1\"}]}<\/script>\n<!-- \/ Yoast SEO plugin. -->","yoast_head_json":{"title":"Dilma sanciona Plano Nacional de Educa\u00e7\u00e3o sem vetos -","robots":{"index":"index","follow":"follow","max-snippet":"max-snippet:-1","max-image-preview":"max-image-preview:large","max-video-preview":"max-video-preview:-1"},"canonical":"https:\/\/inclusivenews.com.br\/?p=26640","og_locale":"pt_PT","og_type":"article","og_title":"Dilma sanciona Plano Nacional de Educa\u00e7\u00e3o sem vetos -","og_description":"Um ponto que desagradou o governo durante as discuss\u00f5es no Congresso e que foi mantido no texto foi a obrigatoriedade de a Uni\u00e3o complementar recursos de estados e munic\u00edpios, se estes n\u00e3o investirem o suficiente para cumprir padr\u00f5es de qualidade determinados no Custo Aluno Qualidade (CAQ). Sobre o CAQ, o ministro ponderou que primeiro ser\u00e1 preciso fazer um grande debate com a participa\u00e7\u00e3o de governo, estados, munic\u00edpios e entidades da \u00e1rea de educa\u00e7\u00e3o para definir como calcular o \u00edndice. Entidades que atuam no setor educacional reivindicavam o veto de dois trechos do PNE. Em carta \u00e0 presidenta Dilma Rousseff, pediram que fosse exclu\u00edda a bonifica\u00e7\u00e3o \u00e0s escolas que melhorarem o \u00cdndice de Desenvolvimento da Educa\u00e7\u00e3o B\u00e1sica (Ideb) e a destina\u00e7\u00e3o de parte dos 10% do Produto Interno Bruto (PIB) para programas desenvolvidos em parceria com institui\u00e7\u00f5es privadas. Com a possibilidade de destina\u00e7\u00e3o dos recursos tamb\u00e9m para parcerias com institui\u00e7\u00f5es privadas, entram na conta programas como o Fundo de Financiamento Estudantil (Fies) e o Programa Universidade para Todos (ProUni). O texto originalmente aprovado pela C\u00e2mara previa que a parcela do PIB fosse destinada apenas para a educa\u00e7\u00e3o p\u00fablica. O ministro defendeu esse ponto e disse que, se n\u00e3o houver parceria com institui\u00e7\u00f5es privadas, ser\u00e1 dif\u00edcil avan\u00e7ar. Paim acrescentou que \u00e9 tamb\u00e9m uma forma de garantir gratuidade a todos. \u201cS\u00e3o recursos p\u00fablicos investidos e devemos ter garantia de acesso a todos. Se forne\u00e7o ProUni, Fies e Ci\u00eancia sem Fronteiras - a\u00e7\u00f5es que tem subs\u00eddio ou gratuidade envolvidos - ent\u00e3o, estamos gerando oportunidades educacionais\u201d, disse. Al\u00e9m do financiamento, o plano assegura a forma\u00e7\u00e3o, remunera\u00e7\u00e3o e carreira dos professores, consideradas quest\u00f5es centrais para o cumprimento das demais metas. Pelo texto, at\u00e9 o sexto ano de vig\u00eancia, os sal\u00e1rios dos professores da educa\u00e7\u00e3o b\u00e1sica dever\u00e1 ser equiparado ao rendimento m\u00e9dio dos demais profissionais com escolaridade equivalente. Al\u00e9m disso, em dez anos, 50% desses professores dever\u00e3o ter p\u00f3s-gradua\u00e7\u00e3o. Todos dever\u00e3o ter acesso \u00e0 forma\u00e7\u00e3o continuada. O texto ainda institui avalia\u00e7\u00f5es a cada dois anos para acompanhamento da implementa\u00e7\u00e3o das metas dos PNE. O ministro Paim, disse que o MEC vai anunciar, em breve, um sistema para acompanhamento do plano e tamb\u00e9m de medidas para dar suporte aos estados e munic\u00edpios na constru\u00e7\u00e3o dos planos de educa\u00e7\u00e3o. Da Ag\u00eancia Brasil.","og_url":"https:\/\/inclusivenews.com.br\/?p=26640","article_publisher":"https:\/\/www.facebook.com\/agenciainclusive\/","article_published_time":"2014-06-27T14:09:38+00:00","og_image":[{"url":"http:\/\/inclusivenews.com.br\/wp-content\/uploads\/pne.jpg","type":"","width":"","height":""}],"author":"inclusivenews2024","twitter_card":"summary_large_image","twitter_misc":{"Escrito por":"inclusivenews2024","Tempo estimado de leitura":"3 minutos"},"schema":{"@context":"https:\/\/schema.org","@graph":[{"@type":"Article","@id":"https:\/\/inclusivenews.com.br\/?p=26640#article","isPartOf":{"@id":"https:\/\/inclusivenews.com.br\/?p=26640"},"author":{"name":"inclusivenews2024","@id":"https:\/\/inclusivenews.com.br\/#\/schema\/person\/ae4ec7087559b8692fb33b6fffd2273b"},"headline":"Dilma sanciona Plano Nacional de Educa\u00e7\u00e3o sem vetos","datePublished":"2014-06-27T14:09:38+00:00","mainEntityOfPage":{"@id":"https:\/\/inclusivenews.com.br\/?p=26640"},"wordCount":687,"commentCount":0,"publisher":{"@id":"https:\/\/inclusivenews.com.br\/#organization"},"image":{"@id":"https:\/\/inclusivenews.com.br\/?p=26640#primaryimage"},"thumbnailUrl":"http:\/\/inclusivenews.com.br\/wp-content\/uploads\/pne.jpg","keywords":["PNE"],"articleSection":["EDUCA\u00c7\u00c3O"],"inLanguage":"pt-PT","potentialAction":[{"@type":"CommentAction","name":"Comment","target":["https:\/\/inclusivenews.com.br\/?p=26640#respond"]}]},{"@type":"WebPage","@id":"https:\/\/inclusivenews.com.br\/?p=26640","url":"https:\/\/inclusivenews.com.br\/?p=26640","name":"Dilma sanciona Plano Nacional de Educa\u00e7\u00e3o sem vetos -","isPartOf":{"@id":"https:\/\/inclusivenews.com.br\/#website"},"primaryImageOfPage":{"@id":"https:\/\/inclusivenews.com.br\/?p=26640#primaryimage"},"image":{"@id":"https:\/\/inclusivenews.com.br\/?p=26640#primaryimage"},"thumbnailUrl":"http:\/\/inclusivenews.com.br\/wp-content\/uploads\/pne.jpg","datePublished":"2014-06-27T14:09:38+00:00","breadcrumb":{"@id":"https:\/\/inclusivenews.com.br\/?p=26640#breadcrumb"},"inLanguage":"pt-PT","potentialAction":[{"@type":"ReadAction","target":["https:\/\/inclusivenews.com.br\/?p=26640"]}]},{"@type":"ImageObject","inLanguage":"pt-PT","@id":"https:\/\/inclusivenews.com.br\/?p=26640#primaryimage","url":"","contentUrl":""},{"@type":"BreadcrumbList","@id":"https:\/\/inclusivenews.com.br\/?p=26640#breadcrumb","itemListElement":[{"@type":"ListItem","position":1,"name":"In\u00edcio","item":"https:\/\/inclusivenews.com.br\/"},{"@type":"ListItem","position":2,"name":"Dilma sanciona Plano Nacional de Educa\u00e7\u00e3o sem vetos"}]},{"@type":"WebSite","@id":"https:\/\/inclusivenews.com.br\/#website","url":"https:\/\/inclusivenews.com.br\/","name":"Inclusive News","description":"Inclusive News","publisher":{"@id":"https:\/\/inclusivenews.com.br\/#organization"},"potentialAction":[{"@type":"SearchAction","target":{"@type":"EntryPoint","urlTemplate":"https:\/\/inclusivenews.com.br\/?s={search_term_string}"},"query-input":{"@type":"PropertyValueSpecification","valueRequired":true,"valueName":"search_term_string"}}],"inLanguage":"pt-PT"},{"@type":"Organization","@id":"https:\/\/inclusivenews.com.br\/#organization","name":"Inclusive - inclus\u00e3o e cidadania","url":"https:\/\/inclusivenews.com.br\/","logo":{"@type":"ImageObject","inLanguage":"pt-PT","@id":"https:\/\/inclusivenews.com.br\/#\/schema\/logo\/image\/","url":"https:\/\/inclusivenews.com.br\/wp-content\/uploads\/2024\/03\/@grandesite.png","contentUrl":"https:\/\/inclusivenews.com.br\/wp-content\/uploads\/2024\/03\/@grandesite.png","width":1080,"height":1080,"caption":"Inclusive - inclus\u00e3o e cidadania"},"image":{"@id":"https:\/\/inclusivenews.com.br\/#\/schema\/logo\/image\/"},"sameAs":["https:\/\/www.facebook.com\/agenciainclusive\/","https:\/\/www.instagram.com\/newsinclusive\/"]},{"@type":"Person","@id":"https:\/\/inclusivenews.com.br\/#\/schema\/person\/ae4ec7087559b8692fb33b6fffd2273b","name":"inclusivenews2024","image":{"@type":"ImageObject","inLanguage":"pt-PT","@id":"https:\/\/secure.gravatar.com\/avatar\/c5a7ef84c66fa914f55bc4f7ce26cfa275a3b9a1c5568b907bd184fb4dde7b40?s=96&d=mm&r=g","url":"https:\/\/secure.gravatar.com\/avatar\/c5a7ef84c66fa914f55bc4f7ce26cfa275a3b9a1c5568b907bd184fb4dde7b40?s=96&d=mm&r=g","contentUrl":"https:\/\/secure.gravatar.com\/avatar\/c5a7ef84c66fa914f55bc4f7ce26cfa275a3b9a1c5568b907bd184fb4dde7b40?s=96&d=mm&r=g","caption":"inclusivenews2024"},"sameAs":["https:\/\/inclusivenews.com.br"],"url":"https:\/\/inclusivenews.com.br\/?author=1"}]}},"_links":{"self":[{"href":"https:\/\/inclusivenews.com.br\/index.php?rest_route=\/wp\/v2\/posts\/26640","targetHints":{"allow":["GET"]}}],"collection":[{"href":"https:\/\/inclusivenews.com.br\/index.php?rest_route=\/wp\/v2\/posts"}],"about":[{"href":"https:\/\/inclusivenews.com.br\/index.php?rest_route=\/wp\/v2\/types\/post"}],"author":[{"embeddable":true,"href":"https:\/\/inclusivenews.com.br\/index.php?rest_route=\/wp\/v2\/users\/1"}],"replies":[{"embeddable":true,"href":"https:\/\/inclusivenews.com.br\/index.php?rest_route=%2Fwp%2Fv2%2Fcomments&post=26640"}],"version-history":[{"count":0,"href":"https:\/\/inclusivenews.com.br\/index.php?rest_route=\/wp\/v2\/posts\/26640\/revisions"}],"wp:attachment":[{"href":"https:\/\/inclusivenews.com.br\/index.php?rest_route=%2Fwp%2Fv2%2Fmedia&parent=26640"}],"wp:term":[{"taxonomy":"category","embeddable":true,"href":"https:\/\/inclusivenews.com.br\/index.php?rest_route=%2Fwp%2Fv2%2Fcategories&post=26640"},{"taxonomy":"post_tag","embeddable":true,"href":"https:\/\/inclusivenews.com.br\/index.php?rest_route=%2Fwp%2Fv2%2Ftags&post=26640"}],"curies":[{"name":"wp","href":"https:\/\/api.w.org\/{rel}","templated":true}]}}