{"id":26645,"date":"2014-07-02T08:58:13","date_gmt":"2014-07-02T11:58:13","guid":{"rendered":"http:\/\/www.inclusive.org.br\/?p=26645"},"modified":"2014-07-02T08:58:13","modified_gmt":"2014-07-02T11:58:13","slug":"refletindo-sobre-a-sexualidade-das-pessoas-com-deficiencia","status":"publish","type":"post","link":"https:\/\/inclusivenews.com.br\/?p=26645","title":{"rendered":"Refletindo sobre a sexualidade das pessoas com defici\u00eancia"},"content":{"rendered":"<p><img loading=\"lazy\" decoding=\"async\" class=\"alignnone\" alt=\"O s\u00edmbolo do cadeirante sobre os s\u00edmbolos do masculino e do feminino\" src=\"http:\/\/4.bp.blogspot.com\/-CFIM30JPWo0\/TqW3lSkXI6I\/AAAAAAAADao\/nxinc05OGVI\/s200\/sexualidade.jpg\" width=\"190\" height=\"191\" \/><\/p>\n<p>Palestra do \u201cCiclo Defici\u00eancia e Sexualidade\u201d que discute o tema a partir de estudos e reflex\u00f5es das pessoas com defici\u00eancia, que visam a constru\u00e7\u00e3o sociocultural de novas abordagens sobre o assunto. Dia 19\/07, em S\u00e3o Paulo.<\/p>\n<p>O senso comum difunde e expressa um estigma sobre a sexualidade das pessoas com defici\u00eancia como assexuadas, vis\u00e3o esta, envolta por preconceitos e representa\u00e7\u00f5es sociais. Ainda \u00e9 um tema tabu, que pouco se discute e que vem sendo esclarecido apenas nos \u00faltimos anos. Nesse sentido, proporcionar o acesso \u00e0 informa\u00e7\u00e3o sobre ao assunto busca contribuir para a constru\u00e7\u00e3o das rela\u00e7\u00f5es sociais.<\/p>\n<p>Esses dois encontros tem a inten\u00e7\u00e3o de discutir as quest\u00f5es relativas ao tema, abrindo espa\u00e7o para debater, conversar e pensar, a partir dos estudos e das reflex\u00f5es das pessoas com defici\u00eancia, que vem trabalhando para constru\u00e7\u00e3o sociocultural de novas abordagens sobre o assunto.<\/p>\n<p>*Esta palestra integra o \u201cCiclo Defici\u00eancia e Sexualidade\u201d que tem a inten\u00e7\u00e3o de discutir as quest\u00f5es relativas ao tema, a partir de estudos e reflex\u00f5es das pessoas com defici\u00eancias, que visam a constru\u00e7\u00e3o sociocultural de novas abordagens sobre o assunto. As inscri\u00e7\u00f5es podem ser feitas a partir de 24 de junho, \u00e0s 14h, pela Internet ou nas unidades do Sesc em S\u00e3o Paulo.<\/p>\n<p><strong>Palestrantes<\/strong><\/p>\n<p><img loading=\"lazy\" decoding=\"async\" class=\"alignnone\" alt=\"Fabiano Puhlmann\" src=\"http:\/\/centrodepesquisaeformacao.sescsp.org.br\/uploads\/ProfessorTable\/711616fe098d2c0f57a72b4a08f6ba8c\/265\/square.jpg\" width=\"100\" height=\"100\" \/><br \/>\nFabiano Puhlmann di Girolano<\/p>\n<p>Psicoterapeuta especialista em Psicologia Hospitalar da Reabilita\u00e7\u00e3o pela USP e em Sexualidade Humana pelo Instituto H. Ellis. Mestre em Inclus\u00e3o de Pessoas com Defici\u00eancias pela Universidade Salamanca, Espanha.<\/p>\n<p><img loading=\"lazy\" decoding=\"async\" class=\"alignnone\" alt=\"Leandra Migotto Certeza\" src=\"http:\/\/centrodepesquisaeformacao.sescsp.org.br\/uploads\/ProfessorTable\/711616fe098d2c0f57a72b4a08f6ba8c\/266\/square.jpg\" width=\"100\" height=\"100\" \/><br \/>\nLeandra Migotto Certeza<\/p>\n<p>Jornalista, palestrante e consultora em inclus\u00e3o de cidad\u00e3os com defici\u00eancia e diversidade. Coordenadora da Caleidosc\u00f3pio Comunica\u00e7\u00f5es &#8211; Consultoria em Inclus\u00e3o e Assessora de Imprensa Volunt\u00e1ria na Associa\u00e7\u00e3o Brasileira de S\u00edndrome de Williams.<\/p>\n<p><img loading=\"lazy\" decoding=\"async\" class=\"alignnone\" alt=\"Marcia Gori\" src=\"http:\/\/centrodepesquisaeformacao.sescsp.org.br\/uploads\/ProfessorTable\/711616fe098d2c0f57a72b4a08f6ba8c\/267\/square.jpg\" width=\"100\" height=\"100\" \/><br \/>\nM\u00e1rcia Gori<\/p>\n<p>Bacharel em Direito pela UNORP. Escreve na revista Rea\u00e7\u00e3o &#8211; Coluna Mulher, no site Tudo para PcD &#8211; Coluna Mulher &amp; Sexualidade e no Blog Inclus\u00e3o &#8211; Coluna Sexualidade.<\/p>\n<p>**Haver\u00e1 tradu\u00e7\u00e3o em Libras (L\u00edngua Brasileira de Sinais)<\/p>\n<p>As inscri\u00e7\u00f5es podem ser feitas a partir de 24 de junho, \u00e0s 14h, pela Internet ou nas unidades do Sesc em S\u00e3o Paulo.<\/p>\n<p><strong>Data<\/strong><\/p>\n<p>19\/07\/2014<\/p>\n<p><strong>Dias e Hor\u00e1rios<\/strong><\/p>\n<p>S\u00e1bado, 14h \u00e0s 16h30.<br \/>\n<strong><br \/>\nLocal<\/strong><\/p>\n<p>Rua Pelotas, 141 &#8211; Vila Mariana<br \/>\n5\u00ba andar &#8211; Torre A<br \/>\nS\u00e3o Paulo\/SP<\/p>\n<p><strong>Valores<\/strong><\/p>\n<p>R$ 6,00 &#8211; comerci\u00e1rios e dependentes<br \/>\nR$ 15,00 &#8211; usu\u00e1rios matriculados e dependentes, aposentado, pessoa com mais de 60 anos, pessoa com defici\u00eancia, estudante e professor da rede p\u00fablica com comprovante<br \/>\nR$ 30,00 &#8211; inteira<\/p>\n<p><strong>Atividades relacionadas<\/strong><\/p>\n<p>Corpo, g\u00eanero e sexualidade na experi\u00eancia da defici\u00eancia<\/p>\n<p>Anahi Guedes de Melo<\/p>\n<p>15\/07\/2014<\/p>\n<p><a href=\"http:\/\/centrodepesquisaeformacao.sescsp.org.br\/atividade\/corpo-genero-e-sexualidade-na-experiencia-da-deficiencia\" target=\"_blank\" rel=\"noopener\">Inscreva-se aqui.<\/a><\/p>\n","protected":false},"excerpt":{"rendered":"<p>Palestra do \u201cCiclo Defici\u00eancia e Sexualidade\u201d discute o tema a partir de estudos e reflex\u00f5es das pessoas com defici\u00eancia, que visam a constru\u00e7\u00e3o sociocultural de novas abordagens sobre o assunto. Dia 19\/07, em S\u00e3o Paulo.<\/p>\n","protected":false},"author":1,"featured_media":0,"comment_status":"open","ping_status":"open","sticky":false,"template":"","format":"standard","meta":{"site-container-style":"default","site-container-layout":"default","site-sidebar-layout":"default","disable-article-header":"default","disable-site-header":"default","disable-site-footer":"default","disable-content-area-spacing":"default","footnotes":""},"categories":[12],"tags":[77],"class_list":["post-26645","post","type-post","status-publish","format-standard","hentry","category-cursos-e-eventos","tag-sexualidade"],"yoast_head":"<!-- This site is optimized with the Yoast SEO plugin v27.4 - https:\/\/yoast.com\/product\/yoast-seo-wordpress\/ -->\n<title>Refletindo sobre a sexualidade das pessoas com defici\u00eancia -<\/title>\n<meta name=\"robots\" content=\"index, follow, max-snippet:-1, max-image-preview:large, max-video-preview:-1\" \/>\n<link rel=\"canonical\" href=\"https:\/\/inclusivenews.com.br\/?p=26645\" \/>\n<meta property=\"og:locale\" content=\"pt_PT\" \/>\n<meta property=\"og:type\" content=\"article\" \/>\n<meta property=\"og:title\" content=\"Refletindo sobre a sexualidade das pessoas com defici\u00eancia -\" \/>\n<meta property=\"og:description\" content=\"Palestra do \u201cCiclo Defici\u00eancia e Sexualidade\u201d discute o tema a partir de estudos e reflex\u00f5es das pessoas com defici\u00eancia, que visam a constru\u00e7\u00e3o sociocultural de novas abordagens sobre o assunto. Dia 19\/07, em S\u00e3o Paulo.\" \/>\n<meta property=\"og:url\" content=\"https:\/\/inclusivenews.com.br\/?p=26645\" \/>\n<meta property=\"article:publisher\" content=\"https:\/\/www.facebook.com\/agenciainclusive\/\" \/>\n<meta property=\"article:published_time\" content=\"2014-07-02T11:58:13+00:00\" \/>\n<meta property=\"og:image\" content=\"http:\/\/4.bp.blogspot.com\/-CFIM30JPWo0\/TqW3lSkXI6I\/AAAAAAAADao\/nxinc05OGVI\/s200\/sexualidade.jpg\" \/>\n<meta name=\"author\" content=\"inclusivenews2024\" \/>\n<meta name=\"twitter:card\" content=\"summary_large_image\" \/>\n<meta name=\"twitter:label1\" content=\"Escrito por\" \/>\n\t<meta name=\"twitter:data1\" content=\"inclusivenews2024\" \/>\n\t<meta name=\"twitter:label2\" content=\"Tempo estimado de leitura\" \/>\n\t<meta name=\"twitter:data2\" content=\"2 minutos\" \/>\n<script type=\"application\/ld+json\" class=\"yoast-schema-graph\">{\"@context\":\"https:\\\/\\\/schema.org\",\"@graph\":[{\"@type\":\"Article\",\"@id\":\"https:\\\/\\\/inclusivenews.com.br\\\/?p=26645#article\",\"isPartOf\":{\"@id\":\"https:\\\/\\\/inclusivenews.com.br\\\/?p=26645\"},\"author\":{\"name\":\"inclusivenews2024\",\"@id\":\"https:\\\/\\\/inclusivenews.com.br\\\/#\\\/schema\\\/person\\\/ae4ec7087559b8692fb33b6fffd2273b\"},\"headline\":\"Refletindo sobre a sexualidade das pessoas com defici\u00eancia\",\"datePublished\":\"2014-07-02T11:58:13+00:00\",\"mainEntityOfPage\":{\"@id\":\"https:\\\/\\\/inclusivenews.com.br\\\/?p=26645\"},\"wordCount\":460,\"commentCount\":0,\"publisher\":{\"@id\":\"https:\\\/\\\/inclusivenews.com.br\\\/#organization\"},\"image\":{\"@id\":\"https:\\\/\\\/inclusivenews.com.br\\\/?p=26645#primaryimage\"},\"thumbnailUrl\":\"http:\\\/\\\/4.bp.blogspot.com\\\/-CFIM30JPWo0\\\/TqW3lSkXI6I\\\/AAAAAAAADao\\\/nxinc05OGVI\\\/s200\\\/sexualidade.jpg\",\"keywords\":[\"Sexualidade\"],\"articleSection\":[\"Cursos e eventos\"],\"inLanguage\":\"pt-PT\",\"potentialAction\":[{\"@type\":\"CommentAction\",\"name\":\"Comment\",\"target\":[\"https:\\\/\\\/inclusivenews.com.br\\\/?p=26645#respond\"]}]},{\"@type\":\"WebPage\",\"@id\":\"https:\\\/\\\/inclusivenews.com.br\\\/?p=26645\",\"url\":\"https:\\\/\\\/inclusivenews.com.br\\\/?p=26645\",\"name\":\"Refletindo sobre a sexualidade das pessoas com defici\u00eancia -\",\"isPartOf\":{\"@id\":\"https:\\\/\\\/inclusivenews.com.br\\\/#website\"},\"primaryImageOfPage\":{\"@id\":\"https:\\\/\\\/inclusivenews.com.br\\\/?p=26645#primaryimage\"},\"image\":{\"@id\":\"https:\\\/\\\/inclusivenews.com.br\\\/?p=26645#primaryimage\"},\"thumbnailUrl\":\"http:\\\/\\\/4.bp.blogspot.com\\\/-CFIM30JPWo0\\\/TqW3lSkXI6I\\\/AAAAAAAADao\\\/nxinc05OGVI\\\/s200\\\/sexualidade.jpg\",\"datePublished\":\"2014-07-02T11:58:13+00:00\",\"breadcrumb\":{\"@id\":\"https:\\\/\\\/inclusivenews.com.br\\\/?p=26645#breadcrumb\"},\"inLanguage\":\"pt-PT\",\"potentialAction\":[{\"@type\":\"ReadAction\",\"target\":[\"https:\\\/\\\/inclusivenews.com.br\\\/?p=26645\"]}]},{\"@type\":\"ImageObject\",\"inLanguage\":\"pt-PT\",\"@id\":\"https:\\\/\\\/inclusivenews.com.br\\\/?p=26645#primaryimage\",\"url\":\"http:\\\/\\\/4.bp.blogspot.com\\\/-CFIM30JPWo0\\\/TqW3lSkXI6I\\\/AAAAAAAADao\\\/nxinc05OGVI\\\/s200\\\/sexualidade.jpg\",\"contentUrl\":\"http:\\\/\\\/4.bp.blogspot.com\\\/-CFIM30JPWo0\\\/TqW3lSkXI6I\\\/AAAAAAAADao\\\/nxinc05OGVI\\\/s200\\\/sexualidade.jpg\"},{\"@type\":\"BreadcrumbList\",\"@id\":\"https:\\\/\\\/inclusivenews.com.br\\\/?p=26645#breadcrumb\",\"itemListElement\":[{\"@type\":\"ListItem\",\"position\":1,\"name\":\"In\u00edcio\",\"item\":\"https:\\\/\\\/inclusivenews.com.br\\\/\"},{\"@type\":\"ListItem\",\"position\":2,\"name\":\"Refletindo sobre a sexualidade das pessoas com defici\u00eancia\"}]},{\"@type\":\"WebSite\",\"@id\":\"https:\\\/\\\/inclusivenews.com.br\\\/#website\",\"url\":\"https:\\\/\\\/inclusivenews.com.br\\\/\",\"name\":\"Inclusive News\",\"description\":\"Inclusive News\",\"publisher\":{\"@id\":\"https:\\\/\\\/inclusivenews.com.br\\\/#organization\"},\"potentialAction\":[{\"@type\":\"SearchAction\",\"target\":{\"@type\":\"EntryPoint\",\"urlTemplate\":\"https:\\\/\\\/inclusivenews.com.br\\\/?s={search_term_string}\"},\"query-input\":{\"@type\":\"PropertyValueSpecification\",\"valueRequired\":true,\"valueName\":\"search_term_string\"}}],\"inLanguage\":\"pt-PT\"},{\"@type\":\"Organization\",\"@id\":\"https:\\\/\\\/inclusivenews.com.br\\\/#organization\",\"name\":\"Inclusive - inclus\u00e3o e cidadania\",\"url\":\"https:\\\/\\\/inclusivenews.com.br\\\/\",\"logo\":{\"@type\":\"ImageObject\",\"inLanguage\":\"pt-PT\",\"@id\":\"https:\\\/\\\/inclusivenews.com.br\\\/#\\\/schema\\\/logo\\\/image\\\/\",\"url\":\"https:\\\/\\\/inclusivenews.com.br\\\/wp-content\\\/uploads\\\/2024\\\/03\\\/@grandesite.png\",\"contentUrl\":\"https:\\\/\\\/inclusivenews.com.br\\\/wp-content\\\/uploads\\\/2024\\\/03\\\/@grandesite.png\",\"width\":1080,\"height\":1080,\"caption\":\"Inclusive - inclus\u00e3o e cidadania\"},\"image\":{\"@id\":\"https:\\\/\\\/inclusivenews.com.br\\\/#\\\/schema\\\/logo\\\/image\\\/\"},\"sameAs\":[\"https:\\\/\\\/www.facebook.com\\\/agenciainclusive\\\/\",\"https:\\\/\\\/www.instagram.com\\\/newsinclusive\\\/\"]},{\"@type\":\"Person\",\"@id\":\"https:\\\/\\\/inclusivenews.com.br\\\/#\\\/schema\\\/person\\\/ae4ec7087559b8692fb33b6fffd2273b\",\"name\":\"inclusivenews2024\",\"image\":{\"@type\":\"ImageObject\",\"inLanguage\":\"pt-PT\",\"@id\":\"https:\\\/\\\/secure.gravatar.com\\\/avatar\\\/c5a7ef84c66fa914f55bc4f7ce26cfa275a3b9a1c5568b907bd184fb4dde7b40?s=96&d=mm&r=g\",\"url\":\"https:\\\/\\\/secure.gravatar.com\\\/avatar\\\/c5a7ef84c66fa914f55bc4f7ce26cfa275a3b9a1c5568b907bd184fb4dde7b40?s=96&d=mm&r=g\",\"contentUrl\":\"https:\\\/\\\/secure.gravatar.com\\\/avatar\\\/c5a7ef84c66fa914f55bc4f7ce26cfa275a3b9a1c5568b907bd184fb4dde7b40?s=96&d=mm&r=g\",\"caption\":\"inclusivenews2024\"},\"sameAs\":[\"https:\\\/\\\/inclusivenews.com.br\"],\"url\":\"https:\\\/\\\/inclusivenews.com.br\\\/?author=1\"}]}<\/script>\n<!-- \/ Yoast SEO plugin. -->","yoast_head_json":{"title":"Refletindo sobre a sexualidade das pessoas com defici\u00eancia -","robots":{"index":"index","follow":"follow","max-snippet":"max-snippet:-1","max-image-preview":"max-image-preview:large","max-video-preview":"max-video-preview:-1"},"canonical":"https:\/\/inclusivenews.com.br\/?p=26645","og_locale":"pt_PT","og_type":"article","og_title":"Refletindo sobre a sexualidade das pessoas com defici\u00eancia -","og_description":"Palestra do \u201cCiclo Defici\u00eancia e Sexualidade\u201d discute o tema a partir de estudos e reflex\u00f5es das pessoas com defici\u00eancia, que visam a constru\u00e7\u00e3o sociocultural de novas abordagens sobre o assunto. Dia 19\/07, em S\u00e3o Paulo.","og_url":"https:\/\/inclusivenews.com.br\/?p=26645","article_publisher":"https:\/\/www.facebook.com\/agenciainclusive\/","article_published_time":"2014-07-02T11:58:13+00:00","og_image":[{"url":"http:\/\/4.bp.blogspot.com\/-CFIM30JPWo0\/TqW3lSkXI6I\/AAAAAAAADao\/nxinc05OGVI\/s200\/sexualidade.jpg","type":"","width":"","height":""}],"author":"inclusivenews2024","twitter_card":"summary_large_image","twitter_misc":{"Escrito por":"inclusivenews2024","Tempo estimado de leitura":"2 minutos"},"schema":{"@context":"https:\/\/schema.org","@graph":[{"@type":"Article","@id":"https:\/\/inclusivenews.com.br\/?p=26645#article","isPartOf":{"@id":"https:\/\/inclusivenews.com.br\/?p=26645"},"author":{"name":"inclusivenews2024","@id":"https:\/\/inclusivenews.com.br\/#\/schema\/person\/ae4ec7087559b8692fb33b6fffd2273b"},"headline":"Refletindo sobre a sexualidade das pessoas com defici\u00eancia","datePublished":"2014-07-02T11:58:13+00:00","mainEntityOfPage":{"@id":"https:\/\/inclusivenews.com.br\/?p=26645"},"wordCount":460,"commentCount":0,"publisher":{"@id":"https:\/\/inclusivenews.com.br\/#organization"},"image":{"@id":"https:\/\/inclusivenews.com.br\/?p=26645#primaryimage"},"thumbnailUrl":"http:\/\/4.bp.blogspot.com\/-CFIM30JPWo0\/TqW3lSkXI6I\/AAAAAAAADao\/nxinc05OGVI\/s200\/sexualidade.jpg","keywords":["Sexualidade"],"articleSection":["Cursos e eventos"],"inLanguage":"pt-PT","potentialAction":[{"@type":"CommentAction","name":"Comment","target":["https:\/\/inclusivenews.com.br\/?p=26645#respond"]}]},{"@type":"WebPage","@id":"https:\/\/inclusivenews.com.br\/?p=26645","url":"https:\/\/inclusivenews.com.br\/?p=26645","name":"Refletindo sobre a sexualidade das pessoas com defici\u00eancia -","isPartOf":{"@id":"https:\/\/inclusivenews.com.br\/#website"},"primaryImageOfPage":{"@id":"https:\/\/inclusivenews.com.br\/?p=26645#primaryimage"},"image":{"@id":"https:\/\/inclusivenews.com.br\/?p=26645#primaryimage"},"thumbnailUrl":"http:\/\/4.bp.blogspot.com\/-CFIM30JPWo0\/TqW3lSkXI6I\/AAAAAAAADao\/nxinc05OGVI\/s200\/sexualidade.jpg","datePublished":"2014-07-02T11:58:13+00:00","breadcrumb":{"@id":"https:\/\/inclusivenews.com.br\/?p=26645#breadcrumb"},"inLanguage":"pt-PT","potentialAction":[{"@type":"ReadAction","target":["https:\/\/inclusivenews.com.br\/?p=26645"]}]},{"@type":"ImageObject","inLanguage":"pt-PT","@id":"https:\/\/inclusivenews.com.br\/?p=26645#primaryimage","url":"http:\/\/4.bp.blogspot.com\/-CFIM30JPWo0\/TqW3lSkXI6I\/AAAAAAAADao\/nxinc05OGVI\/s200\/sexualidade.jpg","contentUrl":"http:\/\/4.bp.blogspot.com\/-CFIM30JPWo0\/TqW3lSkXI6I\/AAAAAAAADao\/nxinc05OGVI\/s200\/sexualidade.jpg"},{"@type":"BreadcrumbList","@id":"https:\/\/inclusivenews.com.br\/?p=26645#breadcrumb","itemListElement":[{"@type":"ListItem","position":1,"name":"In\u00edcio","item":"https:\/\/inclusivenews.com.br\/"},{"@type":"ListItem","position":2,"name":"Refletindo sobre a sexualidade das pessoas com defici\u00eancia"}]},{"@type":"WebSite","@id":"https:\/\/inclusivenews.com.br\/#website","url":"https:\/\/inclusivenews.com.br\/","name":"Inclusive News","description":"Inclusive News","publisher":{"@id":"https:\/\/inclusivenews.com.br\/#organization"},"potentialAction":[{"@type":"SearchAction","target":{"@type":"EntryPoint","urlTemplate":"https:\/\/inclusivenews.com.br\/?s={search_term_string}"},"query-input":{"@type":"PropertyValueSpecification","valueRequired":true,"valueName":"search_term_string"}}],"inLanguage":"pt-PT"},{"@type":"Organization","@id":"https:\/\/inclusivenews.com.br\/#organization","name":"Inclusive - inclus\u00e3o e cidadania","url":"https:\/\/inclusivenews.com.br\/","logo":{"@type":"ImageObject","inLanguage":"pt-PT","@id":"https:\/\/inclusivenews.com.br\/#\/schema\/logo\/image\/","url":"https:\/\/inclusivenews.com.br\/wp-content\/uploads\/2024\/03\/@grandesite.png","contentUrl":"https:\/\/inclusivenews.com.br\/wp-content\/uploads\/2024\/03\/@grandesite.png","width":1080,"height":1080,"caption":"Inclusive - inclus\u00e3o e cidadania"},"image":{"@id":"https:\/\/inclusivenews.com.br\/#\/schema\/logo\/image\/"},"sameAs":["https:\/\/www.facebook.com\/agenciainclusive\/","https:\/\/www.instagram.com\/newsinclusive\/"]},{"@type":"Person","@id":"https:\/\/inclusivenews.com.br\/#\/schema\/person\/ae4ec7087559b8692fb33b6fffd2273b","name":"inclusivenews2024","image":{"@type":"ImageObject","inLanguage":"pt-PT","@id":"https:\/\/secure.gravatar.com\/avatar\/c5a7ef84c66fa914f55bc4f7ce26cfa275a3b9a1c5568b907bd184fb4dde7b40?s=96&d=mm&r=g","url":"https:\/\/secure.gravatar.com\/avatar\/c5a7ef84c66fa914f55bc4f7ce26cfa275a3b9a1c5568b907bd184fb4dde7b40?s=96&d=mm&r=g","contentUrl":"https:\/\/secure.gravatar.com\/avatar\/c5a7ef84c66fa914f55bc4f7ce26cfa275a3b9a1c5568b907bd184fb4dde7b40?s=96&d=mm&r=g","caption":"inclusivenews2024"},"sameAs":["https:\/\/inclusivenews.com.br"],"url":"https:\/\/inclusivenews.com.br\/?author=1"}]}},"_links":{"self":[{"href":"https:\/\/inclusivenews.com.br\/index.php?rest_route=\/wp\/v2\/posts\/26645","targetHints":{"allow":["GET"]}}],"collection":[{"href":"https:\/\/inclusivenews.com.br\/index.php?rest_route=\/wp\/v2\/posts"}],"about":[{"href":"https:\/\/inclusivenews.com.br\/index.php?rest_route=\/wp\/v2\/types\/post"}],"author":[{"embeddable":true,"href":"https:\/\/inclusivenews.com.br\/index.php?rest_route=\/wp\/v2\/users\/1"}],"replies":[{"embeddable":true,"href":"https:\/\/inclusivenews.com.br\/index.php?rest_route=%2Fwp%2Fv2%2Fcomments&post=26645"}],"version-history":[{"count":0,"href":"https:\/\/inclusivenews.com.br\/index.php?rest_route=\/wp\/v2\/posts\/26645\/revisions"}],"wp:attachment":[{"href":"https:\/\/inclusivenews.com.br\/index.php?rest_route=%2Fwp%2Fv2%2Fmedia&parent=26645"}],"wp:term":[{"taxonomy":"category","embeddable":true,"href":"https:\/\/inclusivenews.com.br\/index.php?rest_route=%2Fwp%2Fv2%2Fcategories&post=26645"},{"taxonomy":"post_tag","embeddable":true,"href":"https:\/\/inclusivenews.com.br\/index.php?rest_route=%2Fwp%2Fv2%2Ftags&post=26645"}],"curies":[{"name":"wp","href":"https:\/\/api.w.org\/{rel}","templated":true}]}}