{"id":26669,"date":"2014-07-09T09:12:03","date_gmt":"2014-07-09T12:12:03","guid":{"rendered":"http:\/\/www.inclusive.org.br\/?p=26669"},"modified":"2014-07-09T09:12:03","modified_gmt":"2014-07-09T12:12:03","slug":"atlas-brasil-2013-nova-entrevista-discute-o-papel-dos-municipios-e-o-desenvolvimento-humano-no-pais","status":"publish","type":"post","link":"https:\/\/inclusivenews.com.br\/?p=26669","title":{"rendered":"Atlas Brasil 2013: nova entrevista discute o papel dos munic\u00edpios e o desenvolvimento humano no pa\u00eds"},"content":{"rendered":"<p><img decoding=\"async\" alt=\"Mapa do Brasil\" src=\"http:\/\/inclusivenews.com.br\/wp-content\/uploads\/2010\/02\/mapa-brasil1-300x225.jpg\" \/><\/p>\n<p>O ex-secret\u00e1rio executivo do Minist\u00e9rio de Desenvolvimento Social e Combate \u00e0 Fome e atual diretor do<a href=\"http:\/\/riopluscentre.org\/\" target=\"_blank\" rel=\"noopener\"> Centro RIO+<\/a>, R\u00f4mulo Paes,\u00a0analisa, em entrevista publicada nesta <a href=\"http:\/\/pnud.org.br\/Noticia.aspx?id=3905\" target=\"_blank\" rel=\"noopener\">segunda-feira (30)<\/a>, \u00a0a import\u00e2ncia de indicadores no impacto das pol\u00edticas p\u00fablicas naquilo que \u00e9 mais importante: melhoria das condi\u00e7\u00f5es de vida da popula\u00e7\u00e3o.<\/p>\n<p>Para Paes, os munic\u00edpios s\u00e3o pe\u00e7as fundamentais para a gest\u00e3o p\u00fablica. \u201cO Brasil tem algumas singularidades na implementa\u00e7\u00e3o de sua pol\u00edtica p\u00fablica: o munic\u00edpio \u00e9 o principal ator nesse processo; isso \u00e9 uma quest\u00e3o diferente, porque na maioria dos pa\u00edses n\u00e3o \u00e9 assim\u201d, avalia, mencionando a diversidade que existe entre os mais de cinco mil munic\u00edpios do pa\u00eds. \u201cCompreender essa heterogeneidade, poder entender as diferen\u00e7as e medir isso \u00e9 essencial\u201d.<\/p>\n<p>Produzir conhecimento, no entanto, n\u00e3o \u00e9 suficiente, afirma o diretor. A democratiza\u00e7\u00e3o do acesso \u00e0 informa\u00e7\u00e3o \u00e9 uma tend\u00eancia que tem ganhado for\u00e7a nos \u00faltimos anos. No caso de dados sobre desenvolvimento humano, por exemplo, o que antes era privil\u00e9gio de um grupo restrito de pessoas, agora \u00e9 cada vez mais uma ferramenta da sociedade civil para fazer demandas e avaliar a gest\u00e3o p\u00fablica. \u201cSe n\u00f3s conseguirmos prover esses indiv\u00edduos com informa\u00e7\u00f5es sint\u00e9ticas, amig\u00e1veis e de f\u00e1cil acesso, utilizando a internet, eles tamb\u00e9m passam a ser consumidores dessa informa\u00e7\u00e3o\u201d.<\/p>\n<p><iframe loading=\"lazy\" title=\"Desenvolvimento Humano em Debate: R\u00f4mulo Paes\" width=\"500\" height=\"281\" src=\"https:\/\/www.youtube.com\/embed\/zeAcmjF7GMY?feature=oembed\" frameborder=\"0\" allow=\"accelerometer; autoplay; clipboard-write; encrypted-media; gyroscope; picture-in-picture; web-share\" referrerpolicy=\"strict-origin-when-cross-origin\" allowfullscreen><\/iframe><\/p>\n","protected":false},"excerpt":{"rendered":"<p>O ex-secret\u00e1rio executivo do Minist\u00e9rio de Desenvolvimento Social e Combate \u00e0 Fome e atual diretor do Centro RIO+, R\u00f4mulo Paes, analisa, em entrevista publicada nesta segunda-feira (30),  a import\u00e2ncia de indicadores no impacto das pol\u00edticas p\u00fablicas naquilo que \u00e9 mais importante: melhoria das condi\u00e7\u00f5es de vida da popula\u00e7\u00e3o.<\/p>\n","protected":false},"author":1,"featured_media":0,"comment_status":"open","ping_status":"open","sticky":false,"template":"","format":"standard","meta":{"site-container-style":"default","site-container-layout":"default","site-sidebar-layout":"default","disable-article-header":"default","disable-site-header":"default","disable-site-footer":"default","disable-content-area-spacing":"default","footnotes":""},"categories":[11],"tags":[],"class_list":["post-26669","post","type-post","status-publish","format-standard","hentry","category-direitos-humanos"],"yoast_head":"<!-- This site is optimized with the Yoast SEO plugin v27.4 - https:\/\/yoast.com\/product\/yoast-seo-wordpress\/ -->\n<title>Atlas Brasil 2013: nova entrevista discute o papel dos munic\u00edpios e o desenvolvimento humano no pa\u00eds -<\/title>\n<meta name=\"robots\" content=\"index, follow, max-snippet:-1, max-image-preview:large, max-video-preview:-1\" \/>\n<link rel=\"canonical\" href=\"https:\/\/inclusivenews.com.br\/?p=26669\" \/>\n<meta property=\"og:locale\" content=\"pt_PT\" \/>\n<meta property=\"og:type\" content=\"article\" \/>\n<meta property=\"og:title\" content=\"Atlas Brasil 2013: nova entrevista discute o papel dos munic\u00edpios e o desenvolvimento humano no pa\u00eds -\" \/>\n<meta property=\"og:description\" content=\"O ex-secret\u00e1rio executivo do Minist\u00e9rio de Desenvolvimento Social e Combate \u00e0 Fome e atual diretor do Centro RIO+, R\u00f4mulo Paes, analisa, em entrevista publicada nesta segunda-feira (30), a import\u00e2ncia de indicadores no impacto das pol\u00edticas p\u00fablicas naquilo que \u00e9 mais importante: melhoria das condi\u00e7\u00f5es de vida da popula\u00e7\u00e3o.\" \/>\n<meta property=\"og:url\" content=\"https:\/\/inclusivenews.com.br\/?p=26669\" \/>\n<meta property=\"article:publisher\" content=\"https:\/\/www.facebook.com\/agenciainclusive\/\" \/>\n<meta property=\"article:published_time\" content=\"2014-07-09T12:12:03+00:00\" \/>\n<meta property=\"og:image\" content=\"http:\/\/inclusivenews.com.br\/wp-content\/uploads\/2010\/02\/mapa-brasil1-300x225.jpg\" \/>\n<meta name=\"author\" content=\"inclusivenews2024\" \/>\n<meta name=\"twitter:card\" content=\"summary_large_image\" \/>\n<meta name=\"twitter:label1\" content=\"Escrito por\" \/>\n\t<meta name=\"twitter:data1\" content=\"inclusivenews2024\" \/>\n\t<meta name=\"twitter:label2\" content=\"Tempo estimado de leitura\" \/>\n\t<meta name=\"twitter:data2\" content=\"1 minuto\" \/>\n<script type=\"application\/ld+json\" class=\"yoast-schema-graph\">{\"@context\":\"https:\\\/\\\/schema.org\",\"@graph\":[{\"@type\":\"Article\",\"@id\":\"https:\\\/\\\/inclusivenews.com.br\\\/?p=26669#article\",\"isPartOf\":{\"@id\":\"https:\\\/\\\/inclusivenews.com.br\\\/?p=26669\"},\"author\":{\"name\":\"inclusivenews2024\",\"@id\":\"https:\\\/\\\/inclusivenews.com.br\\\/#\\\/schema\\\/person\\\/ae4ec7087559b8692fb33b6fffd2273b\"},\"headline\":\"Atlas Brasil 2013: nova entrevista discute o papel dos munic\u00edpios e o desenvolvimento humano no pa\u00eds\",\"datePublished\":\"2014-07-09T12:12:03+00:00\",\"mainEntityOfPage\":{\"@id\":\"https:\\\/\\\/inclusivenews.com.br\\\/?p=26669\"},\"wordCount\":259,\"commentCount\":0,\"publisher\":{\"@id\":\"https:\\\/\\\/inclusivenews.com.br\\\/#organization\"},\"image\":{\"@id\":\"https:\\\/\\\/inclusivenews.com.br\\\/?p=26669#primaryimage\"},\"thumbnailUrl\":\"http:\\\/\\\/inclusivenews.com.br\\\/wp-content\\\/uploads\\\/2010\\\/02\\\/mapa-brasil1-300x225.jpg\",\"articleSection\":[\"DIREITOS HUMANOS\"],\"inLanguage\":\"pt-PT\",\"potentialAction\":[{\"@type\":\"CommentAction\",\"name\":\"Comment\",\"target\":[\"https:\\\/\\\/inclusivenews.com.br\\\/?p=26669#respond\"]}]},{\"@type\":\"WebPage\",\"@id\":\"https:\\\/\\\/inclusivenews.com.br\\\/?p=26669\",\"url\":\"https:\\\/\\\/inclusivenews.com.br\\\/?p=26669\",\"name\":\"Atlas Brasil 2013: nova entrevista discute o papel dos munic\u00edpios e o desenvolvimento humano no pa\u00eds -\",\"isPartOf\":{\"@id\":\"https:\\\/\\\/inclusivenews.com.br\\\/#website\"},\"primaryImageOfPage\":{\"@id\":\"https:\\\/\\\/inclusivenews.com.br\\\/?p=26669#primaryimage\"},\"image\":{\"@id\":\"https:\\\/\\\/inclusivenews.com.br\\\/?p=26669#primaryimage\"},\"thumbnailUrl\":\"http:\\\/\\\/inclusivenews.com.br\\\/wp-content\\\/uploads\\\/2010\\\/02\\\/mapa-brasil1-300x225.jpg\",\"datePublished\":\"2014-07-09T12:12:03+00:00\",\"breadcrumb\":{\"@id\":\"https:\\\/\\\/inclusivenews.com.br\\\/?p=26669#breadcrumb\"},\"inLanguage\":\"pt-PT\",\"potentialAction\":[{\"@type\":\"ReadAction\",\"target\":[\"https:\\\/\\\/inclusivenews.com.br\\\/?p=26669\"]}]},{\"@type\":\"ImageObject\",\"inLanguage\":\"pt-PT\",\"@id\":\"https:\\\/\\\/inclusivenews.com.br\\\/?p=26669#primaryimage\",\"url\":\"\",\"contentUrl\":\"\"},{\"@type\":\"BreadcrumbList\",\"@id\":\"https:\\\/\\\/inclusivenews.com.br\\\/?p=26669#breadcrumb\",\"itemListElement\":[{\"@type\":\"ListItem\",\"position\":1,\"name\":\"In\u00edcio\",\"item\":\"https:\\\/\\\/inclusivenews.com.br\\\/\"},{\"@type\":\"ListItem\",\"position\":2,\"name\":\"Atlas Brasil 2013: nova entrevista discute o papel dos munic\u00edpios e o desenvolvimento humano no pa\u00eds\"}]},{\"@type\":\"WebSite\",\"@id\":\"https:\\\/\\\/inclusivenews.com.br\\\/#website\",\"url\":\"https:\\\/\\\/inclusivenews.com.br\\\/\",\"name\":\"Inclusive News\",\"description\":\"Inclusive News\",\"publisher\":{\"@id\":\"https:\\\/\\\/inclusivenews.com.br\\\/#organization\"},\"potentialAction\":[{\"@type\":\"SearchAction\",\"target\":{\"@type\":\"EntryPoint\",\"urlTemplate\":\"https:\\\/\\\/inclusivenews.com.br\\\/?s={search_term_string}\"},\"query-input\":{\"@type\":\"PropertyValueSpecification\",\"valueRequired\":true,\"valueName\":\"search_term_string\"}}],\"inLanguage\":\"pt-PT\"},{\"@type\":\"Organization\",\"@id\":\"https:\\\/\\\/inclusivenews.com.br\\\/#organization\",\"name\":\"Inclusive - inclus\u00e3o e cidadania\",\"url\":\"https:\\\/\\\/inclusivenews.com.br\\\/\",\"logo\":{\"@type\":\"ImageObject\",\"inLanguage\":\"pt-PT\",\"@id\":\"https:\\\/\\\/inclusivenews.com.br\\\/#\\\/schema\\\/logo\\\/image\\\/\",\"url\":\"https:\\\/\\\/inclusivenews.com.br\\\/wp-content\\\/uploads\\\/2024\\\/03\\\/@grandesite.png\",\"contentUrl\":\"https:\\\/\\\/inclusivenews.com.br\\\/wp-content\\\/uploads\\\/2024\\\/03\\\/@grandesite.png\",\"width\":1080,\"height\":1080,\"caption\":\"Inclusive - inclus\u00e3o e cidadania\"},\"image\":{\"@id\":\"https:\\\/\\\/inclusivenews.com.br\\\/#\\\/schema\\\/logo\\\/image\\\/\"},\"sameAs\":[\"https:\\\/\\\/www.facebook.com\\\/agenciainclusive\\\/\",\"https:\\\/\\\/www.instagram.com\\\/newsinclusive\\\/\"]},{\"@type\":\"Person\",\"@id\":\"https:\\\/\\\/inclusivenews.com.br\\\/#\\\/schema\\\/person\\\/ae4ec7087559b8692fb33b6fffd2273b\",\"name\":\"inclusivenews2024\",\"image\":{\"@type\":\"ImageObject\",\"inLanguage\":\"pt-PT\",\"@id\":\"https:\\\/\\\/secure.gravatar.com\\\/avatar\\\/c5a7ef84c66fa914f55bc4f7ce26cfa275a3b9a1c5568b907bd184fb4dde7b40?s=96&d=mm&r=g\",\"url\":\"https:\\\/\\\/secure.gravatar.com\\\/avatar\\\/c5a7ef84c66fa914f55bc4f7ce26cfa275a3b9a1c5568b907bd184fb4dde7b40?s=96&d=mm&r=g\",\"contentUrl\":\"https:\\\/\\\/secure.gravatar.com\\\/avatar\\\/c5a7ef84c66fa914f55bc4f7ce26cfa275a3b9a1c5568b907bd184fb4dde7b40?s=96&d=mm&r=g\",\"caption\":\"inclusivenews2024\"},\"sameAs\":[\"https:\\\/\\\/inclusivenews.com.br\"],\"url\":\"https:\\\/\\\/inclusivenews.com.br\\\/?author=1\"}]}<\/script>\n<!-- \/ Yoast SEO plugin. -->","yoast_head_json":{"title":"Atlas Brasil 2013: nova entrevista discute o papel dos munic\u00edpios e o desenvolvimento humano no pa\u00eds -","robots":{"index":"index","follow":"follow","max-snippet":"max-snippet:-1","max-image-preview":"max-image-preview:large","max-video-preview":"max-video-preview:-1"},"canonical":"https:\/\/inclusivenews.com.br\/?p=26669","og_locale":"pt_PT","og_type":"article","og_title":"Atlas Brasil 2013: nova entrevista discute o papel dos munic\u00edpios e o desenvolvimento humano no pa\u00eds -","og_description":"O ex-secret\u00e1rio executivo do Minist\u00e9rio de Desenvolvimento Social e Combate \u00e0 Fome e atual diretor do Centro RIO+, R\u00f4mulo Paes, analisa, em entrevista publicada nesta segunda-feira (30), a import\u00e2ncia de indicadores no impacto das pol\u00edticas p\u00fablicas naquilo que \u00e9 mais importante: melhoria das condi\u00e7\u00f5es de vida da popula\u00e7\u00e3o.","og_url":"https:\/\/inclusivenews.com.br\/?p=26669","article_publisher":"https:\/\/www.facebook.com\/agenciainclusive\/","article_published_time":"2014-07-09T12:12:03+00:00","og_image":[{"url":"http:\/\/inclusivenews.com.br\/wp-content\/uploads\/2010\/02\/mapa-brasil1-300x225.jpg","type":"","width":"","height":""}],"author":"inclusivenews2024","twitter_card":"summary_large_image","twitter_misc":{"Escrito por":"inclusivenews2024","Tempo estimado de leitura":"1 minuto"},"schema":{"@context":"https:\/\/schema.org","@graph":[{"@type":"Article","@id":"https:\/\/inclusivenews.com.br\/?p=26669#article","isPartOf":{"@id":"https:\/\/inclusivenews.com.br\/?p=26669"},"author":{"name":"inclusivenews2024","@id":"https:\/\/inclusivenews.com.br\/#\/schema\/person\/ae4ec7087559b8692fb33b6fffd2273b"},"headline":"Atlas Brasil 2013: nova entrevista discute o papel dos munic\u00edpios e o desenvolvimento humano no pa\u00eds","datePublished":"2014-07-09T12:12:03+00:00","mainEntityOfPage":{"@id":"https:\/\/inclusivenews.com.br\/?p=26669"},"wordCount":259,"commentCount":0,"publisher":{"@id":"https:\/\/inclusivenews.com.br\/#organization"},"image":{"@id":"https:\/\/inclusivenews.com.br\/?p=26669#primaryimage"},"thumbnailUrl":"http:\/\/inclusivenews.com.br\/wp-content\/uploads\/2010\/02\/mapa-brasil1-300x225.jpg","articleSection":["DIREITOS HUMANOS"],"inLanguage":"pt-PT","potentialAction":[{"@type":"CommentAction","name":"Comment","target":["https:\/\/inclusivenews.com.br\/?p=26669#respond"]}]},{"@type":"WebPage","@id":"https:\/\/inclusivenews.com.br\/?p=26669","url":"https:\/\/inclusivenews.com.br\/?p=26669","name":"Atlas Brasil 2013: nova entrevista discute o papel dos munic\u00edpios e o desenvolvimento humano no pa\u00eds -","isPartOf":{"@id":"https:\/\/inclusivenews.com.br\/#website"},"primaryImageOfPage":{"@id":"https:\/\/inclusivenews.com.br\/?p=26669#primaryimage"},"image":{"@id":"https:\/\/inclusivenews.com.br\/?p=26669#primaryimage"},"thumbnailUrl":"http:\/\/inclusivenews.com.br\/wp-content\/uploads\/2010\/02\/mapa-brasil1-300x225.jpg","datePublished":"2014-07-09T12:12:03+00:00","breadcrumb":{"@id":"https:\/\/inclusivenews.com.br\/?p=26669#breadcrumb"},"inLanguage":"pt-PT","potentialAction":[{"@type":"ReadAction","target":["https:\/\/inclusivenews.com.br\/?p=26669"]}]},{"@type":"ImageObject","inLanguage":"pt-PT","@id":"https:\/\/inclusivenews.com.br\/?p=26669#primaryimage","url":"","contentUrl":""},{"@type":"BreadcrumbList","@id":"https:\/\/inclusivenews.com.br\/?p=26669#breadcrumb","itemListElement":[{"@type":"ListItem","position":1,"name":"In\u00edcio","item":"https:\/\/inclusivenews.com.br\/"},{"@type":"ListItem","position":2,"name":"Atlas Brasil 2013: nova entrevista discute o papel dos munic\u00edpios e o desenvolvimento humano no pa\u00eds"}]},{"@type":"WebSite","@id":"https:\/\/inclusivenews.com.br\/#website","url":"https:\/\/inclusivenews.com.br\/","name":"Inclusive News","description":"Inclusive News","publisher":{"@id":"https:\/\/inclusivenews.com.br\/#organization"},"potentialAction":[{"@type":"SearchAction","target":{"@type":"EntryPoint","urlTemplate":"https:\/\/inclusivenews.com.br\/?s={search_term_string}"},"query-input":{"@type":"PropertyValueSpecification","valueRequired":true,"valueName":"search_term_string"}}],"inLanguage":"pt-PT"},{"@type":"Organization","@id":"https:\/\/inclusivenews.com.br\/#organization","name":"Inclusive - inclus\u00e3o e cidadania","url":"https:\/\/inclusivenews.com.br\/","logo":{"@type":"ImageObject","inLanguage":"pt-PT","@id":"https:\/\/inclusivenews.com.br\/#\/schema\/logo\/image\/","url":"https:\/\/inclusivenews.com.br\/wp-content\/uploads\/2024\/03\/@grandesite.png","contentUrl":"https:\/\/inclusivenews.com.br\/wp-content\/uploads\/2024\/03\/@grandesite.png","width":1080,"height":1080,"caption":"Inclusive - inclus\u00e3o e cidadania"},"image":{"@id":"https:\/\/inclusivenews.com.br\/#\/schema\/logo\/image\/"},"sameAs":["https:\/\/www.facebook.com\/agenciainclusive\/","https:\/\/www.instagram.com\/newsinclusive\/"]},{"@type":"Person","@id":"https:\/\/inclusivenews.com.br\/#\/schema\/person\/ae4ec7087559b8692fb33b6fffd2273b","name":"inclusivenews2024","image":{"@type":"ImageObject","inLanguage":"pt-PT","@id":"https:\/\/secure.gravatar.com\/avatar\/c5a7ef84c66fa914f55bc4f7ce26cfa275a3b9a1c5568b907bd184fb4dde7b40?s=96&d=mm&r=g","url":"https:\/\/secure.gravatar.com\/avatar\/c5a7ef84c66fa914f55bc4f7ce26cfa275a3b9a1c5568b907bd184fb4dde7b40?s=96&d=mm&r=g","contentUrl":"https:\/\/secure.gravatar.com\/avatar\/c5a7ef84c66fa914f55bc4f7ce26cfa275a3b9a1c5568b907bd184fb4dde7b40?s=96&d=mm&r=g","caption":"inclusivenews2024"},"sameAs":["https:\/\/inclusivenews.com.br"],"url":"https:\/\/inclusivenews.com.br\/?author=1"}]}},"_links":{"self":[{"href":"https:\/\/inclusivenews.com.br\/index.php?rest_route=\/wp\/v2\/posts\/26669","targetHints":{"allow":["GET"]}}],"collection":[{"href":"https:\/\/inclusivenews.com.br\/index.php?rest_route=\/wp\/v2\/posts"}],"about":[{"href":"https:\/\/inclusivenews.com.br\/index.php?rest_route=\/wp\/v2\/types\/post"}],"author":[{"embeddable":true,"href":"https:\/\/inclusivenews.com.br\/index.php?rest_route=\/wp\/v2\/users\/1"}],"replies":[{"embeddable":true,"href":"https:\/\/inclusivenews.com.br\/index.php?rest_route=%2Fwp%2Fv2%2Fcomments&post=26669"}],"version-history":[{"count":0,"href":"https:\/\/inclusivenews.com.br\/index.php?rest_route=\/wp\/v2\/posts\/26669\/revisions"}],"wp:attachment":[{"href":"https:\/\/inclusivenews.com.br\/index.php?rest_route=%2Fwp%2Fv2%2Fmedia&parent=26669"}],"wp:term":[{"taxonomy":"category","embeddable":true,"href":"https:\/\/inclusivenews.com.br\/index.php?rest_route=%2Fwp%2Fv2%2Fcategories&post=26669"},{"taxonomy":"post_tag","embeddable":true,"href":"https:\/\/inclusivenews.com.br\/index.php?rest_route=%2Fwp%2Fv2%2Ftags&post=26669"}],"curies":[{"name":"wp","href":"https:\/\/api.w.org\/{rel}","templated":true}]}}