{"id":26681,"date":"2014-07-16T07:40:28","date_gmt":"2014-07-16T10:40:28","guid":{"rendered":"http:\/\/www.inclusive.org.br\/?p=26681"},"modified":"2014-07-16T07:40:28","modified_gmt":"2014-07-16T10:40:28","slug":"estudos-sobre-a-deficiencia-mesas-redondas-13-a-15-de-agosto-sao-paulo","status":"publish","type":"post","link":"https:\/\/inclusivenews.com.br\/?p=26681","title":{"rendered":"Estudos sobre a defici\u00eancia: mesas redondas  13 a 15 de agosto \u2013 S\u00e3o Paulo"},"content":{"rendered":"<p><img loading=\"lazy\" decoding=\"async\" class=\"alignnone\" alt=\"Um pessa segura o globo terrestre, a seguir o t\u00edtulo do eveento e datas\" src=\"http:\/\/www.memorialdainclusao.sp.gov.br\/estudossobredeficiencia\/imagens\/mesas_redondas.png\" width=\"340\" height=\"213\" \/><\/p>\n<p>O <b><i>\u201cMemorial da Inclus\u00e3o: os caminhos da pessoa com defici\u00eancia\u201d,<\/i><\/b> \u00f3rg\u00e3o da Secretaria de Estado dos Direitos da Pessoa com Defici\u00eancia, tem o prazer de organizar mais uma rodada de debates abordando o tema dos Estudos sobre a Defici\u00eancia.<\/p>\n<p>Os chamados <i>Disability Studies<\/i> consistem num campo de estudos interdisciplinar que ganhou proje\u00e7\u00e3o mundial, tendo origem no contexto anglo-sax\u00e3o, em meados da d\u00e9cada de 1960. A proposta principal desse movimento intelectual, que mais tarde, acabou compondo os discursos dos movimentos ligados aos direitos das pessoas com defici\u00eancia, \u00e9 a de que a defici\u00eancia n\u00e3o \u00e9 simplesmente uma trag\u00e9dia individual cuja \u201csolu\u00e7\u00e3o\u201d estaria reservada aos quartos dos hospitais e centros de reabilita\u00e7\u00e3o. Ela \u00e9 muito mais do que isso, portando dimens\u00f5es sociais e pol\u00edticas. Nessa perspectiva, as inciativas nesse campo visam gerar debates p\u00fablicos que desconstroem preconceitos e retiram da defici\u00eancia a no\u00e7\u00e3o de \u2018doen\u00e7a\u2019, \u2018degenera\u00e7\u00e3o\u2019 e \u2018desvio\u2019 e a situam na perspectiva de uma condi\u00e7\u00e3o da diversidade humana \u2013 como mulheres, negros, gays, ind\u00edgenas e outras minorias \u2013 sem, no entanto, criar r\u00f3tulos e identidades f\u00e9rreas.<\/p>\n<p>Nesse sentido o <i>Memorial da Inclus\u00e3o<\/i> vem procurando incentivar, fomentar trabalhos, realizar debates e encontros entre especialistas e simpatizantes do tema a fim de agregar esfor\u00e7os para a constru\u00e7\u00e3o de uma sociedade mais inclusiva. Em junho de 2013 organizamos o evento <i>\u201cConflitos, Direitos e Diversidade: I Simp\u00f3sio Internacional de Estudos sobre a Defici\u00eancia\u201d<\/i>, e em abril a mesa redonda \u201cG\u00eaneros &amp; Defici\u00eancia\u201d durante a XIII REATECH.<\/p>\n<p>Seguindo esse movimento, realizaremos, no contexto da <i>Reabilita\u00e7\u00e3o Feira + F\u00f3rum2014<\/i> <a href=\"\/\/goo.gl\/jrKNn7\" target=\"_blank\" rel=\"noopener\">(http:\/\/goo.gl\/jrKNn7<\/a>), mais quatro mesas redondas tem\u00e1ticas compostas por reconhecidos especialistas nos respectivos assuntos.<\/p>\n<p><a href=\"http:\/\/www.memorialdainclusao.sp.gov.br\/estudossobredeficiencia\/\" target=\"_blank\" rel=\"noopener\">Inscri\u00e7\u00f5es e programa\u00e7\u00e3o completa neste link.<\/a><\/p>\n<p>&nbsp;<\/p>\n","protected":false},"excerpt":{"rendered":"<p>O \u201cMemorial da Inclus\u00e3o: os caminhos da pessoa com defici\u00eancia\u201d, \u00f3rg\u00e3o da Secretaria de Estado dos Direitos da Pessoa com Defici\u00eancia, tem o prazer de organizar mais uma rodada de debates abordando o tema dos Estudos sobre a Defici\u00eancia.<\/p>\n","protected":false},"author":1,"featured_media":0,"comment_status":"open","ping_status":"open","sticky":false,"template":"","format":"standard","meta":{"site-container-style":"default","site-container-layout":"default","site-sidebar-layout":"default","disable-article-header":"default","disable-site-header":"default","disable-site-footer":"default","disable-content-area-spacing":"default","footnotes":""},"categories":[29,12,38,6,48,4],"tags":[],"class_list":["post-26681","post","type-post","status-publish","format-standard","hentry","category-cultura","category-cursos-e-eventos","category-deficiencia","category-educacao","category-inclusao","category-noticias"],"yoast_head":"<!-- This site is optimized with the Yoast SEO plugin v27.4 - https:\/\/yoast.com\/product\/yoast-seo-wordpress\/ -->\n<title>Estudos sobre a defici\u00eancia: mesas redondas 13 a 15 de agosto \u2013 S\u00e3o Paulo -<\/title>\n<meta name=\"robots\" content=\"index, follow, max-snippet:-1, max-image-preview:large, max-video-preview:-1\" \/>\n<link rel=\"canonical\" href=\"https:\/\/inclusivenews.com.br\/?p=26681\" \/>\n<meta property=\"og:locale\" content=\"pt_PT\" \/>\n<meta property=\"og:type\" content=\"article\" \/>\n<meta property=\"og:title\" content=\"Estudos sobre a defici\u00eancia: mesas redondas 13 a 15 de agosto \u2013 S\u00e3o Paulo -\" \/>\n<meta property=\"og:description\" content=\"O \u201cMemorial da Inclus\u00e3o: os caminhos da pessoa com defici\u00eancia\u201d, \u00f3rg\u00e3o da Secretaria de Estado dos Direitos da Pessoa com Defici\u00eancia, tem o prazer de organizar mais uma rodada de debates abordando o tema dos Estudos sobre a Defici\u00eancia.\" \/>\n<meta property=\"og:url\" content=\"https:\/\/inclusivenews.com.br\/?p=26681\" \/>\n<meta property=\"article:publisher\" content=\"https:\/\/www.facebook.com\/agenciainclusive\/\" \/>\n<meta property=\"article:published_time\" content=\"2014-07-16T10:40:28+00:00\" \/>\n<meta property=\"og:image\" content=\"http:\/\/www.memorialdainclusao.sp.gov.br\/estudossobredeficiencia\/imagens\/mesas_redondas.png\" \/>\n<meta name=\"author\" content=\"inclusivenews2024\" \/>\n<meta name=\"twitter:card\" content=\"summary_large_image\" \/>\n<meta name=\"twitter:label1\" content=\"Escrito por\" \/>\n\t<meta name=\"twitter:data1\" content=\"inclusivenews2024\" \/>\n\t<meta name=\"twitter:label2\" content=\"Tempo estimado de leitura\" \/>\n\t<meta name=\"twitter:data2\" content=\"2 minutos\" \/>\n<script type=\"application\/ld+json\" class=\"yoast-schema-graph\">{\"@context\":\"https:\\\/\\\/schema.org\",\"@graph\":[{\"@type\":\"Article\",\"@id\":\"https:\\\/\\\/inclusivenews.com.br\\\/?p=26681#article\",\"isPartOf\":{\"@id\":\"https:\\\/\\\/inclusivenews.com.br\\\/?p=26681\"},\"author\":{\"name\":\"inclusivenews2024\",\"@id\":\"https:\\\/\\\/inclusivenews.com.br\\\/#\\\/schema\\\/person\\\/ae4ec7087559b8692fb33b6fffd2273b\"},\"headline\":\"Estudos sobre a defici\u00eancia: mesas redondas 13 a 15 de agosto \u2013 S\u00e3o Paulo\",\"datePublished\":\"2014-07-16T10:40:28+00:00\",\"mainEntityOfPage\":{\"@id\":\"https:\\\/\\\/inclusivenews.com.br\\\/?p=26681\"},\"wordCount\":317,\"commentCount\":0,\"publisher\":{\"@id\":\"https:\\\/\\\/inclusivenews.com.br\\\/#organization\"},\"image\":{\"@id\":\"https:\\\/\\\/inclusivenews.com.br\\\/?p=26681#primaryimage\"},\"thumbnailUrl\":\"http:\\\/\\\/www.memorialdainclusao.sp.gov.br\\\/estudossobredeficiencia\\\/imagens\\\/mesas_redondas.png\",\"articleSection\":[\"Cultura\",\"Cursos e eventos\",\"Defici\u00eancia\",\"EDUCA\u00c7\u00c3O\",\"INCLUS\u00c3O SOCIAL\",\"NOT\u00cdCIAS\"],\"inLanguage\":\"pt-PT\",\"potentialAction\":[{\"@type\":\"CommentAction\",\"name\":\"Comment\",\"target\":[\"https:\\\/\\\/inclusivenews.com.br\\\/?p=26681#respond\"]}]},{\"@type\":\"WebPage\",\"@id\":\"https:\\\/\\\/inclusivenews.com.br\\\/?p=26681\",\"url\":\"https:\\\/\\\/inclusivenews.com.br\\\/?p=26681\",\"name\":\"Estudos sobre a defici\u00eancia: mesas redondas 13 a 15 de agosto \u2013 S\u00e3o Paulo -\",\"isPartOf\":{\"@id\":\"https:\\\/\\\/inclusivenews.com.br\\\/#website\"},\"primaryImageOfPage\":{\"@id\":\"https:\\\/\\\/inclusivenews.com.br\\\/?p=26681#primaryimage\"},\"image\":{\"@id\":\"https:\\\/\\\/inclusivenews.com.br\\\/?p=26681#primaryimage\"},\"thumbnailUrl\":\"http:\\\/\\\/www.memorialdainclusao.sp.gov.br\\\/estudossobredeficiencia\\\/imagens\\\/mesas_redondas.png\",\"datePublished\":\"2014-07-16T10:40:28+00:00\",\"breadcrumb\":{\"@id\":\"https:\\\/\\\/inclusivenews.com.br\\\/?p=26681#breadcrumb\"},\"inLanguage\":\"pt-PT\",\"potentialAction\":[{\"@type\":\"ReadAction\",\"target\":[\"https:\\\/\\\/inclusivenews.com.br\\\/?p=26681\"]}]},{\"@type\":\"ImageObject\",\"inLanguage\":\"pt-PT\",\"@id\":\"https:\\\/\\\/inclusivenews.com.br\\\/?p=26681#primaryimage\",\"url\":\"http:\\\/\\\/www.memorialdainclusao.sp.gov.br\\\/estudossobredeficiencia\\\/imagens\\\/mesas_redondas.png\",\"contentUrl\":\"http:\\\/\\\/www.memorialdainclusao.sp.gov.br\\\/estudossobredeficiencia\\\/imagens\\\/mesas_redondas.png\"},{\"@type\":\"BreadcrumbList\",\"@id\":\"https:\\\/\\\/inclusivenews.com.br\\\/?p=26681#breadcrumb\",\"itemListElement\":[{\"@type\":\"ListItem\",\"position\":1,\"name\":\"In\u00edcio\",\"item\":\"https:\\\/\\\/inclusivenews.com.br\\\/\"},{\"@type\":\"ListItem\",\"position\":2,\"name\":\"Estudos sobre a defici\u00eancia: mesas redondas 13 a 15 de agosto \u2013 S\u00e3o Paulo\"}]},{\"@type\":\"WebSite\",\"@id\":\"https:\\\/\\\/inclusivenews.com.br\\\/#website\",\"url\":\"https:\\\/\\\/inclusivenews.com.br\\\/\",\"name\":\"Inclusive News\",\"description\":\"Inclusive News\",\"publisher\":{\"@id\":\"https:\\\/\\\/inclusivenews.com.br\\\/#organization\"},\"potentialAction\":[{\"@type\":\"SearchAction\",\"target\":{\"@type\":\"EntryPoint\",\"urlTemplate\":\"https:\\\/\\\/inclusivenews.com.br\\\/?s={search_term_string}\"},\"query-input\":{\"@type\":\"PropertyValueSpecification\",\"valueRequired\":true,\"valueName\":\"search_term_string\"}}],\"inLanguage\":\"pt-PT\"},{\"@type\":\"Organization\",\"@id\":\"https:\\\/\\\/inclusivenews.com.br\\\/#organization\",\"name\":\"Inclusive - inclus\u00e3o e cidadania\",\"url\":\"https:\\\/\\\/inclusivenews.com.br\\\/\",\"logo\":{\"@type\":\"ImageObject\",\"inLanguage\":\"pt-PT\",\"@id\":\"https:\\\/\\\/inclusivenews.com.br\\\/#\\\/schema\\\/logo\\\/image\\\/\",\"url\":\"https:\\\/\\\/inclusivenews.com.br\\\/wp-content\\\/uploads\\\/2024\\\/03\\\/@grandesite.png\",\"contentUrl\":\"https:\\\/\\\/inclusivenews.com.br\\\/wp-content\\\/uploads\\\/2024\\\/03\\\/@grandesite.png\",\"width\":1080,\"height\":1080,\"caption\":\"Inclusive - inclus\u00e3o e cidadania\"},\"image\":{\"@id\":\"https:\\\/\\\/inclusivenews.com.br\\\/#\\\/schema\\\/logo\\\/image\\\/\"},\"sameAs\":[\"https:\\\/\\\/www.facebook.com\\\/agenciainclusive\\\/\",\"https:\\\/\\\/www.instagram.com\\\/newsinclusive\\\/\"]},{\"@type\":\"Person\",\"@id\":\"https:\\\/\\\/inclusivenews.com.br\\\/#\\\/schema\\\/person\\\/ae4ec7087559b8692fb33b6fffd2273b\",\"name\":\"inclusivenews2024\",\"image\":{\"@type\":\"ImageObject\",\"inLanguage\":\"pt-PT\",\"@id\":\"https:\\\/\\\/secure.gravatar.com\\\/avatar\\\/c5a7ef84c66fa914f55bc4f7ce26cfa275a3b9a1c5568b907bd184fb4dde7b40?s=96&d=mm&r=g\",\"url\":\"https:\\\/\\\/secure.gravatar.com\\\/avatar\\\/c5a7ef84c66fa914f55bc4f7ce26cfa275a3b9a1c5568b907bd184fb4dde7b40?s=96&d=mm&r=g\",\"contentUrl\":\"https:\\\/\\\/secure.gravatar.com\\\/avatar\\\/c5a7ef84c66fa914f55bc4f7ce26cfa275a3b9a1c5568b907bd184fb4dde7b40?s=96&d=mm&r=g\",\"caption\":\"inclusivenews2024\"},\"sameAs\":[\"https:\\\/\\\/inclusivenews.com.br\"],\"url\":\"https:\\\/\\\/inclusivenews.com.br\\\/?author=1\"}]}<\/script>\n<!-- \/ Yoast SEO plugin. -->","yoast_head_json":{"title":"Estudos sobre a defici\u00eancia: mesas redondas 13 a 15 de agosto \u2013 S\u00e3o Paulo -","robots":{"index":"index","follow":"follow","max-snippet":"max-snippet:-1","max-image-preview":"max-image-preview:large","max-video-preview":"max-video-preview:-1"},"canonical":"https:\/\/inclusivenews.com.br\/?p=26681","og_locale":"pt_PT","og_type":"article","og_title":"Estudos sobre a defici\u00eancia: mesas redondas 13 a 15 de agosto \u2013 S\u00e3o Paulo -","og_description":"O \u201cMemorial da Inclus\u00e3o: os caminhos da pessoa com defici\u00eancia\u201d, \u00f3rg\u00e3o da Secretaria de Estado dos Direitos da Pessoa com Defici\u00eancia, tem o prazer de organizar mais uma rodada de debates abordando o tema dos Estudos sobre a Defici\u00eancia.","og_url":"https:\/\/inclusivenews.com.br\/?p=26681","article_publisher":"https:\/\/www.facebook.com\/agenciainclusive\/","article_published_time":"2014-07-16T10:40:28+00:00","og_image":[{"url":"http:\/\/www.memorialdainclusao.sp.gov.br\/estudossobredeficiencia\/imagens\/mesas_redondas.png","type":"","width":"","height":""}],"author":"inclusivenews2024","twitter_card":"summary_large_image","twitter_misc":{"Escrito por":"inclusivenews2024","Tempo estimado de leitura":"2 minutos"},"schema":{"@context":"https:\/\/schema.org","@graph":[{"@type":"Article","@id":"https:\/\/inclusivenews.com.br\/?p=26681#article","isPartOf":{"@id":"https:\/\/inclusivenews.com.br\/?p=26681"},"author":{"name":"inclusivenews2024","@id":"https:\/\/inclusivenews.com.br\/#\/schema\/person\/ae4ec7087559b8692fb33b6fffd2273b"},"headline":"Estudos sobre a defici\u00eancia: mesas redondas 13 a 15 de agosto \u2013 S\u00e3o Paulo","datePublished":"2014-07-16T10:40:28+00:00","mainEntityOfPage":{"@id":"https:\/\/inclusivenews.com.br\/?p=26681"},"wordCount":317,"commentCount":0,"publisher":{"@id":"https:\/\/inclusivenews.com.br\/#organization"},"image":{"@id":"https:\/\/inclusivenews.com.br\/?p=26681#primaryimage"},"thumbnailUrl":"http:\/\/www.memorialdainclusao.sp.gov.br\/estudossobredeficiencia\/imagens\/mesas_redondas.png","articleSection":["Cultura","Cursos e eventos","Defici\u00eancia","EDUCA\u00c7\u00c3O","INCLUS\u00c3O SOCIAL","NOT\u00cdCIAS"],"inLanguage":"pt-PT","potentialAction":[{"@type":"CommentAction","name":"Comment","target":["https:\/\/inclusivenews.com.br\/?p=26681#respond"]}]},{"@type":"WebPage","@id":"https:\/\/inclusivenews.com.br\/?p=26681","url":"https:\/\/inclusivenews.com.br\/?p=26681","name":"Estudos sobre a defici\u00eancia: mesas redondas 13 a 15 de agosto \u2013 S\u00e3o Paulo -","isPartOf":{"@id":"https:\/\/inclusivenews.com.br\/#website"},"primaryImageOfPage":{"@id":"https:\/\/inclusivenews.com.br\/?p=26681#primaryimage"},"image":{"@id":"https:\/\/inclusivenews.com.br\/?p=26681#primaryimage"},"thumbnailUrl":"http:\/\/www.memorialdainclusao.sp.gov.br\/estudossobredeficiencia\/imagens\/mesas_redondas.png","datePublished":"2014-07-16T10:40:28+00:00","breadcrumb":{"@id":"https:\/\/inclusivenews.com.br\/?p=26681#breadcrumb"},"inLanguage":"pt-PT","potentialAction":[{"@type":"ReadAction","target":["https:\/\/inclusivenews.com.br\/?p=26681"]}]},{"@type":"ImageObject","inLanguage":"pt-PT","@id":"https:\/\/inclusivenews.com.br\/?p=26681#primaryimage","url":"http:\/\/www.memorialdainclusao.sp.gov.br\/estudossobredeficiencia\/imagens\/mesas_redondas.png","contentUrl":"http:\/\/www.memorialdainclusao.sp.gov.br\/estudossobredeficiencia\/imagens\/mesas_redondas.png"},{"@type":"BreadcrumbList","@id":"https:\/\/inclusivenews.com.br\/?p=26681#breadcrumb","itemListElement":[{"@type":"ListItem","position":1,"name":"In\u00edcio","item":"https:\/\/inclusivenews.com.br\/"},{"@type":"ListItem","position":2,"name":"Estudos sobre a defici\u00eancia: mesas redondas 13 a 15 de agosto \u2013 S\u00e3o Paulo"}]},{"@type":"WebSite","@id":"https:\/\/inclusivenews.com.br\/#website","url":"https:\/\/inclusivenews.com.br\/","name":"Inclusive News","description":"Inclusive News","publisher":{"@id":"https:\/\/inclusivenews.com.br\/#organization"},"potentialAction":[{"@type":"SearchAction","target":{"@type":"EntryPoint","urlTemplate":"https:\/\/inclusivenews.com.br\/?s={search_term_string}"},"query-input":{"@type":"PropertyValueSpecification","valueRequired":true,"valueName":"search_term_string"}}],"inLanguage":"pt-PT"},{"@type":"Organization","@id":"https:\/\/inclusivenews.com.br\/#organization","name":"Inclusive - inclus\u00e3o e cidadania","url":"https:\/\/inclusivenews.com.br\/","logo":{"@type":"ImageObject","inLanguage":"pt-PT","@id":"https:\/\/inclusivenews.com.br\/#\/schema\/logo\/image\/","url":"https:\/\/inclusivenews.com.br\/wp-content\/uploads\/2024\/03\/@grandesite.png","contentUrl":"https:\/\/inclusivenews.com.br\/wp-content\/uploads\/2024\/03\/@grandesite.png","width":1080,"height":1080,"caption":"Inclusive - inclus\u00e3o e cidadania"},"image":{"@id":"https:\/\/inclusivenews.com.br\/#\/schema\/logo\/image\/"},"sameAs":["https:\/\/www.facebook.com\/agenciainclusive\/","https:\/\/www.instagram.com\/newsinclusive\/"]},{"@type":"Person","@id":"https:\/\/inclusivenews.com.br\/#\/schema\/person\/ae4ec7087559b8692fb33b6fffd2273b","name":"inclusivenews2024","image":{"@type":"ImageObject","inLanguage":"pt-PT","@id":"https:\/\/secure.gravatar.com\/avatar\/c5a7ef84c66fa914f55bc4f7ce26cfa275a3b9a1c5568b907bd184fb4dde7b40?s=96&d=mm&r=g","url":"https:\/\/secure.gravatar.com\/avatar\/c5a7ef84c66fa914f55bc4f7ce26cfa275a3b9a1c5568b907bd184fb4dde7b40?s=96&d=mm&r=g","contentUrl":"https:\/\/secure.gravatar.com\/avatar\/c5a7ef84c66fa914f55bc4f7ce26cfa275a3b9a1c5568b907bd184fb4dde7b40?s=96&d=mm&r=g","caption":"inclusivenews2024"},"sameAs":["https:\/\/inclusivenews.com.br"],"url":"https:\/\/inclusivenews.com.br\/?author=1"}]}},"_links":{"self":[{"href":"https:\/\/inclusivenews.com.br\/index.php?rest_route=\/wp\/v2\/posts\/26681","targetHints":{"allow":["GET"]}}],"collection":[{"href":"https:\/\/inclusivenews.com.br\/index.php?rest_route=\/wp\/v2\/posts"}],"about":[{"href":"https:\/\/inclusivenews.com.br\/index.php?rest_route=\/wp\/v2\/types\/post"}],"author":[{"embeddable":true,"href":"https:\/\/inclusivenews.com.br\/index.php?rest_route=\/wp\/v2\/users\/1"}],"replies":[{"embeddable":true,"href":"https:\/\/inclusivenews.com.br\/index.php?rest_route=%2Fwp%2Fv2%2Fcomments&post=26681"}],"version-history":[{"count":0,"href":"https:\/\/inclusivenews.com.br\/index.php?rest_route=\/wp\/v2\/posts\/26681\/revisions"}],"wp:attachment":[{"href":"https:\/\/inclusivenews.com.br\/index.php?rest_route=%2Fwp%2Fv2%2Fmedia&parent=26681"}],"wp:term":[{"taxonomy":"category","embeddable":true,"href":"https:\/\/inclusivenews.com.br\/index.php?rest_route=%2Fwp%2Fv2%2Fcategories&post=26681"},{"taxonomy":"post_tag","embeddable":true,"href":"https:\/\/inclusivenews.com.br\/index.php?rest_route=%2Fwp%2Fv2%2Ftags&post=26681"}],"curies":[{"name":"wp","href":"https:\/\/api.w.org\/{rel}","templated":true}]}}