{"id":26683,"date":"2014-07-16T07:39:49","date_gmt":"2014-07-16T10:39:49","guid":{"rendered":"http:\/\/www.inclusive.org.br\/?p=26683"},"modified":"2014-07-16T07:39:49","modified_gmt":"2014-07-16T10:39:49","slug":"congresso-de-terapia-familiar-reune-profissionais-e-estudantes-em-sao-paulo","status":"publish","type":"post","link":"https:\/\/inclusivenews.com.br\/?p=26683","title":{"rendered":"Congresso de Terapia Familiar re\u00fane profissionais e estudantes em S\u00e3o Paulo"},"content":{"rendered":"<p><img loading=\"lazy\" decoding=\"async\" class=\"alignnone\" alt=\"Descri\u00e7\u00e3o n\u00e3o fornecida\" src=\"https:\/\/ci.eventus.com.br\/ci\/imagens\/logo_abratef2014.png\" width=\"346\" height=\"144\" \/><\/p>\n<p>Acontece entre os dias 20 e 24 de julho, em S\u00e3o Paulo, capital, o XI Congresso Brasileiro de Terapia Familiar, evento realizado a cada dois anos pela Associa\u00e7\u00e3o Brasileira de Terapia Familiar (ABRATEF). Nesta edi\u00e7\u00e3o, o congresso possui como tema &#8220;Fam\u00edlia e Terapia Familiar \u2013 Expandindo Horizontes&#8221;, propondo uma abordagem transdisciplinar do trabalho com fam\u00edlias e o di\u00e1logo com profissionais do Direito, da Educa\u00e7\u00e3o, Tecnologia, Medicina e outras \u00e1reas.<\/p>\n<p>Uso de redes sociais, doen\u00e7a na fam\u00edlia, desempenho escolar de crian\u00e7as e ado\u00e7\u00e3o s\u00e3o apenas alguns dos assuntos abordados no XI<br \/>\nCongresso Brasileiro de Terapia Familiar e que promovem a conversa entre \u00e1reas aparentemente t\u00e3o distintas. Assuntos muito debatidos atualmente, como a homoparentalidade, tamb\u00e9m fazem parte da programa\u00e7\u00e3o: &#8220;Que fam\u00edlias atendemos? Aquelas que existem&#8221;, afirma Helena Maffei Cruz, coordenadora da Comiss\u00e3o Cient\u00edfica do congresso.<\/p>\n<p>De acordo com a presidente do XI Congresso Brasileiro de Terapia Familiar, Rosa Macedo, o objetivo principal do evento \u00e9 &#8220;agregar,<br \/>\nreunir, juntar, aproximar pessoas que tenham interesses comuns, que veem a fam\u00edlia como n\u00facleo de produ\u00e7\u00e3o e reprodu\u00e7\u00e3o social , como matriz da identidade pessoal e, portanto, uma organiza\u00e7\u00e3o de base para a constru\u00e7\u00e3o de uma sociedade mais igualit\u00e1ria, mais justa e menos excludente para os que vivem em situa\u00e7\u00e3o de vulnerabilidade&#8221;.<\/p>\n<p>No total, s\u00e3o mais de 300 trabalhos inscritos e em diversos formatos. Cursos, oficinas, mesas redondas e simp\u00f3sios ajudam a compor a<br \/>\nprograma\u00e7\u00e3o e a promover a troca de saberes entre terapeutas de fam\u00edlia e casal, profissionais diversos, estudantes e o p\u00fablico em geral. Atividades culturais tamb\u00e9m est\u00e3o previstas durante o evento, trazendo a Arte como mais um horizonte a ser expandido dentro das pr\u00e1ticas da Terapia Familiar.<\/p>\n<p>O XI Congresso Brasileiro de Terapia Familiar tamb\u00e9m coincide com o anivers\u00e1rio de 20 anos da ABRATEF. Para o atual presidente da<br \/>\nassocia\u00e7\u00e3o, Marcos Naime Pontes, a realiza\u00e7\u00e3o do congresso nesses moldes demonstra que os terapeutas est\u00e3o &#8220;alertas para a necessidade da assimila\u00e7\u00e3o dos rumos seguidos pelas fam\u00edlias em rela\u00e7\u00e3o \u00e0 pol\u00edtica e \u00e0 tecnologia: horizontaliza\u00e7\u00e3o do poder, acessibilidade \u00e0 informa\u00e7\u00e3o, rapidez na comunica\u00e7\u00e3o, plasticidade das rela\u00e7\u00f5es de acordo com os novos h\u00e1bitos, oportunidades de subsist\u00eancia e desafios para a educa\u00e7\u00e3o. Queremos dar espa\u00e7o, tamb\u00e9m, \u00e0 eterna arte, com sua capacidade de expressar nossas vidas: um instrumento revelador, especular e expansor de nossas almas&#8221;, afirma.<\/p>\n<p>A abertura do XI Congresso Brasileiro de Terapia Familiar ser\u00e1 feita pelo I Simp\u00f3sio Latino Americano de Terapia Familiar, que tem como tema &#8220;Fam\u00edlia e Comunidade: Panorama e Desenvolvimentos Latino Americanos&#8221; e conta com a participa\u00e7\u00e3o de representantes da Argentina, do Paraguai, M\u00e9xico, Equador e outras na\u00e7\u00f5es. Como se n\u00e3o bastasse a agenda cheia desses quatro dias, os organizadores tamb\u00e9m tiveram o cuidado de acrescentar \u00e0 grade cursos intensivos que podem ser realizados \u00e0 parte, mesmo por quem n\u00e3o esteja inscrito no Congresso, pelo valor de R$ 80 cada.<\/p>\n<p>Mais informa\u00e7\u00f5es podem ser obtidas no endere\u00e7o<br \/>\n<a href=\"http:\/\/abratef.org.br\/congresso2014.\" target=\"_blank\" rel=\"noopener\">http:\/\/abratef.org.br\/congresso201\u00a0<\/a><\/p>\n<p>As incri\u00e7\u00f5es para o XI Congresso Brasileiro de Terapia Familiar ou para os cursos intensivos tamb\u00e9m podem ser realizadas no mesmo website.<\/p>\n<p>XI Congresso Brasileiro de Terapia Familiar<br \/>\nData: 20 a 24 de julho de 2014<br \/>\nLocal: Sheraton S\u00e3o Paulo WTC Hotel<br \/>\nAv. das Na\u00e7\u00f5es Unidas, 12.559 \u2013 Brooklin Novo \u2013 S\u00e3o Paulo, SP<br \/>\nInscri\u00e7\u00f5es: <a href=\"http:\/\/abratef.org.br\/congresso2014\" target=\"_blank\" rel=\"noopener\">http:\/\/abratef.org.br\/congresso2014<\/a><\/p>\n","protected":false},"excerpt":{"rendered":"<p>Acontece entre os dias 20 e 24 de julho, em S\u00e3o Paulo, capital, o XI Congresso Brasileiro de Terapia Familiar, evento realizado a cada dois anos pela Associa\u00e7\u00e3o Brasileira de Terapia Familiar (ABRATEF). Nesta edi\u00e7\u00e3o, o congresso possui como tema &#8220;Fam\u00edlia e Terapia Familiar \u2013 Expandindo Horizontes&#8221;, propondo uma abordagem transdisciplinar do trabalho com fam\u00edlias e o di\u00e1logo com profissionais do Direito, da Educa\u00e7\u00e3o, Tecnologia, Medicina e outras \u00e1reas.<\/p>\n","protected":false},"author":1,"featured_media":0,"comment_status":"open","ping_status":"open","sticky":false,"template":"","format":"standard","meta":{"site-container-style":"default","site-container-layout":"default","site-sidebar-layout":"default","disable-article-header":"default","disable-site-header":"default","disable-site-footer":"default","disable-content-area-spacing":"default","footnotes":""},"categories":[12],"tags":[],"class_list":["post-26683","post","type-post","status-publish","format-standard","hentry","category-cursos-e-eventos"],"yoast_head":"<!-- This site is optimized with the Yoast SEO plugin v27.4 - https:\/\/yoast.com\/product\/yoast-seo-wordpress\/ -->\n<title>Congresso de Terapia Familiar re\u00fane profissionais e estudantes em S\u00e3o Paulo -<\/title>\n<meta name=\"robots\" content=\"index, follow, max-snippet:-1, max-image-preview:large, max-video-preview:-1\" \/>\n<link rel=\"canonical\" href=\"https:\/\/inclusivenews.com.br\/?p=26683\" \/>\n<meta property=\"og:locale\" content=\"pt_PT\" \/>\n<meta property=\"og:type\" content=\"article\" \/>\n<meta property=\"og:title\" content=\"Congresso de Terapia Familiar re\u00fane profissionais e estudantes em S\u00e3o Paulo -\" \/>\n<meta property=\"og:description\" content=\"Acontece entre os dias 20 e 24 de julho, em S\u00e3o Paulo, capital, o XI Congresso Brasileiro de Terapia Familiar, evento realizado a cada dois anos pela Associa\u00e7\u00e3o Brasileira de Terapia Familiar (ABRATEF). Nesta edi\u00e7\u00e3o, o congresso possui como tema &quot;Fam\u00edlia e Terapia Familiar \u2013 Expandindo Horizontes&quot;, propondo uma abordagem transdisciplinar do trabalho com fam\u00edlias e o di\u00e1logo com profissionais do Direito, da Educa\u00e7\u00e3o, Tecnologia, Medicina e outras \u00e1reas.\" \/>\n<meta property=\"og:url\" content=\"https:\/\/inclusivenews.com.br\/?p=26683\" \/>\n<meta property=\"article:publisher\" content=\"https:\/\/www.facebook.com\/agenciainclusive\/\" \/>\n<meta property=\"article:published_time\" content=\"2014-07-16T10:39:49+00:00\" \/>\n<meta property=\"og:image\" content=\"https:\/\/ci.eventus.com.br\/ci\/imagens\/logo_abratef2014.png\" \/>\n<meta name=\"author\" content=\"inclusivenews2024\" \/>\n<meta name=\"twitter:card\" content=\"summary_large_image\" \/>\n<meta name=\"twitter:label1\" content=\"Escrito por\" \/>\n\t<meta name=\"twitter:data1\" content=\"inclusivenews2024\" \/>\n\t<meta name=\"twitter:label2\" content=\"Tempo estimado de leitura\" \/>\n\t<meta name=\"twitter:data2\" content=\"3 minutos\" \/>\n<script type=\"application\/ld+json\" class=\"yoast-schema-graph\">{\"@context\":\"https:\\\/\\\/schema.org\",\"@graph\":[{\"@type\":\"Article\",\"@id\":\"https:\\\/\\\/inclusivenews.com.br\\\/?p=26683#article\",\"isPartOf\":{\"@id\":\"https:\\\/\\\/inclusivenews.com.br\\\/?p=26683\"},\"author\":{\"name\":\"inclusivenews2024\",\"@id\":\"https:\\\/\\\/inclusivenews.com.br\\\/#\\\/schema\\\/person\\\/ae4ec7087559b8692fb33b6fffd2273b\"},\"headline\":\"Congresso de Terapia Familiar re\u00fane profissionais e estudantes em S\u00e3o Paulo\",\"datePublished\":\"2014-07-16T10:39:49+00:00\",\"mainEntityOfPage\":{\"@id\":\"https:\\\/\\\/inclusivenews.com.br\\\/?p=26683\"},\"wordCount\":601,\"commentCount\":0,\"publisher\":{\"@id\":\"https:\\\/\\\/inclusivenews.com.br\\\/#organization\"},\"image\":{\"@id\":\"https:\\\/\\\/inclusivenews.com.br\\\/?p=26683#primaryimage\"},\"thumbnailUrl\":\"https:\\\/\\\/ci.eventus.com.br\\\/ci\\\/imagens\\\/logo_abratef2014.png\",\"articleSection\":[\"Cursos e eventos\"],\"inLanguage\":\"pt-PT\",\"potentialAction\":[{\"@type\":\"CommentAction\",\"name\":\"Comment\",\"target\":[\"https:\\\/\\\/inclusivenews.com.br\\\/?p=26683#respond\"]}]},{\"@type\":\"WebPage\",\"@id\":\"https:\\\/\\\/inclusivenews.com.br\\\/?p=26683\",\"url\":\"https:\\\/\\\/inclusivenews.com.br\\\/?p=26683\",\"name\":\"Congresso de Terapia Familiar re\u00fane profissionais e estudantes em S\u00e3o Paulo -\",\"isPartOf\":{\"@id\":\"https:\\\/\\\/inclusivenews.com.br\\\/#website\"},\"primaryImageOfPage\":{\"@id\":\"https:\\\/\\\/inclusivenews.com.br\\\/?p=26683#primaryimage\"},\"image\":{\"@id\":\"https:\\\/\\\/inclusivenews.com.br\\\/?p=26683#primaryimage\"},\"thumbnailUrl\":\"https:\\\/\\\/ci.eventus.com.br\\\/ci\\\/imagens\\\/logo_abratef2014.png\",\"datePublished\":\"2014-07-16T10:39:49+00:00\",\"breadcrumb\":{\"@id\":\"https:\\\/\\\/inclusivenews.com.br\\\/?p=26683#breadcrumb\"},\"inLanguage\":\"pt-PT\",\"potentialAction\":[{\"@type\":\"ReadAction\",\"target\":[\"https:\\\/\\\/inclusivenews.com.br\\\/?p=26683\"]}]},{\"@type\":\"ImageObject\",\"inLanguage\":\"pt-PT\",\"@id\":\"https:\\\/\\\/inclusivenews.com.br\\\/?p=26683#primaryimage\",\"url\":\"https:\\\/\\\/ci.eventus.com.br\\\/ci\\\/imagens\\\/logo_abratef2014.png\",\"contentUrl\":\"https:\\\/\\\/ci.eventus.com.br\\\/ci\\\/imagens\\\/logo_abratef2014.png\"},{\"@type\":\"BreadcrumbList\",\"@id\":\"https:\\\/\\\/inclusivenews.com.br\\\/?p=26683#breadcrumb\",\"itemListElement\":[{\"@type\":\"ListItem\",\"position\":1,\"name\":\"In\u00edcio\",\"item\":\"https:\\\/\\\/inclusivenews.com.br\\\/\"},{\"@type\":\"ListItem\",\"position\":2,\"name\":\"Congresso de Terapia Familiar re\u00fane profissionais e estudantes em S\u00e3o Paulo\"}]},{\"@type\":\"WebSite\",\"@id\":\"https:\\\/\\\/inclusivenews.com.br\\\/#website\",\"url\":\"https:\\\/\\\/inclusivenews.com.br\\\/\",\"name\":\"Inclusive News\",\"description\":\"Inclusive News\",\"publisher\":{\"@id\":\"https:\\\/\\\/inclusivenews.com.br\\\/#organization\"},\"potentialAction\":[{\"@type\":\"SearchAction\",\"target\":{\"@type\":\"EntryPoint\",\"urlTemplate\":\"https:\\\/\\\/inclusivenews.com.br\\\/?s={search_term_string}\"},\"query-input\":{\"@type\":\"PropertyValueSpecification\",\"valueRequired\":true,\"valueName\":\"search_term_string\"}}],\"inLanguage\":\"pt-PT\"},{\"@type\":\"Organization\",\"@id\":\"https:\\\/\\\/inclusivenews.com.br\\\/#organization\",\"name\":\"Inclusive - inclus\u00e3o e cidadania\",\"url\":\"https:\\\/\\\/inclusivenews.com.br\\\/\",\"logo\":{\"@type\":\"ImageObject\",\"inLanguage\":\"pt-PT\",\"@id\":\"https:\\\/\\\/inclusivenews.com.br\\\/#\\\/schema\\\/logo\\\/image\\\/\",\"url\":\"https:\\\/\\\/inclusivenews.com.br\\\/wp-content\\\/uploads\\\/2024\\\/03\\\/@grandesite.png\",\"contentUrl\":\"https:\\\/\\\/inclusivenews.com.br\\\/wp-content\\\/uploads\\\/2024\\\/03\\\/@grandesite.png\",\"width\":1080,\"height\":1080,\"caption\":\"Inclusive - inclus\u00e3o e cidadania\"},\"image\":{\"@id\":\"https:\\\/\\\/inclusivenews.com.br\\\/#\\\/schema\\\/logo\\\/image\\\/\"},\"sameAs\":[\"https:\\\/\\\/www.facebook.com\\\/agenciainclusive\\\/\",\"https:\\\/\\\/www.instagram.com\\\/newsinclusive\\\/\"]},{\"@type\":\"Person\",\"@id\":\"https:\\\/\\\/inclusivenews.com.br\\\/#\\\/schema\\\/person\\\/ae4ec7087559b8692fb33b6fffd2273b\",\"name\":\"inclusivenews2024\",\"image\":{\"@type\":\"ImageObject\",\"inLanguage\":\"pt-PT\",\"@id\":\"https:\\\/\\\/secure.gravatar.com\\\/avatar\\\/c5a7ef84c66fa914f55bc4f7ce26cfa275a3b9a1c5568b907bd184fb4dde7b40?s=96&d=mm&r=g\",\"url\":\"https:\\\/\\\/secure.gravatar.com\\\/avatar\\\/c5a7ef84c66fa914f55bc4f7ce26cfa275a3b9a1c5568b907bd184fb4dde7b40?s=96&d=mm&r=g\",\"contentUrl\":\"https:\\\/\\\/secure.gravatar.com\\\/avatar\\\/c5a7ef84c66fa914f55bc4f7ce26cfa275a3b9a1c5568b907bd184fb4dde7b40?s=96&d=mm&r=g\",\"caption\":\"inclusivenews2024\"},\"sameAs\":[\"https:\\\/\\\/inclusivenews.com.br\"],\"url\":\"https:\\\/\\\/inclusivenews.com.br\\\/?author=1\"}]}<\/script>\n<!-- \/ Yoast SEO plugin. -->","yoast_head_json":{"title":"Congresso de Terapia Familiar re\u00fane profissionais e estudantes em S\u00e3o Paulo -","robots":{"index":"index","follow":"follow","max-snippet":"max-snippet:-1","max-image-preview":"max-image-preview:large","max-video-preview":"max-video-preview:-1"},"canonical":"https:\/\/inclusivenews.com.br\/?p=26683","og_locale":"pt_PT","og_type":"article","og_title":"Congresso de Terapia Familiar re\u00fane profissionais e estudantes em S\u00e3o Paulo -","og_description":"Acontece entre os dias 20 e 24 de julho, em S\u00e3o Paulo, capital, o XI Congresso Brasileiro de Terapia Familiar, evento realizado a cada dois anos pela Associa\u00e7\u00e3o Brasileira de Terapia Familiar (ABRATEF). Nesta edi\u00e7\u00e3o, o congresso possui como tema \"Fam\u00edlia e Terapia Familiar \u2013 Expandindo Horizontes\", propondo uma abordagem transdisciplinar do trabalho com fam\u00edlias e o di\u00e1logo com profissionais do Direito, da Educa\u00e7\u00e3o, Tecnologia, Medicina e outras \u00e1reas.","og_url":"https:\/\/inclusivenews.com.br\/?p=26683","article_publisher":"https:\/\/www.facebook.com\/agenciainclusive\/","article_published_time":"2014-07-16T10:39:49+00:00","og_image":[{"url":"https:\/\/ci.eventus.com.br\/ci\/imagens\/logo_abratef2014.png","type":"","width":"","height":""}],"author":"inclusivenews2024","twitter_card":"summary_large_image","twitter_misc":{"Escrito por":"inclusivenews2024","Tempo estimado de leitura":"3 minutos"},"schema":{"@context":"https:\/\/schema.org","@graph":[{"@type":"Article","@id":"https:\/\/inclusivenews.com.br\/?p=26683#article","isPartOf":{"@id":"https:\/\/inclusivenews.com.br\/?p=26683"},"author":{"name":"inclusivenews2024","@id":"https:\/\/inclusivenews.com.br\/#\/schema\/person\/ae4ec7087559b8692fb33b6fffd2273b"},"headline":"Congresso de Terapia Familiar re\u00fane profissionais e estudantes em S\u00e3o Paulo","datePublished":"2014-07-16T10:39:49+00:00","mainEntityOfPage":{"@id":"https:\/\/inclusivenews.com.br\/?p=26683"},"wordCount":601,"commentCount":0,"publisher":{"@id":"https:\/\/inclusivenews.com.br\/#organization"},"image":{"@id":"https:\/\/inclusivenews.com.br\/?p=26683#primaryimage"},"thumbnailUrl":"https:\/\/ci.eventus.com.br\/ci\/imagens\/logo_abratef2014.png","articleSection":["Cursos e eventos"],"inLanguage":"pt-PT","potentialAction":[{"@type":"CommentAction","name":"Comment","target":["https:\/\/inclusivenews.com.br\/?p=26683#respond"]}]},{"@type":"WebPage","@id":"https:\/\/inclusivenews.com.br\/?p=26683","url":"https:\/\/inclusivenews.com.br\/?p=26683","name":"Congresso de Terapia Familiar re\u00fane profissionais e estudantes em S\u00e3o Paulo -","isPartOf":{"@id":"https:\/\/inclusivenews.com.br\/#website"},"primaryImageOfPage":{"@id":"https:\/\/inclusivenews.com.br\/?p=26683#primaryimage"},"image":{"@id":"https:\/\/inclusivenews.com.br\/?p=26683#primaryimage"},"thumbnailUrl":"https:\/\/ci.eventus.com.br\/ci\/imagens\/logo_abratef2014.png","datePublished":"2014-07-16T10:39:49+00:00","breadcrumb":{"@id":"https:\/\/inclusivenews.com.br\/?p=26683#breadcrumb"},"inLanguage":"pt-PT","potentialAction":[{"@type":"ReadAction","target":["https:\/\/inclusivenews.com.br\/?p=26683"]}]},{"@type":"ImageObject","inLanguage":"pt-PT","@id":"https:\/\/inclusivenews.com.br\/?p=26683#primaryimage","url":"https:\/\/ci.eventus.com.br\/ci\/imagens\/logo_abratef2014.png","contentUrl":"https:\/\/ci.eventus.com.br\/ci\/imagens\/logo_abratef2014.png"},{"@type":"BreadcrumbList","@id":"https:\/\/inclusivenews.com.br\/?p=26683#breadcrumb","itemListElement":[{"@type":"ListItem","position":1,"name":"In\u00edcio","item":"https:\/\/inclusivenews.com.br\/"},{"@type":"ListItem","position":2,"name":"Congresso de Terapia Familiar re\u00fane profissionais e estudantes em S\u00e3o Paulo"}]},{"@type":"WebSite","@id":"https:\/\/inclusivenews.com.br\/#website","url":"https:\/\/inclusivenews.com.br\/","name":"Inclusive News","description":"Inclusive News","publisher":{"@id":"https:\/\/inclusivenews.com.br\/#organization"},"potentialAction":[{"@type":"SearchAction","target":{"@type":"EntryPoint","urlTemplate":"https:\/\/inclusivenews.com.br\/?s={search_term_string}"},"query-input":{"@type":"PropertyValueSpecification","valueRequired":true,"valueName":"search_term_string"}}],"inLanguage":"pt-PT"},{"@type":"Organization","@id":"https:\/\/inclusivenews.com.br\/#organization","name":"Inclusive - inclus\u00e3o e cidadania","url":"https:\/\/inclusivenews.com.br\/","logo":{"@type":"ImageObject","inLanguage":"pt-PT","@id":"https:\/\/inclusivenews.com.br\/#\/schema\/logo\/image\/","url":"https:\/\/inclusivenews.com.br\/wp-content\/uploads\/2024\/03\/@grandesite.png","contentUrl":"https:\/\/inclusivenews.com.br\/wp-content\/uploads\/2024\/03\/@grandesite.png","width":1080,"height":1080,"caption":"Inclusive - inclus\u00e3o e cidadania"},"image":{"@id":"https:\/\/inclusivenews.com.br\/#\/schema\/logo\/image\/"},"sameAs":["https:\/\/www.facebook.com\/agenciainclusive\/","https:\/\/www.instagram.com\/newsinclusive\/"]},{"@type":"Person","@id":"https:\/\/inclusivenews.com.br\/#\/schema\/person\/ae4ec7087559b8692fb33b6fffd2273b","name":"inclusivenews2024","image":{"@type":"ImageObject","inLanguage":"pt-PT","@id":"https:\/\/secure.gravatar.com\/avatar\/c5a7ef84c66fa914f55bc4f7ce26cfa275a3b9a1c5568b907bd184fb4dde7b40?s=96&d=mm&r=g","url":"https:\/\/secure.gravatar.com\/avatar\/c5a7ef84c66fa914f55bc4f7ce26cfa275a3b9a1c5568b907bd184fb4dde7b40?s=96&d=mm&r=g","contentUrl":"https:\/\/secure.gravatar.com\/avatar\/c5a7ef84c66fa914f55bc4f7ce26cfa275a3b9a1c5568b907bd184fb4dde7b40?s=96&d=mm&r=g","caption":"inclusivenews2024"},"sameAs":["https:\/\/inclusivenews.com.br"],"url":"https:\/\/inclusivenews.com.br\/?author=1"}]}},"_links":{"self":[{"href":"https:\/\/inclusivenews.com.br\/index.php?rest_route=\/wp\/v2\/posts\/26683","targetHints":{"allow":["GET"]}}],"collection":[{"href":"https:\/\/inclusivenews.com.br\/index.php?rest_route=\/wp\/v2\/posts"}],"about":[{"href":"https:\/\/inclusivenews.com.br\/index.php?rest_route=\/wp\/v2\/types\/post"}],"author":[{"embeddable":true,"href":"https:\/\/inclusivenews.com.br\/index.php?rest_route=\/wp\/v2\/users\/1"}],"replies":[{"embeddable":true,"href":"https:\/\/inclusivenews.com.br\/index.php?rest_route=%2Fwp%2Fv2%2Fcomments&post=26683"}],"version-history":[{"count":0,"href":"https:\/\/inclusivenews.com.br\/index.php?rest_route=\/wp\/v2\/posts\/26683\/revisions"}],"wp:attachment":[{"href":"https:\/\/inclusivenews.com.br\/index.php?rest_route=%2Fwp%2Fv2%2Fmedia&parent=26683"}],"wp:term":[{"taxonomy":"category","embeddable":true,"href":"https:\/\/inclusivenews.com.br\/index.php?rest_route=%2Fwp%2Fv2%2Fcategories&post=26683"},{"taxonomy":"post_tag","embeddable":true,"href":"https:\/\/inclusivenews.com.br\/index.php?rest_route=%2Fwp%2Fv2%2Ftags&post=26683"}],"curies":[{"name":"wp","href":"https:\/\/api.w.org\/{rel}","templated":true}]}}