{"id":26685,"date":"2014-07-16T07:39:30","date_gmt":"2014-07-16T10:39:30","guid":{"rendered":"http:\/\/www.inclusive.org.br\/?p=26685"},"modified":"2014-07-16T07:39:30","modified_gmt":"2014-07-16T10:39:30","slug":"seminario-novas-perspectivas-de-inclusao-no-mundo-do-trabalho","status":"publish","type":"post","link":"https:\/\/inclusivenews.com.br\/?p=26685","title":{"rendered":"Semin\u00e1rio Novas Perspectivas de Inclus\u00e3o no Mundo do Trabalho"},"content":{"rendered":"<p><img loading=\"lazy\" decoding=\"async\" class=\"alignnone\" alt=\"O nome do evento sobre o fundo de um aperto de m\u00e3os\" src=\"http:\/\/www.imap.curitiba.pr.gov.br\/wp-content\/themes\/imap\/images\/default-slides\/14_0014_Mundo_Trabalho.jpg\" width=\"451\" height=\"210\" \/><\/p>\n<p>Est\u00e3o abertas as inscri\u00e7\u00f5es para o Semin\u00e1rio Novas Perspectivas de Inclus\u00e3o no Mundo do Trabalho, que a Prefeitura de Curitiba promove nos dias 24 e 25 de julho. O semin\u00e1rio marcar\u00e1 a Semana de Empregabilidade da Pessoa com Defici\u00eancia, criada no ano passado por decreto do prefeito Gustavo Fruet. A programa\u00e7\u00e3o do evento inclui palestras a divulga\u00e7\u00e3o de pesquisas sobre a realidade da pessoa com defici\u00eancia no mercado formal de trabalho e o lan\u00e7amento da C\u00e2mara de Inclus\u00e3o da Pessoa com Defici\u00eancia no Mundo do Trabalho. As vagas s\u00e3o limitadas e a inscri\u00e7\u00e3o \u00e9 gratuita.<\/p>\n<p>S\u00e3o esperados para o semin\u00e1rio \u2013 que acontecer\u00e1 no Centro de Educa\u00e7\u00e3o Permanente do Parque Barigui \u2013 l\u00edderes de empresas privadas, gestores de RH, estudantes e profissionais da \u00e1rea da Medicina do Trabalho e da Psicologia.<\/p>\n<p>A C\u00e2mara de Inclus\u00e3o da Pessoa com Defici\u00eancia no Mundo do Trabalho ser\u00e1 lan\u00e7ada pela secret\u00e1ria municipal dos Direitos da Pessoa com Defici\u00eancia, Mirella Prosdocimo. Ser\u00e1 um espa\u00e7o de articula\u00e7\u00e3o social de institui\u00e7\u00f5es governamentais e n\u00e3o-governamentais, p\u00fablicas ou privadas, com o objetivo de estimular os estudos, promover o debate e a mobiliza\u00e7\u00e3o para a inclus\u00e3o de pessoas com defici\u00eancia no mundo do trabalho, bem como apoiar a\u00e7\u00f5es voltadas para a implementa\u00e7\u00e3o e o aperfei\u00e7oamento da legisla\u00e7\u00e3o relacionada ao tema.<\/p>\n<p>Tamb\u00e9m durante o semin\u00e1rio ser\u00e1 divulgada a pesquisa \u201cInclus\u00e3o da Pessoa com Defici\u00eancia no Mundo do Trabalho\u201d, realizada pela Secretaria Especial dos Direitos da Pessoa com Defici\u00eancia, em parceria com a Secretaria Municipal do Trabalho e Emprego, Sesi, Sesc, ABRH, Fecom\u00e9rcio e Sest\/Senat. Outros dados relevantes sobre as rela\u00e7\u00f5es das condi\u00e7\u00f5es da pessoa com defici\u00eancia e o mercado de trabalho ser\u00e3o apresentadas no Mapa do Observat\u00f3rio do Trabalho, da Secretaria do Trabalho e Emprego.<\/p>\n<p>O evento ter\u00e1 a participa\u00e7\u00e3o do vice-presidente do Sindicato dos Metal\u00fargicos de Osasco e Regi\u00e3o (SP), Carlos Apar\u00edcio Clemente, que vai falar sobre as conquistas resultantes da mobiliza\u00e7\u00e3o social pelos direitos da pessoa com defici\u00eancia na regi\u00e3o nos \u00faltimos 13 anos. Em Osasco o \u00edndice de cumprimento da Lei de Cotas na metalurgia alcan\u00e7a 87,6% e nas outras \u00e1reas da economia 60%, enquanto o \u00edndice no pa\u00eds \u00e9 de 26%.<\/p>\n<p>Outro especialista que vem de S\u00e3o Paulo \u00e9 Alexandre Betti, que vai discorrer sobre o \u201cEmprego Apoiado\u201d. Esta \u00e9 uma metodologia centrada na pessoa, que possibilita uma vis\u00e3o mais ampla das habilidades de cada um. Seu diferencial est\u00e1 em detectar as potencialidades da pessoa e na busca dos apoios ou tecnologias para torn\u00e1-la mais independente.<\/p>\n<p>Regiane Maturo vai trazer sua experi\u00eancia sobre a \u201cMetodologia SESI SENAI de Gest\u00e3o e Qualifica\u00e7\u00e3o Profissional da Pessoa com Defici\u00eancia\u201d e os desafios da inclus\u00e3o nas ind\u00fastrias. As profissionais no INSS, Stela Lefko e Lucimara Penna, ir\u00e3o debater a \u201cReabilita\u00e7\u00e3o Profissional\u201d, enquanto a \u201cSeguran\u00e7a e Sa\u00fade Ocupacional\u201d ser\u00e3o abordadas por Dr. Iros Losso e Dr. Elver Moronte, do Minist\u00e9rio P\u00fablico do Trabalho, e Dr. Paulo Z\u00e9tola, da Associa\u00e7\u00e3o Paranaense de Medicina do Trabalho.<\/p>\n<p>O semin\u00e1rio \u00e9 promovido pela Prefeitura de Curitiba por meio das secretarias dos Direitos da Pessoa com Defici\u00eancia (SEDPcD), do Trabalho e Emprego (SMTE) e do Instituto Municipal de Administra\u00e7\u00e3o P\u00fablica (Imap).<\/p>\n<p>Semin\u00e1rio Novas Perspectivas de Inclus\u00e3o no Mundo do Trabalho<br \/>\nDia 24 de julho, das 14h \u00e0s 16h, e dia 25 de julho, das 9h \u00e0s 17h<br \/>\nLocal: Centro de Educa\u00e7\u00e3o Permanente do Parque Barigui \u2013 Av. Burle Marx, s\/n\u00ba.<br \/>\nEntrada franca e vagas limitadas.<\/p>\n<p>Inscri\u00e7\u00f5es e programa\u00e7\u00e3o: <a href=\"http:\/\/www.imap.curitiba.pr.gov.br\" target=\"_blank\" rel=\"noopener\">www.imap.curitiba.pr.gov.br<\/a><br \/>\nInforma\u00e7\u00f5es: Secretaria Especial dos Direitos da Pessoa com Defici\u00eancia\/Coordena\u00e7\u00e3o de Rela\u00e7\u00f5es Intersetoriais \u2013 (41) 3363-5236.<\/p>\n","protected":false},"excerpt":{"rendered":"<p>A programa\u00e7\u00e3o do evento inclui palestras a divulga\u00e7\u00e3o de pesquisas sobre a realidade da pessoa com defici\u00eancia no mercado formal de trabalho e o lan\u00e7amento da C\u00e2mara de Inclus\u00e3o da Pessoa com Defici\u00eancia no Mundo do Trabalho. As vagas s\u00e3o limitadas e a inscri\u00e7\u00e3o \u00e9 gratuita.<\/p>\n","protected":false},"author":1,"featured_media":0,"comment_status":"open","ping_status":"open","sticky":false,"template":"","format":"standard","meta":{"site-container-style":"default","site-container-layout":"default","site-sidebar-layout":"default","disable-article-header":"default","disable-site-header":"default","disable-site-footer":"default","disable-content-area-spacing":"default","footnotes":""},"categories":[38,48,46],"tags":[],"class_list":["post-26685","post","type-post","status-publish","format-standard","hentry","category-deficiencia","category-inclusao","category-mercado-de-trabalho"],"yoast_head":"<!-- This site is optimized with the Yoast SEO plugin v27.4 - https:\/\/yoast.com\/product\/yoast-seo-wordpress\/ -->\n<title>Semin\u00e1rio Novas Perspectivas de Inclus\u00e3o no Mundo do Trabalho -<\/title>\n<meta name=\"robots\" content=\"index, follow, max-snippet:-1, max-image-preview:large, max-video-preview:-1\" \/>\n<link rel=\"canonical\" href=\"https:\/\/inclusivenews.com.br\/?p=26685\" \/>\n<meta property=\"og:locale\" content=\"pt_PT\" \/>\n<meta property=\"og:type\" content=\"article\" \/>\n<meta property=\"og:title\" content=\"Semin\u00e1rio Novas Perspectivas de Inclus\u00e3o no Mundo do Trabalho -\" \/>\n<meta property=\"og:description\" content=\"A programa\u00e7\u00e3o do evento inclui palestras a divulga\u00e7\u00e3o de pesquisas sobre a realidade da pessoa com defici\u00eancia no mercado formal de trabalho e o lan\u00e7amento da C\u00e2mara de Inclus\u00e3o da Pessoa com Defici\u00eancia no Mundo do Trabalho. As vagas s\u00e3o limitadas e a inscri\u00e7\u00e3o \u00e9 gratuita.\" \/>\n<meta property=\"og:url\" content=\"https:\/\/inclusivenews.com.br\/?p=26685\" \/>\n<meta property=\"article:publisher\" content=\"https:\/\/www.facebook.com\/agenciainclusive\/\" \/>\n<meta property=\"article:published_time\" content=\"2014-07-16T10:39:30+00:00\" \/>\n<meta property=\"og:image\" content=\"http:\/\/www.imap.curitiba.pr.gov.br\/wp-content\/themes\/imap\/images\/default-slides\/14_0014_Mundo_Trabalho.jpg\" \/>\n<meta name=\"author\" content=\"inclusivenews2024\" \/>\n<meta name=\"twitter:card\" content=\"summary_large_image\" \/>\n<meta name=\"twitter:label1\" content=\"Escrito por\" \/>\n\t<meta name=\"twitter:data1\" content=\"inclusivenews2024\" \/>\n\t<meta name=\"twitter:label2\" content=\"Tempo estimado de leitura\" \/>\n\t<meta name=\"twitter:data2\" content=\"3 minutos\" \/>\n<script type=\"application\/ld+json\" class=\"yoast-schema-graph\">{\"@context\":\"https:\\\/\\\/schema.org\",\"@graph\":[{\"@type\":\"Article\",\"@id\":\"https:\\\/\\\/inclusivenews.com.br\\\/?p=26685#article\",\"isPartOf\":{\"@id\":\"https:\\\/\\\/inclusivenews.com.br\\\/?p=26685\"},\"author\":{\"name\":\"inclusivenews2024\",\"@id\":\"https:\\\/\\\/inclusivenews.com.br\\\/#\\\/schema\\\/person\\\/ae4ec7087559b8692fb33b6fffd2273b\"},\"headline\":\"Semin\u00e1rio Novas Perspectivas de Inclus\u00e3o no Mundo do Trabalho\",\"datePublished\":\"2014-07-16T10:39:30+00:00\",\"mainEntityOfPage\":{\"@id\":\"https:\\\/\\\/inclusivenews.com.br\\\/?p=26685\"},\"wordCount\":666,\"commentCount\":0,\"publisher\":{\"@id\":\"https:\\\/\\\/inclusivenews.com.br\\\/#organization\"},\"image\":{\"@id\":\"https:\\\/\\\/inclusivenews.com.br\\\/?p=26685#primaryimage\"},\"thumbnailUrl\":\"http:\\\/\\\/www.imap.curitiba.pr.gov.br\\\/wp-content\\\/themes\\\/imap\\\/images\\\/default-slides\\\/14_0014_Mundo_Trabalho.jpg\",\"articleSection\":[\"Defici\u00eancia\",\"INCLUS\u00c3O SOCIAL\",\"Mercado de Trabalho\"],\"inLanguage\":\"pt-PT\",\"potentialAction\":[{\"@type\":\"CommentAction\",\"name\":\"Comment\",\"target\":[\"https:\\\/\\\/inclusivenews.com.br\\\/?p=26685#respond\"]}]},{\"@type\":\"WebPage\",\"@id\":\"https:\\\/\\\/inclusivenews.com.br\\\/?p=26685\",\"url\":\"https:\\\/\\\/inclusivenews.com.br\\\/?p=26685\",\"name\":\"Semin\u00e1rio Novas Perspectivas de Inclus\u00e3o no Mundo do Trabalho -\",\"isPartOf\":{\"@id\":\"https:\\\/\\\/inclusivenews.com.br\\\/#website\"},\"primaryImageOfPage\":{\"@id\":\"https:\\\/\\\/inclusivenews.com.br\\\/?p=26685#primaryimage\"},\"image\":{\"@id\":\"https:\\\/\\\/inclusivenews.com.br\\\/?p=26685#primaryimage\"},\"thumbnailUrl\":\"http:\\\/\\\/www.imap.curitiba.pr.gov.br\\\/wp-content\\\/themes\\\/imap\\\/images\\\/default-slides\\\/14_0014_Mundo_Trabalho.jpg\",\"datePublished\":\"2014-07-16T10:39:30+00:00\",\"breadcrumb\":{\"@id\":\"https:\\\/\\\/inclusivenews.com.br\\\/?p=26685#breadcrumb\"},\"inLanguage\":\"pt-PT\",\"potentialAction\":[{\"@type\":\"ReadAction\",\"target\":[\"https:\\\/\\\/inclusivenews.com.br\\\/?p=26685\"]}]},{\"@type\":\"ImageObject\",\"inLanguage\":\"pt-PT\",\"@id\":\"https:\\\/\\\/inclusivenews.com.br\\\/?p=26685#primaryimage\",\"url\":\"http:\\\/\\\/www.imap.curitiba.pr.gov.br\\\/wp-content\\\/themes\\\/imap\\\/images\\\/default-slides\\\/14_0014_Mundo_Trabalho.jpg\",\"contentUrl\":\"http:\\\/\\\/www.imap.curitiba.pr.gov.br\\\/wp-content\\\/themes\\\/imap\\\/images\\\/default-slides\\\/14_0014_Mundo_Trabalho.jpg\"},{\"@type\":\"BreadcrumbList\",\"@id\":\"https:\\\/\\\/inclusivenews.com.br\\\/?p=26685#breadcrumb\",\"itemListElement\":[{\"@type\":\"ListItem\",\"position\":1,\"name\":\"In\u00edcio\",\"item\":\"https:\\\/\\\/inclusivenews.com.br\\\/\"},{\"@type\":\"ListItem\",\"position\":2,\"name\":\"Semin\u00e1rio Novas Perspectivas de Inclus\u00e3o no Mundo do Trabalho\"}]},{\"@type\":\"WebSite\",\"@id\":\"https:\\\/\\\/inclusivenews.com.br\\\/#website\",\"url\":\"https:\\\/\\\/inclusivenews.com.br\\\/\",\"name\":\"Inclusive News\",\"description\":\"Inclusive News\",\"publisher\":{\"@id\":\"https:\\\/\\\/inclusivenews.com.br\\\/#organization\"},\"potentialAction\":[{\"@type\":\"SearchAction\",\"target\":{\"@type\":\"EntryPoint\",\"urlTemplate\":\"https:\\\/\\\/inclusivenews.com.br\\\/?s={search_term_string}\"},\"query-input\":{\"@type\":\"PropertyValueSpecification\",\"valueRequired\":true,\"valueName\":\"search_term_string\"}}],\"inLanguage\":\"pt-PT\"},{\"@type\":\"Organization\",\"@id\":\"https:\\\/\\\/inclusivenews.com.br\\\/#organization\",\"name\":\"Inclusive - inclus\u00e3o e cidadania\",\"url\":\"https:\\\/\\\/inclusivenews.com.br\\\/\",\"logo\":{\"@type\":\"ImageObject\",\"inLanguage\":\"pt-PT\",\"@id\":\"https:\\\/\\\/inclusivenews.com.br\\\/#\\\/schema\\\/logo\\\/image\\\/\",\"url\":\"https:\\\/\\\/inclusivenews.com.br\\\/wp-content\\\/uploads\\\/2024\\\/03\\\/@grandesite.png\",\"contentUrl\":\"https:\\\/\\\/inclusivenews.com.br\\\/wp-content\\\/uploads\\\/2024\\\/03\\\/@grandesite.png\",\"width\":1080,\"height\":1080,\"caption\":\"Inclusive - inclus\u00e3o e cidadania\"},\"image\":{\"@id\":\"https:\\\/\\\/inclusivenews.com.br\\\/#\\\/schema\\\/logo\\\/image\\\/\"},\"sameAs\":[\"https:\\\/\\\/www.facebook.com\\\/agenciainclusive\\\/\",\"https:\\\/\\\/www.instagram.com\\\/newsinclusive\\\/\"]},{\"@type\":\"Person\",\"@id\":\"https:\\\/\\\/inclusivenews.com.br\\\/#\\\/schema\\\/person\\\/ae4ec7087559b8692fb33b6fffd2273b\",\"name\":\"inclusivenews2024\",\"image\":{\"@type\":\"ImageObject\",\"inLanguage\":\"pt-PT\",\"@id\":\"https:\\\/\\\/secure.gravatar.com\\\/avatar\\\/c5a7ef84c66fa914f55bc4f7ce26cfa275a3b9a1c5568b907bd184fb4dde7b40?s=96&d=mm&r=g\",\"url\":\"https:\\\/\\\/secure.gravatar.com\\\/avatar\\\/c5a7ef84c66fa914f55bc4f7ce26cfa275a3b9a1c5568b907bd184fb4dde7b40?s=96&d=mm&r=g\",\"contentUrl\":\"https:\\\/\\\/secure.gravatar.com\\\/avatar\\\/c5a7ef84c66fa914f55bc4f7ce26cfa275a3b9a1c5568b907bd184fb4dde7b40?s=96&d=mm&r=g\",\"caption\":\"inclusivenews2024\"},\"sameAs\":[\"https:\\\/\\\/inclusivenews.com.br\"],\"url\":\"https:\\\/\\\/inclusivenews.com.br\\\/?author=1\"}]}<\/script>\n<!-- \/ Yoast SEO plugin. -->","yoast_head_json":{"title":"Semin\u00e1rio Novas Perspectivas de Inclus\u00e3o no Mundo do Trabalho -","robots":{"index":"index","follow":"follow","max-snippet":"max-snippet:-1","max-image-preview":"max-image-preview:large","max-video-preview":"max-video-preview:-1"},"canonical":"https:\/\/inclusivenews.com.br\/?p=26685","og_locale":"pt_PT","og_type":"article","og_title":"Semin\u00e1rio Novas Perspectivas de Inclus\u00e3o no Mundo do Trabalho -","og_description":"A programa\u00e7\u00e3o do evento inclui palestras a divulga\u00e7\u00e3o de pesquisas sobre a realidade da pessoa com defici\u00eancia no mercado formal de trabalho e o lan\u00e7amento da C\u00e2mara de Inclus\u00e3o da Pessoa com Defici\u00eancia no Mundo do Trabalho. As vagas s\u00e3o limitadas e a inscri\u00e7\u00e3o \u00e9 gratuita.","og_url":"https:\/\/inclusivenews.com.br\/?p=26685","article_publisher":"https:\/\/www.facebook.com\/agenciainclusive\/","article_published_time":"2014-07-16T10:39:30+00:00","og_image":[{"url":"http:\/\/www.imap.curitiba.pr.gov.br\/wp-content\/themes\/imap\/images\/default-slides\/14_0014_Mundo_Trabalho.jpg","type":"","width":"","height":""}],"author":"inclusivenews2024","twitter_card":"summary_large_image","twitter_misc":{"Escrito por":"inclusivenews2024","Tempo estimado de leitura":"3 minutos"},"schema":{"@context":"https:\/\/schema.org","@graph":[{"@type":"Article","@id":"https:\/\/inclusivenews.com.br\/?p=26685#article","isPartOf":{"@id":"https:\/\/inclusivenews.com.br\/?p=26685"},"author":{"name":"inclusivenews2024","@id":"https:\/\/inclusivenews.com.br\/#\/schema\/person\/ae4ec7087559b8692fb33b6fffd2273b"},"headline":"Semin\u00e1rio Novas Perspectivas de Inclus\u00e3o no Mundo do Trabalho","datePublished":"2014-07-16T10:39:30+00:00","mainEntityOfPage":{"@id":"https:\/\/inclusivenews.com.br\/?p=26685"},"wordCount":666,"commentCount":0,"publisher":{"@id":"https:\/\/inclusivenews.com.br\/#organization"},"image":{"@id":"https:\/\/inclusivenews.com.br\/?p=26685#primaryimage"},"thumbnailUrl":"http:\/\/www.imap.curitiba.pr.gov.br\/wp-content\/themes\/imap\/images\/default-slides\/14_0014_Mundo_Trabalho.jpg","articleSection":["Defici\u00eancia","INCLUS\u00c3O SOCIAL","Mercado de Trabalho"],"inLanguage":"pt-PT","potentialAction":[{"@type":"CommentAction","name":"Comment","target":["https:\/\/inclusivenews.com.br\/?p=26685#respond"]}]},{"@type":"WebPage","@id":"https:\/\/inclusivenews.com.br\/?p=26685","url":"https:\/\/inclusivenews.com.br\/?p=26685","name":"Semin\u00e1rio Novas Perspectivas de Inclus\u00e3o no Mundo do Trabalho -","isPartOf":{"@id":"https:\/\/inclusivenews.com.br\/#website"},"primaryImageOfPage":{"@id":"https:\/\/inclusivenews.com.br\/?p=26685#primaryimage"},"image":{"@id":"https:\/\/inclusivenews.com.br\/?p=26685#primaryimage"},"thumbnailUrl":"http:\/\/www.imap.curitiba.pr.gov.br\/wp-content\/themes\/imap\/images\/default-slides\/14_0014_Mundo_Trabalho.jpg","datePublished":"2014-07-16T10:39:30+00:00","breadcrumb":{"@id":"https:\/\/inclusivenews.com.br\/?p=26685#breadcrumb"},"inLanguage":"pt-PT","potentialAction":[{"@type":"ReadAction","target":["https:\/\/inclusivenews.com.br\/?p=26685"]}]},{"@type":"ImageObject","inLanguage":"pt-PT","@id":"https:\/\/inclusivenews.com.br\/?p=26685#primaryimage","url":"http:\/\/www.imap.curitiba.pr.gov.br\/wp-content\/themes\/imap\/images\/default-slides\/14_0014_Mundo_Trabalho.jpg","contentUrl":"http:\/\/www.imap.curitiba.pr.gov.br\/wp-content\/themes\/imap\/images\/default-slides\/14_0014_Mundo_Trabalho.jpg"},{"@type":"BreadcrumbList","@id":"https:\/\/inclusivenews.com.br\/?p=26685#breadcrumb","itemListElement":[{"@type":"ListItem","position":1,"name":"In\u00edcio","item":"https:\/\/inclusivenews.com.br\/"},{"@type":"ListItem","position":2,"name":"Semin\u00e1rio Novas Perspectivas de Inclus\u00e3o no Mundo do Trabalho"}]},{"@type":"WebSite","@id":"https:\/\/inclusivenews.com.br\/#website","url":"https:\/\/inclusivenews.com.br\/","name":"Inclusive News","description":"Inclusive News","publisher":{"@id":"https:\/\/inclusivenews.com.br\/#organization"},"potentialAction":[{"@type":"SearchAction","target":{"@type":"EntryPoint","urlTemplate":"https:\/\/inclusivenews.com.br\/?s={search_term_string}"},"query-input":{"@type":"PropertyValueSpecification","valueRequired":true,"valueName":"search_term_string"}}],"inLanguage":"pt-PT"},{"@type":"Organization","@id":"https:\/\/inclusivenews.com.br\/#organization","name":"Inclusive - inclus\u00e3o e cidadania","url":"https:\/\/inclusivenews.com.br\/","logo":{"@type":"ImageObject","inLanguage":"pt-PT","@id":"https:\/\/inclusivenews.com.br\/#\/schema\/logo\/image\/","url":"https:\/\/inclusivenews.com.br\/wp-content\/uploads\/2024\/03\/@grandesite.png","contentUrl":"https:\/\/inclusivenews.com.br\/wp-content\/uploads\/2024\/03\/@grandesite.png","width":1080,"height":1080,"caption":"Inclusive - inclus\u00e3o e cidadania"},"image":{"@id":"https:\/\/inclusivenews.com.br\/#\/schema\/logo\/image\/"},"sameAs":["https:\/\/www.facebook.com\/agenciainclusive\/","https:\/\/www.instagram.com\/newsinclusive\/"]},{"@type":"Person","@id":"https:\/\/inclusivenews.com.br\/#\/schema\/person\/ae4ec7087559b8692fb33b6fffd2273b","name":"inclusivenews2024","image":{"@type":"ImageObject","inLanguage":"pt-PT","@id":"https:\/\/secure.gravatar.com\/avatar\/c5a7ef84c66fa914f55bc4f7ce26cfa275a3b9a1c5568b907bd184fb4dde7b40?s=96&d=mm&r=g","url":"https:\/\/secure.gravatar.com\/avatar\/c5a7ef84c66fa914f55bc4f7ce26cfa275a3b9a1c5568b907bd184fb4dde7b40?s=96&d=mm&r=g","contentUrl":"https:\/\/secure.gravatar.com\/avatar\/c5a7ef84c66fa914f55bc4f7ce26cfa275a3b9a1c5568b907bd184fb4dde7b40?s=96&d=mm&r=g","caption":"inclusivenews2024"},"sameAs":["https:\/\/inclusivenews.com.br"],"url":"https:\/\/inclusivenews.com.br\/?author=1"}]}},"_links":{"self":[{"href":"https:\/\/inclusivenews.com.br\/index.php?rest_route=\/wp\/v2\/posts\/26685","targetHints":{"allow":["GET"]}}],"collection":[{"href":"https:\/\/inclusivenews.com.br\/index.php?rest_route=\/wp\/v2\/posts"}],"about":[{"href":"https:\/\/inclusivenews.com.br\/index.php?rest_route=\/wp\/v2\/types\/post"}],"author":[{"embeddable":true,"href":"https:\/\/inclusivenews.com.br\/index.php?rest_route=\/wp\/v2\/users\/1"}],"replies":[{"embeddable":true,"href":"https:\/\/inclusivenews.com.br\/index.php?rest_route=%2Fwp%2Fv2%2Fcomments&post=26685"}],"version-history":[{"count":0,"href":"https:\/\/inclusivenews.com.br\/index.php?rest_route=\/wp\/v2\/posts\/26685\/revisions"}],"wp:attachment":[{"href":"https:\/\/inclusivenews.com.br\/index.php?rest_route=%2Fwp%2Fv2%2Fmedia&parent=26685"}],"wp:term":[{"taxonomy":"category","embeddable":true,"href":"https:\/\/inclusivenews.com.br\/index.php?rest_route=%2Fwp%2Fv2%2Fcategories&post=26685"},{"taxonomy":"post_tag","embeddable":true,"href":"https:\/\/inclusivenews.com.br\/index.php?rest_route=%2Fwp%2Fv2%2Ftags&post=26685"}],"curies":[{"name":"wp","href":"https:\/\/api.w.org\/{rel}","templated":true}]}}