{"id":26693,"date":"2014-07-22T20:23:53","date_gmt":"2014-07-22T23:23:53","guid":{"rendered":"http:\/\/www.inclusive.org.br\/?p=26693"},"modified":"2014-07-22T20:23:53","modified_gmt":"2014-07-22T23:23:53","slug":"fiocruz-oferece-curso-de-atualizacao-profissional-no-cuidado-ao-idoso-dependente","status":"publish","type":"post","link":"https:\/\/inclusivenews.com.br\/?p=26693","title":{"rendered":"Fiocruz oferece curso de atualiza\u00e7\u00e3o profissional no cuidado ao idoso dependente"},"content":{"rendered":"<p><img loading=\"lazy\" decoding=\"async\" class=\"alignnone  wp-image-21248\" alt=\"Ilustra\u00e7\u00e3o de casal de idosos sorridentes\" src=\"http:\/\/inclusivenews.com.br\/wp-content\/uploads\/idosos1.jpg\" width=\"154\" height=\"207\" \/><\/p>\n<p>Com o objetivo de proporcionar a qualifica\u00e7\u00e3o de cuidadores para que possam atuar junto a pessoas idosas dependentes, na rede de servi\u00e7os, na fam\u00edlia e na comunidade, promovendo a qualidade de vida e incentivando a maior autonomia poss\u00edvel do idoso sob seu cuidado, Daniel Groisman estar\u00e1 na coordena\u00e7\u00e3o do curso \u201cAtualiza\u00e7\u00e3o profissional no cuidado ao idoso dependente\u201d, de 01 de setembro a 05 de dezembro de 2014, com aulas \u00e0s segundas e quartas, das 8 \u00e0s 17 horas, no Rio e Janeiro.<\/p>\n<p>Daniel Groisman \u00e9 psic\u00f3logo e professor-pesquisador do Laborat\u00f3rio de Educa\u00e7\u00e3o Profissional na Aten\u00e7\u00e3o \u00e0 Sa\u00fade da Escola Polit\u00e9cnica de Sa\u00fade Joaquim Ven\u00e2ncio \u2013 Fiocruz e h\u00e1 muito tempo vem trabalhando com forma\u00e7\u00e3o de trabalhadores na sa\u00fade do idoso e pol\u00edticas p\u00fablicas para o cuidado e envelhecimento.<\/p>\n<p>O curso ser\u00e1 realizado na Escola Polit\u00e9cnica de Sa\u00fade Joaquim Ven\u00e2ncio &#8211; Campus Fiocruz, no Rio de janeiro. Est\u00e1 dividido em duas fases, com carga hor\u00e1ria total de 200 horas. Na primeira fase se far\u00e1 uma introdu\u00e7\u00e3o aos conhecimentos b\u00e1sicos sobre envelhecimento e cuidado atrav\u00e9s de aulas te\u00f3ricas, oficinas, exerc\u00edcios e visitas \u00e0 institui\u00e7\u00f5es. Na segunda fase, os temas a serem trabalhados ser\u00e3o a pr\u00e1tica profissional em Servi\u00e7os de Aten\u00e7\u00e3o ao Idoso com carga hor\u00e1ria de 88 horas. Esta fase ser\u00e1 oferecida somente aos aprovados na fase anterior.<\/p>\n<p>O curso, que tem uma carga hor\u00e1ria de 200 horas, \u00e9 dirigido a pessoas com ensino fundamental completo que atuem ou desejem atuar na \u00e1rea de Sa\u00fade do Idoso. Tem 35 vagas. Ao final, os alunos que apresentarem 75% de frequ\u00eancia e m\u00e9dia 6,0 de aproveitamento durante o curso receber\u00e3o um certificado de Atualiza\u00e7\u00e3o Profissional no Cuidado ao Idoso. Os alunos que conclu\u00edrem apenas a 1\u00aa fase receber\u00e3o declara\u00e7\u00e3o de participa\u00e7\u00e3o.<\/p>\n<p>Inscri\u00e7\u00f5es<\/p>\n<p>As inscri\u00e7\u00f5es para o curso Atualiza\u00e7\u00e3o profissional no cuidado ao idoso dependente j\u00e1 est\u00e3o abertas e se encerram no dia 01\/08\/2014. A ficha de inscri\u00e7\u00e3o est\u00e1 dispon\u00edvel no site: <a href=\"http:\/\/www.sigaeps.fiocruz.br\" target=\"_blank\" rel=\"noopener\">www.sigaeps.fiocruz.br<\/a>.<\/p>\n<p>Entre os documentos necess\u00e1rios est\u00e3o: carta de apresenta\u00e7\u00e3o da institui\u00e7\u00e3o (se funcion\u00e1rio); c\u00f3pia do certificado do Ensino Fundamental; c\u00f3pia da carteira de identidade; c\u00f3pia do CPF; c\u00f3pia do comprovante de resid\u00eancia; 3 fotos recentes 3&#215;4; Question\u00e1rio do Perfil Profissional (entregar preenchido). O resultado final da sele\u00e7\u00e3o ser\u00e1 divulgado no dia: 19\/08\/2014.<\/p>\n<p>Informa\u00e7\u00f5es<\/p>\n<p>Secretaria Escolar. Email: sescolar@fiocruz.br. Telefone: (21)3865-9865. Secretaria Escolar da Escola Polit\u00e9cnica de Sa\u00fade Joaquim Ven\u00e2ncio &#8211; Campus Fiocruz Av.Brasil, 4365 &#8211; Manguinhos &#8211; RJ &#8211; CEP:21045-360.<\/p>\n","protected":false},"excerpt":{"rendered":"<p> Na primeira fase se far\u00e1 uma introdu\u00e7\u00e3o aos conhecimentos b\u00e1sicos sobre envelhecimento e cuidado atrav\u00e9s de aulas te\u00f3ricas, oficinas, exerc\u00edcios e visitas \u00e0 institui\u00e7\u00f5es. Na segunda fase, os temas a serem trabalhados ser\u00e3o a pr\u00e1tica profissional em Servi\u00e7os de Aten\u00e7\u00e3o ao Idoso com carga hor\u00e1ria de 88 horas. <\/p>\n","protected":false},"author":1,"featured_media":0,"comment_status":"open","ping_status":"open","sticky":false,"template":"","format":"standard","meta":{"site-container-style":"default","site-container-layout":"default","site-sidebar-layout":"default","disable-article-header":"default","disable-site-header":"default","disable-site-footer":"default","disable-content-area-spacing":"default","footnotes":""},"categories":[12],"tags":[],"class_list":["post-26693","post","type-post","status-publish","format-standard","hentry","category-cursos-e-eventos"],"yoast_head":"<!-- This site is optimized with the Yoast SEO plugin v27.4 - https:\/\/yoast.com\/product\/yoast-seo-wordpress\/ -->\n<title>Fiocruz oferece curso de atualiza\u00e7\u00e3o profissional no cuidado ao idoso dependente -<\/title>\n<meta name=\"robots\" content=\"index, follow, max-snippet:-1, max-image-preview:large, max-video-preview:-1\" \/>\n<link rel=\"canonical\" href=\"https:\/\/inclusivenews.com.br\/?p=26693\" \/>\n<meta property=\"og:locale\" content=\"pt_PT\" \/>\n<meta property=\"og:type\" content=\"article\" \/>\n<meta property=\"og:title\" content=\"Fiocruz oferece curso de atualiza\u00e7\u00e3o profissional no cuidado ao idoso dependente -\" \/>\n<meta property=\"og:description\" content=\"Na primeira fase se far\u00e1 uma introdu\u00e7\u00e3o aos conhecimentos b\u00e1sicos sobre envelhecimento e cuidado atrav\u00e9s de aulas te\u00f3ricas, oficinas, exerc\u00edcios e visitas \u00e0 institui\u00e7\u00f5es. Na segunda fase, os temas a serem trabalhados ser\u00e3o a pr\u00e1tica profissional em Servi\u00e7os de Aten\u00e7\u00e3o ao Idoso com carga hor\u00e1ria de 88 horas.\" \/>\n<meta property=\"og:url\" content=\"https:\/\/inclusivenews.com.br\/?p=26693\" \/>\n<meta property=\"article:publisher\" content=\"https:\/\/www.facebook.com\/agenciainclusive\/\" \/>\n<meta property=\"article:published_time\" content=\"2014-07-22T23:23:53+00:00\" \/>\n<meta property=\"og:image\" content=\"http:\/\/inclusivenews.com.br\/wp-content\/uploads\/idosos1.jpg\" \/>\n<meta name=\"author\" content=\"inclusivenews2024\" \/>\n<meta name=\"twitter:card\" content=\"summary_large_image\" \/>\n<meta name=\"twitter:label1\" content=\"Escrito por\" \/>\n\t<meta name=\"twitter:data1\" content=\"inclusivenews2024\" \/>\n\t<meta name=\"twitter:label2\" content=\"Tempo estimado de leitura\" \/>\n\t<meta name=\"twitter:data2\" content=\"2 minutos\" \/>\n<script type=\"application\/ld+json\" class=\"yoast-schema-graph\">{\"@context\":\"https:\\\/\\\/schema.org\",\"@graph\":[{\"@type\":\"Article\",\"@id\":\"https:\\\/\\\/inclusivenews.com.br\\\/?p=26693#article\",\"isPartOf\":{\"@id\":\"https:\\\/\\\/inclusivenews.com.br\\\/?p=26693\"},\"author\":{\"name\":\"inclusivenews2024\",\"@id\":\"https:\\\/\\\/inclusivenews.com.br\\\/#\\\/schema\\\/person\\\/ae4ec7087559b8692fb33b6fffd2273b\"},\"headline\":\"Fiocruz oferece curso de atualiza\u00e7\u00e3o profissional no cuidado ao idoso dependente\",\"datePublished\":\"2014-07-22T23:23:53+00:00\",\"mainEntityOfPage\":{\"@id\":\"https:\\\/\\\/inclusivenews.com.br\\\/?p=26693\"},\"wordCount\":459,\"commentCount\":0,\"publisher\":{\"@id\":\"https:\\\/\\\/inclusivenews.com.br\\\/#organization\"},\"image\":{\"@id\":\"https:\\\/\\\/inclusivenews.com.br\\\/?p=26693#primaryimage\"},\"thumbnailUrl\":\"http:\\\/\\\/inclusivenews.com.br\\\/wp-content\\\/uploads\\\/idosos1.jpg\",\"articleSection\":[\"Cursos e eventos\"],\"inLanguage\":\"pt-PT\",\"potentialAction\":[{\"@type\":\"CommentAction\",\"name\":\"Comment\",\"target\":[\"https:\\\/\\\/inclusivenews.com.br\\\/?p=26693#respond\"]}]},{\"@type\":\"WebPage\",\"@id\":\"https:\\\/\\\/inclusivenews.com.br\\\/?p=26693\",\"url\":\"https:\\\/\\\/inclusivenews.com.br\\\/?p=26693\",\"name\":\"Fiocruz oferece curso de atualiza\u00e7\u00e3o profissional no cuidado ao idoso dependente -\",\"isPartOf\":{\"@id\":\"https:\\\/\\\/inclusivenews.com.br\\\/#website\"},\"primaryImageOfPage\":{\"@id\":\"https:\\\/\\\/inclusivenews.com.br\\\/?p=26693#primaryimage\"},\"image\":{\"@id\":\"https:\\\/\\\/inclusivenews.com.br\\\/?p=26693#primaryimage\"},\"thumbnailUrl\":\"http:\\\/\\\/inclusivenews.com.br\\\/wp-content\\\/uploads\\\/idosos1.jpg\",\"datePublished\":\"2014-07-22T23:23:53+00:00\",\"breadcrumb\":{\"@id\":\"https:\\\/\\\/inclusivenews.com.br\\\/?p=26693#breadcrumb\"},\"inLanguage\":\"pt-PT\",\"potentialAction\":[{\"@type\":\"ReadAction\",\"target\":[\"https:\\\/\\\/inclusivenews.com.br\\\/?p=26693\"]}]},{\"@type\":\"ImageObject\",\"inLanguage\":\"pt-PT\",\"@id\":\"https:\\\/\\\/inclusivenews.com.br\\\/?p=26693#primaryimage\",\"url\":\"\",\"contentUrl\":\"\"},{\"@type\":\"BreadcrumbList\",\"@id\":\"https:\\\/\\\/inclusivenews.com.br\\\/?p=26693#breadcrumb\",\"itemListElement\":[{\"@type\":\"ListItem\",\"position\":1,\"name\":\"In\u00edcio\",\"item\":\"https:\\\/\\\/inclusivenews.com.br\\\/\"},{\"@type\":\"ListItem\",\"position\":2,\"name\":\"Fiocruz oferece curso de atualiza\u00e7\u00e3o profissional no cuidado ao idoso dependente\"}]},{\"@type\":\"WebSite\",\"@id\":\"https:\\\/\\\/inclusivenews.com.br\\\/#website\",\"url\":\"https:\\\/\\\/inclusivenews.com.br\\\/\",\"name\":\"Inclusive News\",\"description\":\"Inclusive News\",\"publisher\":{\"@id\":\"https:\\\/\\\/inclusivenews.com.br\\\/#organization\"},\"potentialAction\":[{\"@type\":\"SearchAction\",\"target\":{\"@type\":\"EntryPoint\",\"urlTemplate\":\"https:\\\/\\\/inclusivenews.com.br\\\/?s={search_term_string}\"},\"query-input\":{\"@type\":\"PropertyValueSpecification\",\"valueRequired\":true,\"valueName\":\"search_term_string\"}}],\"inLanguage\":\"pt-PT\"},{\"@type\":\"Organization\",\"@id\":\"https:\\\/\\\/inclusivenews.com.br\\\/#organization\",\"name\":\"Inclusive - inclus\u00e3o e cidadania\",\"url\":\"https:\\\/\\\/inclusivenews.com.br\\\/\",\"logo\":{\"@type\":\"ImageObject\",\"inLanguage\":\"pt-PT\",\"@id\":\"https:\\\/\\\/inclusivenews.com.br\\\/#\\\/schema\\\/logo\\\/image\\\/\",\"url\":\"https:\\\/\\\/inclusivenews.com.br\\\/wp-content\\\/uploads\\\/2024\\\/03\\\/@grandesite.png\",\"contentUrl\":\"https:\\\/\\\/inclusivenews.com.br\\\/wp-content\\\/uploads\\\/2024\\\/03\\\/@grandesite.png\",\"width\":1080,\"height\":1080,\"caption\":\"Inclusive - inclus\u00e3o e cidadania\"},\"image\":{\"@id\":\"https:\\\/\\\/inclusivenews.com.br\\\/#\\\/schema\\\/logo\\\/image\\\/\"},\"sameAs\":[\"https:\\\/\\\/www.facebook.com\\\/agenciainclusive\\\/\",\"https:\\\/\\\/www.instagram.com\\\/newsinclusive\\\/\"]},{\"@type\":\"Person\",\"@id\":\"https:\\\/\\\/inclusivenews.com.br\\\/#\\\/schema\\\/person\\\/ae4ec7087559b8692fb33b6fffd2273b\",\"name\":\"inclusivenews2024\",\"image\":{\"@type\":\"ImageObject\",\"inLanguage\":\"pt-PT\",\"@id\":\"https:\\\/\\\/secure.gravatar.com\\\/avatar\\\/c5a7ef84c66fa914f55bc4f7ce26cfa275a3b9a1c5568b907bd184fb4dde7b40?s=96&d=mm&r=g\",\"url\":\"https:\\\/\\\/secure.gravatar.com\\\/avatar\\\/c5a7ef84c66fa914f55bc4f7ce26cfa275a3b9a1c5568b907bd184fb4dde7b40?s=96&d=mm&r=g\",\"contentUrl\":\"https:\\\/\\\/secure.gravatar.com\\\/avatar\\\/c5a7ef84c66fa914f55bc4f7ce26cfa275a3b9a1c5568b907bd184fb4dde7b40?s=96&d=mm&r=g\",\"caption\":\"inclusivenews2024\"},\"sameAs\":[\"https:\\\/\\\/inclusivenews.com.br\"],\"url\":\"https:\\\/\\\/inclusivenews.com.br\\\/?author=1\"}]}<\/script>\n<!-- \/ Yoast SEO plugin. -->","yoast_head_json":{"title":"Fiocruz oferece curso de atualiza\u00e7\u00e3o profissional no cuidado ao idoso dependente -","robots":{"index":"index","follow":"follow","max-snippet":"max-snippet:-1","max-image-preview":"max-image-preview:large","max-video-preview":"max-video-preview:-1"},"canonical":"https:\/\/inclusivenews.com.br\/?p=26693","og_locale":"pt_PT","og_type":"article","og_title":"Fiocruz oferece curso de atualiza\u00e7\u00e3o profissional no cuidado ao idoso dependente -","og_description":"Na primeira fase se far\u00e1 uma introdu\u00e7\u00e3o aos conhecimentos b\u00e1sicos sobre envelhecimento e cuidado atrav\u00e9s de aulas te\u00f3ricas, oficinas, exerc\u00edcios e visitas \u00e0 institui\u00e7\u00f5es. Na segunda fase, os temas a serem trabalhados ser\u00e3o a pr\u00e1tica profissional em Servi\u00e7os de Aten\u00e7\u00e3o ao Idoso com carga hor\u00e1ria de 88 horas.","og_url":"https:\/\/inclusivenews.com.br\/?p=26693","article_publisher":"https:\/\/www.facebook.com\/agenciainclusive\/","article_published_time":"2014-07-22T23:23:53+00:00","og_image":[{"url":"http:\/\/inclusivenews.com.br\/wp-content\/uploads\/idosos1.jpg","type":"","width":"","height":""}],"author":"inclusivenews2024","twitter_card":"summary_large_image","twitter_misc":{"Escrito por":"inclusivenews2024","Tempo estimado de leitura":"2 minutos"},"schema":{"@context":"https:\/\/schema.org","@graph":[{"@type":"Article","@id":"https:\/\/inclusivenews.com.br\/?p=26693#article","isPartOf":{"@id":"https:\/\/inclusivenews.com.br\/?p=26693"},"author":{"name":"inclusivenews2024","@id":"https:\/\/inclusivenews.com.br\/#\/schema\/person\/ae4ec7087559b8692fb33b6fffd2273b"},"headline":"Fiocruz oferece curso de atualiza\u00e7\u00e3o profissional no cuidado ao idoso dependente","datePublished":"2014-07-22T23:23:53+00:00","mainEntityOfPage":{"@id":"https:\/\/inclusivenews.com.br\/?p=26693"},"wordCount":459,"commentCount":0,"publisher":{"@id":"https:\/\/inclusivenews.com.br\/#organization"},"image":{"@id":"https:\/\/inclusivenews.com.br\/?p=26693#primaryimage"},"thumbnailUrl":"http:\/\/inclusivenews.com.br\/wp-content\/uploads\/idosos1.jpg","articleSection":["Cursos e eventos"],"inLanguage":"pt-PT","potentialAction":[{"@type":"CommentAction","name":"Comment","target":["https:\/\/inclusivenews.com.br\/?p=26693#respond"]}]},{"@type":"WebPage","@id":"https:\/\/inclusivenews.com.br\/?p=26693","url":"https:\/\/inclusivenews.com.br\/?p=26693","name":"Fiocruz oferece curso de atualiza\u00e7\u00e3o profissional no cuidado ao idoso dependente -","isPartOf":{"@id":"https:\/\/inclusivenews.com.br\/#website"},"primaryImageOfPage":{"@id":"https:\/\/inclusivenews.com.br\/?p=26693#primaryimage"},"image":{"@id":"https:\/\/inclusivenews.com.br\/?p=26693#primaryimage"},"thumbnailUrl":"http:\/\/inclusivenews.com.br\/wp-content\/uploads\/idosos1.jpg","datePublished":"2014-07-22T23:23:53+00:00","breadcrumb":{"@id":"https:\/\/inclusivenews.com.br\/?p=26693#breadcrumb"},"inLanguage":"pt-PT","potentialAction":[{"@type":"ReadAction","target":["https:\/\/inclusivenews.com.br\/?p=26693"]}]},{"@type":"ImageObject","inLanguage":"pt-PT","@id":"https:\/\/inclusivenews.com.br\/?p=26693#primaryimage","url":"","contentUrl":""},{"@type":"BreadcrumbList","@id":"https:\/\/inclusivenews.com.br\/?p=26693#breadcrumb","itemListElement":[{"@type":"ListItem","position":1,"name":"In\u00edcio","item":"https:\/\/inclusivenews.com.br\/"},{"@type":"ListItem","position":2,"name":"Fiocruz oferece curso de atualiza\u00e7\u00e3o profissional no cuidado ao idoso dependente"}]},{"@type":"WebSite","@id":"https:\/\/inclusivenews.com.br\/#website","url":"https:\/\/inclusivenews.com.br\/","name":"Inclusive News","description":"Inclusive News","publisher":{"@id":"https:\/\/inclusivenews.com.br\/#organization"},"potentialAction":[{"@type":"SearchAction","target":{"@type":"EntryPoint","urlTemplate":"https:\/\/inclusivenews.com.br\/?s={search_term_string}"},"query-input":{"@type":"PropertyValueSpecification","valueRequired":true,"valueName":"search_term_string"}}],"inLanguage":"pt-PT"},{"@type":"Organization","@id":"https:\/\/inclusivenews.com.br\/#organization","name":"Inclusive - inclus\u00e3o e cidadania","url":"https:\/\/inclusivenews.com.br\/","logo":{"@type":"ImageObject","inLanguage":"pt-PT","@id":"https:\/\/inclusivenews.com.br\/#\/schema\/logo\/image\/","url":"https:\/\/inclusivenews.com.br\/wp-content\/uploads\/2024\/03\/@grandesite.png","contentUrl":"https:\/\/inclusivenews.com.br\/wp-content\/uploads\/2024\/03\/@grandesite.png","width":1080,"height":1080,"caption":"Inclusive - inclus\u00e3o e cidadania"},"image":{"@id":"https:\/\/inclusivenews.com.br\/#\/schema\/logo\/image\/"},"sameAs":["https:\/\/www.facebook.com\/agenciainclusive\/","https:\/\/www.instagram.com\/newsinclusive\/"]},{"@type":"Person","@id":"https:\/\/inclusivenews.com.br\/#\/schema\/person\/ae4ec7087559b8692fb33b6fffd2273b","name":"inclusivenews2024","image":{"@type":"ImageObject","inLanguage":"pt-PT","@id":"https:\/\/secure.gravatar.com\/avatar\/c5a7ef84c66fa914f55bc4f7ce26cfa275a3b9a1c5568b907bd184fb4dde7b40?s=96&d=mm&r=g","url":"https:\/\/secure.gravatar.com\/avatar\/c5a7ef84c66fa914f55bc4f7ce26cfa275a3b9a1c5568b907bd184fb4dde7b40?s=96&d=mm&r=g","contentUrl":"https:\/\/secure.gravatar.com\/avatar\/c5a7ef84c66fa914f55bc4f7ce26cfa275a3b9a1c5568b907bd184fb4dde7b40?s=96&d=mm&r=g","caption":"inclusivenews2024"},"sameAs":["https:\/\/inclusivenews.com.br"],"url":"https:\/\/inclusivenews.com.br\/?author=1"}]}},"_links":{"self":[{"href":"https:\/\/inclusivenews.com.br\/index.php?rest_route=\/wp\/v2\/posts\/26693","targetHints":{"allow":["GET"]}}],"collection":[{"href":"https:\/\/inclusivenews.com.br\/index.php?rest_route=\/wp\/v2\/posts"}],"about":[{"href":"https:\/\/inclusivenews.com.br\/index.php?rest_route=\/wp\/v2\/types\/post"}],"author":[{"embeddable":true,"href":"https:\/\/inclusivenews.com.br\/index.php?rest_route=\/wp\/v2\/users\/1"}],"replies":[{"embeddable":true,"href":"https:\/\/inclusivenews.com.br\/index.php?rest_route=%2Fwp%2Fv2%2Fcomments&post=26693"}],"version-history":[{"count":0,"href":"https:\/\/inclusivenews.com.br\/index.php?rest_route=\/wp\/v2\/posts\/26693\/revisions"}],"wp:attachment":[{"href":"https:\/\/inclusivenews.com.br\/index.php?rest_route=%2Fwp%2Fv2%2Fmedia&parent=26693"}],"wp:term":[{"taxonomy":"category","embeddable":true,"href":"https:\/\/inclusivenews.com.br\/index.php?rest_route=%2Fwp%2Fv2%2Fcategories&post=26693"},{"taxonomy":"post_tag","embeddable":true,"href":"https:\/\/inclusivenews.com.br\/index.php?rest_route=%2Fwp%2Fv2%2Ftags&post=26693"}],"curies":[{"name":"wp","href":"https:\/\/api.w.org\/{rel}","templated":true}]}}