{"id":26695,"date":"2014-07-22T20:24:17","date_gmt":"2014-07-22T23:24:17","guid":{"rendered":"http:\/\/www.inclusive.org.br\/?p=26695"},"modified":"2014-07-22T20:24:17","modified_gmt":"2014-07-22T23:24:17","slug":"livro-avalia-processo-de-inclusao-de-alunos-com-necessidades-especiais","status":"publish","type":"post","link":"https:\/\/inclusivenews.com.br\/?p=26695","title":{"rendered":"Livro avalia processo de inclus\u00e3o de alunos com necessidades especiais"},"content":{"rendered":"<p><img loading=\"lazy\" decoding=\"async\" class=\"alignleft\" alt=\"O t\u00edtulo e um desenho asbtrato\" src=\"http:\/\/www5.usp.br\/wp-content\/uploads\/capa1.jpg\" width=\"180\" height=\"277\" \/><\/p>\n<p>O n\u00famero de matr\u00edculas de alunos com necessidades educativas especiais em salas de aula regulares vem aumentando substancialmente, enquanto cai de maneira significativa nas classes e escolas especiais. Estes dados, revelados no Censo Escolar da Educa\u00e7\u00e3o B\u00e1sica de 2012, v\u00eam ao encontro de um movimento defendido pelos pesquisadores do Laborat\u00f3rio de Estudos sobre Preconceito (LAEP) do Instituto de Psicologia (IP) da USP: o combate \u00e0 segrega\u00e7\u00e3o por tipo de escola ou classe. Em seus estudos, eles tamb\u00e9m analisam como essa inclus\u00e3o est\u00e1 sendo feita no ensino regular, para que os obst\u00e1culos impostos a ela possam ser superados.<\/p>\n<p>O livro Inclus\u00e3o e Discrimina\u00e7\u00e3o na Educa\u00e7\u00e3o Escolar (Editora Al\u00ednea, 2013) \u00e9 produto dos resultados obtidos em pesquisas realizadas pelo laborat\u00f3rio e conta com a contribui\u00e7\u00e3o de cinco autores: Cintia Copit Freller, Jos\u00e9 Leon Croch\u00edk, Lineu Norio Kohatsu, Marian \u00c1vila de Lima e Dias e Ricardo Casco.<\/p>\n<p>O que a obra busca analisar, mais precisamente, \u00e9 o processo de inclus\u00e3o e a discrimina\u00e7\u00e3o que ocorrem em rela\u00e7\u00e3o aos alunos com necessidades especiais. Tanto a discrimina\u00e7\u00e3o quanto a inclus\u00e3o, segundo o professor Jos\u00e9 Leon Croch\u00edk, podem ser realizadas pelos colegas, pelos educadores e at\u00e9 pelos pr\u00f3prios alunos com necessidades especiais.<\/p>\n<p>Partindo-se do princ\u00edpio de que a discrimina\u00e7\u00e3o derivada de preconceito se op\u00f5e \u00e0 inclus\u00e3o, ela foi estudada em duas de suas formas: segrega\u00e7\u00e3o e marginaliza\u00e7\u00e3o. A primeira diz respeito a deixar o aluno \u00e0 parte do grupo de estudantes; a segunda, a consider\u00e1-lo como parte do grupo, mas, de um certo modo, \u00e0 margem. \u201cA hip\u00f3tese do trabalho foi a de que escolas com mais condi\u00e7\u00f5es objetivas de inclus\u00e3o expressariam menos discrimina\u00e7\u00e3o em rela\u00e7\u00e3o a esses alunos\u201d, explica Croch\u00edk.<br \/>\nIntegrada ou inclusiva<\/p>\n<p>S\u00e3o v\u00e1rios os m\u00e9todos que podem ser aplicados na educa\u00e7\u00e3o desse p\u00fablico. Em geral, s\u00e3o sugeridas mudan\u00e7as nas formas de ensino e na avalia\u00e7\u00e3o, e n\u00e3o no conte\u00fado a ser transmitido \u2013 que deve ser adaptado, se for o caso, mas n\u00e3o diversificado. H\u00e1 a distin\u00e7\u00e3o entre educa\u00e7\u00e3o integrada, que simplesmente aceita todos os alunos e n\u00e3o se modifica para que efetivamente eles possam aprender, e a educa\u00e7\u00e3o inclusiva que requer que a escola se transforme para atender a necessidade de todos.<\/p>\n<p>Recentemente, surgiu a proposta da educa\u00e7\u00e3o especial m\u00f3vel, que se baseia na presen\u00e7a de um educador especial na sala de aula regular se responsabilizando pelos alunos considerados em situa\u00e7\u00e3o de inclus\u00e3o. No estudo realizado, apresentado nesse livro, observou-se que tal professor pode impedir um bom relacionamento dos alunos com seus colegas. Assim, esse m\u00e9todo n\u00e3o parece ser propriamente inclusivo.<\/p>\n<p>Alguns trabalhos t\u00eam demonstrado que alunos com defici\u00eancia intelectual, por exemplo, aprendem mais em sala de aula regular do que no ensino especial; outros mostram que ter como refer\u00eancia alunos sem defici\u00eancia tamb\u00e9m \u00e9 um fator prop\u00edcio a um melhor desenvolvimento. A respeito dos demais alunos, Leon Croch\u00edk \u00e9 categ\u00f3rico: \u201caprender a conviver com pessoas que t\u00eam mais dificuldades para estudar leva os alunos regulares a aprenderem mais e melhor, al\u00e9m desenvolver neles atitudes importantes para a vida e para o conv\u00edvio social.\u201d<\/p>\n<p>No decorrer da pesquisa, quatro escolas paulistanas foram analisadas, duas p\u00fablicas e duas particulares, todas consideradas de boa qualidade. Para atribuir o grau de inclus\u00e3o de cada uma das institui\u00e7\u00f5es estudadas, foram utilizados question\u00e1rios. Um sociograma foi aplicado para saber o quanto os alunos considerados em situa\u00e7\u00e3o de inclus\u00e3o eram rejeitados ou aceitos por seus colegas para algumas atividades. Foram feitas tamb\u00e9m observa\u00e7\u00f5es em sala de aula e durante o recreio e avalia\u00e7\u00f5es dos alunos. Essa metodologia \u00e9 apresentada no segundo cap\u00edtulo da publica\u00e7\u00e3o.<\/p>\n<p>Nas quatro escolas, algumas conclus\u00f5es importantes se apresentaram. Em primeiro lugar, houve pouca diferen\u00e7a entre o grau de inclus\u00e3o das institui\u00e7\u00f5es, mas ainda assim, as p\u00fablicas foram consideradas mais inclusivas. Em compensa\u00e7\u00e3o, nas escolas particulares, o aprendizado em geral foi melhor. Em todas elas, foram observados mais dados que revelaram inclus\u00e3o do que discrimina\u00e7\u00e3o, isto \u00e9, as escolas pesquisadas est\u00e3o sendo, de uma forma geral, mais inclusivas do que discriminat\u00f3rias. Al\u00e9m disso, determinou-se que nas institui\u00e7\u00f5es p\u00fablicas houve mais marginaliza\u00e7\u00e3o, enquanto que, nas particulares, mais segrega\u00e7\u00e3o. Finalmente, percebeu-se que o educador que \u00e9 destinado exclusivamente ao aluno considerado em situa\u00e7\u00e3o de inclus\u00e3o auxilia no aprendizado, mas dificulta a rela\u00e7\u00e3o com os colegas e com o professor da classe.<\/p>\n<p>Por meio da pesquisa relatada, os autores buscaram identificar os obst\u00e1culos \u00e0 implanta\u00e7\u00e3o da educa\u00e7\u00e3o inclusiva, para que esses sejam superados, contribuindo com dados emp\u00edricos e discuss\u00f5es te\u00f3ricas, baseadas na teoria cr\u00edtica da sociedade, para fortalecer o combate ao preconceito, expresso sob as formas de marginaliza\u00e7\u00e3o e segrega\u00e7\u00e3o. \u201cA educa\u00e7\u00e3o inclusiva \u00e9 um avan\u00e7o para que a sociedade possa ser mais justa, e esta pesquisa \u00e9 um esfor\u00e7o entre outros que precisam ser feitos para aprimor\u00e1-la\u201d, defende o pesquisador.<\/p>\n","protected":false},"excerpt":{"rendered":"<p>O que a obra busca analisar, mais precisamente, \u00e9 o processo de inclus\u00e3o e a discrimina\u00e7\u00e3o que ocorrem em rela\u00e7\u00e3o aos alunos com necessidades especiais. Tanto a discrimina\u00e7\u00e3o quanto a inclus\u00e3o, segundo o professor Jos\u00e9 Leon Croch\u00edk, podem ser realizadas pelos colegas, pelos educadores e at\u00e9 pelos pr\u00f3prios alunos com necessidades especiais.<\/p>\n","protected":false},"author":1,"featured_media":0,"comment_status":"open","ping_status":"open","sticky":false,"template":"","format":"standard","meta":{"site-container-style":"default","site-container-layout":"default","site-sidebar-layout":"default","disable-article-header":"default","disable-site-header":"default","disable-site-footer":"default","disable-content-area-spacing":"default","footnotes":""},"categories":[50,51,10],"tags":[126,268],"class_list":["post-26695","post","type-post","status-publish","format-standard","hentry","category-lancamentos","category-livros","category-publicacoes","tag-educacao-inclusiva","tag-livro"],"yoast_head":"<!-- This site is optimized with the Yoast SEO plugin v27.4 - https:\/\/yoast.com\/product\/yoast-seo-wordpress\/ -->\n<title>Livro avalia processo de inclus\u00e3o de alunos com necessidades especiais -<\/title>\n<meta name=\"robots\" content=\"index, follow, max-snippet:-1, max-image-preview:large, max-video-preview:-1\" \/>\n<link rel=\"canonical\" href=\"https:\/\/inclusivenews.com.br\/?p=26695\" \/>\n<meta property=\"og:locale\" content=\"pt_PT\" \/>\n<meta property=\"og:type\" content=\"article\" \/>\n<meta property=\"og:title\" content=\"Livro avalia processo de inclus\u00e3o de alunos com necessidades especiais -\" \/>\n<meta property=\"og:description\" content=\"O que a obra busca analisar, mais precisamente, \u00e9 o processo de inclus\u00e3o e a discrimina\u00e7\u00e3o que ocorrem em rela\u00e7\u00e3o aos alunos com necessidades especiais. Tanto a discrimina\u00e7\u00e3o quanto a inclus\u00e3o, segundo o professor Jos\u00e9 Leon Croch\u00edk, podem ser realizadas pelos colegas, pelos educadores e at\u00e9 pelos pr\u00f3prios alunos com necessidades especiais.\" \/>\n<meta property=\"og:url\" content=\"https:\/\/inclusivenews.com.br\/?p=26695\" \/>\n<meta property=\"article:publisher\" content=\"https:\/\/www.facebook.com\/agenciainclusive\/\" \/>\n<meta property=\"article:published_time\" content=\"2014-07-22T23:24:17+00:00\" \/>\n<meta property=\"og:image\" content=\"http:\/\/www5.usp.br\/wp-content\/uploads\/capa1.jpg\" \/>\n<meta name=\"author\" content=\"inclusivenews2024\" \/>\n<meta name=\"twitter:card\" content=\"summary_large_image\" \/>\n<meta name=\"twitter:label1\" content=\"Escrito por\" \/>\n\t<meta name=\"twitter:data1\" content=\"inclusivenews2024\" \/>\n\t<meta name=\"twitter:label2\" content=\"Tempo estimado de leitura\" \/>\n\t<meta name=\"twitter:data2\" content=\"4 minutos\" \/>\n<script type=\"application\/ld+json\" class=\"yoast-schema-graph\">{\"@context\":\"https:\\\/\\\/schema.org\",\"@graph\":[{\"@type\":\"Article\",\"@id\":\"https:\\\/\\\/inclusivenews.com.br\\\/?p=26695#article\",\"isPartOf\":{\"@id\":\"https:\\\/\\\/inclusivenews.com.br\\\/?p=26695\"},\"author\":{\"name\":\"inclusivenews2024\",\"@id\":\"https:\\\/\\\/inclusivenews.com.br\\\/#\\\/schema\\\/person\\\/ae4ec7087559b8692fb33b6fffd2273b\"},\"headline\":\"Livro avalia processo de inclus\u00e3o de alunos com necessidades especiais\",\"datePublished\":\"2014-07-22T23:24:17+00:00\",\"mainEntityOfPage\":{\"@id\":\"https:\\\/\\\/inclusivenews.com.br\\\/?p=26695\"},\"wordCount\":889,\"commentCount\":0,\"publisher\":{\"@id\":\"https:\\\/\\\/inclusivenews.com.br\\\/#organization\"},\"image\":{\"@id\":\"https:\\\/\\\/inclusivenews.com.br\\\/?p=26695#primaryimage\"},\"thumbnailUrl\":\"http:\\\/\\\/www5.usp.br\\\/wp-content\\\/uploads\\\/capa1.jpg\",\"keywords\":[\"Educa\u00e7\u00e3o inclusiva\",\"livro\"],\"articleSection\":[\"Lan\u00e7amentos\",\"Livros\",\"PUBLICA\u00c7\u00d5ES\"],\"inLanguage\":\"pt-PT\",\"potentialAction\":[{\"@type\":\"CommentAction\",\"name\":\"Comment\",\"target\":[\"https:\\\/\\\/inclusivenews.com.br\\\/?p=26695#respond\"]}]},{\"@type\":\"WebPage\",\"@id\":\"https:\\\/\\\/inclusivenews.com.br\\\/?p=26695\",\"url\":\"https:\\\/\\\/inclusivenews.com.br\\\/?p=26695\",\"name\":\"Livro avalia processo de inclus\u00e3o de alunos com necessidades especiais -\",\"isPartOf\":{\"@id\":\"https:\\\/\\\/inclusivenews.com.br\\\/#website\"},\"primaryImageOfPage\":{\"@id\":\"https:\\\/\\\/inclusivenews.com.br\\\/?p=26695#primaryimage\"},\"image\":{\"@id\":\"https:\\\/\\\/inclusivenews.com.br\\\/?p=26695#primaryimage\"},\"thumbnailUrl\":\"http:\\\/\\\/www5.usp.br\\\/wp-content\\\/uploads\\\/capa1.jpg\",\"datePublished\":\"2014-07-22T23:24:17+00:00\",\"breadcrumb\":{\"@id\":\"https:\\\/\\\/inclusivenews.com.br\\\/?p=26695#breadcrumb\"},\"inLanguage\":\"pt-PT\",\"potentialAction\":[{\"@type\":\"ReadAction\",\"target\":[\"https:\\\/\\\/inclusivenews.com.br\\\/?p=26695\"]}]},{\"@type\":\"ImageObject\",\"inLanguage\":\"pt-PT\",\"@id\":\"https:\\\/\\\/inclusivenews.com.br\\\/?p=26695#primaryimage\",\"url\":\"http:\\\/\\\/www5.usp.br\\\/wp-content\\\/uploads\\\/capa1.jpg\",\"contentUrl\":\"http:\\\/\\\/www5.usp.br\\\/wp-content\\\/uploads\\\/capa1.jpg\"},{\"@type\":\"BreadcrumbList\",\"@id\":\"https:\\\/\\\/inclusivenews.com.br\\\/?p=26695#breadcrumb\",\"itemListElement\":[{\"@type\":\"ListItem\",\"position\":1,\"name\":\"In\u00edcio\",\"item\":\"https:\\\/\\\/inclusivenews.com.br\\\/\"},{\"@type\":\"ListItem\",\"position\":2,\"name\":\"Livro avalia processo de inclus\u00e3o de alunos com necessidades especiais\"}]},{\"@type\":\"WebSite\",\"@id\":\"https:\\\/\\\/inclusivenews.com.br\\\/#website\",\"url\":\"https:\\\/\\\/inclusivenews.com.br\\\/\",\"name\":\"Inclusive News\",\"description\":\"Inclusive News\",\"publisher\":{\"@id\":\"https:\\\/\\\/inclusivenews.com.br\\\/#organization\"},\"potentialAction\":[{\"@type\":\"SearchAction\",\"target\":{\"@type\":\"EntryPoint\",\"urlTemplate\":\"https:\\\/\\\/inclusivenews.com.br\\\/?s={search_term_string}\"},\"query-input\":{\"@type\":\"PropertyValueSpecification\",\"valueRequired\":true,\"valueName\":\"search_term_string\"}}],\"inLanguage\":\"pt-PT\"},{\"@type\":\"Organization\",\"@id\":\"https:\\\/\\\/inclusivenews.com.br\\\/#organization\",\"name\":\"Inclusive - inclus\u00e3o e cidadania\",\"url\":\"https:\\\/\\\/inclusivenews.com.br\\\/\",\"logo\":{\"@type\":\"ImageObject\",\"inLanguage\":\"pt-PT\",\"@id\":\"https:\\\/\\\/inclusivenews.com.br\\\/#\\\/schema\\\/logo\\\/image\\\/\",\"url\":\"https:\\\/\\\/inclusivenews.com.br\\\/wp-content\\\/uploads\\\/2024\\\/03\\\/@grandesite.png\",\"contentUrl\":\"https:\\\/\\\/inclusivenews.com.br\\\/wp-content\\\/uploads\\\/2024\\\/03\\\/@grandesite.png\",\"width\":1080,\"height\":1080,\"caption\":\"Inclusive - inclus\u00e3o e cidadania\"},\"image\":{\"@id\":\"https:\\\/\\\/inclusivenews.com.br\\\/#\\\/schema\\\/logo\\\/image\\\/\"},\"sameAs\":[\"https:\\\/\\\/www.facebook.com\\\/agenciainclusive\\\/\",\"https:\\\/\\\/www.instagram.com\\\/newsinclusive\\\/\"]},{\"@type\":\"Person\",\"@id\":\"https:\\\/\\\/inclusivenews.com.br\\\/#\\\/schema\\\/person\\\/ae4ec7087559b8692fb33b6fffd2273b\",\"name\":\"inclusivenews2024\",\"image\":{\"@type\":\"ImageObject\",\"inLanguage\":\"pt-PT\",\"@id\":\"https:\\\/\\\/secure.gravatar.com\\\/avatar\\\/c5a7ef84c66fa914f55bc4f7ce26cfa275a3b9a1c5568b907bd184fb4dde7b40?s=96&d=mm&r=g\",\"url\":\"https:\\\/\\\/secure.gravatar.com\\\/avatar\\\/c5a7ef84c66fa914f55bc4f7ce26cfa275a3b9a1c5568b907bd184fb4dde7b40?s=96&d=mm&r=g\",\"contentUrl\":\"https:\\\/\\\/secure.gravatar.com\\\/avatar\\\/c5a7ef84c66fa914f55bc4f7ce26cfa275a3b9a1c5568b907bd184fb4dde7b40?s=96&d=mm&r=g\",\"caption\":\"inclusivenews2024\"},\"sameAs\":[\"https:\\\/\\\/inclusivenews.com.br\"],\"url\":\"https:\\\/\\\/inclusivenews.com.br\\\/?author=1\"}]}<\/script>\n<!-- \/ Yoast SEO plugin. -->","yoast_head_json":{"title":"Livro avalia processo de inclus\u00e3o de alunos com necessidades especiais -","robots":{"index":"index","follow":"follow","max-snippet":"max-snippet:-1","max-image-preview":"max-image-preview:large","max-video-preview":"max-video-preview:-1"},"canonical":"https:\/\/inclusivenews.com.br\/?p=26695","og_locale":"pt_PT","og_type":"article","og_title":"Livro avalia processo de inclus\u00e3o de alunos com necessidades especiais -","og_description":"O que a obra busca analisar, mais precisamente, \u00e9 o processo de inclus\u00e3o e a discrimina\u00e7\u00e3o que ocorrem em rela\u00e7\u00e3o aos alunos com necessidades especiais. Tanto a discrimina\u00e7\u00e3o quanto a inclus\u00e3o, segundo o professor Jos\u00e9 Leon Croch\u00edk, podem ser realizadas pelos colegas, pelos educadores e at\u00e9 pelos pr\u00f3prios alunos com necessidades especiais.","og_url":"https:\/\/inclusivenews.com.br\/?p=26695","article_publisher":"https:\/\/www.facebook.com\/agenciainclusive\/","article_published_time":"2014-07-22T23:24:17+00:00","og_image":[{"url":"http:\/\/www5.usp.br\/wp-content\/uploads\/capa1.jpg","type":"","width":"","height":""}],"author":"inclusivenews2024","twitter_card":"summary_large_image","twitter_misc":{"Escrito por":"inclusivenews2024","Tempo estimado de leitura":"4 minutos"},"schema":{"@context":"https:\/\/schema.org","@graph":[{"@type":"Article","@id":"https:\/\/inclusivenews.com.br\/?p=26695#article","isPartOf":{"@id":"https:\/\/inclusivenews.com.br\/?p=26695"},"author":{"name":"inclusivenews2024","@id":"https:\/\/inclusivenews.com.br\/#\/schema\/person\/ae4ec7087559b8692fb33b6fffd2273b"},"headline":"Livro avalia processo de inclus\u00e3o de alunos com necessidades especiais","datePublished":"2014-07-22T23:24:17+00:00","mainEntityOfPage":{"@id":"https:\/\/inclusivenews.com.br\/?p=26695"},"wordCount":889,"commentCount":0,"publisher":{"@id":"https:\/\/inclusivenews.com.br\/#organization"},"image":{"@id":"https:\/\/inclusivenews.com.br\/?p=26695#primaryimage"},"thumbnailUrl":"http:\/\/www5.usp.br\/wp-content\/uploads\/capa1.jpg","keywords":["Educa\u00e7\u00e3o inclusiva","livro"],"articleSection":["Lan\u00e7amentos","Livros","PUBLICA\u00c7\u00d5ES"],"inLanguage":"pt-PT","potentialAction":[{"@type":"CommentAction","name":"Comment","target":["https:\/\/inclusivenews.com.br\/?p=26695#respond"]}]},{"@type":"WebPage","@id":"https:\/\/inclusivenews.com.br\/?p=26695","url":"https:\/\/inclusivenews.com.br\/?p=26695","name":"Livro avalia processo de inclus\u00e3o de alunos com necessidades especiais -","isPartOf":{"@id":"https:\/\/inclusivenews.com.br\/#website"},"primaryImageOfPage":{"@id":"https:\/\/inclusivenews.com.br\/?p=26695#primaryimage"},"image":{"@id":"https:\/\/inclusivenews.com.br\/?p=26695#primaryimage"},"thumbnailUrl":"http:\/\/www5.usp.br\/wp-content\/uploads\/capa1.jpg","datePublished":"2014-07-22T23:24:17+00:00","breadcrumb":{"@id":"https:\/\/inclusivenews.com.br\/?p=26695#breadcrumb"},"inLanguage":"pt-PT","potentialAction":[{"@type":"ReadAction","target":["https:\/\/inclusivenews.com.br\/?p=26695"]}]},{"@type":"ImageObject","inLanguage":"pt-PT","@id":"https:\/\/inclusivenews.com.br\/?p=26695#primaryimage","url":"http:\/\/www5.usp.br\/wp-content\/uploads\/capa1.jpg","contentUrl":"http:\/\/www5.usp.br\/wp-content\/uploads\/capa1.jpg"},{"@type":"BreadcrumbList","@id":"https:\/\/inclusivenews.com.br\/?p=26695#breadcrumb","itemListElement":[{"@type":"ListItem","position":1,"name":"In\u00edcio","item":"https:\/\/inclusivenews.com.br\/"},{"@type":"ListItem","position":2,"name":"Livro avalia processo de inclus\u00e3o de alunos com necessidades especiais"}]},{"@type":"WebSite","@id":"https:\/\/inclusivenews.com.br\/#website","url":"https:\/\/inclusivenews.com.br\/","name":"Inclusive News","description":"Inclusive News","publisher":{"@id":"https:\/\/inclusivenews.com.br\/#organization"},"potentialAction":[{"@type":"SearchAction","target":{"@type":"EntryPoint","urlTemplate":"https:\/\/inclusivenews.com.br\/?s={search_term_string}"},"query-input":{"@type":"PropertyValueSpecification","valueRequired":true,"valueName":"search_term_string"}}],"inLanguage":"pt-PT"},{"@type":"Organization","@id":"https:\/\/inclusivenews.com.br\/#organization","name":"Inclusive - inclus\u00e3o e cidadania","url":"https:\/\/inclusivenews.com.br\/","logo":{"@type":"ImageObject","inLanguage":"pt-PT","@id":"https:\/\/inclusivenews.com.br\/#\/schema\/logo\/image\/","url":"https:\/\/inclusivenews.com.br\/wp-content\/uploads\/2024\/03\/@grandesite.png","contentUrl":"https:\/\/inclusivenews.com.br\/wp-content\/uploads\/2024\/03\/@grandesite.png","width":1080,"height":1080,"caption":"Inclusive - inclus\u00e3o e cidadania"},"image":{"@id":"https:\/\/inclusivenews.com.br\/#\/schema\/logo\/image\/"},"sameAs":["https:\/\/www.facebook.com\/agenciainclusive\/","https:\/\/www.instagram.com\/newsinclusive\/"]},{"@type":"Person","@id":"https:\/\/inclusivenews.com.br\/#\/schema\/person\/ae4ec7087559b8692fb33b6fffd2273b","name":"inclusivenews2024","image":{"@type":"ImageObject","inLanguage":"pt-PT","@id":"https:\/\/secure.gravatar.com\/avatar\/c5a7ef84c66fa914f55bc4f7ce26cfa275a3b9a1c5568b907bd184fb4dde7b40?s=96&d=mm&r=g","url":"https:\/\/secure.gravatar.com\/avatar\/c5a7ef84c66fa914f55bc4f7ce26cfa275a3b9a1c5568b907bd184fb4dde7b40?s=96&d=mm&r=g","contentUrl":"https:\/\/secure.gravatar.com\/avatar\/c5a7ef84c66fa914f55bc4f7ce26cfa275a3b9a1c5568b907bd184fb4dde7b40?s=96&d=mm&r=g","caption":"inclusivenews2024"},"sameAs":["https:\/\/inclusivenews.com.br"],"url":"https:\/\/inclusivenews.com.br\/?author=1"}]}},"_links":{"self":[{"href":"https:\/\/inclusivenews.com.br\/index.php?rest_route=\/wp\/v2\/posts\/26695","targetHints":{"allow":["GET"]}}],"collection":[{"href":"https:\/\/inclusivenews.com.br\/index.php?rest_route=\/wp\/v2\/posts"}],"about":[{"href":"https:\/\/inclusivenews.com.br\/index.php?rest_route=\/wp\/v2\/types\/post"}],"author":[{"embeddable":true,"href":"https:\/\/inclusivenews.com.br\/index.php?rest_route=\/wp\/v2\/users\/1"}],"replies":[{"embeddable":true,"href":"https:\/\/inclusivenews.com.br\/index.php?rest_route=%2Fwp%2Fv2%2Fcomments&post=26695"}],"version-history":[{"count":0,"href":"https:\/\/inclusivenews.com.br\/index.php?rest_route=\/wp\/v2\/posts\/26695\/revisions"}],"wp:attachment":[{"href":"https:\/\/inclusivenews.com.br\/index.php?rest_route=%2Fwp%2Fv2%2Fmedia&parent=26695"}],"wp:term":[{"taxonomy":"category","embeddable":true,"href":"https:\/\/inclusivenews.com.br\/index.php?rest_route=%2Fwp%2Fv2%2Fcategories&post=26695"},{"taxonomy":"post_tag","embeddable":true,"href":"https:\/\/inclusivenews.com.br\/index.php?rest_route=%2Fwp%2Fv2%2Ftags&post=26695"}],"curies":[{"name":"wp","href":"https:\/\/api.w.org\/{rel}","templated":true}]}}